{"id":20331,"date":"2026-04-01T16:14:24","date_gmt":"2026-04-01T16:14:24","guid":{"rendered":"https:\/\/hotelbernatcalella.com\/?p=20331"},"modified":"2026-04-01T16:14:26","modified_gmt":"2026-04-01T16:14:26","slug":"agenda-mensuel-avril","status":"publish","type":"post","link":"https:\/\/hotelbernatcalella.com\/fr\/agenda-fr\/agenda-mensuel-avril\/","title":{"rendered":"Avril 2026"},"content":{"rendered":"\t\t<div data-elementor-type=\"wp-post\" data-elementor-id=\"20331\" class=\"elementor elementor-20331 elementor-20287\" data-elementor-post-type=\"post\">\n\t\t\t\t<div class=\"elementor-element elementor-element-036eec9 e-flex e-con-boxed e-con e-parent\" data-id=\"036eec9\" data-element_type=\"container\" data-e-type=\"container\">\n\t\t\t\t\t<div class=\"e-con-inner\">\n\t\t\t\t<div class=\"elementor-element elementor-element-b55f466 elementor-widget elementor-widget-heading\" data-id=\"b55f466\" data-element_type=\"widget\" data-e-type=\"widget\" data-widget_type=\"heading.default\">\n\t\t\t\t\t<h2 class=\"elementor-heading-title elementor-size-default\">Agenda mensuel d'avril 2026 \u00e0 Calella<\/h2>\t\t\t\t<\/div>\n\t\t\t\t<div class=\"elementor-element elementor-element-6f427fb elementor-widget elementor-widget-text-editor\" data-id=\"6f427fb\" data-element_type=\"widget\" data-e-type=\"widget\" data-widget_type=\"text-editor.default\">\n\t\t\t\t\t\t\t\t\t<p><span style=\"font-weight: 400;\">Au mois d&rsquo;avril, Calella s&rsquo;anime avec la c\u00e9l\u00e9bration de la Semaine Sainte et la f\u00eate tant attendue de la Saint-Georges. C&rsquo;est le moment id\u00e9al pour profiter du charme de cette ville c\u00f4ti\u00e8re du Maresme, o\u00f9 les processions, les traditions et l&rsquo;ambiance festive s&rsquo;associent \u00e0 l&rsquo;arriv\u00e9e des beaux jours. Se promener dans ses rues orn\u00e9es de roses et de livres, se d\u00e9tendre sur ses plages m\u00e9diterran\u00e9ennes et s&rsquo;immerger dans sa riche culture font d&rsquo;avril un mois sp\u00e9cial pour d\u00e9couvrir tout ce que Calella a \u00e0 offrir.  <\/span><\/p><p><span style=\"font-weight: 400;\">L&rsquo; <\/span><a href=\"https:\/\/www.hotelbernatcalella.com\/fr\/\"><span style=\"font-weight: 400;\">H\u00f4tel Bernat II<\/span><\/a><span style=\"font-weight: 400;\"> vous invite \u00e0 venir nous rendre visite en famille, en couple ou entre amis pour d\u00e9couvrir la culture et les traditions de notre ville. Si vous souhaitez savoir comment se d\u00e9roule le mois d&rsquo;avril \u00e0 Calella, d\u00e9couvrez ici le programme mensuel, riche en spectacles, concerts, \u00e9v\u00e9nements sportifs et c\u00e9l\u00e9brations.<\/span><\/p>\t\t\t\t\t\t\t\t<\/div>\n\t\t\t\t<div class=\"elementor-element elementor-element-b2ebc98 elementor-widget elementor-widget-heading\" data-id=\"b2ebc98\" data-element_type=\"widget\" data-e-type=\"widget\" data-widget_type=\"heading.default\">\n\t\t\t\t\t<h2 class=\"elementor-heading-title elementor-size-default\">Programmation d'avril 2026<\/h2>\t\t\t\t<\/div>\n\t\t\t\t<div class=\"elementor-element elementor-element-3077217 elementor-widget elementor-widget-text-editor\" data-id=\"3077217\" data-element_type=\"widget\" data-e-type=\"widget\" data-widget_type=\"text-editor.default\">\n\t\t\t\t\t\t\t\t\t<h3><strong>Lieux d&rsquo;int\u00e9r\u00eat :<\/strong><\/h3><p><strong>* Salle d\u2019Expositions de l\u2019ancienne Mairie<\/strong> (pl. de l\u2019Ajuntament, 1-3)<br>Horaire: Du mardi au vendredi de 17h00 \u00e0 21h30. Samedi, dimanche et jours f\u00e9ri\u00e9s de 11h00 \u00e0 14h00 et de 17h00 \u00e0 21h30.  Entr\u00e9e gratuite<br><strong>* Mus\u00e9e du Tourisme <\/strong>(c. Sant Pere, 122-140)<br>Horaire: samedi de 17h00 \u00e0 20h00. Dimanches et jours f\u00e9ri\u00e9s de 11h00 \u00e0 18h00. Tarif: visite normale 2\u20ac  <br>Tarif r\u00e9duit 1\u20ac. Le premier dimanche du mois l\u2019entr\u00e9e est gratuite. <br><strong>*Mus\u00e9e Municipal de Calella Josep M. Codina i Bagu\u00e9 <\/strong>(c. Escoles Pies, 36)<br>Horaire: Jusqu\u2019au 14 avril : du mardi au samedi de 17h00 \u00e0 20h00. Dimanche et jours f\u00e9ri\u00e9s de 11h00 \u00e0 14h00. \u00c0 partir du 15 avril : du mardi au samedi de 18h00 \u00e0 21h00. Dimanche et jours f\u00e9ri\u00e9s de 11h00 \u00e0 14h00. Tarif: visite normale 2\u20ac, tarif r\u00e9duit 1\u20ac. Le premier dimanche du mois l\u2019entr\u00e9e est gratuite.     <br><strong>* Le Phare de Calella<\/strong> (ctra. Nacional II, km. 666)<br>Horaire: samedis, dimanches et jours f\u00e9ri\u00e9s de 10h00 \u00e0 14h00. Tarif: visite normale 2 \u20ac, tarif r\u00e9duit 1 \u20ac. Le premier dimanche du mois l\u2019entr\u00e9e est gratuite.   <br><strong>* Abri Anti-a\u00e9rien du Parc Dalmau <\/strong>(zone des balan\u00e7oires)<br>Horaire: samedis, dimanches et jours f\u00e9ri\u00e9s de 10h00 \u00e0 14h00. Tarif: visite normale 1\u20ac, tarif r\u00e9duit 0.5\u20ac. Le premier dimanche du mois l\u2019entr\u00e9e est gratuite.  <br><strong>* Chapelle de Sant Quirze et Santa Julita<\/strong> (c. de Francesc Bartrina, 18)<br>Ouvert de lundi au vendredi de 9h00 \u00e0 14h00 (sauf jours f\u00e9ri\u00e9s). Veuillez r\u00e9server pr\u00e9alablement, s\u2019il vous pla\u00eet, au t\u00e9l. 937695102 ou en envoyant un courriel \u00e0: museumunicipal@calella.cat. <br>* <strong>Visites guid\u00e9es pour groupes <\/strong>en catalan, espagnol, anglais et fran\u00e7ais. Pour plus d\u2019informations et r\u00e9servations envoyez un email \u00e0 museumunicipal@calella.cat<\/p>\t\t\t\t\t\t\t\t<\/div>\n\t\t\t\t<div class=\"elementor-element elementor-element-8314885 elementor-widget elementor-widget-text-editor\" data-id=\"8314885\" data-element_type=\"widget\" data-e-type=\"widget\" data-widget_type=\"text-editor.default\">\n\t\t\t\t\t\t\t\t\t<ul><li><h3><strong>Activit\u00e9s Avril 2026:<\/strong><\/h3><\/li><\/ul><p>Les lundis 13, 20 et 27 avril, de 09h30 \u00e0 11h00, Parc Dalmau, Tai-chi.<br> Plus d\u2019info. au t\u00e9l.: 655 81 20 07.<br>Chaque mardi et chaque jeudi et les jours 11, 18 et 25 avril: \u00e0 07h30, d\u00e9part du terrain de Football \u201cCamp de Futbol de Mar\u201d, randonn\u00e9es autour de Calella. Plus d\u2019info. au t\u00e9l.: 655 81 20 07.    <\/p><p><strong>JEUDI SAINT, 2<\/strong><br>19h00, dans la Chapelle de Sant Quirze et Santa Julita, concert de P\u00e2ques du Ch\u0153ur Laetare. Entr\u00e9e gratuite et prix libre. <\/p><p><strong>VENDREDI SAINT, 3<\/strong><br>9h00, salle de sports du Parc Dalmau. Tournoi de Handball Costa del Maresme Cup.<br>10h00, \u00e0 la place de l\u2019Esgl\u00e9sia (\u00c9glise), Viacrucis (le chemin de la Croix). <br>11h00 \u00e0 19h00, sur la place du Bunyol, 33e \u00e9dition de la Bunyolada populaire. Un sachet de beignets de P\u00e2ques et un verre de vin doux \u00e0 prix populaires.  <br>19.45 h, d\u00e9part de la pla\u00e7a de l\u2019Esgl\u00e9sia (\u00c9glise), de la Procession des groupes Arm\u00e9s de la Confr\u00e9rie de Semaine Sainte. Parcours: pla\u00e7a de l\u2019Esgl\u00e9sia, rue Esgl\u00e9sia, Sant Josep, Jovara, Bartrina, place de l\u2019Ajuntament (Mairie), Bisbe Sivilla et jusqu\u2019\u00e0 l\u2019\u00c9glise.<br>20.30 h, de l\u2019entr\u00e9e principale de l\u2019\u00c9glise: Procession de la Semaine Sainte, dans les rues Roman\u00ed, Esgl\u00e9sia, Batlle, Jovara, Escoles Pies, place de l\u2019Ajuntament (Mairie), Bisbe Sivilla et jusqu\u2019\u00e0 l\u2019\u00c9glise.<\/p><p><strong>SAMEDI, 4<\/strong><br>9h00, salle de sports du Parc Dalmau. Tournoi de Handball Costa del Maresme Cup. <\/p><p><strong>DIMANCHE DE P\u00c2QUES, 5<\/strong><br>9h00, salle de sports du Parc Dalmau. Tournoi de Handball Costa del Maresme Cup.<br>10h00 \u2013 14h00, Promenade Manuel Puigvert, rencontre d\u2019\u00e9changes et collectionneurs.<br>11h30, place de l\u2019Ajuntament (Mairie), concert de sardanes avec l\u2019orchestre La Principal del Llobregat.<br>12h00, visite guid\u00e9e du Mus\u00e9e du Tourisme. Aucune r\u00e9servation pr\u00e9alable n&rsquo;est n\u00e9cessaire. La visite est gratuite.<br>12h00, de l\u2019\u00c9glise de Santa Maria et Sant Nicolau, procession avec l\u2019image de la Vierge Marie et de l\u2019Ange dans la rue Bisbe Sivilla jusqu\u2019\u00e0 la pla\u00e7a de l\u2019Ajuntament (Mairie).<br>12h15, du balcon de la Mairie, Chant de l\u2019Ange, avec la voix de de J\u00falia Arrogante Oliver.    <\/p><p><strong>SAMEDI, 11<\/strong><br>Du 11 avril au 10 mai, dans diff\u00e9rents lieux de Calella, 21\u00e8me FESTIMATGE 2026. (Festival de l\u2019Image de Calella)<br>16h00, sur la place de l&rsquo;\u00c9glise, Sidral Solidario 2026 (activit\u00e9s solidaires). Journ\u00e9e ouverte \u00e0 tous avec des activit\u00e9s culturelles, ludiques et des espaces de r\u00e9flexion: 16h30: contes et spectacle de clowns. 18h45: repr\u00e9sentation de l\u2019\u00e9cole de danse Bilans. 19h00: concert du Groupe Meskla, Chocolat chaud avec petits gateaux pour les enfants et d&rsquo;autres activit\u00e9s tout au long de l&rsquo;apr\u00e8s-midi et service de bar.<br>*18h00, salle Mozart, ESCENA CALELLA\u2013Th\u00e9\u00e2tre (en catalan): \u00ab Le sac \u00e0 dos d&rsquo;Ada \u00bb. 19h30, \u00e0 l\u2019Auditorium Josep-Maria Terricabras, Inauguration du Festimatge 2026 (Festival de l\u2019Image de Calella).<br>21h30, dans la salle d&rsquo;exposition de l&rsquo;ancien H\u00f4tel de Ville, Inauguration de l&rsquo;exposition d&rsquo;Alisa Sibryskaya, en pr\u00e9sence de l&rsquo;artiste. Un verre de cava sera offert aux participants.    <\/p><p>DIMANCHE, 12<br>11h00, ancienne fabrique Llobet-Guri, Inauguration des expositions Taichi Gondaria.<\/p><p>11h30, promenade M. Puigvert (monument \u00e0 la Sardane), 1\u00e8re botifarrada (saucisses grill\u00e9es) de l\u2019Association \u00d3s Mandr\u00f3s avec DJ et des activit\u00e9s surprise.<br>12h00 et 18h00, a la Sala de Columnes de la F\u00e0brica Llobet-Guri, Visites guiades a les exposicions de fotografia. Dins la programaci\u00f3 del Festimatge 2026. <\/p><p><strong>JEUDI, 16<\/strong><br>18h00, Fabrique Llobet-Guri, Soir\u00e9e de Saint Jordi des Gens Ag\u00e9s de Calella avec musique en direct.<br>20h30 \u2013 22h00, Salle Mozart, Projection de Courts m\u00e9trages du 31e Troph\u00e9e Torretes, dans le cadre des activit\u00e9s du Festimatge 2026.<\/p><p><strong>VENDREDI, 17<\/strong><br>20h30 \u2013 22h00, Salle Mozart, Projection de Courts m\u00e9trages du 31e Troph\u00e9e Torretes, dans le cadre des activit\u00e9s du Festimatge 2026.<\/p><p><strong>SAMEDI, 18<\/strong><br>10h00\u201314h00, dans les locaux de Foto-Film \u00e0 l&rsquo;usine Llobet (2e \u00e9tage), atelier de<br>cin\u00e9matographie.<br>11h00, \u00e0 la place du march\u00e9, Atelier cr\u00e9atif de Sant Jordi pour les enfants.<br>*20h00, \u00e0 la Salle Mozart, ESCENA CALELLA \u2013 Th\u00e9\u00e2tre (en catalan): \u201cG\u00f6teborg\u201d, avec Maria Molins, Roger Coma, Berta Rabascall et Jan Mediavilla. Vente de billets sur www.entrapolis.com et au guichet de la Salle Mozart, les mercredis de 17h00 \u00e0 19h00 (les semaines de repr\u00e9sentation). Aussi une heure avant, selon disponibilit\u00e9. <\/p><p><strong>DIMANCHE, 19<\/strong><br>11h00, visite guid\u00e9e historique \u00ab Le modernisme \u00e0 Calella \u00bb. Lieu de d\u00e9part: Mus\u00e9e municipal. Activit\u00e9 gratuite. Organis\u00e9e par: Mus\u00e9e municipal de Calella. R\u00e9servation obligatoire par e-mail avant le 17 avril \u00e0 14h00, \u00e0: museumunicipal@calella.cat<br>12h00 h et 18h00 , visites guid\u00e9es des expositions de photographie (en catalan), dans le cadre du Festimatge 2026. Entr\u00e9e libre et gratuite.<br>19h00, dans la salle Mozart, les 60 ans de Foto-film Calella: \u00ab La valise perdue \u00bb. Dans le cadre des activit\u00e9s du Festimatge 2026. Entr\u00e9e libre et gratuite.      <\/p><p><strong>JEUDI, 23<\/strong><br>9h00 \u2013 20h00, Place de l\u2019\u00c9glise et de la Mairie, Foire du livre et la rose de Saint Jordi.<br>11h00, sur la place de la Mairie, pr\u00e9sentation de Moments de Flors 2026.<br>20h30 \u2013 22h00, Salle Mozart, Projection de Courts m\u00e9trages du 31e Troph\u00e9e Torretes, dans le cadre des activit\u00e9s du Festimatge 2026. <\/p><p><strong>VENDREDI, 24<\/strong><br>18h00, jeux traditionnels et coop\u00e9ratifs au Parc Dalmau.<br>18h00, d\u00e9fil\u00e9 partant de la place de l&rsquo;\u00c9glise, micro-spectacles de danse \u00e0 l&rsquo;occasion du DID\u201926 (Journ\u00e9e internationale de la danse). 18h00, sur la place de l&rsquo;\u00e9glise, spectacle de micro-danse.<br>18h45, dans la rue Esgl\u00e9sia coin rue Sant Josep, spectacle de micro-danse. 19h30, rue Esgl\u00e9sia coin rue Ind\u00fastria, spectacle de micro-danse.<br>20h30 \u2013 22h00, Salle Mozart, Projection de Courts m\u00e9trages du 31e Troph\u00e9e Torretes, dans le cadre des activit\u00e9s du Festimatge 2026.   <\/p><p><strong>SAMEDI, 25<\/strong><br>10h30 \u2013 13h30, \u00e0 la place de l\u2019Ajuntament (Mairie), Journ\u00e9e d\u2019\u00e9change de livres.<br>12h00 h et 17h00 h, \u00e0 la place de l\u2019Ajuntament (Mairie), Atelier de danse. \u00c0 l\u2019occasion de la Journ\u00e9e Internationale de la Danse 2026. En cas de pluie \u00e7a aura lieux \u00e0 la Salle Mozart.<br>19h00 \u2013 21h00, \u00e0 l\u2019Auditorium Josep-Maria Terricabras, Projections de courts-m\u00e9trages d\u2019auteurs locaux, dans le cadre du Festimatge 2026. Acc\u00e8s libre et gratuit.<br>20.15 h, \u00e0 la Salle Mozart, Grand Gala de Danse pour la DID\u201926 (Journ\u00e9e Internationale de la Danse). Vente de billets anticip\u00e9s sur www.entrapolis.com .    <\/p><p><strong>DIMANCHE, 26<\/strong><br>8h45 \u2013 17h30, \u00e0 travers de la ville, 41e F\u00eate de la photographie de la F\u00e9d\u00e9ration Catalane de Photographie, dans le cadre du Festimatge 2026.<br>11h00 \u2013 14h00, au Parc Dalmau, Espace de cr\u00e9ation avec 5 d\u00e9cors photographiques dans le cadre de la F\u00eate de la photographie.<br>11h00, a la place de l\u2019Ajuntament (Mairie), Atelier de danse. \u00e0 l\u2019occasion de la Journ\u00e9e Internationale de la Danse 2026. En cas de pluie \u00e7a aura lieux \u00e0 la Salle Mozart.<br>12h00 et 18h00, \u00e0 la Salle des Colonnes de la F\u00e0brica Llobet-Guri : visites guid\u00e9es des expositions de photographie, dans le cadre du Festimatge 2025. Entr\u00e9e libre et gratuite.<br>12h15, \u00e0 la place de l\u2019Ajuntament (Mairie), Gala de Danse du DID\u201926 (Journ\u00e9e Internationale de la Danse). En cas de pluie \u00e7a aura lieux \u00e0 la Salle Mozart. Plus d\u2019infos sur Instagram @3alcub.dansa. <br>18h00, dans la salle des colonnes de l&rsquo;usine Llobet-Guri : visites guid\u00e9es des expositions de photographie. Dans le cadre du festival Festimatge 2026. Entr\u00e9e libre.        <\/p><p><strong>MARDI, 28<\/strong><br>19h30 , Salle Mozart, Concert de piano inspir\u00e9 par la nature, par la pianiste Yoko Suzuki, Spectacle avec musique et images. Entr\u00e9e libre.  <\/p><p><strong>MERCREDI, 29<\/strong><br>18h00, au Phare de Calella, Atelier de barre de ballet \u00e0 l\u2019occasion de la Journ\u00e9e Internationale de la Danse 2026. <\/p><p><strong>JEUDI, 30<\/strong><br>15h30, Salle Mozart, concerts de diff\u00e9rents ch\u0153urs et orchestres participant au Festival international de chant choral Costa Barcelona Music Festival. Entr\u00e9e libre.<br>20h30 \u2013 22h00, \u00e0 l\u2019Auditorium Josep-Maria Terricabras, Projection de Court m\u00e9trages du 31e Troph\u00e9e Torretes, dans le cadre du Festimatge 2026. Acc\u00e8s libre et gratuit.<br>20h30, Salle Mozart, (c. Esgl\u00e9sia 91), Concerts du 12\u1d49 Costa Barcelona Music Festival.   Entr\u00e9e gratuite + info a MRF-MusicFestival.com.<\/p><p><strong>*ESCENA CALELLA:<\/strong> Vente de billets sur www.entrapolis.com et au guichet de la Salle Mozart, les mercredis de 17h00 \u00e0 19h00 (les semaines de repr\u00e9sentation). Aussi une heure avant, selon disponibilit\u00e9. <\/p>\t\t\t\t\t\t\t\t<\/div>\n\t\t\t\t\t<\/div>\n\t\t\t\t<\/div>\n\t\t\t\t<\/div>\n\t\t","protected":false},"excerpt":{"rendered":"<p>Agenda mensuel d&rsquo;avril 2026 \u00e0 Calella Au mois d&rsquo;avril, Calella s&rsquo;anime avec la c\u00e9l\u00e9bration de la Semaine Sainte et la f\u00eate tant attendue de la Saint-Georges. C&rsquo;est le moment id\u00e9al pour profiter du charme de cette ville c\u00f4ti\u00e8re du Maresme, o\u00f9 les processions, les traditions et l&rsquo;ambiance festive s&rsquo;associent \u00e0 l&rsquo;arriv\u00e9e des beaux jours. Se &#8230;<\/p>\n","protected":false},"author":1,"featured_media":15297,"comment_status":"closed","ping_status":"open","sticky":false,"template":"","format":"standard","meta":{"loftocean_post_format_gallery":"","loftocean_post_format_gallery_ids":"","loftocean_post_format_gallery_urls":"","loftocean_post_format_video_id":0,"loftocean_post_format_video_url":"","loftocean_post_format_video_type":"","loftocean_post_format_video":"","loftocean_post_format_audio_type":"","loftocean_post_format_audio_url":"","loftocean_post_format_audio_id":0,"loftocean_post_format_audio":"","loftocean-like-count":0,"cozystay_single_post_hide_site_header":"","cozystay_single_post_site_header_source":"","cozystay_single_post_custom_site_header":"0","cozystay_single_post_custom_sticky_site_header":"0","cozystay_single_post_hide_page_title":"","cozystay_single_post_site_footer_hide_main":"","cozystay_single_custom_site_footer_main_source":"","cozystay_single_custom_site_footer_main":"0","cozystay_single_post_site_footer_hide_above":"","cozystay_single_custom_site_footer_above_source":"","cozystay_single_custom_site_footer_above":"0","cozystay_single_post_site_footer_hide_instagram":"","cozystay_single_post_site_footer_hide_bottom":"","cozystay_single_custom_mobile_menu_source":"","cozystay_single_custom_mobile_menu":"0","cozystay_single_custom_mobile_menu_animation":"","cozystay_single_custom_mobile_menu_width":"","cozystay_single_custom_mobile_menu_custom_width":375,"cozystay_single_post_template":"","footnotes":""},"categories":[448],"tags":[487,462,567,184,278],"class_list":["post-20331","post","type-post","status-publish","format-standard","has-post-thumbnail","hentry","category-agenda-fr","tag-actividades-gratis-fr","tag-activitats-fr","tag-agenda-mensuel","tag-couples-fr","tag-que-visiter-a-calella"],"yoast_head":"<!-- This site is optimized with the Yoast SEO plugin v27.1.1 - https:\/\/yoast.com\/product\/yoast-seo-wordpress\/ -->\n<title>Avril 2026 | Hotel Bernat II<\/title>\n<meta name=\"description\" content=\"Descubre aqu\u00ed la agenda mensual del mes de abril, llena de espect\u00e1culos, conciertos, eventos deportivos y celebraciones.\" \/>\n<meta name=\"robots\" content=\"index, follow, max-snippet:-1, max-image-preview:large, max-video-preview:-1\" \/>\n<link rel=\"canonical\" href=\"https:\/\/hotelbernatcalella.com\/fr\/agenda-fr\/agenda-mensuel-avril\/\" \/>\n<meta property=\"og:locale\" content=\"fr_FR\" \/>\n<meta property=\"og:type\" content=\"article\" \/>\n<meta property=\"og:title\" content=\"Avril 2026 | Hotel Bernat II\" \/>\n<meta property=\"og:description\" content=\"Descubre aqu\u00ed la agenda mensual del mes de abril, llena de espect\u00e1culos, conciertos, eventos deportivos y celebraciones.\" \/>\n<meta property=\"og:url\" content=\"https:\/\/hotelbernatcalella.com\/fr\/agenda-fr\/agenda-mensuel-avril\/\" \/>\n<meta property=\"og:site_name\" content=\"Hotel Bernat II\" \/>\n<meta property=\"article:published_time\" content=\"2026-04-01T16:14:24+00:00\" \/>\n<meta property=\"article:modified_time\" content=\"2026-04-01T16:14:26+00:00\" \/>\n<meta property=\"og:image\" content=\"https:\/\/hotelbernatcalella.com\/wp-content\/uploads\/2025\/03\/torretas-calella-barcelona.webp\" \/>\n\t<meta property=\"og:image:width\" content=\"1080\" \/>\n\t<meta property=\"og:image:height\" content=\"1080\" \/>\n\t<meta property=\"og:image:type\" content=\"image\/webp\" \/>\n<meta name=\"author\" content=\"admin_bernat\" \/>\n<meta name=\"twitter:card\" content=\"summary_large_image\" \/>\n<meta name=\"twitter:label1\" content=\"\u00c9crit par\" \/>\n\t<meta name=\"twitter:data1\" content=\"admin_bernat\" \/>\n\t<meta name=\"twitter:label2\" content=\"Dur\u00e9e de lecture estim\u00e9e\" \/>\n\t<meta name=\"twitter:data2\" content=\"9 minutes\" \/>\n<script type=\"application\/ld+json\" class=\"yoast-schema-graph\">{\"@context\":\"https:\/\/schema.org\",\"@graph\":[{\"@type\":\"Article\",\"@id\":\"https:\/\/hotelbernatcalella.com\/fr\/agenda-fr\/agenda-mensuel-avril\/#article\",\"isPartOf\":{\"@id\":\"https:\/\/hotelbernatcalella.com\/fr\/agenda-fr\/agenda-mensuel-avril\/\"},\"author\":{\"name\":\"admin_bernat\",\"@id\":\"https:\/\/www.hotelbernatcalella.com\/fr\/#\/schema\/person\/9d2f8f220d7bb3470c6b37263c1f3a6e\"},\"headline\":\"Avril 2026\",\"datePublished\":\"2026-04-01T16:14:24+00:00\",\"dateModified\":\"2026-04-01T16:14:26+00:00\",\"mainEntityOfPage\":{\"@id\":\"https:\/\/hotelbernatcalella.com\/fr\/agenda-fr\/agenda-mensuel-avril\/\"},\"wordCount\":1825,\"image\":{\"@id\":\"https:\/\/hotelbernatcalella.com\/fr\/agenda-fr\/agenda-mensuel-avril\/#primaryimage\"},\"thumbnailUrl\":\"https:\/\/hotelbernatcalella.com\/wp-content\/uploads\/2025\/03\/torretas-calella-barcelona.webp\",\"keywords\":[\"Actividades gratis\",\"Activitats\",\"Agenda mensuel\",\"Couples\",\"Que visiter \u00e0 Calella?\"],\"articleSection\":[\"Agenda Mensuel\"],\"inLanguage\":\"fr-FR\"},{\"@type\":\"WebPage\",\"@id\":\"https:\/\/hotelbernatcalella.com\/fr\/agenda-fr\/agenda-mensuel-avril\/\",\"url\":\"https:\/\/hotelbernatcalella.com\/fr\/agenda-fr\/agenda-mensuel-avril\/\",\"name\":\"Avril 2026 | Hotel Bernat II\",\"isPartOf\":{\"@id\":\"https:\/\/www.hotelbernatcalella.com\/fr\/#website\"},\"primaryImageOfPage\":{\"@id\":\"https:\/\/hotelbernatcalella.com\/fr\/agenda-fr\/agenda-mensuel-avril\/#primaryimage\"},\"image\":{\"@id\":\"https:\/\/hotelbernatcalella.com\/fr\/agenda-fr\/agenda-mensuel-avril\/#primaryimage\"},\"thumbnailUrl\":\"https:\/\/hotelbernatcalella.com\/wp-content\/uploads\/2025\/03\/torretas-calella-barcelona.webp\",\"datePublished\":\"2026-04-01T16:14:24+00:00\",\"dateModified\":\"2026-04-01T16:14:26+00:00\",\"author\":{\"@id\":\"https:\/\/www.hotelbernatcalella.com\/fr\/#\/schema\/person\/9d2f8f220d7bb3470c6b37263c1f3a6e\"},\"description\":\"Descubre aqu\u00ed la agenda mensual del mes de abril, llena de espect\u00e1culos, conciertos, eventos deportivos y celebraciones.\",\"breadcrumb\":{\"@id\":\"https:\/\/hotelbernatcalella.com\/fr\/agenda-fr\/agenda-mensuel-avril\/#breadcrumb\"},\"inLanguage\":\"fr-FR\",\"potentialAction\":[{\"@type\":\"ReadAction\",\"target\":[\"https:\/\/hotelbernatcalella.com\/fr\/agenda-fr\/agenda-mensuel-avril\/\"]}]},{\"@type\":\"ImageObject\",\"inLanguage\":\"fr-FR\",\"@id\":\"https:\/\/hotelbernatcalella.com\/fr\/agenda-fr\/agenda-mensuel-avril\/#primaryimage\",\"url\":\"https:\/\/hotelbernatcalella.com\/wp-content\/uploads\/2025\/03\/torretas-calella-barcelona.webp\",\"contentUrl\":\"https:\/\/hotelbernatcalella.com\/wp-content\/uploads\/2025\/03\/torretas-calella-barcelona.webp\",\"width\":1080,\"height\":1080,\"caption\":\"torretas-calella-barcelona\"},{\"@type\":\"BreadcrumbList\",\"@id\":\"https:\/\/hotelbernatcalella.com\/fr\/agenda-fr\/agenda-mensuel-avril\/#breadcrumb\",\"itemListElement\":[{\"@type\":\"ListItem\",\"position\":1,\"name\":\"Portada\",\"item\":\"https:\/\/www.hotelbernatcalella.com\/fr\/\"},{\"@type\":\"ListItem\",\"position\":2,\"name\":\"Avril 2026\"}]},{\"@type\":\"WebSite\",\"@id\":\"https:\/\/www.hotelbernatcalella.com\/fr\/#website\",\"url\":\"https:\/\/www.hotelbernatcalella.com\/fr\/\",\"name\":\"Hotel Bernat II & Spa Calella\",\"description\":\"H\u00f4tel \u00e0 Calella\",\"alternateName\":\"Hotel Bernat II & Spa\",\"potentialAction\":[{\"@type\":\"SearchAction\",\"target\":{\"@type\":\"EntryPoint\",\"urlTemplate\":\"https:\/\/www.hotelbernatcalella.com\/fr\/?s={search_term_string}\"},\"query-input\":{\"@type\":\"PropertyValueSpecification\",\"valueRequired\":true,\"valueName\":\"search_term_string\"}}],\"inLanguage\":\"fr-FR\"},{\"@type\":\"Person\",\"@id\":\"https:\/\/www.hotelbernatcalella.com\/fr\/#\/schema\/person\/9d2f8f220d7bb3470c6b37263c1f3a6e\",\"name\":\"admin_bernat\",\"image\":{\"@type\":\"ImageObject\",\"inLanguage\":\"fr-FR\",\"@id\":\"https:\/\/www.hotelbernatcalella.com\/fr\/#\/schema\/person\/image\/\",\"url\":\"https:\/\/secure.gravatar.com\/avatar\/d85a368a0264070f0a07504f04fe3de78e2fedb7d0b7a9e875b30b569151e37e?s=96&d=mm&r=g\",\"contentUrl\":\"https:\/\/secure.gravatar.com\/avatar\/d85a368a0264070f0a07504f04fe3de78e2fedb7d0b7a9e875b30b569151e37e?s=96&d=mm&r=g\",\"caption\":\"admin_bernat\"},\"sameAs\":[\"https:\/\/hotelbernatcalella.com\"]}]}<\/script>\n<!-- \/ Yoast SEO plugin. -->","yoast_head_json":{"title":"Avril 2026 | Hotel Bernat II","description":"Descubre aqu\u00ed la agenda mensual del mes de abril, llena de espect\u00e1culos, conciertos, eventos deportivos y celebraciones.","robots":{"index":"index","follow":"follow","max-snippet":"max-snippet:-1","max-image-preview":"max-image-preview:large","max-video-preview":"max-video-preview:-1"},"canonical":"https:\/\/hotelbernatcalella.com\/fr\/agenda-fr\/agenda-mensuel-avril\/","og_locale":"fr_FR","og_type":"article","og_title":"Avril 2026 | Hotel Bernat II","og_description":"Descubre aqu\u00ed la agenda mensual del mes de abril, llena de espect\u00e1culos, conciertos, eventos deportivos y celebraciones.","og_url":"https:\/\/hotelbernatcalella.com\/fr\/agenda-fr\/agenda-mensuel-avril\/","og_site_name":"Hotel Bernat II","article_published_time":"2026-04-01T16:14:24+00:00","article_modified_time":"2026-04-01T16:14:26+00:00","og_image":[{"width":1080,"height":1080,"url":"https:\/\/hotelbernatcalella.com\/wp-content\/uploads\/2025\/03\/torretas-calella-barcelona.webp","type":"image\/webp"}],"author":"admin_bernat","twitter_card":"summary_large_image","twitter_misc":{"\u00c9crit par":"admin_bernat","Dur\u00e9e de lecture estim\u00e9e":"9 minutes"},"schema":{"@context":"https:\/\/schema.org","@graph":[{"@type":"Article","@id":"https:\/\/hotelbernatcalella.com\/fr\/agenda-fr\/agenda-mensuel-avril\/#article","isPartOf":{"@id":"https:\/\/hotelbernatcalella.com\/fr\/agenda-fr\/agenda-mensuel-avril\/"},"author":{"name":"admin_bernat","@id":"https:\/\/www.hotelbernatcalella.com\/fr\/#\/schema\/person\/9d2f8f220d7bb3470c6b37263c1f3a6e"},"headline":"Avril 2026","datePublished":"2026-04-01T16:14:24+00:00","dateModified":"2026-04-01T16:14:26+00:00","mainEntityOfPage":{"@id":"https:\/\/hotelbernatcalella.com\/fr\/agenda-fr\/agenda-mensuel-avril\/"},"wordCount":1825,"image":{"@id":"https:\/\/hotelbernatcalella.com\/fr\/agenda-fr\/agenda-mensuel-avril\/#primaryimage"},"thumbnailUrl":"https:\/\/hotelbernatcalella.com\/wp-content\/uploads\/2025\/03\/torretas-calella-barcelona.webp","keywords":["Actividades gratis","Activitats","Agenda mensuel","Couples","Que visiter \u00e0 Calella?"],"articleSection":["Agenda Mensuel"],"inLanguage":"fr-FR"},{"@type":"WebPage","@id":"https:\/\/hotelbernatcalella.com\/fr\/agenda-fr\/agenda-mensuel-avril\/","url":"https:\/\/hotelbernatcalella.com\/fr\/agenda-fr\/agenda-mensuel-avril\/","name":"Avril 2026 | Hotel Bernat II","isPartOf":{"@id":"https:\/\/www.hotelbernatcalella.com\/fr\/#website"},"primaryImageOfPage":{"@id":"https:\/\/hotelbernatcalella.com\/fr\/agenda-fr\/agenda-mensuel-avril\/#primaryimage"},"image":{"@id":"https:\/\/hotelbernatcalella.com\/fr\/agenda-fr\/agenda-mensuel-avril\/#primaryimage"},"thumbnailUrl":"https:\/\/hotelbernatcalella.com\/wp-content\/uploads\/2025\/03\/torretas-calella-barcelona.webp","datePublished":"2026-04-01T16:14:24+00:00","dateModified":"2026-04-01T16:14:26+00:00","author":{"@id":"https:\/\/www.hotelbernatcalella.com\/fr\/#\/schema\/person\/9d2f8f220d7bb3470c6b37263c1f3a6e"},"description":"Descubre aqu\u00ed la agenda mensual del mes de abril, llena de espect\u00e1culos, conciertos, eventos deportivos y celebraciones.","breadcrumb":{"@id":"https:\/\/hotelbernatcalella.com\/fr\/agenda-fr\/agenda-mensuel-avril\/#breadcrumb"},"inLanguage":"fr-FR","potentialAction":[{"@type":"ReadAction","target":["https:\/\/hotelbernatcalella.com\/fr\/agenda-fr\/agenda-mensuel-avril\/"]}]},{"@type":"ImageObject","inLanguage":"fr-FR","@id":"https:\/\/hotelbernatcalella.com\/fr\/agenda-fr\/agenda-mensuel-avril\/#primaryimage","url":"https:\/\/hotelbernatcalella.com\/wp-content\/uploads\/2025\/03\/torretas-calella-barcelona.webp","contentUrl":"https:\/\/hotelbernatcalella.com\/wp-content\/uploads\/2025\/03\/torretas-calella-barcelona.webp","width":1080,"height":1080,"caption":"torretas-calella-barcelona"},{"@type":"BreadcrumbList","@id":"https:\/\/hotelbernatcalella.com\/fr\/agenda-fr\/agenda-mensuel-avril\/#breadcrumb","itemListElement":[{"@type":"ListItem","position":1,"name":"Portada","item":"https:\/\/www.hotelbernatcalella.com\/fr\/"},{"@type":"ListItem","position":2,"name":"Avril 2026"}]},{"@type":"WebSite","@id":"https:\/\/www.hotelbernatcalella.com\/fr\/#website","url":"https:\/\/www.hotelbernatcalella.com\/fr\/","name":"Hotel Bernat II & Spa Calella","description":"H\u00f4tel \u00e0 Calella","alternateName":"Hotel Bernat II & Spa","potentialAction":[{"@type":"SearchAction","target":{"@type":"EntryPoint","urlTemplate":"https:\/\/www.hotelbernatcalella.com\/fr\/?s={search_term_string}"},"query-input":{"@type":"PropertyValueSpecification","valueRequired":true,"valueName":"search_term_string"}}],"inLanguage":"fr-FR"},{"@type":"Person","@id":"https:\/\/www.hotelbernatcalella.com\/fr\/#\/schema\/person\/9d2f8f220d7bb3470c6b37263c1f3a6e","name":"admin_bernat","image":{"@type":"ImageObject","inLanguage":"fr-FR","@id":"https:\/\/www.hotelbernatcalella.com\/fr\/#\/schema\/person\/image\/","url":"https:\/\/secure.gravatar.com\/avatar\/d85a368a0264070f0a07504f04fe3de78e2fedb7d0b7a9e875b30b569151e37e?s=96&d=mm&r=g","contentUrl":"https:\/\/secure.gravatar.com\/avatar\/d85a368a0264070f0a07504f04fe3de78e2fedb7d0b7a9e875b30b569151e37e?s=96&d=mm&r=g","caption":"admin_bernat"},"sameAs":["https:\/\/hotelbernatcalella.com"]}]}},"loftoceanMetas":{"authorName":"admin_bernat","categories":[{"name":"Agenda Mensuel","link":"https:\/\/hotelbernatcalella.com\/fr\/category\/agenda-fr\/","count":12}],"date":"1 de avril de 2026","featuredImageSRC":"https:\/\/hotelbernatcalella.com\/wp-content\/uploads\/2025\/03\/torretas-calella-barcelona-150x150.webp"},"_links":{"self":[{"href":"https:\/\/hotelbernatcalella.com\/fr\/wp-json\/wp\/v2\/posts\/20331","targetHints":{"allow":["GET"]}}],"collection":[{"href":"https:\/\/hotelbernatcalella.com\/fr\/wp-json\/wp\/v2\/posts"}],"about":[{"href":"https:\/\/hotelbernatcalella.com\/fr\/wp-json\/wp\/v2\/types\/post"}],"author":[{"embeddable":true,"href":"https:\/\/hotelbernatcalella.com\/fr\/wp-json\/wp\/v2\/users\/1"}],"replies":[{"embeddable":true,"href":"https:\/\/hotelbernatcalella.com\/fr\/wp-json\/wp\/v2\/comments?post=20331"}],"version-history":[{"count":2,"href":"https:\/\/hotelbernatcalella.com\/fr\/wp-json\/wp\/v2\/posts\/20331\/revisions"}],"predecessor-version":[{"id":20339,"href":"https:\/\/hotelbernatcalella.com\/fr\/wp-json\/wp\/v2\/posts\/20331\/revisions\/20339"}],"wp:featuredmedia":[{"embeddable":true,"href":"https:\/\/hotelbernatcalella.com\/fr\/wp-json\/wp\/v2\/media\/15297"}],"wp:attachment":[{"href":"https:\/\/hotelbernatcalella.com\/fr\/wp-json\/wp\/v2\/media?parent=20331"}],"wp:term":[{"taxonomy":"category","embeddable":true,"href":"https:\/\/hotelbernatcalella.com\/fr\/wp-json\/wp\/v2\/categories?post=20331"},{"taxonomy":"post_tag","embeddable":true,"href":"https:\/\/hotelbernatcalella.com\/fr\/wp-json\/wp\/v2\/tags?post=20331"}],"curies":[{"name":"wp","href":"https:\/\/api.w.org\/{rel}","templated":true}]}}