{"id":19401,"date":"2025-12-03T14:25:31","date_gmt":"2025-12-03T14:25:31","guid":{"rendered":"https:\/\/hotelbernatcalella.com\/no-category-fr\/decembre-2025\/"},"modified":"2025-12-03T16:10:09","modified_gmt":"2025-12-03T16:10:09","slug":"decembre-2025","status":"publish","type":"post","link":"https:\/\/hotelbernatcalella.com\/fr\/agenda-fr\/decembre-2025\/","title":{"rendered":"D\u00e9cembre 2025"},"content":{"rendered":"\t\t<div data-elementor-type=\"wp-post\" data-elementor-id=\"19401\" class=\"elementor elementor-19401 elementor-19278\" data-elementor-post-type=\"post\">\n\t\t\t\t<div class=\"elementor-element elementor-element-036eec9 e-flex e-con-boxed e-con e-parent\" data-id=\"036eec9\" data-element_type=\"container\" data-e-type=\"container\">\n\t\t\t\t\t<div class=\"e-con-inner\">\n\t\t\t\t<div class=\"elementor-element elementor-element-6f427fb elementor-widget elementor-widget-text-editor\" data-id=\"6f427fb\" data-element_type=\"widget\" data-e-type=\"widget\" data-widget_type=\"text-editor.default\">\n\t\t\t\t\t\t\t\t\t<h1><strong><span style=\"color: #91ccd4;\">Agenda mensuel de d\u00e9cembre 2025 \u00e0 Calella<\/span><\/strong><\/h1>\t\t\t\t\t\t\t\t<\/div>\n\t\t\t\t\t<\/div>\n\t\t\t\t<\/div>\n\t\t<div class=\"elementor-element elementor-element-817f7a5 e-flex e-con-boxed e-con e-parent\" data-id=\"817f7a5\" data-element_type=\"container\" data-e-type=\"container\">\n\t\t\t\t\t<div class=\"e-con-inner\">\n\t\t\t\t<div class=\"elementor-element elementor-element-45118be elementor-widget elementor-widget-text-editor\" data-id=\"45118be\" data-element_type=\"widget\" data-e-type=\"widget\" data-widget_type=\"text-editor.default\">\n\t\t\t\t\t\t\t\t\t<p>En d\u00e9cembre, le climat plus temp\u00e9r\u00e9 invite \u00e0 se promener dans la ville de Calella pour admirer les illuminations de No\u00ebl qui annoncent les f\u00eates. C&rsquo;est l&rsquo;endroit id\u00e9al pour c\u00e9l\u00e9brer les vacances de No\u00ebl et dire au revoir \u00e0 2025 sur la c\u00f4te m\u00e9diterran\u00e9enne ! <\/p>\n<p><span style=\"font-weight: 400;\">L&rsquo; <\/span><a href=\"https:\/\/hotelbernatcalella.com\/fr\/\"><span style=\"font-weight: 400;\">H\u00f4tel Bernat II<\/span><\/a><span style=\"font-weight: 400;\"> vous invite \u00e0 venir nous rendre visite en famille, en couple ou entre amis pour d\u00e9couvrir la culture et les traditions de No\u00ebl de notre ville. Si vous souhaitez savoir comment se d\u00e9roulent les f\u00eates de fin d&rsquo;ann\u00e9e \u00e0 Calella, d\u00e9couvrez ici le calendrier mensuel, riche en spectacles, concerts et c\u00e9l\u00e9brations. <\/span><\/p>\t\t\t\t\t\t\t\t<\/div>\n\t\t\t\t\t<\/div>\n\t\t\t\t<\/div>\n\t\t<div class=\"elementor-element elementor-element-b709ab3 e-flex e-con-boxed e-con e-parent\" data-id=\"b709ab3\" data-element_type=\"container\" data-e-type=\"container\">\n\t\t\t\t\t<div class=\"e-con-inner\">\n\t\t\t\t<div class=\"elementor-element elementor-element-d518bcd elementor-widget elementor-widget-text-editor\" data-id=\"d518bcd\" data-element_type=\"widget\" data-e-type=\"widget\" data-widget_type=\"text-editor.default\">\n\t\t\t\t\t\t\t\t\t<h2><span style=\"color: #a4adac;\"><strong>Programme de d\u00e9cembre 2025<\/strong><\/span><\/h2>\t\t\t\t\t\t\t\t<\/div>\n\t\t\t\t\t<\/div>\n\t\t\t\t<\/div>\n\t\t<div class=\"elementor-element elementor-element-29c42ec e-flex e-con-boxed e-con e-parent\" data-id=\"29c42ec\" data-element_type=\"container\" data-e-type=\"container\">\n\t\t\t\t\t<div class=\"e-con-inner\">\n\t\t\t\t<div class=\"elementor-element elementor-element-6f2ff47 elementor-widget elementor-widget-text-editor\" data-id=\"6f2ff47\" data-element_type=\"widget\" data-e-type=\"widget\" data-widget_type=\"text-editor.default\">\n\t\t\t\t\t\t\t\t\t<h3><b>Lieux d&rsquo;int\u00e9r\u00eat :<\/b><\/h3><ul><li><strong>Salle d&rsquo;exposition de l&rsquo;ancien h\u00f4tel de ville (Plaza del Ayuntamiento, 1-3)<\/strong><span style=\"font-weight: 400;\"><br><\/span><span style=\"font-weight: 400;\"> Horaires : du lundi au vendredi de 10 h \u00e0 14 h \/ du mardi au samedi de 17 h \u00e0 20 h \/ dimanche et jours f\u00e9ri\u00e9s de 11 h \u00e0 14 h. Entr\u00e9e gratuite. <\/span><\/li><li><strong>Mus\u00e9e du tourisme (Calle Sant Pere, 122-140)<\/strong><span style=\"font-weight: 400;\"><br><\/span><span style=\"font-weight: 400;\">Horaires : du mardi au samedi de 17 h \u00e0 20 h \/ dimanche et jours f\u00e9ri\u00e9s de 11 h \u00e0 18 h. Tarifs : visite normale 2 \u20ac, tarif r\u00e9duit 1 \u20ac. Premier dimanche du mois : entr\u00e9e gratuite.  <\/span><\/li><li><strong>Centre d&rsquo;interpr\u00e9tation du phare de Calella (Carretera Nacional II, km 666)<\/strong><span style=\"font-weight: 400;\"><br><\/span><span style=\"font-weight: 400;\">Horaires : samedi, dimanche et jours f\u00e9ri\u00e9s de 10 h \u00e0 14 h. Tarifs : visite normale 2 \u20ac, tarif r\u00e9duit 1 \u20ac. Premier dimanche du mois : entr\u00e9e gratuite.  <\/span><\/li><li><strong>Mus\u00e9e municipal de Calella Josep M. Codina i Bagu\u00e9 (c. Escoles Pies, 36)<\/strong><br>Du 19 d\u00e9cembre au 28 juin 2026, exposition \u00ab Calella 1925 : De villa \u00e0 ville \u00bb, organis\u00e9e par Joan Miquel Llodr\u00e0. Horaires : du mardi au samedi de 17 h \u00e0 20 h. Dimanche et jours f\u00e9ri\u00e9s de 11 h \u00e0 14 h. Tarifs : visite normale 2 \u20ac, tarif r\u00e9duit 1 \u20ac. Premier dimanche du mois : entr\u00e9e gratuite.    <\/li><li><strong>Abri anti-a\u00e9rien du parc Dalmau <br><\/strong><span style=\"font-weight: 400;\">Horaires : samedi, dimanche et jours f\u00e9ri\u00e9s de 10 h \u00e0 14 h. Tarifs : visite normale 1 \u20ac, tarif r\u00e9duit 0,5 \u20ac. Premier dimanche du mois : entr\u00e9e gratuite.  <\/span><\/li><li><strong>Chapelle Sant Quirze et Santa Julita (rue Francesc Bartrina, 18)<\/strong><span style=\"font-weight: 400;\"><br><\/span>Toute l&rsquo;ann\u00e9e, du lundi au vendredi, sauf les jours f\u00e9ri\u00e9s, de 9 h \u00e0 14 h. Il est n\u00e9cessaire de prendre rendez-vous au pr\u00e9alable en appelant le 93 769 51 02 ou en envoyant un e-mail \u00e0 museumunicipal@calella.cat. <\/li><\/ul>\t\t\t\t\t\t\t\t<\/div>\n\t\t\t\t\t<\/div>\n\t\t\t\t<\/div>\n\t\t<div class=\"elementor-element elementor-element-a1b36a4 e-flex e-con-boxed e-con e-parent\" data-id=\"a1b36a4\" data-element_type=\"container\" data-e-type=\"container\">\n\t\t\t\t\t<div class=\"e-con-inner\">\n\t\t\t\t<div class=\"elementor-element elementor-element-6772773 elementor-widget elementor-widget-text-editor\" data-id=\"6772773\" data-element_type=\"widget\" data-e-type=\"widget\" data-widget_type=\"text-editor.default\">\n\t\t\t\t\t\t\t\t\t<h3><strong>Activit\u00e9s D\u00e9cembre 2025<\/strong><\/h3>\n<p>Les 2, 4, 9, 11, 13, 16, 18, 20, 29 et 30 \u00e0 7 h, d\u00e9part du terrain de football de Mar : circuits dans les environs de Calella. Association Calella-Marxa. Plus d&rsquo;informations par t\u00e9l\u00e9phone au 655 81 20 07.    <\/p>\n<p>Les 1er, 15 et 22 de 9 h 30 \u00e0 11 h : Parc Dalmau : Tai-chi. Calella-Marxa. Plus d&rsquo;informations par t\u00e9l\u00e9phone au 655 81 20 07.    <\/p>\n<p>De 8 h \u00e0 13 h 30 \u2013 Tous les samedis, sur la place du Mercat \u2013 march\u00e9 hebdomadaire, avec des stands d&rsquo;alimentation, d&rsquo;accessoires pour la personne, d&rsquo;articles m\u00e9nagers, etc.<\/p>\n<p><strong>VENDREDI 5 D\u00c9CEMBRE<\/strong><\/p>\n<p>18h00 \u2013 Inauguration de l&rsquo;exposition \u00ab Reflejos \u00bb (Reflets) de l&rsquo;artiste Carles Castellv\u00ed \u2014 Lieu : Salle d&rsquo;exposition de l&rsquo;ancienne mairie de Calella.<\/p>\n<p>18h00 \u2013 Rues commer\u00e7antes de Calella, Swing Engine.<\/p>\n<p>21h30 \u2013 Salle Mozart \u2013 ESCENA CALELLA : Th\u00e9\u00e2tre : premi\u00e8re de \u00ab In the heights \u00bb, com\u00e9die musicale de l&rsquo;Association Th\u00e9\u00e2tre Solidaire de Calella (ATSOC). <\/p>\n<p><strong>SAMEDI 6 D\u00c9CEMBRE<\/strong><\/p>\n<p>17h30 \u2013 19h30 \u2013 Place de l&rsquo;\u00c9glise \u2013 Super Boule de Neige, entrez et prenez une photo<\/p>\n<p>18h30 \u2013 Salle Mozart \u2013 ESCENA CALELLA : Th\u00e9\u00e2tre : premi\u00e8re de \u00ab In the heights \u00bb, com\u00e9die musicale de l&rsquo;Association Teatro Solidario de Calella (ATSOC).<\/p>\n<p><strong>DIMANCHE 7 D\u00c9CEMBRE<\/strong><\/p>\n<p>10 h \u2013 14 h \u2013 Promenade Manuel Puigvert \u2013 Rencontre d&rsquo;\u00e9change et de collectionneurs.<\/p>\n<p>12h00 \u2013 Visite comment\u00e9e de l&rsquo;abri anti-a\u00e9rien du parc Dalmau. Visite gratuite. Organis\u00e9e par : Mus\u00e9e municipal de Calella.   <\/p>\n<p>R\u00e9servation obligatoire par e-mail avant le 5 d\u00e9cembre \u00e0 14h00 \u00e0 l&rsquo;adresse suivante : museumunicipal@calella.cat.<\/p>\n<p><strong>LUNDI 8 D\u00c9CEMBRE<\/strong><\/p>\n<p>11 h \u2013 13 h et 20 h \u2013 Dans les rues commer\u00e7antes de Calella, d\u00e9fil\u00e9 des personnages de dessins anim\u00e9s pour enfants<\/p>\n<p>18 h 30 \u2013 Salle Mozart \u2013 ESCENA CALELLA : Th\u00e9\u00e2tre : premi\u00e8re de \u00ab In the heights \u00bb, com\u00e9die musicale de l&rsquo;Association Teatro Solidario de Calella (ATSOC).<\/p>\n<p><strong>JEUDI 11 D\u00c9CEMBRE<\/strong><\/p>\n<p>18 h \u2013 Salle polyvalente de la F\u00e1brica Llobet \u2013 danse pour les seniors.<\/p>\n<p><strong>VENDREDI 12 D\u00c9CEMBRE<\/strong><\/p>\n<p>18 h 30 \u2013 Biblioth\u00e8que Can Salvador de la Plaza \u2013 Inauguration de l&rsquo;exposition Gente de pueblo de JM Colomer de Foto-Film Calella<\/p>\n<p>21 h 30 \u2013 Salle Mozart \u2013 ESCENA CALELLA : Th\u00e9\u00e2tre : premi\u00e8re de \u00ab In the heights \u00bb, com\u00e9die musicale de l&rsquo;Association Teatro Solidario de Calella (ATSOC).<\/p>\n<p>22 h \u2013 Restaurant Can Tivill (Riera, 48), Jazz Nadal Calella 2025. Entr\u00e9e libre. <\/p>\n<p><strong>SAMEDI 13 D\u00c9CEMBRE<\/strong><\/p>\n<p>10 h \u2013 21 h \u2013 Place de l&rsquo;\u00e9glise et place de la mairie \u2013 March\u00e9 de No\u00ebl.<\/p>\n<p>11 h \u2013 19 h \u2013 Place de la mairie, au march\u00e9 de No\u00ebl \u2013 activit\u00e9s et jeux pour les enfants. <\/p>\n<p>12h00 \u2013 \u00c0 la Foire de No\u00ebl, spectacle \u00ab 100 % Magie \u00bb avec Enric Magoo.<\/p>\n<p>18h00 \u2013 \u00c0 l&rsquo;\u00e9glise paroissiale, inauguration de la cr\u00e8che de la ville.<\/p>\n<p>18h30 \u2013 \u00c0 la nouvelle mairie, inauguration de la cr\u00e8che de la mairie et chants de No\u00ebl itin\u00e9rants dans les rues commer\u00e7antes.<\/p>\n<p>18h30 \u2013 Salle Mozart, ESCENA CALELLA : Th\u00e9\u00e2tre : premi\u00e8re de \u00ab In the heights \u00bb, com\u00e9die musicale de l&rsquo;Association Teatro Solidario de Calella (ATSOC).<\/p>\n<p><strong>DIMANCHE 14 D\u00c9CEMBRE<\/strong><\/p>\n<p>9h00 \u2013 Marche pour le Marathon \u2013 D\u00e9part depuis le Monument de la Sardane, 10 km. Pour plus d&rsquo;informations : calellamarxa@gmail.com <\/p>\n<p>10h00 \u2013 Place Catalunya \u2013 \u00c9v\u00e9nements pour le Marathon 3CAT.<\/p>\n<p>12h00 \u2013 D\u00e9fil\u00e9 des Geganters de Calella \u2013 De la place du March\u00e9 \u00e0 la place de la Mairie.<\/p>\n<p>12 h \u2013 14 h \u2013 au phare \u2013 f\u00eate pour c\u00e9l\u00e9brer le 166e anniversaire du phare. Service de Carrilet \u00e0 11 h 30, d\u00e9part de l&rsquo;office de tourisme et retour \u00e0 13 h 45. <\/p>\n<p>\u00c0 partir de 17 h \u2013 Place de l&rsquo;\u00e9glise \u2013 \u00e9v\u00e9nements pour le Marathon 3CAT.<\/p>\n<p>18h00 \u2013 Place de l&rsquo;\u00e9glise \u2013 masterclass de zumba avec J. Delgadillo et A. Bustos.<\/p>\n<p>18h30 \u2013 Salle Mozart, ESCENA CALELLA \u2013 Th\u00e9\u00e2tre : repr\u00e9sentation de \u00ab In the heights \u00bb, com\u00e9die musicale de l&rsquo;ATSOC.<\/p>\n<p>19h00 \u2013 Place de l&rsquo;\u00e9glise, musique avec Old Guitard Band<\/p>\n<p><strong>JEUDI 18 D\u00c9CEMBRE<\/strong><\/p>\n<p>21 h \u2013 Auditorium Josep-Maria Terricabras \u2013 Cycle Gaud\u00ed avec le film Muy lejos, r\u00e9alis\u00e9 par Albert Oms. Original en catalan. 100 min. \u00c0 partir de 12 ans. Vente des billets au guichet le jour m\u00eame \u00e0 partir d&rsquo;une heure avant la s\u00e9ance et en pr\u00e9vente en ligne sur https:\/\/ciclegaudi.cat\/sales\/calella\/. Prix du billet : 4,5 \u20ac, 2\u00d71 La Vanguardia, 3 \u20ac Carnet Jove. Organis\u00e9 par la mairie de Calella.     <\/p>\n<p><strong>VENDREDI 19 D\u00c9CEMBRE<\/strong><\/p>\n<p>18 h \u2013 Mus\u00e9e municipal de Calella \u2013 Inauguration de l&rsquo;exposition \u00ab Calella 1925 : De village \u00e0 ville \u00bb, organis\u00e9e par Joan Miquel Llodr\u00e0.<\/p>\n<p>De 17 h \u00e0 20 h \u2013 Rues commer\u00e7antes de Calella \u2013 Visite du P\u00e8re No\u00ebl.<\/p>\n<p>20 h \u2013 Salle Mozart, ESCENA CALELLA \u2013 Danse : \u00ab Casse-Noisette : la magie de No\u00ebl \u00bb, entr\u00e9e \u00e0 10 \u20ac.<\/p>\n<p>22 h \u2013 Salle Mozart Caf\u00e9 (rue Iglesia, 91) \u2013 26e \u00e9dition Jazz Nadal Calella 2025, concert avec le groupe \u00ab Jordi i Els Pastorets del Jazz \u00bb. Entr\u00e9e gratuite. <\/p>\n<p><strong>SAMEDI 20 D\u00c9CEMBRE<\/strong><\/p>\n<p>11 h \u00e0 13 h \u2013 March\u00e9 hebdomadaire \u2013 Atelier de No\u00ebl pour les enfants.<\/p>\n<p>10 h \u2013 20 h \u2013 Rue Puig de popa (quartier du Bar Pepe&rsquo;s) \u2013 Vermouth et d\u00e9jeuner populaire, cagada de ti\u00f3 (personnage traditionnel catalan de No\u00ebl), danse et chants de No\u00ebl.<\/p>\n<p>17 h \u2013 20 h \u2013 Place del Bu\u00f1ol \u2013 Accueil du P\u00e8re No\u00ebl.<\/p>\n<p>18h00 \u2013 Casal de l&rsquo;Amistat (Amadeu, 55) \u2013 Inauguration de la 35e exposition de cr\u00e8ches et de dioramas. Horaires : jours ouvrables de 18h00 \u00e0 20h00. <\/p>\n<p>18h30 \u2013 Salle Mozart (Iglesia, 91), ESCENA CALELLA \u2013 Musique : repr\u00e9sentation du Conte de No\u00ebl, de Charles Dickens.<\/p>\n<p><strong>DIMANCHE 21 D\u00c9CEMBRE<\/strong><\/p>\n<p>11 h \u2013 Circuit historique \u00ab Calella 1925 : de village \u00e0 ville \u00bb \u2013 En catalan. Lieu de d\u00e9part : Mus\u00e9e du tourisme. Activit\u00e9 gratuite. R\u00e9servation obligatoire par e-mail avant le 19 d\u00e9cembre \u00e0 14 h \u00e0 l&rsquo;adresse suivante : museumunicipal@calella.cat. Organis\u00e9 par : Mus\u00e9e municipal de Calella.    <\/p>\n<p>18 h \u2013 Place de l&rsquo;\u00e9glise \u2013 Spectacle Polo Norte.<\/p>\n<p>18 h 30 \u2013 Salle Mozart (Esgl\u00e9sia, 91) \u2013 ESCENA CALELLA \u2013 Musique : El Concert\u00e0s de Nadal ! Concert de sardanes et musique pour cobla de l&rsquo;Agrupaci\u00f3n Sardanista de Calella. Entr\u00e9e g\u00e9n\u00e9rale : 15 \u20ac. Vente de billets sur www.entrapolis.com et \u00e0 la billetterie de la salle Mozart les samedis 13 et 20 d\u00e9cembre, de 18 h \u00e0 20 h et une heure avant le concert, s&rsquo;il reste des places.   <\/p>\n<p><strong>LUNDI 22 D\u00c9CEMBRE<\/strong><\/p>\n<p>18 h 30 \u2013 Rues commer\u00e7antes de Calella \u2013 Paseo del Peque\u00f1o Lilo.<\/p>\n<p><strong>MARDI 23 D\u00c9CEMBRE<\/strong><\/p>\n<p>18 h \u2013 20 h \u2013 Plaza de la Iglesia \u2013 T\u00edo monumental (personnage traditionnel catalan de No\u00ebl).<\/p>\n<p><strong>MERCREDI 24 D\u00c9CEMBRE<\/strong><\/p>\n<p>19 h \u2013 \u00c9glise paroissiale \u2013 Messe du Pollet. Apportez une lanterne en symbole de paix. <\/p>\n<p>00 h \u2013 \u00c9glise paroissiale \u2013 Messe de minuit<\/p>\n<p><strong>JEUDI 25 D\u00c9CEMBRE<\/strong><\/p>\n<p>12 h \u2013 Plage (zone des bateaux) \u2013 28e Grande baignade de No\u00ebl.<\/p>\n<p>11 h \u2013 \u00c9glise paroissiale \u2013 Messe de No\u00ebl.<\/p>\n<p>18 h 30 \u2013 Chapelle de Sant Quirze (C\/ Bartrina, 20) \u2013 Concert traditionnel de No\u00ebl de la chorale Laetare. Billetterie invers\u00e9e et collecte de denr\u00e9es alimentaires pour C\u00e1ritas Calella. <\/p>\n<p><strong>SAMEDI 27 D\u00c9CEMBRE<\/strong><\/p>\n<p>9 h \u2013 20 h \u2013 Pavillon du parc Dalmau \u2013 Tournoi de basket 3\u00d73 de No\u00ebl.<\/p>\n<p>11h00 \u2013 13h00 \u2013 Place du march\u00e9 \u2013 Super boule de neige, entrez et prenez une photo<\/p>\n<p>18h30 \u2013 Th\u00e9\u00e2tre Orfe\u00f3 Calellenc \u2013 Repr\u00e9sentation de la pi\u00e8ce \u00ab Al final del mundo \u00bb (Au bout du monde), une production th\u00e9\u00e2trale documentaire avec musique live de David Hordjik, pianiste et compositeur. 75 min. Synopsis : T\u00e9moignages et musique live se combinent pour un voyage tr\u00e8s sp\u00e9cial. Prix de l&rsquo;entr\u00e9e : 12 \u20ac pour le grand public, 10 \u20ac pour les membres. Organis\u00e9 par Juventud Art\u00edstica de Calella.     <\/p>\n<p><strong>DIMANCHE 28 D\u00c9CEMBRE<\/strong><\/p>\n<p>10 h \u2013 18 h \u2013 Pavillon Parque Dalmau \u2013 Troph\u00e9e Alt Maresme de Twirling.<\/p>\n<p><strong>LUNDI 29 D\u00c9CEMBRE<\/strong><\/p>\n<p>18 h \u2013 20 h \u2013 Place de l&rsquo;\u00e9glise \u2013 Mini-disco pour enfants.<\/p>\n<p><strong>MARDI 30 D\u00c9CEMBRE<\/strong><\/p>\n<p>18 h \u2013 20 h \u2013 Rues commer\u00e7antes de Calella \u2013 Animation itin\u00e9rante de No\u00ebl.<\/p>\n<p><strong>MERCREDI 31 D\u00c9CEMBRE<\/strong><\/p>\n<p>11 h \u2013 D\u00e9fil\u00e9 du \u00ab Home dels Nassos \u00bb (l&rsquo;homme aux nez) \u2013 Parcours : place Pompeu Fabra, rue Turismo, Riera Capaspre, place de la mairie.<\/p>\n<p>11 h \u2013 Place de la mairie \u2013 R\u00e9veillon pour enfants : c\u00e9l\u00e9brez les douze coups de minuit en famille avec un DJ jusqu&rsquo;\u00e0 minuit et le spectacle \u00ab La fiesta \u00bb. Service de bar. <\/p>\n<p>23 h \u2013 3 h \u2013 Place de la mairie \u2013 musique avec DJ et bal du Nouvel An.<\/p>\t\t\t\t\t\t\t\t<\/div>\n\t\t\t\t\t<\/div>\n\t\t\t\t<\/div>\n\t\t<div class=\"elementor-element elementor-element-25b5b0c e-flex e-con-boxed e-con e-parent\" data-id=\"25b5b0c\" data-element_type=\"container\" data-e-type=\"container\">\n\t\t\t\t\t<div class=\"e-con-inner\">\n\t\t\t\t<div class=\"elementor-element elementor-element-3d09be1 elementor-widget elementor-widget-text-editor\" data-id=\"3d09be1\" data-element_type=\"widget\" data-e-type=\"widget\" data-widget_type=\"text-editor.default\">\n\t\t\t\t\t\t\t\t\t<p><strong>ACHAT DE BILLETS :<\/strong><br>ESCENA CALELLA, par l&rsquo;Association Teatro Solidario de Calella (ATSOC).<br>Vente de billets sur www.teatresolidari.cat ou en personne le samedi de 10 h \u00e0 13 h \u00e0 la Sala Mozart, et 1 heure avant chaque repr\u00e9sentation.<br>ESCENA CALELLA, vente de billets sur entrapolis.com et \u00e0 la billetterie de la Sala Mozart 1 heure avant le spectacle s&rsquo;il reste des places. Vente de billets sur entrapolis.com et \u00e0 la billetterie de la Sala Mozart 1 heure avant le spectacle s&rsquo;il reste des places disponibles.<\/p>\t\t\t\t\t\t\t\t<\/div>\n\t\t\t\t\t<\/div>\n\t\t\t\t<\/div>\n\t\t<div class=\"elementor-element elementor-element-fd1e1b4 e-flex e-con-boxed e-con e-parent\" data-id=\"fd1e1b4\" data-element_type=\"container\" data-e-type=\"container\">\n\t\t\t\t\t<div class=\"e-con-inner\">\n\t\t\t\t<div class=\"elementor-element elementor-element-12bf676 elementor-widget elementor-widget-text-editor\" data-id=\"12bf676\" data-element_type=\"widget\" data-e-type=\"widget\" data-widget_type=\"text-editor.default\">\n\t\t\t\t\t\t\t\t\t<p> Vous allez manquer \u00e7a ?<\/p>\n<p><span style=\"font-weight: 400;\">R\u00e9servez d\u00e8s maintenant sur <\/span><span style=\"text-decoration: underline;\"><span style=\"color: #91ccd4;\"><a style=\"color: #ccffff;\" href=\"https:\/\/hotelbernatcalella.com\/fr\/\"><span style=\"color: #91ccd4; text-decoration: underline;\">hotelbernatcalella.com<\/span><\/a><\/span><\/span> et profitez de la magie de No\u00ebl \u00e0 Calella.<\/p>\n<p> <\/p>\t\t\t\t\t\t\t\t<\/div>\n\t\t\t\t\t<\/div>\n\t\t\t\t<\/div>\n\t\t\t\t<\/div>\n\t\t","protected":false},"excerpt":{"rendered":"<p>Agenda mensuel de d\u00e9cembre 2025 \u00e0 Calella En d\u00e9cembre, le climat plus temp\u00e9r\u00e9 invite \u00e0 se promener dans la ville de Calella pour admirer les illuminations de No\u00ebl qui annoncent les f\u00eates. C&rsquo;est l&rsquo;endroit id\u00e9al pour c\u00e9l\u00e9brer les vacances de No\u00ebl et dire au revoir \u00e0 2025 sur la c\u00f4te m\u00e9diterran\u00e9enne ! L&rsquo; H\u00f4tel Bernat &#8230;<\/p>\n","protected":false},"author":1,"featured_media":15297,"comment_status":"closed","ping_status":"open","sticky":false,"template":"","format":"standard","meta":{"loftocean_post_format_gallery":"","loftocean_post_format_gallery_ids":"","loftocean_post_format_gallery_urls":"","loftocean_post_format_video_id":0,"loftocean_post_format_video_url":"","loftocean_post_format_video_type":"","loftocean_post_format_video":"","loftocean_post_format_audio_type":"","loftocean_post_format_audio_url":"","loftocean_post_format_audio_id":0,"loftocean_post_format_audio":"","loftocean-like-count":0,"cozystay_single_post_hide_site_header":"","cozystay_single_post_site_header_source":"","cozystay_single_post_custom_site_header":"0","cozystay_single_post_custom_sticky_site_header":"0","cozystay_single_post_hide_page_title":"","cozystay_single_post_site_footer_hide_main":"","cozystay_single_custom_site_footer_main_source":"","cozystay_single_custom_site_footer_main":"0","cozystay_single_post_site_footer_hide_above":"","cozystay_single_custom_site_footer_above_source":"","cozystay_single_custom_site_footer_above":"0","cozystay_single_post_site_footer_hide_instagram":"","cozystay_single_post_site_footer_hide_bottom":"","cozystay_single_custom_mobile_menu_source":"","cozystay_single_custom_mobile_menu":"0","cozystay_single_custom_mobile_menu_animation":"","cozystay_single_custom_mobile_menu_width":"","cozystay_single_custom_mobile_menu_custom_width":375,"cozystay_single_post_template":"","footnotes":""},"categories":[448],"tags":[567],"class_list":["post-19401","post","type-post","status-publish","format-standard","has-post-thumbnail","hentry","category-agenda-fr","tag-agenda-mensuel"],"yoast_head":"<!-- This site is optimized with the Yoast SEO plugin v27.1.1 - https:\/\/yoast.com\/product\/yoast-seo-wordpress\/ -->\n<title>D\u00e9cembre 2025 | Hotel Bernat II<\/title>\n<meta name=\"description\" content=\"Profitez des animations propos\u00e9es \u00e0 Calella en d\u00e9cembre. Admirez les illuminations de No\u00ebl dans les rues et d\u00e9couvrez les traditions de No\u00ebl de la ville.\" \/>\n<meta name=\"robots\" content=\"index, follow, max-snippet:-1, max-image-preview:large, max-video-preview:-1\" \/>\n<link rel=\"canonical\" href=\"https:\/\/hotelbernatcalella.com\/fr\/agenda-fr\/decembre-2025\/\" \/>\n<meta property=\"og:locale\" content=\"fr_FR\" \/>\n<meta property=\"og:type\" content=\"article\" \/>\n<meta property=\"og:title\" content=\"D\u00e9cembre 2025 | Hotel Bernat II\" \/>\n<meta property=\"og:description\" content=\"Profitez des animations propos\u00e9es \u00e0 Calella en d\u00e9cembre. Admirez les illuminations de No\u00ebl dans les rues et d\u00e9couvrez les traditions de No\u00ebl de la ville.\" \/>\n<meta property=\"og:url\" content=\"https:\/\/hotelbernatcalella.com\/fr\/agenda-fr\/decembre-2025\/\" \/>\n<meta property=\"og:site_name\" content=\"Hotel Bernat II\" \/>\n<meta property=\"article:published_time\" content=\"2025-12-03T14:25:31+00:00\" \/>\n<meta property=\"article:modified_time\" content=\"2025-12-03T16:10:09+00:00\" \/>\n<meta property=\"og:image\" content=\"https:\/\/hotelbernatcalella.com\/wp-content\/uploads\/2025\/03\/torretas-calella-barcelona.webp\" \/>\n\t<meta property=\"og:image:width\" content=\"1080\" \/>\n\t<meta property=\"og:image:height\" content=\"1080\" \/>\n\t<meta property=\"og:image:type\" content=\"image\/webp\" \/>\n<meta name=\"author\" content=\"admin_bernat\" \/>\n<meta name=\"twitter:card\" content=\"summary_large_image\" \/>\n<meta name=\"twitter:label1\" content=\"\u00c9crit par\" \/>\n\t<meta name=\"twitter:data1\" content=\"admin_bernat\" \/>\n\t<meta name=\"twitter:label2\" content=\"Dur\u00e9e de lecture estim\u00e9e\" \/>\n\t<meta name=\"twitter:data2\" content=\"9 minutes\" \/>\n<script type=\"application\/ld+json\" class=\"yoast-schema-graph\">{\"@context\":\"https:\/\/schema.org\",\"@graph\":[{\"@type\":\"Article\",\"@id\":\"https:\/\/hotelbernatcalella.com\/fr\/agenda-fr\/decembre-2025\/#article\",\"isPartOf\":{\"@id\":\"https:\/\/hotelbernatcalella.com\/fr\/agenda-fr\/decembre-2025\/\"},\"author\":{\"name\":\"admin_bernat\",\"@id\":\"https:\/\/hotelbernatcalella.com\/fr\/#\/schema\/person\/9d2f8f220d7bb3470c6b37263c1f3a6e\"},\"headline\":\"D\u00e9cembre 2025\",\"datePublished\":\"2025-12-03T14:25:31+00:00\",\"dateModified\":\"2025-12-03T16:10:09+00:00\",\"mainEntityOfPage\":{\"@id\":\"https:\/\/hotelbernatcalella.com\/fr\/agenda-fr\/decembre-2025\/\"},\"wordCount\":1756,\"image\":{\"@id\":\"https:\/\/hotelbernatcalella.com\/fr\/agenda-fr\/decembre-2025\/#primaryimage\"},\"thumbnailUrl\":\"https:\/\/hotelbernatcalella.com\/wp-content\/uploads\/2025\/03\/torretas-calella-barcelona.webp\",\"keywords\":[\"Agenda mensuel\"],\"articleSection\":[\"Agenda Mensuel\"],\"inLanguage\":\"fr-FR\"},{\"@type\":\"WebPage\",\"@id\":\"https:\/\/hotelbernatcalella.com\/fr\/agenda-fr\/decembre-2025\/\",\"url\":\"https:\/\/hotelbernatcalella.com\/fr\/agenda-fr\/decembre-2025\/\",\"name\":\"D\u00e9cembre 2025 | Hotel Bernat II\",\"isPartOf\":{\"@id\":\"https:\/\/hotelbernatcalella.com\/fr\/#website\"},\"primaryImageOfPage\":{\"@id\":\"https:\/\/hotelbernatcalella.com\/fr\/agenda-fr\/decembre-2025\/#primaryimage\"},\"image\":{\"@id\":\"https:\/\/hotelbernatcalella.com\/fr\/agenda-fr\/decembre-2025\/#primaryimage\"},\"thumbnailUrl\":\"https:\/\/hotelbernatcalella.com\/wp-content\/uploads\/2025\/03\/torretas-calella-barcelona.webp\",\"datePublished\":\"2025-12-03T14:25:31+00:00\",\"dateModified\":\"2025-12-03T16:10:09+00:00\",\"author\":{\"@id\":\"https:\/\/hotelbernatcalella.com\/fr\/#\/schema\/person\/9d2f8f220d7bb3470c6b37263c1f3a6e\"},\"description\":\"Profitez des animations propos\u00e9es \u00e0 Calella en d\u00e9cembre. Admirez les illuminations de No\u00ebl dans les rues et d\u00e9couvrez les traditions de No\u00ebl de la ville.\",\"breadcrumb\":{\"@id\":\"https:\/\/hotelbernatcalella.com\/fr\/agenda-fr\/decembre-2025\/#breadcrumb\"},\"inLanguage\":\"fr-FR\",\"potentialAction\":[{\"@type\":\"ReadAction\",\"target\":[\"https:\/\/hotelbernatcalella.com\/fr\/agenda-fr\/decembre-2025\/\"]}]},{\"@type\":\"ImageObject\",\"inLanguage\":\"fr-FR\",\"@id\":\"https:\/\/hotelbernatcalella.com\/fr\/agenda-fr\/decembre-2025\/#primaryimage\",\"url\":\"https:\/\/hotelbernatcalella.com\/wp-content\/uploads\/2025\/03\/torretas-calella-barcelona.webp\",\"contentUrl\":\"https:\/\/hotelbernatcalella.com\/wp-content\/uploads\/2025\/03\/torretas-calella-barcelona.webp\",\"width\":1080,\"height\":1080,\"caption\":\"torretas-calella-barcelona\"},{\"@type\":\"BreadcrumbList\",\"@id\":\"https:\/\/hotelbernatcalella.com\/fr\/agenda-fr\/decembre-2025\/#breadcrumb\",\"itemListElement\":[{\"@type\":\"ListItem\",\"position\":1,\"name\":\"Portada\",\"item\":\"https:\/\/hotelbernatcalella.com\/fr\/\"},{\"@type\":\"ListItem\",\"position\":2,\"name\":\"D\u00e9cembre 2025\"}]},{\"@type\":\"WebSite\",\"@id\":\"https:\/\/hotelbernatcalella.com\/fr\/#website\",\"url\":\"https:\/\/hotelbernatcalella.com\/fr\/\",\"name\":\"Hotel Bernat II & Spa Calella\",\"description\":\"H\u00f4tel \u00e0 Calella\",\"alternateName\":\"Hotel Bernat II & Spa\",\"potentialAction\":[{\"@type\":\"SearchAction\",\"target\":{\"@type\":\"EntryPoint\",\"urlTemplate\":\"https:\/\/hotelbernatcalella.com\/fr\/?s={search_term_string}\"},\"query-input\":{\"@type\":\"PropertyValueSpecification\",\"valueRequired\":true,\"valueName\":\"search_term_string\"}}],\"inLanguage\":\"fr-FR\"},{\"@type\":\"Person\",\"@id\":\"https:\/\/hotelbernatcalella.com\/fr\/#\/schema\/person\/9d2f8f220d7bb3470c6b37263c1f3a6e\",\"name\":\"admin_bernat\",\"image\":{\"@type\":\"ImageObject\",\"inLanguage\":\"fr-FR\",\"@id\":\"https:\/\/hotelbernatcalella.com\/fr\/#\/schema\/person\/image\/\",\"url\":\"https:\/\/secure.gravatar.com\/avatar\/d85a368a0264070f0a07504f04fe3de78e2fedb7d0b7a9e875b30b569151e37e?s=96&d=mm&r=g\",\"contentUrl\":\"https:\/\/secure.gravatar.com\/avatar\/d85a368a0264070f0a07504f04fe3de78e2fedb7d0b7a9e875b30b569151e37e?s=96&d=mm&r=g\",\"caption\":\"admin_bernat\"},\"sameAs\":[\"https:\/\/hotelbernatcalella.com\"]}]}<\/script>\n<!-- \/ Yoast SEO plugin. -->","yoast_head_json":{"title":"D\u00e9cembre 2025 | Hotel Bernat II","description":"Profitez des animations propos\u00e9es \u00e0 Calella en d\u00e9cembre. Admirez les illuminations de No\u00ebl dans les rues et d\u00e9couvrez les traditions de No\u00ebl de la ville.","robots":{"index":"index","follow":"follow","max-snippet":"max-snippet:-1","max-image-preview":"max-image-preview:large","max-video-preview":"max-video-preview:-1"},"canonical":"https:\/\/hotelbernatcalella.com\/fr\/agenda-fr\/decembre-2025\/","og_locale":"fr_FR","og_type":"article","og_title":"D\u00e9cembre 2025 | Hotel Bernat II","og_description":"Profitez des animations propos\u00e9es \u00e0 Calella en d\u00e9cembre. Admirez les illuminations de No\u00ebl dans les rues et d\u00e9couvrez les traditions de No\u00ebl de la ville.","og_url":"https:\/\/hotelbernatcalella.com\/fr\/agenda-fr\/decembre-2025\/","og_site_name":"Hotel Bernat II","article_published_time":"2025-12-03T14:25:31+00:00","article_modified_time":"2025-12-03T16:10:09+00:00","og_image":[{"width":1080,"height":1080,"url":"https:\/\/hotelbernatcalella.com\/wp-content\/uploads\/2025\/03\/torretas-calella-barcelona.webp","type":"image\/webp"}],"author":"admin_bernat","twitter_card":"summary_large_image","twitter_misc":{"\u00c9crit par":"admin_bernat","Dur\u00e9e de lecture estim\u00e9e":"9 minutes"},"schema":{"@context":"https:\/\/schema.org","@graph":[{"@type":"Article","@id":"https:\/\/hotelbernatcalella.com\/fr\/agenda-fr\/decembre-2025\/#article","isPartOf":{"@id":"https:\/\/hotelbernatcalella.com\/fr\/agenda-fr\/decembre-2025\/"},"author":{"name":"admin_bernat","@id":"https:\/\/hotelbernatcalella.com\/fr\/#\/schema\/person\/9d2f8f220d7bb3470c6b37263c1f3a6e"},"headline":"D\u00e9cembre 2025","datePublished":"2025-12-03T14:25:31+00:00","dateModified":"2025-12-03T16:10:09+00:00","mainEntityOfPage":{"@id":"https:\/\/hotelbernatcalella.com\/fr\/agenda-fr\/decembre-2025\/"},"wordCount":1756,"image":{"@id":"https:\/\/hotelbernatcalella.com\/fr\/agenda-fr\/decembre-2025\/#primaryimage"},"thumbnailUrl":"https:\/\/hotelbernatcalella.com\/wp-content\/uploads\/2025\/03\/torretas-calella-barcelona.webp","keywords":["Agenda mensuel"],"articleSection":["Agenda Mensuel"],"inLanguage":"fr-FR"},{"@type":"WebPage","@id":"https:\/\/hotelbernatcalella.com\/fr\/agenda-fr\/decembre-2025\/","url":"https:\/\/hotelbernatcalella.com\/fr\/agenda-fr\/decembre-2025\/","name":"D\u00e9cembre 2025 | Hotel Bernat II","isPartOf":{"@id":"https:\/\/hotelbernatcalella.com\/fr\/#website"},"primaryImageOfPage":{"@id":"https:\/\/hotelbernatcalella.com\/fr\/agenda-fr\/decembre-2025\/#primaryimage"},"image":{"@id":"https:\/\/hotelbernatcalella.com\/fr\/agenda-fr\/decembre-2025\/#primaryimage"},"thumbnailUrl":"https:\/\/hotelbernatcalella.com\/wp-content\/uploads\/2025\/03\/torretas-calella-barcelona.webp","datePublished":"2025-12-03T14:25:31+00:00","dateModified":"2025-12-03T16:10:09+00:00","author":{"@id":"https:\/\/hotelbernatcalella.com\/fr\/#\/schema\/person\/9d2f8f220d7bb3470c6b37263c1f3a6e"},"description":"Profitez des animations propos\u00e9es \u00e0 Calella en d\u00e9cembre. Admirez les illuminations de No\u00ebl dans les rues et d\u00e9couvrez les traditions de No\u00ebl de la ville.","breadcrumb":{"@id":"https:\/\/hotelbernatcalella.com\/fr\/agenda-fr\/decembre-2025\/#breadcrumb"},"inLanguage":"fr-FR","potentialAction":[{"@type":"ReadAction","target":["https:\/\/hotelbernatcalella.com\/fr\/agenda-fr\/decembre-2025\/"]}]},{"@type":"ImageObject","inLanguage":"fr-FR","@id":"https:\/\/hotelbernatcalella.com\/fr\/agenda-fr\/decembre-2025\/#primaryimage","url":"https:\/\/hotelbernatcalella.com\/wp-content\/uploads\/2025\/03\/torretas-calella-barcelona.webp","contentUrl":"https:\/\/hotelbernatcalella.com\/wp-content\/uploads\/2025\/03\/torretas-calella-barcelona.webp","width":1080,"height":1080,"caption":"torretas-calella-barcelona"},{"@type":"BreadcrumbList","@id":"https:\/\/hotelbernatcalella.com\/fr\/agenda-fr\/decembre-2025\/#breadcrumb","itemListElement":[{"@type":"ListItem","position":1,"name":"Portada","item":"https:\/\/hotelbernatcalella.com\/fr\/"},{"@type":"ListItem","position":2,"name":"D\u00e9cembre 2025"}]},{"@type":"WebSite","@id":"https:\/\/hotelbernatcalella.com\/fr\/#website","url":"https:\/\/hotelbernatcalella.com\/fr\/","name":"Hotel Bernat II & Spa Calella","description":"H\u00f4tel \u00e0 Calella","alternateName":"Hotel Bernat II & Spa","potentialAction":[{"@type":"SearchAction","target":{"@type":"EntryPoint","urlTemplate":"https:\/\/hotelbernatcalella.com\/fr\/?s={search_term_string}"},"query-input":{"@type":"PropertyValueSpecification","valueRequired":true,"valueName":"search_term_string"}}],"inLanguage":"fr-FR"},{"@type":"Person","@id":"https:\/\/hotelbernatcalella.com\/fr\/#\/schema\/person\/9d2f8f220d7bb3470c6b37263c1f3a6e","name":"admin_bernat","image":{"@type":"ImageObject","inLanguage":"fr-FR","@id":"https:\/\/hotelbernatcalella.com\/fr\/#\/schema\/person\/image\/","url":"https:\/\/secure.gravatar.com\/avatar\/d85a368a0264070f0a07504f04fe3de78e2fedb7d0b7a9e875b30b569151e37e?s=96&d=mm&r=g","contentUrl":"https:\/\/secure.gravatar.com\/avatar\/d85a368a0264070f0a07504f04fe3de78e2fedb7d0b7a9e875b30b569151e37e?s=96&d=mm&r=g","caption":"admin_bernat"},"sameAs":["https:\/\/hotelbernatcalella.com"]}]}},"loftoceanMetas":{"authorName":"admin_bernat","categories":[{"name":"Agenda Mensuel","link":"https:\/\/hotelbernatcalella.com\/fr\/category\/agenda-fr\/","count":12}],"date":"3 de d\u00e9cembre de 2025","featuredImageSRC":"https:\/\/hotelbernatcalella.com\/wp-content\/uploads\/2025\/03\/torretas-calella-barcelona-150x150.webp"},"_links":{"self":[{"href":"https:\/\/hotelbernatcalella.com\/fr\/wp-json\/wp\/v2\/posts\/19401","targetHints":{"allow":["GET"]}}],"collection":[{"href":"https:\/\/hotelbernatcalella.com\/fr\/wp-json\/wp\/v2\/posts"}],"about":[{"href":"https:\/\/hotelbernatcalella.com\/fr\/wp-json\/wp\/v2\/types\/post"}],"author":[{"embeddable":true,"href":"https:\/\/hotelbernatcalella.com\/fr\/wp-json\/wp\/v2\/users\/1"}],"replies":[{"embeddable":true,"href":"https:\/\/hotelbernatcalella.com\/fr\/wp-json\/wp\/v2\/comments?post=19401"}],"version-history":[{"count":1,"href":"https:\/\/hotelbernatcalella.com\/fr\/wp-json\/wp\/v2\/posts\/19401\/revisions"}],"predecessor-version":[{"id":19402,"href":"https:\/\/hotelbernatcalella.com\/fr\/wp-json\/wp\/v2\/posts\/19401\/revisions\/19402"}],"wp:featuredmedia":[{"embeddable":true,"href":"https:\/\/hotelbernatcalella.com\/fr\/wp-json\/wp\/v2\/media\/15297"}],"wp:attachment":[{"href":"https:\/\/hotelbernatcalella.com\/fr\/wp-json\/wp\/v2\/media?parent=19401"}],"wp:term":[{"taxonomy":"category","embeddable":true,"href":"https:\/\/hotelbernatcalella.com\/fr\/wp-json\/wp\/v2\/categories?post=19401"},{"taxonomy":"post_tag","embeddable":true,"href":"https:\/\/hotelbernatcalella.com\/fr\/wp-json\/wp\/v2\/tags?post=19401"}],"curies":[{"name":"wp","href":"https:\/\/api.w.org\/{rel}","templated":true}]}}