{"id":18555,"date":"2025-09-02T16:02:00","date_gmt":"2025-09-02T16:02:00","guid":{"rendered":"https:\/\/www.hotelbernatcalella.com\/no-category-fr\/septembre-2025\/"},"modified":"2025-09-02T16:42:33","modified_gmt":"2025-09-02T16:42:33","slug":"agenda-mensuel-septembre-2025-calella","status":"publish","type":"post","link":"https:\/\/hotelbernatcalella.com\/fr\/agenda-fr\/agenda-mensuel-septembre-2025-calella\/","title":{"rendered":"Septembre 2025"},"content":{"rendered":"\t\t<div data-elementor-type=\"wp-post\" data-elementor-id=\"18555\" class=\"elementor elementor-18555 elementor-18546\" data-elementor-post-type=\"post\">\n\t\t\t\t<div class=\"elementor-element elementor-element-036eec9 e-flex e-con-boxed e-con e-parent\" data-id=\"036eec9\" data-element_type=\"container\" data-e-type=\"container\">\n\t\t\t\t\t<div class=\"e-con-inner\">\n\t\t\t\t<div class=\"elementor-element elementor-element-6f427fb elementor-widget elementor-widget-text-editor\" data-id=\"6f427fb\" data-element_type=\"widget\" data-e-type=\"widget\" data-widget_type=\"text-editor.default\">\n\t\t\t\t\t\t\t\t\t<h1><strong><span style=\"color: #91ccd4;\">Agenda mensuel de Septembre 2025 \u00e0 Calella<\/span><\/strong><\/h1><p><span style=\"font-weight: 400;\">Le mois de septembre \u00e0 Calella rime avec traditions et festivit\u00e9s. Avec l\u2019arriv\u00e9e de la F\u00eate de la Minerva et de la tr\u00e8s attendue Foire de Calella et de l\u2019Alt Maresme, la ville se remplit de culture, de musique et d\u2019activit\u00e9s pour toute la famille. Le calendrier comprend \u00e9galement des \u00e9v\u00e9nements internationaux tels que le Championnat de fl\u00e9chettes, les Journ\u00e9es folkloriques ou encore le Calella Harmonica Festival, qui transforment la ville en un v\u00e9ritable centre culturel anim\u00e9.<\/span><\/p><p><span style=\"font-weight: 400;\"><a href=\"http:\/\/hotelbernatcalella.com\/fr\/\">Hotel Bernat II<\/a> vous invite \u00e0 d\u00e9couvrir Calella au mois de septembre, \u00e0 profiter de ses plages, de son programme culturel et de la meilleure gastronomie locale. Consultez notre agenda complet pour ne rien manquer et vivez une exp\u00e9rience inoubliable.<\/span><\/p><h2><span style=\"color: #a4adac;\"><strong>Programmation de Septembre 2025<\/strong><\/span><\/h2><h3><strong>Lieux d\u2019int\u00e9r\u00eat:<\/strong><\/h3><ul><li><p><span style=\"font-weight: 400;\"><strong>Salle d\u2019expositions de l\u2019Ancienne Mairie<\/strong> (Pla\u00e7a de l\u2019Ajuntament, 1-3)<\/span><span style=\"font-weight: 400;\"><br \/><\/span><span style=\"font-weight: 400;\">Horaires : du lundi au vendredi de 10h00 \u00e0 14h00 \/ du mardi au samedi de 18h00 \u00e0 21h00 \/ dimanches et jours f\u00e9ri\u00e9s de 11h00 \u00e0 14h00. Entr\u00e9e gratuite.<\/span><\/p><\/li><li><p><span style=\"font-weight: 400;\"><strong>Mus\u00e9e du Tourisme<\/strong> (Carrer Sant Pere, 122-140)<\/span><span style=\"font-weight: 400;\"><br \/><\/span><span style=\"font-weight: 400;\">Horaires : du mardi au samedi de 17h00 \u00e0 21h00 \/ dimanches et jours f\u00e9ri\u00e9s de 11h00 \u00e0 14h00 et de 17h00 \u00e0 21h00.<\/span><span style=\"font-weight: 400;\"><br \/><\/span><span style=\"font-weight: 400;\">Tarifs : entr\u00e9e normale 2 \u20ac, tarif r\u00e9duit 1 \u20ac. Entr\u00e9e gratuite le premier dimanche du mois.<\/span><\/p><\/li><li><p><span style=\"font-weight: 400;\"><strong>Centre d\u2019interpr\u00e9tation du Phare de Calella<\/strong> (Carretera Nacional II, km. 666)<\/span><span style=\"font-weight: 400;\"><br \/><\/span><span style=\"font-weight: 400;\">Horaires : du mardi au dimanche et jours f\u00e9ri\u00e9s de 17h00 \u00e0 21h00.<\/span><span style=\"font-weight: 400;\"><br \/><\/span><span style=\"font-weight: 400;\">Tarifs : entr\u00e9e normale 2 \u20ac, tarif r\u00e9duit 1 \u20ac. Entr\u00e9e gratuite le premier dimanche du mois.<\/span><\/p><\/li><li><p><span style=\"font-weight: 400;\"><strong>Abri antia\u00e9rien du parc Dalmau<\/strong> (zone des balan\u00e7oires)<\/span><span style=\"font-weight: 400;\"><br \/><\/span><span style=\"font-weight: 400;\">Horaires : du mardi au dimanche et jours f\u00e9ri\u00e9s de 10h00 \u00e0 14h00.<\/span><span style=\"font-weight: 400;\"><br \/><\/span><span style=\"font-weight: 400;\">Tarifs : entr\u00e9e normale 1 \u20ac, tarif r\u00e9duit 0,50 \u20ac. Entr\u00e9e gratuite le premier dimanche du mois.<\/span><\/p><\/li><li><p><strong>Chapelle de Sant Quirze et Santa Julita<\/strong> (Carrer Francesc Bartrina, 18)<br \/>Visites sur rendez-vous. R\u00e9servation du lundi au vendredi de 9h00 \u00e0 14h00 au 937695102 ou par email \u00e0 museumunicipal@calella.cat<\/p><\/li><\/ul><h3><strong>Activit\u00e9s fixes :<\/strong><\/h3><ul><li class=\"\" data-start=\"2510\" data-end=\"2726\"><p><span style=\"font-weight: 400;\">Du 30 ao\u00fbt au 7 septembre \u2013 09h00 \u00e0 22h00 \u2013 Championnat international de fl\u00e9chettes \u2013 Salle des colonnes, F\u00e0brica Llobet<\/span><\/p><\/li><li class=\"\" data-start=\"2510\" data-end=\"2726\"><p><span style=\"font-weight: 400;\">2, 4, 6, 9, 11, 13, 16, 18, 20, 25, 27 et 30 septembre \u2013 07h00 \u2013 Randonn\u00e9es autour de Calella \u2013 D\u00e9part du terrain de football de Mar (more information : +34 655 81 20 07)<\/span><\/p><\/li><li class=\"\" data-start=\"2510\" data-end=\"2726\"><p><span style=\"font-weight: 400;\">8, 15 et 29 septembre \u2013 09h30 \u00e0 11h00 \u2013 S\u00e9ances de Tai-chi \u2013 Parc Dalmau (more information : +34 655 81 20 07)<\/span><\/p><\/li><\/ul><h3><strong>Activit\u00e9s Septembre 2025 :<\/strong><\/h3><p><strong>LUNDI 1er SEPTEMBRE<\/strong><\/p><p><span style=\"font-weight: 400;\">21h30 \u2013 \u00c9glise Santa Maria et Sant Nicolau \u2013 Concert de guitare classique avec Pedro Rinc\u00f3n<\/span><\/p><p><strong>VENDREDI 5 SEPTEMBRE<\/strong><\/p><p><span style=\"font-weight: 400;\">13h30 \u2013 Place de la Mairie \u2013 D\u00e9gustation musicale JIF 2025 (Turquie, Croatie et Colombie)<\/span><span style=\"font-weight: 400;\"><br \/><\/span><span style=\"font-weight: 400;\">20h00 \u2013 Riera Capaspre \u2013 Parade des JIF 2025<\/span><span style=\"font-weight: 400;\"><br \/><\/span><span style=\"font-weight: 400;\">21h00 \u2013 Place de la Mairie \u2013 Spectacle d\u2019ouverture des JIF 2025<\/span><\/p><p><strong>SAMEDI 6 SEPTEMBRE<\/strong><\/p><p><span style=\"font-weight: 400;\">09h00 \u00e0 21h00 \u2013 Complexe sportif Tom\u00e0s Claramunt \u2013 Tournoi de football Brava<\/span><span style=\"font-weight: 400;\"><br \/><\/span><span style=\"font-weight: 400;\">11h30 \u2013 Place de la Mairie \u2013 JIF avec groupe de Croatie<\/span><span style=\"font-weight: 400;\"><br \/><\/span><span style=\"font-weight: 400;\">21h00 \u2013 Place des Pequinaires \u2013 33e f\u00eate Pequinaire<\/span><\/p><p><strong>DIMANCHE 7 SEPTEMBRE<\/strong><\/p><p><span style=\"font-weight: 400;\">09h00 \u2013 Plage de Garb\u00ed \u2013 36e Travers\u00e9e et 4e Aquathlon<\/span><span style=\"font-weight: 400;\"><br \/><\/span><span style=\"font-weight: 400;\">10h00 \u00e0 13h00 \u2013 Place de la Mairie \u2013 March\u00e9 folklorique JIF<\/span><span style=\"font-weight: 400;\"><br \/><\/span><span style=\"font-weight: 400;\">10h00 \u00e0 14h00 \u2013 Promenade Manuel Puigvert \u2013 Rencontre d\u2019\u00e9change et de collectionneurs<\/span><span style=\"font-weight: 400;\"><br \/><\/span><span style=\"font-weight: 400;\">10h45 \u2013 Place de la Mairie \u2013 Atelier de sardanes<\/span><\/p><p><strong>LUNDI 8 SEPTEMBRE<\/strong><\/p><p><span style=\"font-weight: 400;\">21h30 \u2013 \u00c9glise Santa Maria et Sant Nicolau \u2013 Concert de guitare classique avec Marc Segura<\/span><\/p><p><strong>MARDI 9 SEPTEMBRE<\/strong><\/p><p><span style=\"font-weight: 400;\">18h00 \u2013 Place de la Mairie \u2013 Concert \u00ab\u00a0Musiques du monde\u00a0\u00bb (JIF) et Grallers de Calella<\/span><\/p><p><strong>MERCREDI 10 SEPTEMBRE<\/strong><\/p><p><span style=\"font-weight: 400;\">21h00 \u2013 Place de la Mairie \u2013 Marche aux flambeaux pour l\u2019ind\u00e9pendance<\/span><span style=\"font-weight: 400;\"><br \/><\/span><span style=\"font-weight: 400;\">21h30 \u2013 Place Catalunya \u2013 Grillade catalane et Havaneres pour la Diada<\/span><\/p><p><strong>JEUDI 11 SEPTEMBRE<\/strong><\/p><p><span style=\"font-weight: 400;\">11h15 \u2013 Place Catalunya \u2013 Acte institutionnel de la Diada<\/span><span style=\"font-weight: 400;\"><br \/><\/span><span style=\"font-weight: 400;\">19h30 \u2013 Chapiteau \u2013 Concert d\u2019ouverture du Calella Harmonica Festival : ch\u0153ur Ess\u00e8ncia et Joan Pau Cumellas<\/span><span style=\"font-weight: 400;\"><br \/><\/span><span style=\"font-weight: 400;\">20h45 \u2013 Chapiteau \u2013 Concert Harmonica Reunion<\/span><span style=\"font-weight: 400;\"><br \/><\/span><span style=\"font-weight: 400;\">22h00 \u2013 Chapiteau \u2013 Jam session Calella Harmonica Festival<\/span><\/p><p><strong>VENDREDI 12 SEPTEMBRE<\/strong><\/p><p><span style=\"font-weight: 400;\">10h00 \u2013 Chapiteau \u2013 Masterclass Calella Harmonica Festival<\/span><span style=\"font-weight: 400;\"><br \/><\/span><span style=\"font-weight: 400;\">11h30 \u2013 Place de la Mairie \u2013 JIF avec groupe de Turquie<\/span><span style=\"font-weight: 400;\"><br \/><\/span><span style=\"font-weight: 400;\">20h00 \u2013 Chapiteau \u2013 Concert Harmonica Trio<\/span><span style=\"font-weight: 400;\"><br \/><\/span><span style=\"font-weight: 400;\">21h00 \u2013 Chapiteau \u2013 Concert Filip Jers &amp; Emil Ernebro<\/span><span style=\"font-weight: 400;\"><br \/><\/span><span style=\"font-weight: 400;\">22h30 \u2013 Chapiteau \u2013 Jam session Calella Harmonica Festival<\/span><\/p><p><strong>SAMEDI 13 SEPTEMBRE<\/strong><\/p><p><span style=\"font-weight: 400;\">09h00 \u00e0 21h00 \u2013 Complexe sportif Tom\u00e0s Claramunt \u2013 Tournoi de football Brava<\/span><span style=\"font-weight: 400;\"><br \/><\/span><span style=\"font-weight: 400;\">10h00 \u2013 Chapiteau \u2013 Masterclass et conf\u00e9rences Harmonica Festival<\/span><span style=\"font-weight: 400;\"><br \/><\/span><span style=\"font-weight: 400;\">11h30 \u2013 Place de la Mairie \u2013 JIF avec groupe de Colombie<\/span><span style=\"font-weight: 400;\"><br \/><\/span><span style=\"font-weight: 400;\">21h00 \u2013 Chapiteau \u2013 Concert Ariel Bart<\/span><span style=\"font-weight: 400;\"><br \/><\/span><span style=\"font-weight: 400;\">22h00 \u2013 Chapiteau \u2013 Concert Cece Gianotti &amp; Apr\u00e8s Minuit<\/span><span style=\"font-weight: 400;\"><br \/><\/span><span style=\"font-weight: 400;\">23h00 \u2013 Chapiteau \u2013 Jam session et cl\u00f4ture du Calella Harmonica Festival<\/span><\/p><p><strong>DIMANCHE 14 SEPTEMBRE<\/strong><\/p><p><span style=\"font-weight: 400;\">10h00 \u2013 Chapiteau \u2013 Masterclass avec Quim Roca<\/span><span style=\"font-weight: 400;\"><br \/><\/span><span style=\"font-weight: 400;\">11h30 \u2013 Riera Capaspre \u2013 Parade d\u2019adieu JIF<\/span><span style=\"font-weight: 400;\"><br \/><\/span><span style=\"font-weight: 400;\">12h00 \u2013 Chapiteau \u2013 Concert de cl\u00f4ture Harmonica Festival<\/span><span style=\"font-weight: 400;\"><br \/><\/span><span style=\"font-weight: 400;\">13h30 \u2013 Chapiteau \u2013 D\u00e9jeuner de cl\u00f4ture Harmonica Festival<\/span><\/p><p><strong>MERCREDI 17 SEPTEMBRE<\/strong><\/p><p><span style=\"font-weight: 400;\">17h00 \u00e0 23h00 \u2013 Riera Capaspre et Promenade de les Roques \u2013 F\u00eate foraine<\/span><\/p><p><strong>VENDREDI 19 SEPTEMBRE<\/strong><\/p><p><span style=\"font-weight: 400;\">D\u00e9but de la F\u00eate de la Minerva 2025 (consulter le programme sp\u00e9cifique)<\/span><span style=\"font-weight: 400;\"><br \/><\/span><span style=\"font-weight: 400;\">17h00 \u00e0 23h00 \u2013 Promenade Manuel Puigvert \u2013 Inauguration de la 44e Foire de Calella et de l\u2019Alt Maresme (billets sur firadecalella.cat)<\/span><\/p><p><strong>SAMEDI 20 SEPTEMBRE<\/strong><\/p><p><span style=\"font-weight: 400;\">11h00 \u00e0 23h00 \u2013 Promenade Manuel Puigvert \u2013 Foire de Calella et de l\u2019Alt Maresme<\/span><\/p><p><strong>DIMANCHE 21 SEPTEMBRE<\/strong><\/p><p><span style=\"font-weight: 400;\">11h00 \u00e0 23h00 \u2013 Promenade Manuel Puigvert \u2013 Foire de Calella et de l\u2019Alt Maresme<\/span><\/p><p><strong>LUNDI 22 SEPTEMBRE<\/strong><\/p><p><span style=\"font-weight: 400;\">13h00 \u00e0 23h00 \u2013 Promenade Manuel Puigvert \u2013 Foire de Calella et de l\u2019Alt Maresme<\/span><span style=\"font-weight: 400;\"><br \/><\/span><span style=\"font-weight: 400;\">21h30 \u2013 \u00c9glise Santa Maria et Sant Nicolau \u2013 Concert de guitare classique avec Marc Segura<\/span><\/p><p><strong>MARDI 23 SEPTEMBRE<\/strong><\/p><p><span style=\"font-weight: 400;\">11h00 \u00e0 21h00 \u2013 Promenade Manuel Puigvert \u2013 Cl\u00f4ture de la Foire de Calella et de l\u2019Alt Maresme<\/span><\/p><p><strong>JEUDI 25 SEPTEMBRE<\/strong><\/p><p><span style=\"font-weight: 400;\">21h00 \u2013 Salle Mozart \u2013 Cycle Gaud\u00ed : projection du film \u00ab La f\u00faria \u00bb (VO catalan\/espagnol)<\/span><span style=\"font-weight: 400;\"><br \/><\/span><span style=\"font-weight: 400;\">Billets : \u00e0 la billetterie une heure avant ou \u00e0 l\u2019avance sur ja.cat\/CqRqE<\/span><\/p><p><strong>SAMEDI 27 SEPTEMBRE<\/strong><\/p><p><span style=\"font-weight: 400;\">21h00 \u2013 Th\u00e9\u00e2tre Orfe\u00f3 Calellenc \u2013 Com\u00e9die musicale \u00ab Cop de Rock \u00bb de Dagoll Dagom<\/span><span style=\"font-weight: 400;\"><br \/><\/span><span style=\"font-weight: 400;\">Billets sur joventutartistica.com<\/span><\/p><p><strong>DIMANCHE 28 SEPTEMBRE<\/strong><\/p><p><span style=\"font-weight: 400;\">D\u00e9part \u2013 Promenade de Pineda de Mar \u2013 16e Semi-marathon Costa Barcelona Maresme<\/span><span style=\"font-weight: 400;\"><br \/><\/span><span style=\"font-weight: 400;\">18h30 \u2013 Th\u00e9\u00e2tre Orfe\u00f3 Calellenc \u2013 Com\u00e9die musicale \u00ab Cop de Rock \u00bb de Dagoll Dagom (deuxi\u00e8me repr\u00e9sentation)<\/span><span style=\"font-weight: 400;\"><br \/><\/span><span style=\"font-weight: 400;\">Billets sur joventutartistica.com<\/span><\/p><p><strong>LUNDI 29 SEPTEMBRE<\/strong><\/p><p><span style=\"font-weight: 400;\">21h30 \u2013 \u00c9glise Santa Maria et Sant Nicolau \u2013 Concert de guitare classique avec Pedro Rinc\u00f3n<\/span><\/p>\t\t\t\t\t\t\t\t<\/div>\n\t\t\t\t\t<\/div>\n\t\t\t\t<\/div>\n\t\t\t\t<\/div>\n\t\t","protected":false},"excerpt":{"rendered":"<p>Agenda mensuel de Septembre 2025 \u00e0 Calella Le mois de septembre \u00e0 Calella rime avec traditions et festivit\u00e9s. Avec l\u2019arriv\u00e9e de la F\u00eate de la Minerva et de la tr\u00e8s attendue Foire de Calella et de l\u2019Alt Maresme, la ville se remplit de culture, de musique et d\u2019activit\u00e9s pour toute la famille. Le calendrier comprend &#8230;<\/p>\n","protected":false},"author":1,"featured_media":15290,"comment_status":"closed","ping_status":"open","sticky":false,"template":"","format":"standard","meta":{"loftocean_post_format_gallery":"","loftocean_post_format_gallery_ids":"","loftocean_post_format_gallery_urls":"","loftocean_post_format_video_id":0,"loftocean_post_format_video_url":"","loftocean_post_format_video_type":"","loftocean_post_format_video":"","loftocean_post_format_audio_type":"","loftocean_post_format_audio_url":"","loftocean_post_format_audio_id":0,"loftocean_post_format_audio":"","loftocean-like-count":0,"cozystay_single_post_hide_site_header":"","cozystay_single_post_site_header_source":"","cozystay_single_post_custom_site_header":"0","cozystay_single_post_custom_sticky_site_header":"0","cozystay_single_post_hide_page_title":"","cozystay_single_post_site_footer_hide_main":"","cozystay_single_custom_site_footer_main_source":"","cozystay_single_custom_site_footer_main":"0","cozystay_single_post_site_footer_hide_above":"","cozystay_single_custom_site_footer_above_source":"","cozystay_single_custom_site_footer_above":"0","cozystay_single_post_site_footer_hide_instagram":"","cozystay_single_post_site_footer_hide_bottom":"","cozystay_single_custom_mobile_menu_source":"","cozystay_single_custom_mobile_menu":"0","cozystay_single_custom_mobile_menu_animation":"","cozystay_single_custom_mobile_menu_width":"","cozystay_single_custom_mobile_menu_custom_width":375,"cozystay_single_post_template":"","footnotes":""},"categories":[448],"tags":[567],"class_list":["post-18555","post","type-post","status-publish","format-standard","has-post-thumbnail","hentry","category-agenda-fr","tag-agenda-mensuel"],"yoast_head":"<!-- This site is optimized with the Yoast SEO plugin v27.1.1 - https:\/\/yoast.com\/product\/yoast-seo-wordpress\/ -->\n<title>Septembre 2025 | Hotel Bernat II<\/title>\n<meta name=\"description\" content=\"D\u00e9couvrez tout ce qui vous attend ce mois de septembre dans notre agenda complet et vivez une exp\u00e9rience inoubliable \u00e0 l\u2019H\u00f4tel Bernat II.\" \/>\n<meta name=\"robots\" content=\"index, follow, max-snippet:-1, max-image-preview:large, max-video-preview:-1\" \/>\n<link rel=\"canonical\" href=\"https:\/\/hotelbernatcalella.com\/fr\/agenda-fr\/agenda-mensuel-septembre-2025-calella\/\" \/>\n<meta property=\"og:locale\" content=\"fr_FR\" \/>\n<meta property=\"og:type\" content=\"article\" \/>\n<meta property=\"og:title\" content=\"Septembre 2025 | Hotel Bernat II\" \/>\n<meta property=\"og:description\" content=\"D\u00e9couvrez tout ce qui vous attend ce mois de septembre dans notre agenda complet et vivez une exp\u00e9rience inoubliable \u00e0 l\u2019H\u00f4tel Bernat II.\" \/>\n<meta property=\"og:url\" content=\"https:\/\/hotelbernatcalella.com\/fr\/agenda-fr\/agenda-mensuel-septembre-2025-calella\/\" \/>\n<meta property=\"og:site_name\" content=\"Hotel Bernat II\" \/>\n<meta property=\"article:published_time\" content=\"2025-09-02T16:02:00+00:00\" \/>\n<meta property=\"article:modified_time\" content=\"2025-09-02T16:42:33+00:00\" \/>\n<meta property=\"og:image\" content=\"https:\/\/hotelbernatcalella.com\/wp-content\/uploads\/2025\/05\/faro-playas-calella.webp\" \/>\n\t<meta property=\"og:image:width\" content=\"1920\" \/>\n\t<meta property=\"og:image:height\" content=\"2560\" \/>\n\t<meta property=\"og:image:type\" content=\"image\/webp\" \/>\n<meta name=\"author\" content=\"admin_bernat\" \/>\n<meta name=\"twitter:card\" content=\"summary_large_image\" \/>\n<meta name=\"twitter:label1\" content=\"\u00c9crit par\" \/>\n\t<meta name=\"twitter:data1\" content=\"admin_bernat\" \/>\n\t<meta name=\"twitter:label2\" content=\"Dur\u00e9e de lecture estim\u00e9e\" \/>\n\t<meta name=\"twitter:data2\" content=\"5 minutes\" \/>\n<script type=\"application\/ld+json\" class=\"yoast-schema-graph\">{\"@context\":\"https:\/\/schema.org\",\"@graph\":[{\"@type\":\"Article\",\"@id\":\"https:\/\/hotelbernatcalella.com\/fr\/agenda-fr\/agenda-mensuel-septembre-2025-calella\/#article\",\"isPartOf\":{\"@id\":\"https:\/\/hotelbernatcalella.com\/fr\/agenda-fr\/agenda-mensuel-septembre-2025-calella\/\"},\"author\":{\"name\":\"admin_bernat\",\"@id\":\"https:\/\/hotelbernatcalella.com\/fr\/#\/schema\/person\/9d2f8f220d7bb3470c6b37263c1f3a6e\"},\"headline\":\"Septembre 2025\",\"datePublished\":\"2025-09-02T16:02:00+00:00\",\"dateModified\":\"2025-09-02T16:42:33+00:00\",\"mainEntityOfPage\":{\"@id\":\"https:\/\/hotelbernatcalella.com\/fr\/agenda-fr\/agenda-mensuel-septembre-2025-calella\/\"},\"wordCount\":958,\"image\":{\"@id\":\"https:\/\/hotelbernatcalella.com\/fr\/agenda-fr\/agenda-mensuel-septembre-2025-calella\/#primaryimage\"},\"thumbnailUrl\":\"https:\/\/hotelbernatcalella.com\/wp-content\/uploads\/2025\/05\/faro-playas-calella.webp\",\"keywords\":[\"Agenda mensuel\"],\"articleSection\":[\"Agenda Mensuel\"],\"inLanguage\":\"fr-FR\"},{\"@type\":\"WebPage\",\"@id\":\"https:\/\/hotelbernatcalella.com\/fr\/agenda-fr\/agenda-mensuel-septembre-2025-calella\/\",\"url\":\"https:\/\/hotelbernatcalella.com\/fr\/agenda-fr\/agenda-mensuel-septembre-2025-calella\/\",\"name\":\"Septembre 2025 | Hotel Bernat II\",\"isPartOf\":{\"@id\":\"https:\/\/hotelbernatcalella.com\/fr\/#website\"},\"primaryImageOfPage\":{\"@id\":\"https:\/\/hotelbernatcalella.com\/fr\/agenda-fr\/agenda-mensuel-septembre-2025-calella\/#primaryimage\"},\"image\":{\"@id\":\"https:\/\/hotelbernatcalella.com\/fr\/agenda-fr\/agenda-mensuel-septembre-2025-calella\/#primaryimage\"},\"thumbnailUrl\":\"https:\/\/hotelbernatcalella.com\/wp-content\/uploads\/2025\/05\/faro-playas-calella.webp\",\"datePublished\":\"2025-09-02T16:02:00+00:00\",\"dateModified\":\"2025-09-02T16:42:33+00:00\",\"author\":{\"@id\":\"https:\/\/hotelbernatcalella.com\/fr\/#\/schema\/person\/9d2f8f220d7bb3470c6b37263c1f3a6e\"},\"description\":\"D\u00e9couvrez tout ce qui vous attend ce mois de septembre dans notre agenda complet et vivez une exp\u00e9rience inoubliable \u00e0 l\u2019H\u00f4tel Bernat II.\",\"breadcrumb\":{\"@id\":\"https:\/\/hotelbernatcalella.com\/fr\/agenda-fr\/agenda-mensuel-septembre-2025-calella\/#breadcrumb\"},\"inLanguage\":\"fr-FR\",\"potentialAction\":[{\"@type\":\"ReadAction\",\"target\":[\"https:\/\/hotelbernatcalella.com\/fr\/agenda-fr\/agenda-mensuel-septembre-2025-calella\/\"]}]},{\"@type\":\"ImageObject\",\"inLanguage\":\"fr-FR\",\"@id\":\"https:\/\/hotelbernatcalella.com\/fr\/agenda-fr\/agenda-mensuel-septembre-2025-calella\/#primaryimage\",\"url\":\"https:\/\/hotelbernatcalella.com\/wp-content\/uploads\/2025\/05\/faro-playas-calella.webp\",\"contentUrl\":\"https:\/\/hotelbernatcalella.com\/wp-content\/uploads\/2025\/05\/faro-playas-calella.webp\",\"width\":1920,\"height\":2560,\"caption\":\"phare-plages-calella\"},{\"@type\":\"BreadcrumbList\",\"@id\":\"https:\/\/hotelbernatcalella.com\/fr\/agenda-fr\/agenda-mensuel-septembre-2025-calella\/#breadcrumb\",\"itemListElement\":[{\"@type\":\"ListItem\",\"position\":1,\"name\":\"Portada\",\"item\":\"https:\/\/hotelbernatcalella.com\/fr\/\"},{\"@type\":\"ListItem\",\"position\":2,\"name\":\"Septembre 2025\"}]},{\"@type\":\"WebSite\",\"@id\":\"https:\/\/hotelbernatcalella.com\/fr\/#website\",\"url\":\"https:\/\/hotelbernatcalella.com\/fr\/\",\"name\":\"Hotel Bernat II & Spa Calella\",\"description\":\"H\u00f4tel \u00e0 Calella\",\"alternateName\":\"Hotel Bernat II & Spa\",\"potentialAction\":[{\"@type\":\"SearchAction\",\"target\":{\"@type\":\"EntryPoint\",\"urlTemplate\":\"https:\/\/hotelbernatcalella.com\/fr\/?s={search_term_string}\"},\"query-input\":{\"@type\":\"PropertyValueSpecification\",\"valueRequired\":true,\"valueName\":\"search_term_string\"}}],\"inLanguage\":\"fr-FR\"},{\"@type\":\"Person\",\"@id\":\"https:\/\/hotelbernatcalella.com\/fr\/#\/schema\/person\/9d2f8f220d7bb3470c6b37263c1f3a6e\",\"name\":\"admin_bernat\",\"image\":{\"@type\":\"ImageObject\",\"inLanguage\":\"fr-FR\",\"@id\":\"https:\/\/hotelbernatcalella.com\/fr\/#\/schema\/person\/image\/\",\"url\":\"https:\/\/secure.gravatar.com\/avatar\/d85a368a0264070f0a07504f04fe3de78e2fedb7d0b7a9e875b30b569151e37e?s=96&d=mm&r=g\",\"contentUrl\":\"https:\/\/secure.gravatar.com\/avatar\/d85a368a0264070f0a07504f04fe3de78e2fedb7d0b7a9e875b30b569151e37e?s=96&d=mm&r=g\",\"caption\":\"admin_bernat\"},\"sameAs\":[\"https:\/\/hotelbernatcalella.com\"]}]}<\/script>\n<!-- \/ Yoast SEO plugin. -->","yoast_head_json":{"title":"Septembre 2025 | Hotel Bernat II","description":"D\u00e9couvrez tout ce qui vous attend ce mois de septembre dans notre agenda complet et vivez une exp\u00e9rience inoubliable \u00e0 l\u2019H\u00f4tel Bernat II.","robots":{"index":"index","follow":"follow","max-snippet":"max-snippet:-1","max-image-preview":"max-image-preview:large","max-video-preview":"max-video-preview:-1"},"canonical":"https:\/\/hotelbernatcalella.com\/fr\/agenda-fr\/agenda-mensuel-septembre-2025-calella\/","og_locale":"fr_FR","og_type":"article","og_title":"Septembre 2025 | Hotel Bernat II","og_description":"D\u00e9couvrez tout ce qui vous attend ce mois de septembre dans notre agenda complet et vivez une exp\u00e9rience inoubliable \u00e0 l\u2019H\u00f4tel Bernat II.","og_url":"https:\/\/hotelbernatcalella.com\/fr\/agenda-fr\/agenda-mensuel-septembre-2025-calella\/","og_site_name":"Hotel Bernat II","article_published_time":"2025-09-02T16:02:00+00:00","article_modified_time":"2025-09-02T16:42:33+00:00","og_image":[{"width":1920,"height":2560,"url":"https:\/\/hotelbernatcalella.com\/wp-content\/uploads\/2025\/05\/faro-playas-calella.webp","type":"image\/webp"}],"author":"admin_bernat","twitter_card":"summary_large_image","twitter_misc":{"\u00c9crit par":"admin_bernat","Dur\u00e9e de lecture estim\u00e9e":"5 minutes"},"schema":{"@context":"https:\/\/schema.org","@graph":[{"@type":"Article","@id":"https:\/\/hotelbernatcalella.com\/fr\/agenda-fr\/agenda-mensuel-septembre-2025-calella\/#article","isPartOf":{"@id":"https:\/\/hotelbernatcalella.com\/fr\/agenda-fr\/agenda-mensuel-septembre-2025-calella\/"},"author":{"name":"admin_bernat","@id":"https:\/\/hotelbernatcalella.com\/fr\/#\/schema\/person\/9d2f8f220d7bb3470c6b37263c1f3a6e"},"headline":"Septembre 2025","datePublished":"2025-09-02T16:02:00+00:00","dateModified":"2025-09-02T16:42:33+00:00","mainEntityOfPage":{"@id":"https:\/\/hotelbernatcalella.com\/fr\/agenda-fr\/agenda-mensuel-septembre-2025-calella\/"},"wordCount":958,"image":{"@id":"https:\/\/hotelbernatcalella.com\/fr\/agenda-fr\/agenda-mensuel-septembre-2025-calella\/#primaryimage"},"thumbnailUrl":"https:\/\/hotelbernatcalella.com\/wp-content\/uploads\/2025\/05\/faro-playas-calella.webp","keywords":["Agenda mensuel"],"articleSection":["Agenda Mensuel"],"inLanguage":"fr-FR"},{"@type":"WebPage","@id":"https:\/\/hotelbernatcalella.com\/fr\/agenda-fr\/agenda-mensuel-septembre-2025-calella\/","url":"https:\/\/hotelbernatcalella.com\/fr\/agenda-fr\/agenda-mensuel-septembre-2025-calella\/","name":"Septembre 2025 | Hotel Bernat II","isPartOf":{"@id":"https:\/\/hotelbernatcalella.com\/fr\/#website"},"primaryImageOfPage":{"@id":"https:\/\/hotelbernatcalella.com\/fr\/agenda-fr\/agenda-mensuel-septembre-2025-calella\/#primaryimage"},"image":{"@id":"https:\/\/hotelbernatcalella.com\/fr\/agenda-fr\/agenda-mensuel-septembre-2025-calella\/#primaryimage"},"thumbnailUrl":"https:\/\/hotelbernatcalella.com\/wp-content\/uploads\/2025\/05\/faro-playas-calella.webp","datePublished":"2025-09-02T16:02:00+00:00","dateModified":"2025-09-02T16:42:33+00:00","author":{"@id":"https:\/\/hotelbernatcalella.com\/fr\/#\/schema\/person\/9d2f8f220d7bb3470c6b37263c1f3a6e"},"description":"D\u00e9couvrez tout ce qui vous attend ce mois de septembre dans notre agenda complet et vivez une exp\u00e9rience inoubliable \u00e0 l\u2019H\u00f4tel Bernat II.","breadcrumb":{"@id":"https:\/\/hotelbernatcalella.com\/fr\/agenda-fr\/agenda-mensuel-septembre-2025-calella\/#breadcrumb"},"inLanguage":"fr-FR","potentialAction":[{"@type":"ReadAction","target":["https:\/\/hotelbernatcalella.com\/fr\/agenda-fr\/agenda-mensuel-septembre-2025-calella\/"]}]},{"@type":"ImageObject","inLanguage":"fr-FR","@id":"https:\/\/hotelbernatcalella.com\/fr\/agenda-fr\/agenda-mensuel-septembre-2025-calella\/#primaryimage","url":"https:\/\/hotelbernatcalella.com\/wp-content\/uploads\/2025\/05\/faro-playas-calella.webp","contentUrl":"https:\/\/hotelbernatcalella.com\/wp-content\/uploads\/2025\/05\/faro-playas-calella.webp","width":1920,"height":2560,"caption":"phare-plages-calella"},{"@type":"BreadcrumbList","@id":"https:\/\/hotelbernatcalella.com\/fr\/agenda-fr\/agenda-mensuel-septembre-2025-calella\/#breadcrumb","itemListElement":[{"@type":"ListItem","position":1,"name":"Portada","item":"https:\/\/hotelbernatcalella.com\/fr\/"},{"@type":"ListItem","position":2,"name":"Septembre 2025"}]},{"@type":"WebSite","@id":"https:\/\/hotelbernatcalella.com\/fr\/#website","url":"https:\/\/hotelbernatcalella.com\/fr\/","name":"Hotel Bernat II & Spa Calella","description":"H\u00f4tel \u00e0 Calella","alternateName":"Hotel Bernat II & Spa","potentialAction":[{"@type":"SearchAction","target":{"@type":"EntryPoint","urlTemplate":"https:\/\/hotelbernatcalella.com\/fr\/?s={search_term_string}"},"query-input":{"@type":"PropertyValueSpecification","valueRequired":true,"valueName":"search_term_string"}}],"inLanguage":"fr-FR"},{"@type":"Person","@id":"https:\/\/hotelbernatcalella.com\/fr\/#\/schema\/person\/9d2f8f220d7bb3470c6b37263c1f3a6e","name":"admin_bernat","image":{"@type":"ImageObject","inLanguage":"fr-FR","@id":"https:\/\/hotelbernatcalella.com\/fr\/#\/schema\/person\/image\/","url":"https:\/\/secure.gravatar.com\/avatar\/d85a368a0264070f0a07504f04fe3de78e2fedb7d0b7a9e875b30b569151e37e?s=96&d=mm&r=g","contentUrl":"https:\/\/secure.gravatar.com\/avatar\/d85a368a0264070f0a07504f04fe3de78e2fedb7d0b7a9e875b30b569151e37e?s=96&d=mm&r=g","caption":"admin_bernat"},"sameAs":["https:\/\/hotelbernatcalella.com"]}]}},"loftoceanMetas":{"authorName":"admin_bernat","categories":[{"name":"Agenda Mensuel","link":"https:\/\/hotelbernatcalella.com\/fr\/category\/agenda-fr\/","count":12}],"date":"2 de septembre de 2025","featuredImageSRC":"https:\/\/hotelbernatcalella.com\/wp-content\/uploads\/2025\/05\/faro-playas-calella-150x150.webp"},"_links":{"self":[{"href":"https:\/\/hotelbernatcalella.com\/fr\/wp-json\/wp\/v2\/posts\/18555","targetHints":{"allow":["GET"]}}],"collection":[{"href":"https:\/\/hotelbernatcalella.com\/fr\/wp-json\/wp\/v2\/posts"}],"about":[{"href":"https:\/\/hotelbernatcalella.com\/fr\/wp-json\/wp\/v2\/types\/post"}],"author":[{"embeddable":true,"href":"https:\/\/hotelbernatcalella.com\/fr\/wp-json\/wp\/v2\/users\/1"}],"replies":[{"embeddable":true,"href":"https:\/\/hotelbernatcalella.com\/fr\/wp-json\/wp\/v2\/comments?post=18555"}],"version-history":[{"count":0,"href":"https:\/\/hotelbernatcalella.com\/fr\/wp-json\/wp\/v2\/posts\/18555\/revisions"}],"wp:featuredmedia":[{"embeddable":true,"href":"https:\/\/hotelbernatcalella.com\/fr\/wp-json\/wp\/v2\/media\/15290"}],"wp:attachment":[{"href":"https:\/\/hotelbernatcalella.com\/fr\/wp-json\/wp\/v2\/media?parent=18555"}],"wp:term":[{"taxonomy":"category","embeddable":true,"href":"https:\/\/hotelbernatcalella.com\/fr\/wp-json\/wp\/v2\/categories?post=18555"},{"taxonomy":"post_tag","embeddable":true,"href":"https:\/\/hotelbernatcalella.com\/fr\/wp-json\/wp\/v2\/tags?post=18555"}],"curies":[{"name":"wp","href":"https:\/\/api.w.org\/{rel}","templated":true}]}}