{"id":15712,"date":"2025-06-12T15:07:54","date_gmt":"2025-06-12T15:07:54","guid":{"rendered":"https:\/\/www.hotelbernatcalella.com\/no-category-fr\/la-petite-fete-majeure-de-calella-2025\/"},"modified":"2025-06-13T16:21:51","modified_gmt":"2025-06-13T16:21:51","slug":"petite-fete-majeure-de-calella","status":"publish","type":"post","link":"https:\/\/hotelbernatcalella.com\/fr\/noticias-fr\/petite-fete-majeure-de-calella\/","title":{"rendered":"La Petite F\u00eate Majeure de Calella 2025"},"content":{"rendered":"\t\t<div data-elementor-type=\"wp-post\" data-elementor-id=\"15712\" class=\"elementor elementor-15712 elementor-15434\" data-elementor-post-type=\"post\">\n\t\t\t\t<div class=\"elementor-element elementor-element-5c5fe7fd e-flex e-con-boxed e-con e-parent\" data-id=\"5c5fe7fd\" data-element_type=\"container\" data-e-type=\"container\">\n\t\t\t\t\t<div class=\"e-con-inner\">\n\t\t\t\t<div class=\"elementor-element elementor-element-62bc2dc3 elementor-widget elementor-widget-text-editor\" data-id=\"62bc2dc3\" data-element_type=\"widget\" data-e-type=\"widget\" data-widget_type=\"text-editor.default\">\n\t\t\t\t\t\t\t\t\t<h2><strong><span style=\"color: #91ccd4;\"><b>La Petite F\u00eate Majeure anime Calella du 13 au 16 juin<\/b><\/span><\/strong><\/h2><h3><strong><span style=\"color: #a4adac;\"><b>Tradition, culture et animations pour toute la famille<\/b><\/span><\/strong><\/h3>\t\t\t\t\t\t\t\t<\/div>\n\t\t\t\t\t<\/div>\n\t\t\t\t<\/div>\n\t\t<div class=\"elementor-element elementor-element-c0391c4 e-flex e-con-boxed e-con e-parent\" data-id=\"c0391c4\" data-element_type=\"container\" data-e-type=\"container\">\n\t\t\t\t\t<div class=\"e-con-inner\">\n\t\t\t\t<div class=\"elementor-element elementor-element-ba28808 elementor-widget elementor-widget-spacer\" data-id=\"ba28808\" data-element_type=\"widget\" data-e-type=\"widget\" data-widget_type=\"spacer.default\">\n\t\t\t\t\t\t\t<div class=\"elementor-spacer\">\n\t\t\t<div class=\"elementor-spacer-inner\"><\/div>\n\t\t<\/div>\n\t\t\t\t\t\t<\/div>\n\t\t\t\t\t<\/div>\n\t\t\t\t<\/div>\n\t\t<div class=\"elementor-element elementor-element-fc53dc8 e-flex e-con-boxed e-con e-parent\" data-id=\"fc53dc8\" data-element_type=\"container\" data-e-type=\"container\">\n\t\t\t\t\t<div class=\"e-con-inner\">\n\t\t\t\t<div class=\"elementor-element elementor-element-f65e57a elementor-widget elementor-widget-text-editor\" data-id=\"f65e57a\" data-element_type=\"widget\" data-e-type=\"widget\" data-widget_type=\"text-editor.default\">\n\t\t\t\t\t\t\t\t\t<p><span style=\"font-weight: 400;\">Le mois de juin est synonyme de f\u00eate \u00e0 Calella. C\u2019est \u00e0 cette p\u00e9riode que la ville c\u00e9l\u00e8bre la F\u00eate Majeure en l\u2019honneur de ses saints patrons, Sant Quirze et Santa Julita. Pendant quatre jours, du 13 au 16 juin, Calella devient une sc\u00e8ne vivante de culture, de tradition et de convivialit\u00e9, avec un programme riche et vari\u00e9 pour tous les \u00e2ges.<\/span><\/p><p><span style=\"font-weight: 400;\">La f\u00eate allie traditions populaires, propositions culturelles et activit\u00e9s familiales : d\u00e9fil\u00e9s, spectacles pour enfants, concerts, festivals de danse et de cirque, et d\u00eeners populaires en plein air. Cette \u00e9dition 2025 a une saveur particuli\u00e8re avec le retour du l\u00e2cher de cerfs-volants en hommage \u00e0<\/span><a href=\"https:\/\/www.calella.cat\/actualitat\/noticies\/calella-recupera-la-volada-destels-en-homenatge-a-jaume-pruna-per-la-festa-major-petita-2025.html\"> <span style=\"font-weight: 400;\">Jaume Pruna<\/span><\/a><span style=\"font-weight: 400;\">, figure embl\u00e9matique de la culture locale. Plus ambitieuse que jamais, cette \u00e9dition met \u00e0 l\u2019honneur la culture populaire et l\u2019engagement citoyen. Une f\u00eate \u00e0 savourer pleinement, que l\u2019on soit habitant ou visiteur.<\/span><\/p>\t\t\t\t\t\t\t\t<\/div>\n\t\t\t\t\t<\/div>\n\t\t\t\t<\/div>\n\t\t<div class=\"elementor-element elementor-element-450acc7 e-flex e-con-boxed e-con e-parent\" data-id=\"450acc7\" data-element_type=\"container\" data-e-type=\"container\">\n\t\t\t\t\t<div class=\"e-con-inner\">\n\t\t\t\t<div class=\"elementor-element elementor-element-951c842 elementor-widget elementor-widget-spacer\" data-id=\"951c842\" data-element_type=\"widget\" data-e-type=\"widget\" data-widget_type=\"spacer.default\">\n\t\t\t\t\t\t\t<div class=\"elementor-spacer\">\n\t\t\t<div class=\"elementor-spacer-inner\"><\/div>\n\t\t<\/div>\n\t\t\t\t\t\t<\/div>\n\t\t\t\t\t<\/div>\n\t\t\t\t<\/div>\n\t\t<div class=\"elementor-element elementor-element-cad4479 e-flex e-con-boxed e-con e-parent\" data-id=\"cad4479\" data-element_type=\"container\" data-e-type=\"container\">\n\t\t\t\t\t<div class=\"e-con-inner\">\n\t\t\t\t<div class=\"elementor-element elementor-element-57f251f elementor-widget elementor-widget-text-editor\" data-id=\"57f251f\" data-element_type=\"widget\" data-e-type=\"widget\" data-widget_type=\"text-editor.default\">\n\t\t\t\t\t\t\t\t\t<h3><b>Programme quotidien de la F\u00eate Majeure de Calella 2025<\/b><\/h3>\t\t\t\t\t\t\t\t<\/div>\n\t\t\t\t\t<\/div>\n\t\t\t\t<\/div>\n\t\t<div class=\"elementor-element elementor-element-fb3a9b0 e-flex e-con-boxed e-con e-parent\" data-id=\"fb3a9b0\" data-element_type=\"container\" data-e-type=\"container\">\n\t\t\t\t\t<div class=\"e-con-inner\">\n\t\t\t\t<div class=\"elementor-element elementor-element-7346854 elementor-widget elementor-widget-spacer\" data-id=\"7346854\" data-element_type=\"widget\" data-e-type=\"widget\" data-widget_type=\"spacer.default\">\n\t\t\t\t\t\t\t<div class=\"elementor-spacer\">\n\t\t\t<div class=\"elementor-spacer-inner\"><\/div>\n\t\t<\/div>\n\t\t\t\t\t\t<\/div>\n\t\t\t\t\t<\/div>\n\t\t\t\t<\/div>\n\t\t<div class=\"elementor-element elementor-element-d661b6f e-flex e-con-boxed e-con e-parent\" data-id=\"d661b6f\" data-element_type=\"container\" data-e-type=\"container\">\n\t\t\t\t\t<div class=\"e-con-inner\">\n\t\t\t\t<div class=\"elementor-element elementor-element-b80bbab elementor-widget elementor-widget-text-editor\" data-id=\"b80bbab\" data-element_type=\"widget\" data-e-type=\"widget\" data-widget_type=\"text-editor.default\">\n\t\t\t\t\t\t\t\t\t<p><span style=\"font-weight: 400;\">Consultez le programme complet en cliquant <a href=\"https:\/\/www.hotelbernatcalella.com\/wp-content\/uploads\/2025\/06\/FESTA-MAJOR-SANT-QUIRZE-I-SANTA-JULITA-FRANCES.pdf\" target=\"_blank\" rel=\"noopener\">ici<\/a>.<\/span><\/p><h4><b>Vendredi 13 Juin :<\/b><\/h4><ul><li style=\"font-weight: 400;\" aria-level=\"1\"><span style=\"font-weight: 400;\">18h00, Place de la Mairie : Ouverture de la f\u00eate avec le spectacle itin\u00e9rant <\/span><i><span style=\"font-weight: 400;\">GIRAFES<\/span><\/i><span style=\"font-weight: 400;\"> de la compagnie Xirriquiteula Teatre.<\/span><span style=\"font-weight: 400;\"><br \/><\/span><\/li><li style=\"font-weight: 400;\" aria-level=\"1\"><span style=\"font-weight: 400;\">20h00, Promenade Manuel Puigvert : Festival de danse <\/span><i><span style=\"font-weight: 400;\">Impulsa\u2019t<\/span><\/i><span style=\"font-weight: 400;\">. En cas de pluie, \u00e0 la Sala Mozart.<\/span><span style=\"font-weight: 400;\"><br \/><\/span><\/li><li><span style=\"font-weight: 400;\">23h00, Pati de l\u2019\u00d3s : Concert du groupe <\/span><i><span style=\"font-weight: 400;\">Non Stop Band<\/span><\/i><span style=\"font-weight: 400;\"> et DJ sets de Sergi Domene et H\u00e9ctor Ortega (FLAIXFM). Gratuit. En cas de pluie, \u00e0 la F\u00e0brica Llobet.<\/span><\/li><\/ul><h4><b>Samedi 14 Juin :<\/b><\/h4><ul><li style=\"font-weight: 400;\" aria-level=\"1\"><span style=\"font-weight: 400;\">09h00 \u00e0 20h00, Camp de Mar : Tournoi de football Calella Fem. Cup +30.<\/span><span style=\"font-weight: 400;\"><br \/><\/span><\/li><li style=\"font-weight: 400;\" aria-level=\"1\"><span style=\"font-weight: 400;\">09h00 \u00e0 14h00, rue Sant Joan et Place du March\u00e9 : 7e Foire de desserts maison, au profit de l\u2019H\u00f4pital Sant Jaume de Calella.<\/span><span style=\"font-weight: 400;\"><br \/><\/span><\/li><li style=\"font-weight: 400;\" aria-level=\"1\"><span style=\"font-weight: 400;\">10h00, Place de l\u2019\u00c9glise : Rassemblement des mini-g\u00e9ants (Gegantonets).<\/span><span style=\"font-weight: 400;\"><br \/><\/span><\/li><li style=\"font-weight: 400;\" aria-level=\"1\"><span style=\"font-weight: 400;\">11h00, D\u00e9part de la Place de l\u2019\u00c9glise jusqu\u2019\u00e0 la Mairie : D\u00e9fil\u00e9 des Gegantonets.<\/span><span style=\"font-weight: 400;\"><br \/><\/span><\/li><li style=\"font-weight: 400;\" aria-level=\"1\"><span style=\"font-weight: 400;\">11h00 \u00e0 13h00, Plage de Garb\u00ed : D\u00e9monstration d\u2019aquathlon pour enfants.<\/span><span style=\"font-weight: 400;\"><br \/><\/span><\/li><li style=\"font-weight: 400;\" aria-level=\"1\"><span style=\"font-weight: 400;\">12h00, Place de la Mairie : Danses des groupes participants.<\/span><span style=\"font-weight: 400;\"><br \/><\/span><\/li><li style=\"font-weight: 400;\" aria-level=\"1\"><span style=\"font-weight: 400;\">12h30, \u00c9glise de l\u2019Escola Pia : Concert <\/span><i><span style=\"font-weight: 400;\">Pacem<\/span><\/i><span style=\"font-weight: 400;\"> du Ch\u0153ur Tess\u00e0lia. Entr\u00e9e gratuite.<\/span><span style=\"font-weight: 400;\"><br \/><\/span><\/li><li style=\"font-weight: 400;\" aria-level=\"1\"><span style=\"font-weight: 400;\">18h00, Promenade Manuel Puigvert : Festival de cirque avec <\/span><i><span style=\"font-weight: 400;\">El Taller de Malabars<\/span><\/i><span style=\"font-weight: 400;\">. En cas de pluie, \u00e0 la F\u00e0brica Llobet-Guri.<\/span><span style=\"font-weight: 400;\"><br \/><\/span><\/li><li style=\"font-weight: 400;\" aria-level=\"1\"><span style=\"font-weight: 400;\">19h00, Monument \u00e0 la Sardane : Concert de l\u2019orchestre <\/span><i><span style=\"font-weight: 400;\">Swing Latino<\/span><\/i><span style=\"font-weight: 400;\">. En cas de pluie, \u00e0 la F\u00e0brica Llobet-Guri.<\/span><span style=\"font-weight: 400;\"><br \/><\/span><\/li><li style=\"font-weight: 400;\" aria-level=\"1\"><span style=\"font-weight: 400;\">19h30, Riera Capaspre : Arriv\u00e9e des figures du bestiaire fantastique.<\/span><span style=\"font-weight: 400;\"><br \/><\/span><\/li><li style=\"font-weight: 400;\" aria-level=\"1\"><span style=\"font-weight: 400;\">20h30, Promenade Manuel Puigvert : D\u00eener populaire. En cas de pluie, \u00e0 la F\u00e0brica Llobet.<\/span><span style=\"font-weight: 400;\"><br \/><\/span><\/li><li style=\"font-weight: 400;\" aria-level=\"1\"><span style=\"font-weight: 400;\">22h00, Promenade Manuel Puigvert : Bal avec <\/span><i><span style=\"font-weight: 400;\">Swing Latino<\/span><\/i><span style=\"font-weight: 400;\">. En cas de pluie, \u00e0 la F\u00e0brica Llobet-Guri.<\/span><span style=\"font-weight: 400;\"><br \/><\/span><\/li><li style=\"font-weight: 400;\" aria-level=\"1\"><span style=\"font-weight: 400;\">22h00, D\u00e9fil\u00e9 du Bestiaire \u00e0 travers les rues jusqu\u2019\u00e0 la Place de la Mairie.<\/span><span style=\"font-weight: 400;\"><br \/><\/span><\/li><li style=\"font-weight: 400;\" aria-level=\"1\"><span style=\"font-weight: 400;\">22h45, Place de la Mairie : Danse finale du Bestiaire et remise de souvenirs.<\/span><\/li><\/ul><h4><b>Dimanche 15 Juin :<\/b><\/h4><ul><li style=\"font-weight: 400;\" aria-level=\"1\"><span style=\"font-weight: 400;\">10h30, D\u00e9part de la Place de l\u2019\u00c9glise : D\u00e9fil\u00e9 de tambours pour enfants.<\/span><span style=\"font-weight: 400;\"><br \/><\/span><\/li><li style=\"font-weight: 400;\" aria-level=\"1\"><span style=\"font-weight: 400;\">12h00, Place de Catalogne : Ap\u00e9ritif populaire et concert de <\/span><i><span style=\"font-weight: 400;\">Diaris Estrets<\/span><\/i><span style=\"font-weight: 400;\">.<\/span><span style=\"font-weight: 400;\"><br \/><\/span><\/li><li style=\"font-weight: 400;\" aria-level=\"1\"><span style=\"font-weight: 400;\">18h00, Promenade Manuel Puigvert : Festival de cirque avec <\/span><i><span style=\"font-weight: 400;\">El Gran Circ<\/span><\/i><span style=\"font-weight: 400;\">. En cas de pluie, \u00e0 la F\u00e0brica Llobet-Guri.<\/span><span style=\"font-weight: 400;\"><br \/><\/span><\/li><li style=\"font-weight: 400;\" aria-level=\"1\"><span style=\"font-weight: 400;\">21h30, Divers lieux : D\u00eeners de quartier.<\/span><\/li><\/ul><h4><b>Lundi, 16 Juin:<\/b><\/h4><ul><li style=\"font-weight: 400;\" aria-level=\"1\"><span style=\"font-weight: 400;\">08h00, Chapelle Sant Quirze i Santa Julita : Messe de la Secr\u00e9taire, distribution d\u2019\u0153illets et chocolat chaud.<\/span><span style=\"font-weight: 400;\"><br \/><\/span><\/li><li style=\"font-weight: 400;\" aria-level=\"1\"><span style=\"font-weight: 400;\">10h00, Promenade Manuel Puigvert : Atelier de fabrication de cerfs-volants (jusqu\u2019\u00e0 \u00e9puisement des stocks).<\/span><span style=\"font-weight: 400;\"><br \/><\/span><\/li><li style=\"font-weight: 400;\" aria-level=\"1\"><span style=\"font-weight: 400;\">11h00, \u00c9glise Santa Maria i Sant Nicolau : Messe solennelle.<\/span><span style=\"font-weight: 400;\"><br \/><\/span><\/li><li style=\"font-weight: 400;\" aria-level=\"1\"><span style=\"font-weight: 400;\">13h00, Plage des Barques : L\u00e2cher de cerfs-volants <\/span><i><span style=\"font-weight: 400;\">Jaume Pruna<\/span><\/i><span style=\"font-weight: 400;\"> avec le Club d\u2019A\u00e9romod\u00e9lisme de Calella.<\/span><span style=\"font-weight: 400;\"><br \/><\/span><\/li><li style=\"font-weight: 400;\" aria-level=\"1\"><span style=\"font-weight: 400;\">18h00, Promenade Manuel Puigvert : Cirque de la Cie Capicua avec le spectacle <\/span><i><span style=\"font-weight: 400;\">N\u00fcshu<\/span><\/i><span style=\"font-weight: 400;\">.<\/span><span style=\"font-weight: 400;\"><br \/><\/span><\/li><li style=\"font-weight: 400;\" aria-level=\"1\"><span style=\"font-weight: 400;\">18h30, Rue Balmes : D\u00e9fil\u00e9 des G\u00e9ants de Calella.<\/span><span style=\"font-weight: 400;\"><br \/><\/span><\/li><li style=\"font-weight: 400;\" aria-level=\"1\"><span style=\"font-weight: 400;\">19h00, Promenade Manuel Puigvert : Concert pop-rock catalan avec <\/span><i><span style=\"font-weight: 400;\">Cor Ess\u00e8ncia &amp; Banda<\/span><\/i><span style=\"font-weight: 400;\">. En cas de pluie, \u00e0 la Sala Mozart.<\/span><span style=\"font-weight: 400;\"><br \/><\/span><\/li><li><span style=\"font-weight: 400;\">19h00, Chapelle Sant Quirze i Santa Julita : R\u00e9cital d\u2019op\u00e9ra <\/span><i><span style=\"font-weight: 400;\">L\u2019amour \u00e0 travers l\u2019op\u00e9ra<\/span><\/i><span style=\"font-weight: 400;\">. Entr\u00e9e libre avec participation.<\/span><\/li><\/ul>\t\t\t\t\t\t\t\t<\/div>\n\t\t\t\t\t<\/div>\n\t\t\t\t<\/div>\n\t\t<div class=\"elementor-element elementor-element-f81659e e-flex e-con-boxed e-con e-parent\" data-id=\"f81659e\" data-element_type=\"container\" data-e-type=\"container\">\n\t\t\t\t\t<div class=\"e-con-inner\">\n\t\t\t\t<div class=\"elementor-element elementor-element-931627d elementor-widget elementor-widget-spacer\" data-id=\"931627d\" data-element_type=\"widget\" data-e-type=\"widget\" data-widget_type=\"spacer.default\">\n\t\t\t\t\t\t\t<div class=\"elementor-spacer\">\n\t\t\t<div class=\"elementor-spacer-inner\"><\/div>\n\t\t<\/div>\n\t\t\t\t\t\t<\/div>\n\t\t\t\t\t<\/div>\n\t\t\t\t<\/div>\n\t\t<div class=\"elementor-element elementor-element-89285a8 e-flex e-con-boxed e-con e-parent\" data-id=\"89285a8\" data-element_type=\"container\" data-e-type=\"container\">\n\t\t\t\t\t<div class=\"e-con-inner\">\n\t\t\t\t<div class=\"elementor-element elementor-element-c47a0bd elementor-widget elementor-widget-text-editor\" data-id=\"c47a0bd\" data-element_type=\"widget\" data-e-type=\"widget\" data-widget_type=\"text-editor.default\">\n\t\t\t\t\t\t\t\t\t<h3><b>Le l\u00e2cher de cerfs-volants : hommage \u00e0 une figure locale<\/b><\/h3>\t\t\t\t\t\t\t\t<\/div>\n\t\t\t\t\t<\/div>\n\t\t\t\t<\/div>\n\t\t<div class=\"elementor-element elementor-element-64789be e-flex e-con-boxed e-con e-parent\" data-id=\"64789be\" data-element_type=\"container\" data-e-type=\"container\">\n\t\t\t\t\t<div class=\"e-con-inner\">\n\t\t\t\t<div class=\"elementor-element elementor-element-ac835ff elementor-widget elementor-widget-spacer\" data-id=\"ac835ff\" data-element_type=\"widget\" data-e-type=\"widget\" data-widget_type=\"spacer.default\">\n\t\t\t\t\t\t\t<div class=\"elementor-spacer\">\n\t\t\t<div class=\"elementor-spacer-inner\"><\/div>\n\t\t<\/div>\n\t\t\t\t\t\t<\/div>\n\t\t\t\t\t<\/div>\n\t\t\t\t<\/div>\n\t\t<div class=\"elementor-element elementor-element-4f5dde3 e-flex e-con-boxed e-con e-parent\" data-id=\"4f5dde3\" data-element_type=\"container\" data-e-type=\"container\">\n\t\t\t\t\t<div class=\"e-con-inner\">\n\t\t\t\t<div class=\"elementor-element elementor-element-3c79535 elementor-widget elementor-widget-text-editor\" data-id=\"3c79535\" data-element_type=\"widget\" data-e-type=\"widget\" data-widget_type=\"text-editor.default\">\n\t\t\t\t\t\t\t\t\t<p><span style=\"font-weight: 400;\">Le lundi 16 juin aura lieu un \u00e9v\u00e9nement tr\u00e8s attendu : le retour du l\u00e2cher de cerfs-volants en m\u00e9moire de Jaume Pruna, ancien pr\u00e9sident du groupe Pa, Vi i Molt\u00f3. L\u2019\u00e9v\u00e9nement se tiendra \u00e0 13h00 sur la plage des Barques, pr\u00e9c\u00e9d\u00e9 d\u2019un atelier \u00e0 10h00. Une belle fa\u00e7on de renouer avec une tradition populaire ch\u00e8re aux Calellencs.<\/span><\/p>\t\t\t\t\t\t\t\t<\/div>\n\t\t\t\t\t<\/div>\n\t\t\t\t<\/div>\n\t\t<div class=\"elementor-element elementor-element-d08baf2 e-flex e-con-boxed e-con e-parent\" data-id=\"d08baf2\" data-element_type=\"container\" data-e-type=\"container\">\n\t\t\t\t\t<div class=\"e-con-inner\">\n\t\t\t\t<div class=\"elementor-element elementor-element-768a748 elementor-widget elementor-widget-spacer\" data-id=\"768a748\" data-element_type=\"widget\" data-e-type=\"widget\" data-widget_type=\"spacer.default\">\n\t\t\t\t\t\t\t<div class=\"elementor-spacer\">\n\t\t\t<div class=\"elementor-spacer-inner\"><\/div>\n\t\t<\/div>\n\t\t\t\t\t\t<\/div>\n\t\t\t\t\t<\/div>\n\t\t\t\t<\/div>\n\t\t<div class=\"elementor-element elementor-element-9f463aa e-flex e-con-boxed e-con e-parent\" data-id=\"9f463aa\" data-element_type=\"container\" data-e-type=\"container\">\n\t\t\t\t\t<div class=\"e-con-inner\">\n\t\t\t\t<div class=\"elementor-element elementor-element-5e7eff3 elementor-widget elementor-widget-text-editor\" data-id=\"5e7eff3\" data-element_type=\"widget\" data-e-type=\"widget\" data-widget_type=\"text-editor.default\">\n\t\t\t\t\t\t\t\t\t<h3><b>Informations pratiques pour profiter de la f\u00eate<\/b><\/h3>\t\t\t\t\t\t\t\t<\/div>\n\t\t\t\t\t<\/div>\n\t\t\t\t<\/div>\n\t\t<div class=\"elementor-element elementor-element-49c624a e-flex e-con-boxed e-con e-parent\" data-id=\"49c624a\" data-element_type=\"container\" data-e-type=\"container\">\n\t\t\t\t\t<div class=\"e-con-inner\">\n\t\t\t\t<div class=\"elementor-element elementor-element-d32fbcc elementor-widget elementor-widget-spacer\" data-id=\"d32fbcc\" data-element_type=\"widget\" data-e-type=\"widget\" data-widget_type=\"spacer.default\">\n\t\t\t\t\t\t\t<div class=\"elementor-spacer\">\n\t\t\t<div class=\"elementor-spacer-inner\"><\/div>\n\t\t<\/div>\n\t\t\t\t\t\t<\/div>\n\t\t\t\t\t<\/div>\n\t\t\t\t<\/div>\n\t\t<div class=\"elementor-element elementor-element-37b6040 e-flex e-con-boxed e-con e-parent\" data-id=\"37b6040\" data-element_type=\"container\" data-e-type=\"container\">\n\t\t\t\t\t<div class=\"e-con-inner\">\n\t\t\t\t<div class=\"elementor-element elementor-element-35b31d3 elementor-widget elementor-widget-text-editor\" data-id=\"35b31d3\" data-element_type=\"widget\" data-e-type=\"widget\" data-widget_type=\"text-editor.default\">\n\t\t\t\t\t\t\t\t\t<p><span style=\"font-weight: 400;\">La F\u00eate Majeure se d\u00e9roulera dans diff\u00e9rents lieux embl\u00e9matiques : Promenade Manuel Puigvert, Place de la Mairie, Pati de l\u2019\u00d3s, Plage Grande, \u00c9glise Santa Maria et Sant Nicolau, et autres rues du centre.<\/span><\/p><p><span style=\"font-weight: 400;\">Toutes les activit\u00e9s sont gratuites et adapt\u00e9es \u00e0 tous les publics. En cas de pluie, de nombreux \u00e9v\u00e9nements se tiendront \u00e0 la F\u00e0brica Llobet ou \u00e0 la Sala Mozart. Consultez le programme complet<\/span><a href=\"https:\/\/www.radiocalellatv.cat\/disponible-el-programa-complet-de-la-festa-major-de-sant-quirze-i-santa-julita\/\"> <span style=\"font-weight: 400;\">sur le site de la ville<\/span><\/a><span style=\"font-weight: 400;\">.<\/span><\/p><p><span style=\"font-weight: 400;\">Calella est facilement accessible en train (ligne R1 de Renfe) ou en voiture par la N-II ou l\u2019autoroute C-32 (sortie Calella). Des parkings publics sont disponibles \u00e0 proximit\u00e9 des lieux d\u2019activit\u00e9s.<\/span><\/p>\t\t\t\t\t\t\t\t<\/div>\n\t\t\t\t\t<\/div>\n\t\t\t\t<\/div>\n\t\t<div class=\"elementor-element elementor-element-a9432e7 e-flex e-con-boxed e-con e-parent\" data-id=\"a9432e7\" data-element_type=\"container\" data-e-type=\"container\">\n\t\t\t\t\t<div class=\"e-con-inner\">\n\t\t\t\t<div class=\"elementor-element elementor-element-7301d30 elementor-widget elementor-widget-spacer\" data-id=\"7301d30\" data-element_type=\"widget\" data-e-type=\"widget\" data-widget_type=\"spacer.default\">\n\t\t\t\t\t\t\t<div class=\"elementor-spacer\">\n\t\t\t<div class=\"elementor-spacer-inner\"><\/div>\n\t\t<\/div>\n\t\t\t\t\t\t<\/div>\n\t\t\t\t\t<\/div>\n\t\t\t\t<\/div>\n\t\t<div class=\"elementor-element elementor-element-9da4b3f e-flex e-con-boxed e-con e-parent\" data-id=\"9da4b3f\" data-element_type=\"container\" data-e-type=\"container\">\n\t\t\t\t\t<div class=\"e-con-inner\">\n\t\t\t\t<div class=\"elementor-element elementor-element-5eead94 elementor-widget elementor-widget-text-editor\" data-id=\"5eead94\" data-element_type=\"widget\" data-e-type=\"widget\" data-widget_type=\"text-editor.default\">\n\t\t\t\t\t\t\t\t\t<h3><b>S\u00e9journez \u00e0 l\u2019H\u00f4tel Bernat II pour profiter pleinement de la f\u00eate<\/b><\/h3>\t\t\t\t\t\t\t\t<\/div>\n\t\t\t\t\t<\/div>\n\t\t\t\t<\/div>\n\t\t<div class=\"elementor-element elementor-element-d6b1885 e-flex e-con-boxed e-con e-parent\" data-id=\"d6b1885\" data-element_type=\"container\" data-e-type=\"container\">\n\t\t\t\t\t<div class=\"e-con-inner\">\n\t\t\t\t<div class=\"elementor-element elementor-element-52863ce elementor-widget elementor-widget-spacer\" data-id=\"52863ce\" data-element_type=\"widget\" data-e-type=\"widget\" data-widget_type=\"spacer.default\">\n\t\t\t\t\t\t\t<div class=\"elementor-spacer\">\n\t\t\t<div class=\"elementor-spacer-inner\"><\/div>\n\t\t<\/div>\n\t\t\t\t\t\t<\/div>\n\t\t\t\t\t<\/div>\n\t\t\t\t<\/div>\n\t\t<div class=\"elementor-element elementor-element-a911885 e-flex e-con-boxed e-con e-parent\" data-id=\"a911885\" data-element_type=\"container\" data-e-type=\"container\">\n\t\t\t\t\t<div class=\"e-con-inner\">\n\t\t\t\t<div class=\"elementor-element elementor-element-fea99ee elementor-widget elementor-widget-text-editor\" data-id=\"fea99ee\" data-element_type=\"widget\" data-e-type=\"widget\" data-widget_type=\"text-editor.default\">\n\t\t\t\t\t\t\t\t\t<p><span style=\"font-weight: 400;\">Pour vivre la f\u00eate sans souci, r\u00e9servez \u00e0 l\u2019<\/span><a href=\"https:\/\/hotelbernatcalella.com\/fr\"><span style=\"font-weight: 400;\">H\u00f4tel Bernat II<\/span><\/a><span style=\"font-weight: 400;\">. Id\u00e9alement situ\u00e9, il vous permettra de profiter des festivit\u00e9s en toute tranquillit\u00e9.<\/span><\/p>\t\t\t\t\t\t\t\t<\/div>\n\t\t\t\t<div class=\"elementor-element elementor-element-477cf9d elementor-widget elementor-widget-spacer\" data-id=\"477cf9d\" data-element_type=\"widget\" data-e-type=\"widget\" data-widget_type=\"spacer.default\">\n\t\t\t\t\t\t\t<div class=\"elementor-spacer\">\n\t\t\t<div class=\"elementor-spacer-inner\"><\/div>\n\t\t<\/div>\n\t\t\t\t\t\t<\/div>\n\t\t\t\t\t<\/div>\n\t\t\t\t<\/div>\n\t\t<div class=\"elementor-element elementor-element-f6065a6 e-con-full e-flex e-con e-parent\" data-id=\"f6065a6\" data-element_type=\"container\" data-e-type=\"container\">\n\t\t\t\t<div class=\"elementor-element elementor-element-5387ee1 elementor-widget elementor-widget-image\" data-id=\"5387ee1\" data-element_type=\"widget\" data-e-type=\"widget\" data-widget_type=\"image.default\">\n\t\t\t\t\t\t\t\t\t\t\t\t\t\t\t<img fetchpriority=\"high\" decoding=\"async\" width=\"1535\" height=\"2362\" src=\"https:\/\/www.hotelbernatcalella.com\/wp-content\/uploads\/2025\/06\/cartel-fiesta-mayor-calella.webp\" class=\"attachment-full size-full wp-image-15460\" alt=\"Cartel Fiesta Mayor en Calella 2025\" srcset=\"https:\/\/www.hotelbernatcalella.com\/wp-content\/uploads\/2025\/06\/cartel-fiesta-mayor-calella.webp 1535w, https:\/\/www.hotelbernatcalella.com\/wp-content\/uploads\/2025\/06\/cartel-fiesta-mayor-calella-195x300.webp 195w, https:\/\/www.hotelbernatcalella.com\/wp-content\/uploads\/2025\/06\/cartel-fiesta-mayor-calella-665x1024.webp 665w, https:\/\/www.hotelbernatcalella.com\/wp-content\/uploads\/2025\/06\/cartel-fiesta-mayor-calella-768x1182.webp 768w, https:\/\/www.hotelbernatcalella.com\/wp-content\/uploads\/2025\/06\/cartel-fiesta-mayor-calella-998x1536.webp 998w, https:\/\/www.hotelbernatcalella.com\/wp-content\/uploads\/2025\/06\/cartel-fiesta-mayor-calella-1331x2048.webp 1331w, https:\/\/www.hotelbernatcalella.com\/wp-content\/uploads\/2025\/06\/cartel-fiesta-mayor-calella-1440x2216.webp 1440w, https:\/\/www.hotelbernatcalella.com\/wp-content\/uploads\/2025\/06\/cartel-fiesta-mayor-calella-1200x1847.webp 1200w, https:\/\/www.hotelbernatcalella.com\/wp-content\/uploads\/2025\/06\/cartel-fiesta-mayor-calella-780x1200.webp 780w, https:\/\/www.hotelbernatcalella.com\/wp-content\/uploads\/2025\/06\/cartel-fiesta-mayor-calella-600x923.webp 600w, https:\/\/www.hotelbernatcalella.com\/wp-content\/uploads\/2025\/06\/cartel-fiesta-mayor-calella-550x846.webp 550w, https:\/\/www.hotelbernatcalella.com\/wp-content\/uploads\/2025\/06\/cartel-fiesta-mayor-calella-370x569.webp 370w, https:\/\/www.hotelbernatcalella.com\/wp-content\/uploads\/2025\/06\/cartel-fiesta-mayor-calella-255x392.webp 255w\" sizes=\"(max-width: 1535px) 100vw, 1535px\" \/>\t\t\t\t\t\t\t\t\t\t\t\t\t\t\t<\/div>\n\t\t\t\t<\/div>\n\t\t\t\t<\/div>\n\t\t","protected":false},"excerpt":{"rendered":"<p>La Petite F\u00eate Majeure anime Calella du 13 au 16 juin Tradition, culture et animations pour toute la famille Le mois de juin est synonyme de f\u00eate \u00e0 Calella. C\u2019est \u00e0 cette p\u00e9riode que la ville c\u00e9l\u00e8bre la F\u00eate Majeure en l\u2019honneur de ses saints patrons, Sant Quirze et Santa Julita. Pendant quatre jours, du &#8230;<\/p>\n","protected":false},"author":1,"featured_media":15508,"comment_status":"closed","ping_status":"open","sticky":false,"template":"","format":"standard","meta":{"loftocean_post_format_gallery":"","loftocean_post_format_gallery_ids":"","loftocean_post_format_gallery_urls":"","loftocean_post_format_video_id":0,"loftocean_post_format_video_url":"","loftocean_post_format_video_type":"","loftocean_post_format_video":"","loftocean_post_format_audio_type":"","loftocean_post_format_audio_url":"","loftocean_post_format_audio_id":0,"loftocean_post_format_audio":"","loftocean-like-count":0,"cozystay_single_post_hide_site_header":"","cozystay_single_post_site_header_source":"","cozystay_single_post_custom_site_header":"0","cozystay_single_post_custom_sticky_site_header":"0","cozystay_single_post_hide_page_title":"","cozystay_single_post_site_footer_hide_main":"","cozystay_single_custom_site_footer_main_source":"","cozystay_single_custom_site_footer_main":"0","cozystay_single_post_site_footer_hide_above":"","cozystay_single_custom_site_footer_above_source":"","cozystay_single_custom_site_footer_above":"0","cozystay_single_post_site_footer_hide_instagram":"","cozystay_single_post_site_footer_hide_bottom":"","cozystay_single_custom_mobile_menu_source":"","cozystay_single_custom_mobile_menu":"0","cozystay_single_custom_mobile_menu_animation":"","cozystay_single_custom_mobile_menu_width":"","cozystay_single_custom_mobile_menu_custom_width":375,"cozystay_single_post_template":"","footnotes":""},"categories":[449],"tags":[277,184,185,339,464,357],"class_list":["post-15712","post","type-post","status-publish","format-standard","has-post-thumbnail","hentry","category-noticias-fr","tag-calella-fr","tag-couples-fr","tag-culture-fr","tag-evenements-culturels","tag-families-fr","tag-fetes"],"yoast_head":"<!-- This site is optimized with the Yoast SEO plugin v27.1.1 - https:\/\/yoast.com\/product\/yoast-seo-wordpress\/ -->\n<title>La Petite F\u00eate Majeure de Calella 2025 | Hotel Bernat II<\/title>\n<meta name=\"description\" content=\"Au mois de juin, Calella c\u00e9l\u00e8bre la \u201cFesta Major Petita\u201d. S\u00e9journez \u00e0 l\u2019H\u00f4tel Bernat II et profitez-en l\u2019esprit tranquille !\" \/>\n<meta name=\"robots\" content=\"index, follow, max-snippet:-1, max-image-preview:large, max-video-preview:-1\" \/>\n<link rel=\"canonical\" href=\"https:\/\/hotelbernatcalella.com\/fr\/noticias-fr\/petite-fete-majeure-de-calella\/\" \/>\n<meta property=\"og:locale\" content=\"fr_FR\" \/>\n<meta property=\"og:type\" content=\"article\" \/>\n<meta property=\"og:title\" content=\"La Petite F\u00eate Majeure de Calella 2025 | Hotel Bernat II\" \/>\n<meta property=\"og:description\" content=\"Au mois de juin, Calella c\u00e9l\u00e8bre la \u201cFesta Major Petita\u201d. S\u00e9journez \u00e0 l\u2019H\u00f4tel Bernat II et profitez-en l\u2019esprit tranquille !\" \/>\n<meta property=\"og:url\" content=\"https:\/\/hotelbernatcalella.com\/fr\/noticias-fr\/petite-fete-majeure-de-calella\/\" \/>\n<meta property=\"og:site_name\" content=\"Hotel Bernat II\" \/>\n<meta property=\"article:published_time\" content=\"2025-06-12T15:07:54+00:00\" \/>\n<meta property=\"article:modified_time\" content=\"2025-06-13T16:21:51+00:00\" \/>\n<meta property=\"og:image\" content=\"https:\/\/www.hotelbernatcalella.com\/wp-content\/uploads\/2025\/06\/fiesta-mayor-pequena-calella-scaled.webp\" \/>\n\t<meta property=\"og:image:width\" content=\"2560\" \/>\n\t<meta property=\"og:image:height\" content=\"1810\" \/>\n\t<meta property=\"og:image:type\" content=\"image\/webp\" \/>\n<meta name=\"author\" content=\"admin_bernat\" \/>\n<meta name=\"twitter:card\" content=\"summary_large_image\" \/>\n<meta name=\"twitter:label1\" content=\"\u00c9crit par\" \/>\n\t<meta name=\"twitter:data1\" content=\"admin_bernat\" \/>\n\t<meta name=\"twitter:label2\" content=\"Dur\u00e9e de lecture estim\u00e9e\" \/>\n\t<meta name=\"twitter:data2\" content=\"5 minutes\" \/>\n<script type=\"application\/ld+json\" class=\"yoast-schema-graph\">{\"@context\":\"https:\/\/schema.org\",\"@graph\":[{\"@type\":\"Article\",\"@id\":\"https:\/\/hotelbernatcalella.com\/fr\/noticias-fr\/petite-fete-majeure-de-calella\/#article\",\"isPartOf\":{\"@id\":\"https:\/\/hotelbernatcalella.com\/fr\/noticias-fr\/petite-fete-majeure-de-calella\/\"},\"author\":{\"name\":\"admin_bernat\",\"@id\":\"https:\/\/hotelbernatcalella.com\/fr\/#\/schema\/person\/9d2f8f220d7bb3470c6b37263c1f3a6e\"},\"headline\":\"La Petite F\u00eate Majeure de Calella 2025\",\"datePublished\":\"2025-06-12T15:07:54+00:00\",\"dateModified\":\"2025-06-13T16:21:51+00:00\",\"mainEntityOfPage\":{\"@id\":\"https:\/\/hotelbernatcalella.com\/fr\/noticias-fr\/petite-fete-majeure-de-calella\/\"},\"wordCount\":885,\"image\":{\"@id\":\"https:\/\/hotelbernatcalella.com\/fr\/noticias-fr\/petite-fete-majeure-de-calella\/#primaryimage\"},\"thumbnailUrl\":\"https:\/\/hotelbernatcalella.com\/wp-content\/uploads\/2025\/06\/fiesta-mayor-pequena-calella-scaled.webp\",\"keywords\":[\"Calella\",\"Couples\",\"Culture\",\"\u00c9v\u00e9nements culturels\",\"Fam\u00edlies\",\"F\u00eates\"],\"articleSection\":[\"Nouvelles\"],\"inLanguage\":\"fr-FR\"},{\"@type\":\"WebPage\",\"@id\":\"https:\/\/hotelbernatcalella.com\/fr\/noticias-fr\/petite-fete-majeure-de-calella\/\",\"url\":\"https:\/\/hotelbernatcalella.com\/fr\/noticias-fr\/petite-fete-majeure-de-calella\/\",\"name\":\"La Petite F\u00eate Majeure de Calella 2025 | Hotel Bernat II\",\"isPartOf\":{\"@id\":\"https:\/\/hotelbernatcalella.com\/fr\/#website\"},\"primaryImageOfPage\":{\"@id\":\"https:\/\/hotelbernatcalella.com\/fr\/noticias-fr\/petite-fete-majeure-de-calella\/#primaryimage\"},\"image\":{\"@id\":\"https:\/\/hotelbernatcalella.com\/fr\/noticias-fr\/petite-fete-majeure-de-calella\/#primaryimage\"},\"thumbnailUrl\":\"https:\/\/hotelbernatcalella.com\/wp-content\/uploads\/2025\/06\/fiesta-mayor-pequena-calella-scaled.webp\",\"datePublished\":\"2025-06-12T15:07:54+00:00\",\"dateModified\":\"2025-06-13T16:21:51+00:00\",\"author\":{\"@id\":\"https:\/\/hotelbernatcalella.com\/fr\/#\/schema\/person\/9d2f8f220d7bb3470c6b37263c1f3a6e\"},\"description\":\"Au mois de juin, Calella c\u00e9l\u00e8bre la \u201cFesta Major Petita\u201d. S\u00e9journez \u00e0 l\u2019H\u00f4tel Bernat II et profitez-en l\u2019esprit tranquille !\",\"breadcrumb\":{\"@id\":\"https:\/\/hotelbernatcalella.com\/fr\/noticias-fr\/petite-fete-majeure-de-calella\/#breadcrumb\"},\"inLanguage\":\"fr-FR\",\"potentialAction\":[{\"@type\":\"ReadAction\",\"target\":[\"https:\/\/hotelbernatcalella.com\/fr\/noticias-fr\/petite-fete-majeure-de-calella\/\"]}]},{\"@type\":\"ImageObject\",\"inLanguage\":\"fr-FR\",\"@id\":\"https:\/\/hotelbernatcalella.com\/fr\/noticias-fr\/petite-fete-majeure-de-calella\/#primaryimage\",\"url\":\"https:\/\/hotelbernatcalella.com\/wp-content\/uploads\/2025\/06\/fiesta-mayor-pequena-calella-scaled.webp\",\"contentUrl\":\"https:\/\/hotelbernatcalella.com\/wp-content\/uploads\/2025\/06\/fiesta-mayor-pequena-calella-scaled.webp\",\"width\":2560,\"height\":1810,\"caption\":\"Fiesta Mayor en Calella 2025\"},{\"@type\":\"BreadcrumbList\",\"@id\":\"https:\/\/hotelbernatcalella.com\/fr\/noticias-fr\/petite-fete-majeure-de-calella\/#breadcrumb\",\"itemListElement\":[{\"@type\":\"ListItem\",\"position\":1,\"name\":\"Portada\",\"item\":\"https:\/\/hotelbernatcalella.com\/fr\/\"},{\"@type\":\"ListItem\",\"position\":2,\"name\":\"La Petite F\u00eate Majeure de Calella 2025\"}]},{\"@type\":\"WebSite\",\"@id\":\"https:\/\/hotelbernatcalella.com\/fr\/#website\",\"url\":\"https:\/\/hotelbernatcalella.com\/fr\/\",\"name\":\"Hotel Bernat II & Spa Calella\",\"description\":\"H\u00f4tel \u00e0 Calella\",\"alternateName\":\"Hotel Bernat II & Spa\",\"potentialAction\":[{\"@type\":\"SearchAction\",\"target\":{\"@type\":\"EntryPoint\",\"urlTemplate\":\"https:\/\/hotelbernatcalella.com\/fr\/?s={search_term_string}\"},\"query-input\":{\"@type\":\"PropertyValueSpecification\",\"valueRequired\":true,\"valueName\":\"search_term_string\"}}],\"inLanguage\":\"fr-FR\"},{\"@type\":\"Person\",\"@id\":\"https:\/\/hotelbernatcalella.com\/fr\/#\/schema\/person\/9d2f8f220d7bb3470c6b37263c1f3a6e\",\"name\":\"admin_bernat\",\"image\":{\"@type\":\"ImageObject\",\"inLanguage\":\"fr-FR\",\"@id\":\"https:\/\/hotelbernatcalella.com\/fr\/#\/schema\/person\/image\/\",\"url\":\"https:\/\/secure.gravatar.com\/avatar\/d85a368a0264070f0a07504f04fe3de78e2fedb7d0b7a9e875b30b569151e37e?s=96&d=mm&r=g\",\"contentUrl\":\"https:\/\/secure.gravatar.com\/avatar\/d85a368a0264070f0a07504f04fe3de78e2fedb7d0b7a9e875b30b569151e37e?s=96&d=mm&r=g\",\"caption\":\"admin_bernat\"},\"sameAs\":[\"https:\/\/hotelbernatcalella.com\"]}]}<\/script>\n<!-- \/ Yoast SEO plugin. -->","yoast_head_json":{"title":"La Petite F\u00eate Majeure de Calella 2025 | Hotel Bernat II","description":"Au mois de juin, Calella c\u00e9l\u00e8bre la \u201cFesta Major Petita\u201d. S\u00e9journez \u00e0 l\u2019H\u00f4tel Bernat II et profitez-en l\u2019esprit tranquille !","robots":{"index":"index","follow":"follow","max-snippet":"max-snippet:-1","max-image-preview":"max-image-preview:large","max-video-preview":"max-video-preview:-1"},"canonical":"https:\/\/hotelbernatcalella.com\/fr\/noticias-fr\/petite-fete-majeure-de-calella\/","og_locale":"fr_FR","og_type":"article","og_title":"La Petite F\u00eate Majeure de Calella 2025 | Hotel Bernat II","og_description":"Au mois de juin, Calella c\u00e9l\u00e8bre la \u201cFesta Major Petita\u201d. S\u00e9journez \u00e0 l\u2019H\u00f4tel Bernat II et profitez-en l\u2019esprit tranquille !","og_url":"https:\/\/hotelbernatcalella.com\/fr\/noticias-fr\/petite-fete-majeure-de-calella\/","og_site_name":"Hotel Bernat II","article_published_time":"2025-06-12T15:07:54+00:00","article_modified_time":"2025-06-13T16:21:51+00:00","og_image":[{"width":2560,"height":1810,"url":"https:\/\/www.hotelbernatcalella.com\/wp-content\/uploads\/2025\/06\/fiesta-mayor-pequena-calella-scaled.webp","type":"image\/webp"}],"author":"admin_bernat","twitter_card":"summary_large_image","twitter_misc":{"\u00c9crit par":"admin_bernat","Dur\u00e9e de lecture estim\u00e9e":"5 minutes"},"schema":{"@context":"https:\/\/schema.org","@graph":[{"@type":"Article","@id":"https:\/\/hotelbernatcalella.com\/fr\/noticias-fr\/petite-fete-majeure-de-calella\/#article","isPartOf":{"@id":"https:\/\/hotelbernatcalella.com\/fr\/noticias-fr\/petite-fete-majeure-de-calella\/"},"author":{"name":"admin_bernat","@id":"https:\/\/hotelbernatcalella.com\/fr\/#\/schema\/person\/9d2f8f220d7bb3470c6b37263c1f3a6e"},"headline":"La Petite F\u00eate Majeure de Calella 2025","datePublished":"2025-06-12T15:07:54+00:00","dateModified":"2025-06-13T16:21:51+00:00","mainEntityOfPage":{"@id":"https:\/\/hotelbernatcalella.com\/fr\/noticias-fr\/petite-fete-majeure-de-calella\/"},"wordCount":885,"image":{"@id":"https:\/\/hotelbernatcalella.com\/fr\/noticias-fr\/petite-fete-majeure-de-calella\/#primaryimage"},"thumbnailUrl":"https:\/\/hotelbernatcalella.com\/wp-content\/uploads\/2025\/06\/fiesta-mayor-pequena-calella-scaled.webp","keywords":["Calella","Couples","Culture","\u00c9v\u00e9nements culturels","Fam\u00edlies","F\u00eates"],"articleSection":["Nouvelles"],"inLanguage":"fr-FR"},{"@type":"WebPage","@id":"https:\/\/hotelbernatcalella.com\/fr\/noticias-fr\/petite-fete-majeure-de-calella\/","url":"https:\/\/hotelbernatcalella.com\/fr\/noticias-fr\/petite-fete-majeure-de-calella\/","name":"La Petite F\u00eate Majeure de Calella 2025 | Hotel Bernat II","isPartOf":{"@id":"https:\/\/hotelbernatcalella.com\/fr\/#website"},"primaryImageOfPage":{"@id":"https:\/\/hotelbernatcalella.com\/fr\/noticias-fr\/petite-fete-majeure-de-calella\/#primaryimage"},"image":{"@id":"https:\/\/hotelbernatcalella.com\/fr\/noticias-fr\/petite-fete-majeure-de-calella\/#primaryimage"},"thumbnailUrl":"https:\/\/hotelbernatcalella.com\/wp-content\/uploads\/2025\/06\/fiesta-mayor-pequena-calella-scaled.webp","datePublished":"2025-06-12T15:07:54+00:00","dateModified":"2025-06-13T16:21:51+00:00","author":{"@id":"https:\/\/hotelbernatcalella.com\/fr\/#\/schema\/person\/9d2f8f220d7bb3470c6b37263c1f3a6e"},"description":"Au mois de juin, Calella c\u00e9l\u00e8bre la \u201cFesta Major Petita\u201d. S\u00e9journez \u00e0 l\u2019H\u00f4tel Bernat II et profitez-en l\u2019esprit tranquille !","breadcrumb":{"@id":"https:\/\/hotelbernatcalella.com\/fr\/noticias-fr\/petite-fete-majeure-de-calella\/#breadcrumb"},"inLanguage":"fr-FR","potentialAction":[{"@type":"ReadAction","target":["https:\/\/hotelbernatcalella.com\/fr\/noticias-fr\/petite-fete-majeure-de-calella\/"]}]},{"@type":"ImageObject","inLanguage":"fr-FR","@id":"https:\/\/hotelbernatcalella.com\/fr\/noticias-fr\/petite-fete-majeure-de-calella\/#primaryimage","url":"https:\/\/hotelbernatcalella.com\/wp-content\/uploads\/2025\/06\/fiesta-mayor-pequena-calella-scaled.webp","contentUrl":"https:\/\/hotelbernatcalella.com\/wp-content\/uploads\/2025\/06\/fiesta-mayor-pequena-calella-scaled.webp","width":2560,"height":1810,"caption":"Fiesta Mayor en Calella 2025"},{"@type":"BreadcrumbList","@id":"https:\/\/hotelbernatcalella.com\/fr\/noticias-fr\/petite-fete-majeure-de-calella\/#breadcrumb","itemListElement":[{"@type":"ListItem","position":1,"name":"Portada","item":"https:\/\/hotelbernatcalella.com\/fr\/"},{"@type":"ListItem","position":2,"name":"La Petite F\u00eate Majeure de Calella 2025"}]},{"@type":"WebSite","@id":"https:\/\/hotelbernatcalella.com\/fr\/#website","url":"https:\/\/hotelbernatcalella.com\/fr\/","name":"Hotel Bernat II & Spa Calella","description":"H\u00f4tel \u00e0 Calella","alternateName":"Hotel Bernat II & Spa","potentialAction":[{"@type":"SearchAction","target":{"@type":"EntryPoint","urlTemplate":"https:\/\/hotelbernatcalella.com\/fr\/?s={search_term_string}"},"query-input":{"@type":"PropertyValueSpecification","valueRequired":true,"valueName":"search_term_string"}}],"inLanguage":"fr-FR"},{"@type":"Person","@id":"https:\/\/hotelbernatcalella.com\/fr\/#\/schema\/person\/9d2f8f220d7bb3470c6b37263c1f3a6e","name":"admin_bernat","image":{"@type":"ImageObject","inLanguage":"fr-FR","@id":"https:\/\/hotelbernatcalella.com\/fr\/#\/schema\/person\/image\/","url":"https:\/\/secure.gravatar.com\/avatar\/d85a368a0264070f0a07504f04fe3de78e2fedb7d0b7a9e875b30b569151e37e?s=96&d=mm&r=g","contentUrl":"https:\/\/secure.gravatar.com\/avatar\/d85a368a0264070f0a07504f04fe3de78e2fedb7d0b7a9e875b30b569151e37e?s=96&d=mm&r=g","caption":"admin_bernat"},"sameAs":["https:\/\/hotelbernatcalella.com"]}]}},"loftoceanMetas":{"authorName":"admin_bernat","categories":[{"name":"Nouvelles","link":"https:\/\/hotelbernatcalella.com\/fr\/category\/noticias-fr\/","count":24}],"date":"12 de juin de 2025","featuredImageSRC":"https:\/\/hotelbernatcalella.com\/wp-content\/uploads\/2025\/06\/fiesta-mayor-pequena-calella-150x150.webp"},"_links":{"self":[{"href":"https:\/\/hotelbernatcalella.com\/fr\/wp-json\/wp\/v2\/posts\/15712","targetHints":{"allow":["GET"]}}],"collection":[{"href":"https:\/\/hotelbernatcalella.com\/fr\/wp-json\/wp\/v2\/posts"}],"about":[{"href":"https:\/\/hotelbernatcalella.com\/fr\/wp-json\/wp\/v2\/types\/post"}],"author":[{"embeddable":true,"href":"https:\/\/hotelbernatcalella.com\/fr\/wp-json\/wp\/v2\/users\/1"}],"replies":[{"embeddable":true,"href":"https:\/\/hotelbernatcalella.com\/fr\/wp-json\/wp\/v2\/comments?post=15712"}],"version-history":[{"count":0,"href":"https:\/\/hotelbernatcalella.com\/fr\/wp-json\/wp\/v2\/posts\/15712\/revisions"}],"wp:featuredmedia":[{"embeddable":true,"href":"https:\/\/hotelbernatcalella.com\/fr\/wp-json\/wp\/v2\/media\/15508"}],"wp:attachment":[{"href":"https:\/\/hotelbernatcalella.com\/fr\/wp-json\/wp\/v2\/media?parent=15712"}],"wp:term":[{"taxonomy":"category","embeddable":true,"href":"https:\/\/hotelbernatcalella.com\/fr\/wp-json\/wp\/v2\/categories?post=15712"},{"taxonomy":"post_tag","embeddable":true,"href":"https:\/\/hotelbernatcalella.com\/fr\/wp-json\/wp\/v2\/tags?post=15712"}],"curies":[{"name":"wp","href":"https:\/\/api.w.org\/{rel}","templated":true}]}}