{"id":14039,"date":"2025-06-09T13:49:29","date_gmt":"2025-06-09T13:49:29","guid":{"rendered":"https:\/\/www.hotelbernatcalella.com\/no-category-fr\/la-saint-jean-a-calella-2025\/"},"modified":"2025-06-10T07:16:51","modified_gmt":"2025-06-10T07:16:51","slug":"saint-jean-calella-2025","status":"publish","type":"post","link":"https:\/\/hotelbernatcalella.com\/fr\/noticias-fr\/saint-jean-calella-2025\/","title":{"rendered":"la Saint-Jean \u00e0 Calella 2025"},"content":{"rendered":"\t\t<div data-elementor-type=\"wp-post\" data-elementor-id=\"14039\" class=\"elementor elementor-14039 elementor-14020\" data-elementor-post-type=\"post\">\n\t\t\t\t<div class=\"elementor-element elementor-element-5c5fe7fd e-flex e-con-boxed e-con e-parent\" data-id=\"5c5fe7fd\" data-element_type=\"container\" data-e-type=\"container\">\n\t\t\t\t\t<div class=\"e-con-inner\">\n\t\t\t\t<div class=\"elementor-element elementor-element-62bc2dc3 elementor-widget elementor-widget-text-editor\" data-id=\"62bc2dc3\" data-element_type=\"widget\" data-e-type=\"widget\" data-widget_type=\"text-editor.default\">\n\t\t\t\t\t\t\t\t\t<h1><strong><span style=\"color: #91ccd4;\"><b>F\u00eate de la Saint-Jean \u00e0 Calella 2025<\/b><\/span><\/strong><\/h1><h2><strong><span style=\"color: #a4adac;\"><b>Deux propositions pour c\u00e9l\u00e9brer la nuit d&rsquo;\u00e9t\u00e9<\/b><\/span><\/strong><\/h2><h2><b>Une soir\u00e9e sp\u00e9ciale avec des options pour tous les go\u00fbts<\/b><\/h2><p><span style=\"font-weight: 400;\">La nuit de la Saint-Jean est l&rsquo;une des c\u00e9l\u00e9brations les plus traditionnelles de l&rsquo;\u00e9t\u00e9. \u00c0 Calella, cette f\u00eate se vit avec des propositions pour tous les go\u00fbts. En 2025, l&rsquo;<\/span><a href=\"https:\/\/hotelbernatcalella.com\/fr\"><span style=\"font-weight: 400;\">Hotel Bernat II<\/span><\/a><span style=\"font-weight: 400;\"> propose deux options id\u00e9ales pour en profiter au maximum : une c\u00e9l\u00e9bration familiale \u00e0 l&rsquo;h\u00f4tel ou un d\u00eener exclusif en bord de mer au<\/span><a href=\"https:\/\/bahariclub.com\/fr\"> <span style=\"font-weight: 400;\">Bahari Club<\/span><\/a><span style=\"font-weight: 400;\">. Laquelle vous tente le plus ?<\/span><\/p><h3><b>C\u00e9l\u00e9bration de la Saint-Jean \u00e0 l&rsquo;Hotel Bernat II<\/b><\/h3><p><span style=\"font-weight: 400;\">Si vous s\u00e9journez \u00e0 l&rsquo;<\/span><a href=\"https:\/\/hotelbernatcalella.com\/fr\"><span style=\"font-weight: 400;\">Hotel Bernat II<\/span><\/a><span style=\"font-weight: 400;\">, vous n\u2019aurez pas besoin de sortir pour profiter de l\u2019ambiance de la nuit. Lors du d\u00eener, le buffet du restaurant proposera la traditionnelle <\/span><b>coca de Sant Joan<\/b><span style=\"font-weight: 400;\">, la p\u00e2tisserie typique de cette soir\u00e9e sp\u00e9ciale. Et apr\u00e8s le d\u00eener, \u00e0 partir de <\/span><b>22h00<\/b><span style=\"font-weight: 400;\">, vous pourrez profiter d&rsquo;une soir\u00e9e anim\u00e9e avec <\/span><b>musique et danse \u00e0 l&rsquo;h\u00f4tel<\/b><span style=\"font-weight: 400;\">, une proposition pens\u00e9e pour tous ceux qui souhaitent f\u00eater confortablement dans une ambiance conviviale.<\/span><\/p><h3><b>D\u00eener de la Saint-Jean au Bahari Club<\/b><\/h3><p><span style=\"font-weight: 400;\">Si tu as envie de c\u00e9l\u00e9brer la Saint-Jean au bord de la mer, le<\/span><a href=\"https:\/\/bahariclub.com\/fr\"> <span style=\"font-weight: 400;\">Bahari Club<\/span><\/a><span style=\"font-weight: 400;\">, notre restaurant de plage, propose un <\/span><b>menu sp\u00e9cial<\/b><span style=\"font-weight: 400;\">\u00a0\u00e0 savourer face \u00e0 la mer. Avec <\/span><b>r\u00e9servation obligatoire<\/b><span style=\"font-weight: 400;\">, le d\u00eener commencera \u00e0 <\/span><b>21h00<\/b><span style=\"font-weight: 400;\"> et co\u00fbtera <\/span><b>59 \u20ac par personne (TVA incluse)<\/b><span style=\"font-weight: 400;\">. Le menu comprend du pain, de l&rsquo;eau et du caf\u00e9 ; les boissons sont propos\u00e9es s\u00e9par\u00e9ment. R\u00e9servations au <\/span><b>+34 638 93 33 66<\/b><span style=\"font-weight: 400;\"> ou \u00e0 <\/span><a href=\"mailto:info@bahariclub.com\" target=\"_blank\" rel=\"noopener\"><b>info@bahariclub.com<\/b><\/a><span style=\"font-weight: 400;\">.<\/span><\/p><p><b>MENU SAINT-JEAN 2025 &#8211; Bahari Club<\/b><\/p><p><i><span style=\"font-weight: 400;\">AMUSE-BOUCHES<\/span><\/i><\/p><ul><li style=\"font-weight: 400;\" aria-level=\"1\"><span style=\"font-weight: 400;\">Toast de pain cristal au jambon ib\u00e9rique<\/span><span style=\"font-weight: 400;\"><br \/><\/span><\/li><li style=\"font-weight: 400;\" aria-level=\"1\"><span style=\"font-weight: 400;\">Mochi de foie<\/span><span style=\"font-weight: 400;\"><br \/><\/span><\/li><li style=\"font-weight: 400;\" aria-level=\"1\"><span style=\"font-weight: 400;\">Cuill\u00e8re de steak tartare de veau<\/span><p>\u00a0<\/p><\/li><\/ul><p><i><span style=\"font-weight: 400;\">CHOISISSEZ UNE ENTR\u00c9E<\/span><\/i><\/p><ul><li style=\"font-weight: 400;\" aria-level=\"1\"><span style=\"font-weight: 400;\">Salade ti\u00e8de aux textures de canard de l&rsquo;Empord\u00e0<\/span><span style=\"font-weight: 400;\"><br \/><\/span><\/li><li style=\"font-weight: 400;\" aria-level=\"1\"><span style=\"font-weight: 400;\">Tartare de noix de Saint-Jacques fum\u00e9es avec avocat, tomate confite et huile de crevette de Palam\u00f3s<\/span><p>\u00a0<\/p><\/li><\/ul><p><i><span style=\"font-weight: 400;\">CHOISISSEZ UN PLAT PRINCIPAL<\/span><\/i><\/p><ul><li style=\"font-weight: 400;\" aria-level=\"1\"><span style=\"font-weight: 400;\">Turbot aux pommes de terre confites et sauce r\u00f4tie<\/span><span style=\"font-weight: 400;\"><br \/><\/span><\/li><li style=\"font-weight: 400;\" aria-level=\"1\"><span style=\"font-weight: 400;\">Veau basse temp\u00e9rature avec patate douce et notre chimichurri maison<\/span><p>\u00a0<\/p><\/li><\/ul><p><i><span style=\"font-weight: 400;\">DESSERTS<\/span><\/i><\/p><ul><li style=\"font-weight: 400;\" aria-level=\"1\"><span style=\"font-weight: 400;\">Xuixo \u00e0 la ratafia avec glace au turr\u00f3n de Jijona<\/span><span style=\"font-weight: 400;\"><br \/><\/span><\/li><li style=\"font-weight: 400;\" aria-level=\"1\"><span style=\"font-weight: 400;\">Coca de Sant Joan<\/span><p>\u00a0<\/p><\/li><\/ul><h3><b>\u00c9vadez-vous \u00e0 Calella et vivez la Saint-Jean avec nous<\/b><\/h3><p><span style=\"font-weight: 400;\">Quelle que soit votre option, la f\u00eate de la <\/span><b>Saint-Jean \u00e0 Calella<\/b><span style=\"font-weight: 400;\"> allie gastronomie, tradition et moments \u00e0 partager. R\u00e9servez votre s\u00e9jour \u00e0 l&rsquo;<\/span><a href=\"https:\/\/hotelbernatcalella.com\/fr\"><span style=\"font-weight: 400;\">Hotel Bernat II<\/span><\/a><span style=\"font-weight: 400;\"> et profitez de toutes les activit\u00e9s que nous proposons pour vivre une soir\u00e9e estivale inoubliable. Nous vous attendons !<\/span><\/p>\t\t\t\t\t\t\t\t<\/div>\n\t\t\t\t\t<\/div>\n\t\t\t\t<\/div>\n\t\t\t\t<\/div>\n\t\t","protected":false},"excerpt":{"rendered":"<p>F\u00eate de la Saint-Jean \u00e0 Calella 2025 Deux propositions pour c\u00e9l\u00e9brer la nuit d&rsquo;\u00e9t\u00e9 Une soir\u00e9e sp\u00e9ciale avec des options pour tous les go\u00fbts La nuit de la Saint-Jean est l&rsquo;une des c\u00e9l\u00e9brations les plus traditionnelles de l&rsquo;\u00e9t\u00e9. \u00c0 Calella, cette f\u00eate se vit avec des propositions pour tous les go\u00fbts. En 2025, l&rsquo;Hotel Bernat &#8230;<\/p>\n","protected":false},"author":1,"featured_media":14016,"comment_status":"closed","ping_status":"closed","sticky":false,"template":"","format":"standard","meta":{"loftocean_post_format_gallery":"","loftocean_post_format_gallery_ids":"","loftocean_post_format_gallery_urls":"","loftocean_post_format_video_id":0,"loftocean_post_format_video_url":"","loftocean_post_format_video_type":"","loftocean_post_format_video":"","loftocean_post_format_audio_type":"","loftocean_post_format_audio_url":"","loftocean_post_format_audio_id":0,"loftocean_post_format_audio":"","loftocean-like-count":0,"cozystay_single_post_hide_site_header":"","cozystay_single_post_site_header_source":"","cozystay_single_post_custom_site_header":"0","cozystay_single_post_custom_sticky_site_header":"0","cozystay_single_post_hide_page_title":"","cozystay_single_post_site_footer_hide_main":"","cozystay_single_custom_site_footer_main_source":"","cozystay_single_custom_site_footer_main":"0","cozystay_single_post_site_footer_hide_above":"","cozystay_single_custom_site_footer_above_source":"","cozystay_single_custom_site_footer_above":"0","cozystay_single_post_site_footer_hide_instagram":"","cozystay_single_post_site_footer_hide_bottom":"","cozystay_single_custom_mobile_menu_source":"","cozystay_single_custom_mobile_menu":"0","cozystay_single_custom_mobile_menu_animation":"","cozystay_single_custom_mobile_menu_width":"","cozystay_single_custom_mobile_menu_custom_width":375,"cozystay_single_post_template":"","footnotes":""},"categories":[449],"tags":[653,277,184,185,464,357],"class_list":["post-14039","post","type-post","status-publish","format-standard","has-post-thumbnail","hentry","category-noticias-fr","tag-bahari-club-fr","tag-calella-fr","tag-couples-fr","tag-culture-fr","tag-families-fr","tag-fetes"],"yoast_head":"<!-- This site is optimized with the Yoast SEO plugin v27.1.1 - https:\/\/yoast.com\/product\/yoast-seo-wordpress\/ -->\n<title>la Saint-Jean \u00e0 Calella 2025 | Hotel Bernat II<\/title>\n<meta name=\"description\" content=\"La Saint-Jean est l&#039;une des c\u00e9l\u00e9brations les plus traditionnelles de l&#039;\u00e9t\u00e9. R\u00e9servez votre s\u00e9jour \u00e0 l&#039;Hotel Bernat II et profitez-la\" \/>\n<meta name=\"robots\" content=\"index, follow, max-snippet:-1, max-image-preview:large, max-video-preview:-1\" \/>\n<link rel=\"canonical\" href=\"https:\/\/hotelbernatcalella.com\/fr\/noticias-fr\/saint-jean-calella-2025\/\" \/>\n<meta property=\"og:locale\" content=\"fr_FR\" \/>\n<meta property=\"og:type\" content=\"article\" \/>\n<meta property=\"og:title\" content=\"la Saint-Jean \u00e0 Calella 2025 | Hotel Bernat II\" \/>\n<meta property=\"og:description\" content=\"La Saint-Jean est l&#039;une des c\u00e9l\u00e9brations les plus traditionnelles de l&#039;\u00e9t\u00e9. R\u00e9servez votre s\u00e9jour \u00e0 l&#039;Hotel Bernat II et profitez-la\" \/>\n<meta property=\"og:url\" content=\"https:\/\/hotelbernatcalella.com\/fr\/noticias-fr\/saint-jean-calella-2025\/\" \/>\n<meta property=\"og:site_name\" content=\"Hotel Bernat II\" \/>\n<meta property=\"article:published_time\" content=\"2025-06-09T13:49:29+00:00\" \/>\n<meta property=\"article:modified_time\" content=\"2025-06-10T07:16:51+00:00\" \/>\n<meta property=\"og:image\" content=\"https:\/\/hotelbernatcalella.com\/wp-content\/uploads\/2025\/06\/Sant-Joan-Calella.webp-scaled.webp\" \/>\n\t<meta property=\"og:image:width\" content=\"2560\" \/>\n\t<meta property=\"og:image:height\" content=\"1707\" \/>\n\t<meta property=\"og:image:type\" content=\"image\/webp\" \/>\n<meta name=\"author\" content=\"admin_bernat\" \/>\n<meta name=\"twitter:card\" content=\"summary_large_image\" \/>\n<meta name=\"twitter:label1\" content=\"\u00c9crit par\" \/>\n\t<meta name=\"twitter:data1\" content=\"admin_bernat\" \/>\n\t<meta name=\"twitter:label2\" content=\"Dur\u00e9e de lecture estim\u00e9e\" \/>\n\t<meta name=\"twitter:data2\" content=\"2 minutes\" \/>\n<script type=\"application\/ld+json\" class=\"yoast-schema-graph\">{\"@context\":\"https:\/\/schema.org\",\"@graph\":[{\"@type\":\"Article\",\"@id\":\"https:\/\/hotelbernatcalella.com\/fr\/noticias-fr\/saint-jean-calella-2025\/#article\",\"isPartOf\":{\"@id\":\"https:\/\/hotelbernatcalella.com\/fr\/noticias-fr\/saint-jean-calella-2025\/\"},\"author\":{\"name\":\"admin_bernat\",\"@id\":\"https:\/\/hotelbernatcalella.com\/fr\/#\/schema\/person\/9d2f8f220d7bb3470c6b37263c1f3a6e\"},\"headline\":\"la Saint-Jean \u00e0 Calella 2025\",\"datePublished\":\"2025-06-09T13:49:29+00:00\",\"dateModified\":\"2025-06-10T07:16:51+00:00\",\"mainEntityOfPage\":{\"@id\":\"https:\/\/hotelbernatcalella.com\/fr\/noticias-fr\/saint-jean-calella-2025\/\"},\"wordCount\":435,\"image\":{\"@id\":\"https:\/\/hotelbernatcalella.com\/fr\/noticias-fr\/saint-jean-calella-2025\/#primaryimage\"},\"thumbnailUrl\":\"https:\/\/hotelbernatcalella.com\/wp-content\/uploads\/2025\/06\/Sant-Joan-Calella.webp-scaled.webp\",\"keywords\":[\"Bahari Club\",\"Calella\",\"Couples\",\"Culture\",\"Fam\u00edlies\",\"F\u00eates\"],\"articleSection\":[\"Nouvelles\"],\"inLanguage\":\"fr-FR\"},{\"@type\":\"WebPage\",\"@id\":\"https:\/\/hotelbernatcalella.com\/fr\/noticias-fr\/saint-jean-calella-2025\/\",\"url\":\"https:\/\/hotelbernatcalella.com\/fr\/noticias-fr\/saint-jean-calella-2025\/\",\"name\":\"la Saint-Jean \u00e0 Calella 2025 | Hotel Bernat II\",\"isPartOf\":{\"@id\":\"https:\/\/hotelbernatcalella.com\/fr\/#website\"},\"primaryImageOfPage\":{\"@id\":\"https:\/\/hotelbernatcalella.com\/fr\/noticias-fr\/saint-jean-calella-2025\/#primaryimage\"},\"image\":{\"@id\":\"https:\/\/hotelbernatcalella.com\/fr\/noticias-fr\/saint-jean-calella-2025\/#primaryimage\"},\"thumbnailUrl\":\"https:\/\/hotelbernatcalella.com\/wp-content\/uploads\/2025\/06\/Sant-Joan-Calella.webp-scaled.webp\",\"datePublished\":\"2025-06-09T13:49:29+00:00\",\"dateModified\":\"2025-06-10T07:16:51+00:00\",\"author\":{\"@id\":\"https:\/\/hotelbernatcalella.com\/fr\/#\/schema\/person\/9d2f8f220d7bb3470c6b37263c1f3a6e\"},\"description\":\"La Saint-Jean est l'une des c\u00e9l\u00e9brations les plus traditionnelles de l'\u00e9t\u00e9. R\u00e9servez votre s\u00e9jour \u00e0 l'Hotel Bernat II et profitez-la\",\"breadcrumb\":{\"@id\":\"https:\/\/hotelbernatcalella.com\/fr\/noticias-fr\/saint-jean-calella-2025\/#breadcrumb\"},\"inLanguage\":\"fr-FR\",\"potentialAction\":[{\"@type\":\"ReadAction\",\"target\":[\"https:\/\/hotelbernatcalella.com\/fr\/noticias-fr\/saint-jean-calella-2025\/\"]}]},{\"@type\":\"ImageObject\",\"inLanguage\":\"fr-FR\",\"@id\":\"https:\/\/hotelbernatcalella.com\/fr\/noticias-fr\/saint-jean-calella-2025\/#primaryimage\",\"url\":\"https:\/\/hotelbernatcalella.com\/wp-content\/uploads\/2025\/06\/Sant-Joan-Calella.webp-scaled.webp\",\"contentUrl\":\"https:\/\/hotelbernatcalella.com\/wp-content\/uploads\/2025\/06\/Sant-Joan-Calella.webp-scaled.webp\",\"width\":2560,\"height\":1707,\"caption\":\"Focs artificials a la platja de Calella per la revetlla de Sant Joan\"},{\"@type\":\"BreadcrumbList\",\"@id\":\"https:\/\/hotelbernatcalella.com\/fr\/noticias-fr\/saint-jean-calella-2025\/#breadcrumb\",\"itemListElement\":[{\"@type\":\"ListItem\",\"position\":1,\"name\":\"Portada\",\"item\":\"https:\/\/hotelbernatcalella.com\/fr\/\"},{\"@type\":\"ListItem\",\"position\":2,\"name\":\"la Saint-Jean \u00e0 Calella 2025\"}]},{\"@type\":\"WebSite\",\"@id\":\"https:\/\/hotelbernatcalella.com\/fr\/#website\",\"url\":\"https:\/\/hotelbernatcalella.com\/fr\/\",\"name\":\"Hotel Bernat II & Spa Calella\",\"description\":\"H\u00f4tel \u00e0 Calella\",\"alternateName\":\"Hotel Bernat II & Spa\",\"potentialAction\":[{\"@type\":\"SearchAction\",\"target\":{\"@type\":\"EntryPoint\",\"urlTemplate\":\"https:\/\/hotelbernatcalella.com\/fr\/?s={search_term_string}\"},\"query-input\":{\"@type\":\"PropertyValueSpecification\",\"valueRequired\":true,\"valueName\":\"search_term_string\"}}],\"inLanguage\":\"fr-FR\"},{\"@type\":\"Person\",\"@id\":\"https:\/\/hotelbernatcalella.com\/fr\/#\/schema\/person\/9d2f8f220d7bb3470c6b37263c1f3a6e\",\"name\":\"admin_bernat\",\"image\":{\"@type\":\"ImageObject\",\"inLanguage\":\"fr-FR\",\"@id\":\"https:\/\/hotelbernatcalella.com\/fr\/#\/schema\/person\/image\/\",\"url\":\"https:\/\/secure.gravatar.com\/avatar\/d85a368a0264070f0a07504f04fe3de78e2fedb7d0b7a9e875b30b569151e37e?s=96&d=mm&r=g\",\"contentUrl\":\"https:\/\/secure.gravatar.com\/avatar\/d85a368a0264070f0a07504f04fe3de78e2fedb7d0b7a9e875b30b569151e37e?s=96&d=mm&r=g\",\"caption\":\"admin_bernat\"},\"sameAs\":[\"https:\/\/hotelbernatcalella.com\"]}]}<\/script>\n<!-- \/ Yoast SEO plugin. -->","yoast_head_json":{"title":"la Saint-Jean \u00e0 Calella 2025 | Hotel Bernat II","description":"La Saint-Jean est l'une des c\u00e9l\u00e9brations les plus traditionnelles de l'\u00e9t\u00e9. R\u00e9servez votre s\u00e9jour \u00e0 l'Hotel Bernat II et profitez-la","robots":{"index":"index","follow":"follow","max-snippet":"max-snippet:-1","max-image-preview":"max-image-preview:large","max-video-preview":"max-video-preview:-1"},"canonical":"https:\/\/hotelbernatcalella.com\/fr\/noticias-fr\/saint-jean-calella-2025\/","og_locale":"fr_FR","og_type":"article","og_title":"la Saint-Jean \u00e0 Calella 2025 | Hotel Bernat II","og_description":"La Saint-Jean est l'une des c\u00e9l\u00e9brations les plus traditionnelles de l'\u00e9t\u00e9. R\u00e9servez votre s\u00e9jour \u00e0 l'Hotel Bernat II et profitez-la","og_url":"https:\/\/hotelbernatcalella.com\/fr\/noticias-fr\/saint-jean-calella-2025\/","og_site_name":"Hotel Bernat II","article_published_time":"2025-06-09T13:49:29+00:00","article_modified_time":"2025-06-10T07:16:51+00:00","og_image":[{"width":2560,"height":1707,"url":"https:\/\/hotelbernatcalella.com\/wp-content\/uploads\/2025\/06\/Sant-Joan-Calella.webp-scaled.webp","type":"image\/webp"}],"author":"admin_bernat","twitter_card":"summary_large_image","twitter_misc":{"\u00c9crit par":"admin_bernat","Dur\u00e9e de lecture estim\u00e9e":"2 minutes"},"schema":{"@context":"https:\/\/schema.org","@graph":[{"@type":"Article","@id":"https:\/\/hotelbernatcalella.com\/fr\/noticias-fr\/saint-jean-calella-2025\/#article","isPartOf":{"@id":"https:\/\/hotelbernatcalella.com\/fr\/noticias-fr\/saint-jean-calella-2025\/"},"author":{"name":"admin_bernat","@id":"https:\/\/hotelbernatcalella.com\/fr\/#\/schema\/person\/9d2f8f220d7bb3470c6b37263c1f3a6e"},"headline":"la Saint-Jean \u00e0 Calella 2025","datePublished":"2025-06-09T13:49:29+00:00","dateModified":"2025-06-10T07:16:51+00:00","mainEntityOfPage":{"@id":"https:\/\/hotelbernatcalella.com\/fr\/noticias-fr\/saint-jean-calella-2025\/"},"wordCount":435,"image":{"@id":"https:\/\/hotelbernatcalella.com\/fr\/noticias-fr\/saint-jean-calella-2025\/#primaryimage"},"thumbnailUrl":"https:\/\/hotelbernatcalella.com\/wp-content\/uploads\/2025\/06\/Sant-Joan-Calella.webp-scaled.webp","keywords":["Bahari Club","Calella","Couples","Culture","Fam\u00edlies","F\u00eates"],"articleSection":["Nouvelles"],"inLanguage":"fr-FR"},{"@type":"WebPage","@id":"https:\/\/hotelbernatcalella.com\/fr\/noticias-fr\/saint-jean-calella-2025\/","url":"https:\/\/hotelbernatcalella.com\/fr\/noticias-fr\/saint-jean-calella-2025\/","name":"la Saint-Jean \u00e0 Calella 2025 | Hotel Bernat II","isPartOf":{"@id":"https:\/\/hotelbernatcalella.com\/fr\/#website"},"primaryImageOfPage":{"@id":"https:\/\/hotelbernatcalella.com\/fr\/noticias-fr\/saint-jean-calella-2025\/#primaryimage"},"image":{"@id":"https:\/\/hotelbernatcalella.com\/fr\/noticias-fr\/saint-jean-calella-2025\/#primaryimage"},"thumbnailUrl":"https:\/\/hotelbernatcalella.com\/wp-content\/uploads\/2025\/06\/Sant-Joan-Calella.webp-scaled.webp","datePublished":"2025-06-09T13:49:29+00:00","dateModified":"2025-06-10T07:16:51+00:00","author":{"@id":"https:\/\/hotelbernatcalella.com\/fr\/#\/schema\/person\/9d2f8f220d7bb3470c6b37263c1f3a6e"},"description":"La Saint-Jean est l'une des c\u00e9l\u00e9brations les plus traditionnelles de l'\u00e9t\u00e9. R\u00e9servez votre s\u00e9jour \u00e0 l'Hotel Bernat II et profitez-la","breadcrumb":{"@id":"https:\/\/hotelbernatcalella.com\/fr\/noticias-fr\/saint-jean-calella-2025\/#breadcrumb"},"inLanguage":"fr-FR","potentialAction":[{"@type":"ReadAction","target":["https:\/\/hotelbernatcalella.com\/fr\/noticias-fr\/saint-jean-calella-2025\/"]}]},{"@type":"ImageObject","inLanguage":"fr-FR","@id":"https:\/\/hotelbernatcalella.com\/fr\/noticias-fr\/saint-jean-calella-2025\/#primaryimage","url":"https:\/\/hotelbernatcalella.com\/wp-content\/uploads\/2025\/06\/Sant-Joan-Calella.webp-scaled.webp","contentUrl":"https:\/\/hotelbernatcalella.com\/wp-content\/uploads\/2025\/06\/Sant-Joan-Calella.webp-scaled.webp","width":2560,"height":1707,"caption":"Focs artificials a la platja de Calella per la revetlla de Sant Joan"},{"@type":"BreadcrumbList","@id":"https:\/\/hotelbernatcalella.com\/fr\/noticias-fr\/saint-jean-calella-2025\/#breadcrumb","itemListElement":[{"@type":"ListItem","position":1,"name":"Portada","item":"https:\/\/hotelbernatcalella.com\/fr\/"},{"@type":"ListItem","position":2,"name":"la Saint-Jean \u00e0 Calella 2025"}]},{"@type":"WebSite","@id":"https:\/\/hotelbernatcalella.com\/fr\/#website","url":"https:\/\/hotelbernatcalella.com\/fr\/","name":"Hotel Bernat II & Spa Calella","description":"H\u00f4tel \u00e0 Calella","alternateName":"Hotel Bernat II & Spa","potentialAction":[{"@type":"SearchAction","target":{"@type":"EntryPoint","urlTemplate":"https:\/\/hotelbernatcalella.com\/fr\/?s={search_term_string}"},"query-input":{"@type":"PropertyValueSpecification","valueRequired":true,"valueName":"search_term_string"}}],"inLanguage":"fr-FR"},{"@type":"Person","@id":"https:\/\/hotelbernatcalella.com\/fr\/#\/schema\/person\/9d2f8f220d7bb3470c6b37263c1f3a6e","name":"admin_bernat","image":{"@type":"ImageObject","inLanguage":"fr-FR","@id":"https:\/\/hotelbernatcalella.com\/fr\/#\/schema\/person\/image\/","url":"https:\/\/secure.gravatar.com\/avatar\/d85a368a0264070f0a07504f04fe3de78e2fedb7d0b7a9e875b30b569151e37e?s=96&d=mm&r=g","contentUrl":"https:\/\/secure.gravatar.com\/avatar\/d85a368a0264070f0a07504f04fe3de78e2fedb7d0b7a9e875b30b569151e37e?s=96&d=mm&r=g","caption":"admin_bernat"},"sameAs":["https:\/\/hotelbernatcalella.com"]}]}},"loftoceanMetas":{"authorName":"admin_bernat","categories":[{"name":"Nouvelles","link":"https:\/\/hotelbernatcalella.com\/fr\/category\/noticias-fr\/","count":24}],"date":"9 de juin de 2025","featuredImageSRC":"https:\/\/hotelbernatcalella.com\/wp-content\/uploads\/2025\/06\/Sant-Joan-Calella.webp-150x150.webp"},"_links":{"self":[{"href":"https:\/\/hotelbernatcalella.com\/fr\/wp-json\/wp\/v2\/posts\/14039","targetHints":{"allow":["GET"]}}],"collection":[{"href":"https:\/\/hotelbernatcalella.com\/fr\/wp-json\/wp\/v2\/posts"}],"about":[{"href":"https:\/\/hotelbernatcalella.com\/fr\/wp-json\/wp\/v2\/types\/post"}],"author":[{"embeddable":true,"href":"https:\/\/hotelbernatcalella.com\/fr\/wp-json\/wp\/v2\/users\/1"}],"replies":[{"embeddable":true,"href":"https:\/\/hotelbernatcalella.com\/fr\/wp-json\/wp\/v2\/comments?post=14039"}],"version-history":[{"count":0,"href":"https:\/\/hotelbernatcalella.com\/fr\/wp-json\/wp\/v2\/posts\/14039\/revisions"}],"wp:featuredmedia":[{"embeddable":true,"href":"https:\/\/hotelbernatcalella.com\/fr\/wp-json\/wp\/v2\/media\/14016"}],"wp:attachment":[{"href":"https:\/\/hotelbernatcalella.com\/fr\/wp-json\/wp\/v2\/media?parent=14039"}],"wp:term":[{"taxonomy":"category","embeddable":true,"href":"https:\/\/hotelbernatcalella.com\/fr\/wp-json\/wp\/v2\/categories?post=14039"},{"taxonomy":"post_tag","embeddable":true,"href":"https:\/\/hotelbernatcalella.com\/fr\/wp-json\/wp\/v2\/tags?post=14039"}],"curies":[{"name":"wp","href":"https:\/\/api.w.org\/{rel}","templated":true}]}}