{"id":13955,"date":"2025-06-05T08:05:06","date_gmt":"2025-06-05T08:05:06","guid":{"rendered":"https:\/\/www.hotelbernatcalella.com\/no-category-fr\/juin-2025\/"},"modified":"2025-06-05T09:44:12","modified_gmt":"2025-06-05T09:44:12","slug":"agenda-mensuel-juin-2025-calella","status":"publish","type":"post","link":"https:\/\/hotelbernatcalella.com\/fr\/agenda-fr\/agenda-mensuel-juin-2025-calella\/","title":{"rendered":"Juin 2025"},"content":{"rendered":"\t\t<div data-elementor-type=\"wp-post\" data-elementor-id=\"13955\" class=\"elementor elementor-13955 elementor-13946\" data-elementor-post-type=\"post\">\n\t\t\t\t<div class=\"elementor-element elementor-element-036eec9 e-flex e-con-boxed e-con e-parent\" data-id=\"036eec9\" data-element_type=\"container\" data-e-type=\"container\">\n\t\t\t\t\t<div class=\"e-con-inner\">\n\t\t\t\t<div class=\"elementor-element elementor-element-6f427fb elementor-widget elementor-widget-text-editor\" data-id=\"6f427fb\" data-element_type=\"widget\" data-e-type=\"widget\" data-widget_type=\"text-editor.default\">\n\t\t\t\t\t\t\t\t\t<h1><strong><span style=\"color: #91ccd4;\">Agenda mensuel de Juin 2025 \u00e0 Calella<\/span><\/strong><\/h1><p><span style=\"font-weight: 400;\">Calella accueille le mois de juin avec une explosion de couleurs, de musique et de traditions. Ce mois-ci, la ville m\u00e9diterran\u00e9enne propose une grande vari\u00e9t\u00e9 d&rsquo;activit\u00e9s, des festivals internationaux aux f\u00eates locales, en passant par des march\u00e9s, des concerts en plein air, des expositions et des spectacles pour tous les publics. C\u2019est l\u2019occasion id\u00e9ale de d\u00e9couvrir le charme c\u00f4tier de Calella et de plonger dans sa riche vie culturelle.<\/span><\/p><p><span style=\"font-weight: 400;\">L\u2019<\/span><a href=\"https:\/\/hotelbernatcalella.com\/fr\" target=\"_blank\" rel=\"noopener\"><span style=\"font-weight: 400;\">Hotel Bernat II<\/span><\/a><span style=\"font-weight: 400;\"> vous invite \u00e0 vivre cette exp\u00e9rience unique, avec tout le confort n\u00e9cessaire pour des vacances inoubliables, que vous voyagiez en famille, en couple ou entre amis. Consultez l\u2019agenda mensuel et ne manquez aucun des \u00e9v\u00e9nements incontournables que Calella vous propose en juin.<\/span><\/p><h2><span style=\"color: #a4adac;\"><strong>Programmation de Juin 2025<\/strong><\/span><\/h2><h3><strong>Lieux d&rsquo;int\u00e9r\u00eat :<\/strong><\/h3><ul><li><span style=\"font-weight: 400;\"><strong>Salle d\u2019Exposition de l\u2019Ancienne Mairie<\/strong> (Pla\u00e7a de l\u2019Ajuntament, 1-3)<\/span><span style=\"font-weight: 400;\"><br \/><\/span><span style=\"font-weight: 400;\"> Horaires : du lundi au vendredi de 10h00 \u00e0 14h00 \/ du mardi au samedi de 18h00 \u00e0 21h00 \/ dimanches et jours f\u00e9ri\u00e9s de 11h00 \u00e0 14h00. Entr\u00e9e gratuite.<\/span><\/li><li><span style=\"font-weight: 400;\"><strong>Mus\u00e9e du Tourisme<\/strong> (Carrer Sant Pere, 122-140)<\/span><span style=\"font-weight: 400;\"><br \/><\/span><span style=\"font-weight: 400;\"> Horaires : du mardi au samedi de 17h00 \u00e0 21h00 \/ dimanches et jours f\u00e9ri\u00e9s de 11h00 \u00e0 14h00 et de 17h00 \u00e0 21h00<\/span><span style=\"font-weight: 400;\"><br \/><\/span><span style=\"font-weight: 400;\"> Prix : 2 \u20ac (r\u00e9duit 1 \u20ac). Entr\u00e9e gratuite le premier dimanche du mois.<\/span><\/li><li><span style=\"font-weight: 400;\"><strong>Centre d\u2019Interpr\u00e9tation du Phare<\/strong> (Carretera Nacional II, km. 666)<\/span><span style=\"font-weight: 400;\"><br \/><\/span><span style=\"font-weight: 400;\"> Horaires : samedis, dimanches et jours f\u00e9ri\u00e9s de 10h00 \u00e0 14h00<\/span><span style=\"font-weight: 400;\"><br \/><\/span><span style=\"font-weight: 400;\"> Prix : 2 \u20ac (r\u00e9duit 1 \u20ac). Entr\u00e9e gratuite le premier dimanche du mois.<\/span><\/li><li><span style=\"font-weight: 400;\"><strong>Abri Antia\u00e9rien du Parc Dalmau<\/strong> (zone de jeux pour enfants)<\/span><span style=\"font-weight: 400;\"><br \/><\/span><span style=\"font-weight: 400;\"> Horaires : samedis, dimanches et jours f\u00e9ri\u00e9s de 10h00 \u00e0 14h00<\/span><span style=\"font-weight: 400;\"><br \/><\/span><span style=\"font-weight: 400;\"> Prix : 1 \u20ac (r\u00e9duit 0,50 \u20ac). Entr\u00e9e gratuite le premier dimanche du mois.<\/span><\/li><li><span style=\"font-weight: 400;\"><strong>Chapelle de Sant Quirze et Santa Julita<\/strong> (Carrer Francesc Bartrina, 18)<\/span><span style=\"font-weight: 400;\"><br \/><\/span><span style=\"font-weight: 400;\"> \u00c0 partir du 2 juin, visites sur rendez-vous uniquement. Informations et r\u00e9servations : <a href=\"mailto:museumunicipal@calella.cat\">museumunicipal@calella.cat<\/a> \/ T\u00e9l. 937 695 102<\/span><\/li><li><strong>Biblioth\u00e8que Municipale Can Salvador de la Pla\u00e7a<\/strong><span style=\"font-weight: 400;\"><br \/><\/span><span style=\"font-weight: 400;\"> Horaires : lundi et mercredi de 15h30 \u00e0 20h00 \/ mardi et jeudi de 10h30 \u00e0 13h00 et de 15h30 \u00e0 20h00 \/ samedis de 10h00 \u00e0 13h30<\/span><\/li><\/ul><h3>\u00a0<\/h3><h3><strong>Activit\u00e9s Fixes :<\/strong><\/h3><ul><li><b>3, 5, 7, 10, 12, 14, 17, 19, 21, 26 et 28 Juin<\/b><b><br \/><\/b> <b>07h30<\/b><span style=\"font-weight: 400;\"> \u2013 Randonn\u00e9es autour de Calella \u2013 D\u00e9part du terrain de football de mer<\/span><\/li><li><b>2, 9, 23 et 30 Juin<\/b><b><br \/><\/b> <b>09h30 \u00e0 11h00<\/b><span style=\"font-weight: 400;\"> \u2013 S\u00e9ances de Tai-chi \u2013 Parc Dalmau<\/span><\/li><li><b>13 au 16 Juin<\/b><b><br \/><\/b> <b>F\u00eate de Sant Quirze et Santa Julita<\/b><span style=\"font-weight: 400;\"> \u2013 Voir programme sp\u00e9cifique<\/span><\/li><\/ul><h3>\u00a0<\/h3><h3><strong>Activit\u00e9s de Juin 2025 :<\/strong><\/h3><p><b>DIMANCHE, 1 JUIN<\/b><b><br \/><\/b> <b>10h00 \u00e0 14h00 et 16h00 \u00e0 21h00<\/b><span style=\"font-weight: 400;\"> \u2013 Pati de l\u2019\u00d3s (Parc Dalmau) \u2013 97e Rencontre de Sardanes de Calella<\/span><span style=\"font-weight: 400;\"><br \/><\/span> <b>10h00 \u00e0 20h00<\/b><span style=\"font-weight: 400;\"> \u2013 Pati de l\u2019\u00d3s \u2013 Foire artisanale de la Rencontre de Sardanes<\/span><span style=\"font-weight: 400;\"><br \/><\/span> <b>10h00 \u00e0 14h00<\/b><span style=\"font-weight: 400;\"> \u2013 Promenade Manuel Puigvert \u2013 Rencontre de collectionneurs et d\u2019\u00e9change<\/span><\/p><p><b>LUNDI, 2 JUIN<\/b><b><br \/><\/b><span style=\"font-weight: 400;\"> D\u00e9but du Screamin\u2019 Festival (jusqu\u2019au 8 juin) \u2013 Divers lieux \u00e0 Calella \u2013 Festival de musique rock des ann\u00e9es 50<\/span><span style=\"font-weight: 400;\"><br \/><\/span><span style=\"font-weight: 400;\"> Plus d\u2019informations :<\/span><a href=\"http:\/\/www.screaminfestival.com\/\"> <span style=\"font-weight: 400;\">www.screaminfestival.com<\/span><\/a><\/p><p><b>VENDREDI, 6 JUIN<\/b><b><br \/><\/b> <b>21h30<\/b><span style=\"font-weight: 400;\"> \u2013 \u00c9glise paroissiale de Calella \u2013 Concert du ch\u0153ur Exaudio d\u2019Igualada<\/span><\/p><p><b>SAMEDI, 7 JUIN<\/b><b><br \/><\/b> <b>11h00<\/b><span style=\"font-weight: 400;\"> \u2013 Promenade Manuel Puigvert \u2013 Exposition de voitures anciennes, march\u00e9 vintage et musique live<\/span><span style=\"font-weight: 400;\"><br \/><\/span> <b>11h00<\/b><span style=\"font-weight: 400;\"> \u2013 Place du march\u00e9 hebdomadaire \u2013 Atelier \u00ab\u00a0Fabrique ton propre sac avec des v\u00eatements recycl\u00e9s\u00a0\u00bb (Journ\u00e9e de l\u2019environnement)<\/span><span style=\"font-weight: 400;\"><br \/><\/span> <b>17h00<\/b><span style=\"font-weight: 400;\"> \u2013 Promenade Manuel Puigvert (Monument \u00e0 la Sardane) \u2013 2e F\u00eate Calella Artesana et Rassemblement Solidaire de Tricot<\/span><span style=\"font-weight: 400;\"><br \/><\/span> <b>18h00<\/b><span style=\"font-weight: 400;\"> \u2013 Salle Mozart \u2013 Spectacle Play-Back \u00ab\u00a0La vie est belle\u00a0\u00bb. Billets : de 18h30 \u00e0 20h00 \u00e0 la salle Mozart<\/span><span style=\"font-weight: 400;\"><br \/><\/span> <b>19h00<\/b><span style=\"font-weight: 400;\"> \u2013 Salle d\u2019exposition de l\u2019Ancienne Mairie \u2013 Inauguration de l\u2019exposition \u00ab\u00a090 ans d\u2019histoire des G\u00e9ants\u00a0\u00bb<\/span><span style=\"font-weight: 400;\"><br \/><\/span> <b>20h00<\/b><span style=\"font-weight: 400;\"> \u2013 Place de la Mairie \u2013 Rassemblement des personnages pour le Correfoc Infantil<\/span><span style=\"font-weight: 400;\"><br \/><\/span> <b>21h00<\/b><span style=\"font-weight: 400;\"> \u2013 Depuis la Place de la Mairie \u2013 Correfoc Infantil<\/span><\/p><p><b>DIMANCHE, 8 JUIN<\/b><b><br \/><\/b> <b>10h00<\/b><span style=\"font-weight: 400;\"> \u2013 Grande Plage \u2013 Lancer de filets de p\u00eache traditionnel (Club de P\u00eache Sportive de Calella)<\/span><span style=\"font-weight: 400;\"><br \/><\/span> <b>14h00<\/b><span style=\"font-weight: 400;\"> \u2013 Promenade Manuel Puigvert \u2013 Paella populaire (Association Sant Quirze) \u2013 R\u00e9servations : 650 983 427 \u2013 Prix : 15 \u20ac<\/span><span style=\"font-weight: 400;\"><br \/><\/span> <b>18h30<\/b><span style=\"font-weight: 400;\"> \u2013 Th\u00e9\u00e2tre Orfe\u00f3 \u2013 Pi\u00e8ce : \u00ab\u00a0Ram\u00f3n, le traumatisme du lion\u00a0\u00bb \u2013 Billets :<\/span><a href=\"http:\/\/www.joventutartistica.com\/\"> <span style=\"font-weight: 400;\">www.joventutartistica.com<\/span><\/a><\/p><p><b>MARDI, 10 JUIN<\/b><b><br \/><\/b> <b>19h30<\/b><span style=\"font-weight: 400;\"> \u2013 Auditorium Josep-Maria Terricabras \u2013 Conf\u00e9rence : \u00ab\u00a0Le Phare de Calella, phare entre le Montnegre et la M\u00e9diterran\u00e9e\u00a0\u00bb<\/span><\/p><p><b>JEUDI, 12 JUIN<\/b><b><br \/><\/b> <b>10h00 \u00e0 12h30<\/b><span style=\"font-weight: 400;\"> \u2013 Promenade Manuel Puigvert \u2013 Festival \u00ab\u00a0La Minerva chante la mer\u00a0\u00bb \u2013 Organis\u00e9 par l\u2019\u00e9cole La Minerva \u2013<\/span><a href=\"https:\/\/agora.xtec.cat\/ceiplaminerva\"> <span style=\"font-weight: 400;\">https:\/\/agora.xtec.cat\/ceiplaminerva<\/span><\/a><\/p><p><b>VENDREDI, 13 JUIN<\/b><b><br \/><\/b> <b>18h30<\/b><span style=\"font-weight: 400;\"> \u2013 Auditorium Josep-Maria Terricabras \u2013 Causeries d\u2019op\u00e9ra sur \u00ab\u00a0Lucia di Lammermoor\u00a0\u00bb de Gaetano Donizetti<\/span><\/p><p><b>SAMEDI, 14 JUIN<\/b><b><br \/><\/b> <b>17h30<\/b><span style=\"font-weight: 400;\"> \u2013 Depuis la Salle d\u2019exposition de l\u2019Ancienne Mairie \u2013 Visite guid\u00e9e \u00ab\u00a0Une promenade dans l\u2019histoire de Calella\u00a0\u00bb \u2013 R\u00e9servations jusqu\u2019au 13 juin \u00e0 14h : museumunicipal@calella.cat<\/span><\/p><p><b>DIMANCHE, 15 JUIN<\/b><b><br \/><\/b> <b>09h00 \u00e0 20h00<\/b><span style=\"font-weight: 400;\"> \u2013 Pavillon du Parc Dalmau \u2013 Open de Patinage Artistique D\u00e9butants<\/span><\/p><p><b>MARDI, 17 JUIN<\/b><b><br \/><\/b> <b>19h00<\/b><span style=\"font-weight: 400;\"> \u2013 Salle d\u2019exposition de l\u2019Ancienne Mairie \u2013 Remise des prix du 2e Concours de Peinture Rapide Francesc Oliver Fradera \u2013 Plus d\u2019infos : 937 695 102<\/span><\/p><p><b>MERCREDI, 18 JUIN<\/b><b><br \/><\/b><span style=\"font-weight: 400;\"> D\u00e9but du Calella Folk Festival (jusqu\u2019au 2 juillet) \u2013 Pla\u00e7a de l\u2019Ajuntament, Pla\u00e7a de l\u2019Esgl\u00e9sia et d\u00e9fil\u00e9s<\/span><span style=\"font-weight: 400;\"><br \/><\/span> <b>17h00 \u00e0 20h00<\/b><span style=\"font-weight: 400;\"> \u2013 Rue Esgl\u00e9sia \u2013 Point violet familial LGTBI<\/span><span style=\"font-weight: 400;\"><br \/><\/span> <b>21h00 \u00e0 00h00<\/b><span style=\"font-weight: 400;\"> \u2013 Pla\u00e7a de l\u2019Ajuntament \u2013 Spectacles du Calella Folk Festival<\/span><\/p><p><b>JEUDI, 19 JUIN<\/b><b><br \/><\/b> <b>18h00<\/b><span style=\"font-weight: 400;\"> \u2013 Promenade Manuel Puigvert \u2013 Veill\u00e9e de Sant Joan pour les a\u00een\u00e9s avec bal<\/span><span style=\"font-weight: 400;\"><br \/><\/span> <b>21h00 \u00e0 00h00<\/b><span style=\"font-weight: 400;\"> \u2013 Pla\u00e7a de l\u2019Ajuntament \u2013 Spectacles du Calella Folk Festival<\/span><\/p><p><b>VENDREDI, 20 JUIN<\/b><b><br \/><\/b> <b>17h00 \u00e0 18h00<\/b><span style=\"font-weight: 400;\"> \u2013 D\u00e9fil\u00e9 Calella Folk Festival \u2013 Riera Capaspre, C. Jovara, C. \u00c0nimes, C. Esgl\u00e9sia<\/span><span style=\"font-weight: 400;\"><br \/><\/span> <b>21h00 \u00e0 00h00<\/b><span style=\"font-weight: 400;\"> \u2013 Pla\u00e7a de l\u2019Ajuntament \u2013 Spectacles<\/span><span style=\"font-weight: 400;\"><br \/><\/span> <b>21h30<\/b><span style=\"font-weight: 400;\"> \u2013 \u00c9glise paroissiale \u2013 Concert \u00ab\u00a0Chants de l\u2019esprit, chants du vent\u00a0\u00bb<\/span><\/p><p><b>SAMEDI, 21 JUIN<\/b><b><br \/><\/b> <b>11h00<\/b><span style=\"font-weight: 400;\"> \u2013 Place du march\u00e9 hebdomadaire \u2013 Atelier enfants<\/span><span style=\"font-weight: 400;\"><br \/><\/span> <b>21h00 \u00e0 00h00<\/b><span style=\"font-weight: 400;\"> \u2013 Pla\u00e7a de l\u2019Ajuntament \u2013 Spectacles<\/span><\/p><p><b>DIMANCHE, 22 JUIN<\/b><b><br \/><\/b><span style=\"font-weight: 400;\"> Toute la journ\u00e9e \u2013 \u00c9glise \u2013 Tapis de fleurs<\/span><span style=\"font-weight: 400;\"><br \/><\/span> <b>09h00<\/b><span style=\"font-weight: 400;\"> \u2013 Promenade \u2013 Marche contre la maltraitance des a\u00een\u00e9s<\/span><span style=\"font-weight: 400;\"><br \/><\/span> <b>21h00 \u00e0 00h00<\/b><span style=\"font-weight: 400;\"> \u2013 Pla\u00e7a de l\u2019Ajuntament \u2013 Spectacles<\/span><\/p><p><b>LUNDI, 23 JUIN<\/b><b><br \/><\/b> <b>21h00<\/b><span style=\"font-weight: 400;\"> \u2013 Promenade \u2013 Arriv\u00e9e Flamme du Canig\u00f3, manifeste et feu<\/span><span style=\"font-weight: 400;\"><br \/><\/span> <b>22h00<\/b><span style=\"font-weight: 400;\"> \u2013 D\u00eener populaire<\/span><span style=\"font-weight: 400;\"><br \/><\/span> <b>23h00<\/b><span style=\"font-weight: 400;\"> \u2013 Bal avec The Sideburns<\/span><\/p><p><b>MARDI, 24 JUIN<\/b><b><br \/><\/b> <b>20h15<\/b><span style=\"font-weight: 400;\"> \u2013 D\u00e9fil\u00e9 Folk Festival jusqu\u2019\u00e0 Pla\u00e7a de l\u2019Esgl\u00e9sia<\/span><span style=\"font-weight: 400;\"><br \/><\/span> <b>20h30 \u00e0 23h00<\/b><span style=\"font-weight: 400;\"> \u2013 Spectacles<\/span><\/p><p><b>MERCREDI, 25 JUIN<\/b><b><br \/><\/b> <b>17h00 \u00e0 18h00<\/b><span style=\"font-weight: 400;\"> \u2013 D\u00e9fil\u00e9 jusqu\u2019\u00e0 la Mairie<\/span><span style=\"font-weight: 400;\"><br \/><\/span> <b>20h30<\/b><span style=\"font-weight: 400;\"> \u2013 Pla\u00e7a de l\u2019Esgl\u00e9sia \u2013 Spectacles<\/span><span style=\"font-weight: 400;\"><br \/><\/span> <b>21h00 \u00e0 00h00<\/b><span style=\"font-weight: 400;\"> \u2013 Pla\u00e7a de l\u2019Ajuntament \u2013 Spectacles<\/span><\/p><p><b>JEUDI, 26 JUIN<\/b><b><br \/><\/b> <b>21h00<\/b><span style=\"font-weight: 400;\"> \u2013 Salle Mozart \u2013 Film \u00ab\u00a0Els Raigs\u00a0\u00bb \u2013 Billets<\/span><a href=\"https:\/\/ciclegaudi.cat\/sales\/calella\/\"> <span style=\"font-weight: 400;\">Calella &#8211; Cicle Gaud\u00ed<\/span><span style=\"font-weight: 400;\"><br \/><\/span><\/a> <b>21h00 \u00e0 00h00<\/b><span style=\"font-weight: 400;\"> \u2013 Spectacles<\/span><\/p><p><b>VENDREDI, 27 JUIN<\/b><b><br \/><\/b> <b>17h00<\/b><span style=\"font-weight: 400;\"> \u2013 Promenade \u2013 Activit\u00e9s diversit\u00e9<\/span><span style=\"font-weight: 400;\"><br \/><\/span> <b>20h00<\/b><span style=\"font-weight: 400;\"> \u2013 Th\u00e9\u00e2tre Orfe\u00f3 \u2013 \u00ab\u00a0Rinconete y Cortadillo\u00a0\u00bb \u2013<\/span><a href=\"http:\/\/www.joventutartistica.com\/\"> <span style=\"font-weight: 400;\">www.joventutartistica.com<\/span><span style=\"font-weight: 400;\"><br \/><\/span><\/a> <b>20h30 \u00e0 23h00<\/b><span style=\"font-weight: 400;\"> \u2013 Pla\u00e7a de l\u2019Esgl\u00e9sia \u2013 Spectacles<\/span><span style=\"font-weight: 400;\"><br \/><\/span> <b>21h00 \u00e0 00h00<\/b><span style=\"font-weight: 400;\"> \u2013 Mairie \u2013 Spectacles<\/span><span style=\"font-weight: 400;\"><br \/><\/span> <b>22h00<\/b><span style=\"font-weight: 400;\"> \u2013 Phare \u2013 Concert Alfred Garc\u00eda (NEC\u201925) \u2013<\/span><a href=\"https:\/\/www.entrapolis.com\/\"> <span style=\"font-weight: 400;\">www.entrapolis.com<\/span><\/a><\/p><p><b>SAMEDI, 28 JUIN<\/b><b><br \/><\/b> <b>17h00<\/b><span style=\"font-weight: 400;\"> \u2013 \u00c9glise \u2013 Concert chorale Prince Henry<\/span><span style=\"font-weight: 400;\"><br \/><\/span> <b>18h00 et 20h00<\/b><span style=\"font-weight: 400;\"> \u2013 Th\u00e9\u00e2tre \u2013 Rinconete y Cortadillo<\/span><span style=\"font-weight: 400;\"><br \/><\/span> <b>20h00<\/b><span style=\"font-weight: 400;\"> \u2013 Can Xena \u2013 Veill\u00e9e Can Xena<\/span><span style=\"font-weight: 400;\"><br \/><\/span> <b>21h00<\/b><span style=\"font-weight: 400;\"> \u2013 Promenade \u2013 Marche nocturne<\/span><\/p><p><b>DIMANCHE, 29 JUIN<\/b><b><br \/><\/b> <b>18h00<\/b><span style=\"font-weight: 400;\"> \u2013 Salle Mozart \u2013 Spectacle \u00ab\u00a0Fusion III\u00a0\u00bb contre la solitude<\/span><span style=\"font-weight: 400;\"><br \/><\/span> <b>18h00<\/b><span style=\"font-weight: 400;\"> \u2013 D\u00e9fil\u00e9 jusqu\u2019\u00e0 Esgl\u00e9sia<\/span><span style=\"font-weight: 400;\"><br \/><\/span> <b>18h00 \u00e0 23h00<\/b><span style=\"font-weight: 400;\"> \u2013 Spectacles<\/span><span style=\"font-weight: 400;\"><br \/><\/span> <b>18h00 et 20h00<\/b><span style=\"font-weight: 400;\"> \u2013 Th\u00e9\u00e2tre \u2013 Rinconete y Cortadillo<\/span><\/p><p><b>LUNDI, 30 JUIN<\/b><b><br \/><\/b> <b>18h20 \u00e0 23h00<\/b><span style=\"font-weight: 400;\"> \u2013 Spectacles<\/span><span style=\"font-weight: 400;\"><br \/><\/span> <b>21h30<\/b><span style=\"font-weight: 400;\"> \u2013 \u00c9glise \u2013 Festival Guitare M\u00e9diterran\u00e9enne \u2013 Concert Marc Segura \u2013<\/span><a href=\"http:\/\/www.mediterraneanguitarfestival.com\/\"> <span style=\"font-weight: 400;\">mediterraneanguitarfestival.com<\/span><\/a><\/p><p><span style=\"font-weight: 400;\">Vous allez manquer \u00e7a ? R\u00e9servez d\u00e8s maintenant sur<\/span><a href=\"https:\/\/hotelbernatcalella.com\/fr\" target=\"_blank\" rel=\"noopener\"> <span style=\"font-weight: 400;\">hotelbernatcalella.com<\/span><\/a><\/p>\t\t\t\t\t\t\t\t<\/div>\n\t\t\t\t\t<\/div>\n\t\t\t\t<\/div>\n\t\t\t\t<\/div>\n\t\t","protected":false},"excerpt":{"rendered":"<p>Agenda mensuel de Juin 2025 \u00e0 Calella Calella accueille le mois de juin avec une explosion de couleurs, de musique et de traditions. Ce mois-ci, la ville m\u00e9diterran\u00e9enne propose une grande vari\u00e9t\u00e9 d&rsquo;activit\u00e9s, des festivals internationaux aux f\u00eates locales, en passant par des march\u00e9s, des concerts en plein air, des expositions et des spectacles pour &#8230;<\/p>\n","protected":false},"author":1,"featured_media":15283,"comment_status":"closed","ping_status":"open","sticky":false,"template":"","format":"standard","meta":{"loftocean_post_format_gallery":"","loftocean_post_format_gallery_ids":"","loftocean_post_format_gallery_urls":"","loftocean_post_format_video_id":0,"loftocean_post_format_video_url":"","loftocean_post_format_video_type":"","loftocean_post_format_video":"","loftocean_post_format_audio_type":"","loftocean_post_format_audio_url":"","loftocean_post_format_audio_id":0,"loftocean_post_format_audio":"","loftocean-like-count":0,"cozystay_single_post_hide_site_header":"","cozystay_single_post_site_header_source":"","cozystay_single_post_custom_site_header":"0","cozystay_single_post_custom_sticky_site_header":"0","cozystay_single_post_hide_page_title":"","cozystay_single_post_site_footer_hide_main":"","cozystay_single_custom_site_footer_main_source":"","cozystay_single_custom_site_footer_main":"0","cozystay_single_post_site_footer_hide_above":"","cozystay_single_custom_site_footer_above_source":"","cozystay_single_custom_site_footer_above":"0","cozystay_single_post_site_footer_hide_instagram":"","cozystay_single_post_site_footer_hide_bottom":"","cozystay_single_custom_mobile_menu_source":"","cozystay_single_custom_mobile_menu":"0","cozystay_single_custom_mobile_menu_animation":"","cozystay_single_custom_mobile_menu_width":"","cozystay_single_custom_mobile_menu_custom_width":375,"cozystay_single_post_template":"","footnotes":""},"categories":[448],"tags":[567],"class_list":["post-13955","post","type-post","status-publish","format-standard","has-post-thumbnail","hentry","category-agenda-fr","tag-agenda-mensuel"],"yoast_head":"<!-- This site is optimized with the Yoast SEO plugin v27.1.1 - https:\/\/yoast.com\/product\/yoast-seo-wordpress\/ -->\n<title>Juin 2025 | Hotel Bernat II<\/title>\n<meta name=\"description\" content=\"Consultez l\u2019agenda mensuel et ne manquez aucun des \u00e9v\u00e9nements incontournables que Calella, \u00e0 c\u00f4te de Barcelona, vous propose en juin\" \/>\n<meta name=\"robots\" content=\"index, follow, max-snippet:-1, max-image-preview:large, max-video-preview:-1\" \/>\n<link rel=\"canonical\" href=\"https:\/\/hotelbernatcalella.com\/fr\/agenda-fr\/agenda-mensuel-juin-2025-calella\/\" \/>\n<meta property=\"og:locale\" content=\"fr_FR\" \/>\n<meta property=\"og:type\" content=\"article\" \/>\n<meta property=\"og:title\" content=\"Juin 2025 | Hotel Bernat II\" \/>\n<meta property=\"og:description\" content=\"Consultez l\u2019agenda mensuel et ne manquez aucun des \u00e9v\u00e9nements incontournables que Calella, \u00e0 c\u00f4te de Barcelona, vous propose en juin\" \/>\n<meta property=\"og:url\" content=\"https:\/\/hotelbernatcalella.com\/fr\/agenda-fr\/agenda-mensuel-juin-2025-calella\/\" \/>\n<meta property=\"og:site_name\" content=\"Hotel Bernat II\" \/>\n<meta property=\"article:published_time\" content=\"2025-06-05T08:05:06+00:00\" \/>\n<meta property=\"article:modified_time\" content=\"2025-06-05T09:44:12+00:00\" \/>\n<meta property=\"og:image\" content=\"https:\/\/hotelbernatcalella.com\/wp-content\/uploads\/2025\/06\/torretas-calella.webp\" \/>\n\t<meta property=\"og:image:width\" content=\"1414\" \/>\n\t<meta property=\"og:image:height\" content=\"2000\" \/>\n\t<meta property=\"og:image:type\" content=\"image\/webp\" \/>\n<meta name=\"author\" content=\"admin_bernat\" \/>\n<meta name=\"twitter:card\" content=\"summary_large_image\" \/>\n<meta name=\"twitter:label1\" content=\"\u00c9crit par\" \/>\n\t<meta name=\"twitter:data1\" content=\"admin_bernat\" \/>\n\t<meta name=\"twitter:label2\" content=\"Dur\u00e9e de lecture estim\u00e9e\" \/>\n\t<meta name=\"twitter:data2\" content=\"6 minutes\" \/>\n<script type=\"application\/ld+json\" class=\"yoast-schema-graph\">{\"@context\":\"https:\/\/schema.org\",\"@graph\":[{\"@type\":\"Article\",\"@id\":\"https:\/\/hotelbernatcalella.com\/fr\/agenda-fr\/agenda-mensuel-juin-2025-calella\/#article\",\"isPartOf\":{\"@id\":\"https:\/\/hotelbernatcalella.com\/fr\/agenda-fr\/agenda-mensuel-juin-2025-calella\/\"},\"author\":{\"name\":\"admin_bernat\",\"@id\":\"https:\/\/hotelbernatcalella.com\/fr\/#\/schema\/person\/9d2f8f220d7bb3470c6b37263c1f3a6e\"},\"headline\":\"Juin 2025\",\"datePublished\":\"2025-06-05T08:05:06+00:00\",\"dateModified\":\"2025-06-05T09:44:12+00:00\",\"mainEntityOfPage\":{\"@id\":\"https:\/\/hotelbernatcalella.com\/fr\/agenda-fr\/agenda-mensuel-juin-2025-calella\/\"},\"wordCount\":1124,\"image\":{\"@id\":\"https:\/\/hotelbernatcalella.com\/fr\/agenda-fr\/agenda-mensuel-juin-2025-calella\/#primaryimage\"},\"thumbnailUrl\":\"https:\/\/hotelbernatcalella.com\/wp-content\/uploads\/2025\/06\/torretas-calella.webp\",\"keywords\":[\"Agenda mensuel\"],\"articleSection\":[\"Agenda Mensuel\"],\"inLanguage\":\"fr-FR\"},{\"@type\":\"WebPage\",\"@id\":\"https:\/\/hotelbernatcalella.com\/fr\/agenda-fr\/agenda-mensuel-juin-2025-calella\/\",\"url\":\"https:\/\/hotelbernatcalella.com\/fr\/agenda-fr\/agenda-mensuel-juin-2025-calella\/\",\"name\":\"Juin 2025 | Hotel Bernat II\",\"isPartOf\":{\"@id\":\"https:\/\/hotelbernatcalella.com\/fr\/#website\"},\"primaryImageOfPage\":{\"@id\":\"https:\/\/hotelbernatcalella.com\/fr\/agenda-fr\/agenda-mensuel-juin-2025-calella\/#primaryimage\"},\"image\":{\"@id\":\"https:\/\/hotelbernatcalella.com\/fr\/agenda-fr\/agenda-mensuel-juin-2025-calella\/#primaryimage\"},\"thumbnailUrl\":\"https:\/\/hotelbernatcalella.com\/wp-content\/uploads\/2025\/06\/torretas-calella.webp\",\"datePublished\":\"2025-06-05T08:05:06+00:00\",\"dateModified\":\"2025-06-05T09:44:12+00:00\",\"author\":{\"@id\":\"https:\/\/hotelbernatcalella.com\/fr\/#\/schema\/person\/9d2f8f220d7bb3470c6b37263c1f3a6e\"},\"description\":\"Consultez l\u2019agenda mensuel et ne manquez aucun des \u00e9v\u00e9nements incontournables que Calella, \u00e0 c\u00f4te de Barcelona, vous propose en juin\",\"breadcrumb\":{\"@id\":\"https:\/\/hotelbernatcalella.com\/fr\/agenda-fr\/agenda-mensuel-juin-2025-calella\/#breadcrumb\"},\"inLanguage\":\"fr-FR\",\"potentialAction\":[{\"@type\":\"ReadAction\",\"target\":[\"https:\/\/hotelbernatcalella.com\/fr\/agenda-fr\/agenda-mensuel-juin-2025-calella\/\"]}]},{\"@type\":\"ImageObject\",\"inLanguage\":\"fr-FR\",\"@id\":\"https:\/\/hotelbernatcalella.com\/fr\/agenda-fr\/agenda-mensuel-juin-2025-calella\/#primaryimage\",\"url\":\"https:\/\/hotelbernatcalella.com\/wp-content\/uploads\/2025\/06\/torretas-calella.webp\",\"contentUrl\":\"https:\/\/hotelbernatcalella.com\/wp-content\/uploads\/2025\/06\/torretas-calella.webp\",\"width\":1414,\"height\":2000,\"caption\":\"torretas-calella\"},{\"@type\":\"BreadcrumbList\",\"@id\":\"https:\/\/hotelbernatcalella.com\/fr\/agenda-fr\/agenda-mensuel-juin-2025-calella\/#breadcrumb\",\"itemListElement\":[{\"@type\":\"ListItem\",\"position\":1,\"name\":\"Portada\",\"item\":\"https:\/\/hotelbernatcalella.com\/fr\/\"},{\"@type\":\"ListItem\",\"position\":2,\"name\":\"Juin 2025\"}]},{\"@type\":\"WebSite\",\"@id\":\"https:\/\/hotelbernatcalella.com\/fr\/#website\",\"url\":\"https:\/\/hotelbernatcalella.com\/fr\/\",\"name\":\"Hotel Bernat II & Spa Calella\",\"description\":\"H\u00f4tel \u00e0 Calella\",\"alternateName\":\"Hotel Bernat II & Spa\",\"potentialAction\":[{\"@type\":\"SearchAction\",\"target\":{\"@type\":\"EntryPoint\",\"urlTemplate\":\"https:\/\/hotelbernatcalella.com\/fr\/?s={search_term_string}\"},\"query-input\":{\"@type\":\"PropertyValueSpecification\",\"valueRequired\":true,\"valueName\":\"search_term_string\"}}],\"inLanguage\":\"fr-FR\"},{\"@type\":\"Person\",\"@id\":\"https:\/\/hotelbernatcalella.com\/fr\/#\/schema\/person\/9d2f8f220d7bb3470c6b37263c1f3a6e\",\"name\":\"admin_bernat\",\"image\":{\"@type\":\"ImageObject\",\"inLanguage\":\"fr-FR\",\"@id\":\"https:\/\/hotelbernatcalella.com\/fr\/#\/schema\/person\/image\/\",\"url\":\"https:\/\/secure.gravatar.com\/avatar\/d85a368a0264070f0a07504f04fe3de78e2fedb7d0b7a9e875b30b569151e37e?s=96&d=mm&r=g\",\"contentUrl\":\"https:\/\/secure.gravatar.com\/avatar\/d85a368a0264070f0a07504f04fe3de78e2fedb7d0b7a9e875b30b569151e37e?s=96&d=mm&r=g\",\"caption\":\"admin_bernat\"},\"sameAs\":[\"https:\/\/hotelbernatcalella.com\"]}]}<\/script>\n<!-- \/ Yoast SEO plugin. -->","yoast_head_json":{"title":"Juin 2025 | Hotel Bernat II","description":"Consultez l\u2019agenda mensuel et ne manquez aucun des \u00e9v\u00e9nements incontournables que Calella, \u00e0 c\u00f4te de Barcelona, vous propose en juin","robots":{"index":"index","follow":"follow","max-snippet":"max-snippet:-1","max-image-preview":"max-image-preview:large","max-video-preview":"max-video-preview:-1"},"canonical":"https:\/\/hotelbernatcalella.com\/fr\/agenda-fr\/agenda-mensuel-juin-2025-calella\/","og_locale":"fr_FR","og_type":"article","og_title":"Juin 2025 | Hotel Bernat II","og_description":"Consultez l\u2019agenda mensuel et ne manquez aucun des \u00e9v\u00e9nements incontournables que Calella, \u00e0 c\u00f4te de Barcelona, vous propose en juin","og_url":"https:\/\/hotelbernatcalella.com\/fr\/agenda-fr\/agenda-mensuel-juin-2025-calella\/","og_site_name":"Hotel Bernat II","article_published_time":"2025-06-05T08:05:06+00:00","article_modified_time":"2025-06-05T09:44:12+00:00","og_image":[{"width":1414,"height":2000,"url":"https:\/\/hotelbernatcalella.com\/wp-content\/uploads\/2025\/06\/torretas-calella.webp","type":"image\/webp"}],"author":"admin_bernat","twitter_card":"summary_large_image","twitter_misc":{"\u00c9crit par":"admin_bernat","Dur\u00e9e de lecture estim\u00e9e":"6 minutes"},"schema":{"@context":"https:\/\/schema.org","@graph":[{"@type":"Article","@id":"https:\/\/hotelbernatcalella.com\/fr\/agenda-fr\/agenda-mensuel-juin-2025-calella\/#article","isPartOf":{"@id":"https:\/\/hotelbernatcalella.com\/fr\/agenda-fr\/agenda-mensuel-juin-2025-calella\/"},"author":{"name":"admin_bernat","@id":"https:\/\/hotelbernatcalella.com\/fr\/#\/schema\/person\/9d2f8f220d7bb3470c6b37263c1f3a6e"},"headline":"Juin 2025","datePublished":"2025-06-05T08:05:06+00:00","dateModified":"2025-06-05T09:44:12+00:00","mainEntityOfPage":{"@id":"https:\/\/hotelbernatcalella.com\/fr\/agenda-fr\/agenda-mensuel-juin-2025-calella\/"},"wordCount":1124,"image":{"@id":"https:\/\/hotelbernatcalella.com\/fr\/agenda-fr\/agenda-mensuel-juin-2025-calella\/#primaryimage"},"thumbnailUrl":"https:\/\/hotelbernatcalella.com\/wp-content\/uploads\/2025\/06\/torretas-calella.webp","keywords":["Agenda mensuel"],"articleSection":["Agenda Mensuel"],"inLanguage":"fr-FR"},{"@type":"WebPage","@id":"https:\/\/hotelbernatcalella.com\/fr\/agenda-fr\/agenda-mensuel-juin-2025-calella\/","url":"https:\/\/hotelbernatcalella.com\/fr\/agenda-fr\/agenda-mensuel-juin-2025-calella\/","name":"Juin 2025 | Hotel Bernat II","isPartOf":{"@id":"https:\/\/hotelbernatcalella.com\/fr\/#website"},"primaryImageOfPage":{"@id":"https:\/\/hotelbernatcalella.com\/fr\/agenda-fr\/agenda-mensuel-juin-2025-calella\/#primaryimage"},"image":{"@id":"https:\/\/hotelbernatcalella.com\/fr\/agenda-fr\/agenda-mensuel-juin-2025-calella\/#primaryimage"},"thumbnailUrl":"https:\/\/hotelbernatcalella.com\/wp-content\/uploads\/2025\/06\/torretas-calella.webp","datePublished":"2025-06-05T08:05:06+00:00","dateModified":"2025-06-05T09:44:12+00:00","author":{"@id":"https:\/\/hotelbernatcalella.com\/fr\/#\/schema\/person\/9d2f8f220d7bb3470c6b37263c1f3a6e"},"description":"Consultez l\u2019agenda mensuel et ne manquez aucun des \u00e9v\u00e9nements incontournables que Calella, \u00e0 c\u00f4te de Barcelona, vous propose en juin","breadcrumb":{"@id":"https:\/\/hotelbernatcalella.com\/fr\/agenda-fr\/agenda-mensuel-juin-2025-calella\/#breadcrumb"},"inLanguage":"fr-FR","potentialAction":[{"@type":"ReadAction","target":["https:\/\/hotelbernatcalella.com\/fr\/agenda-fr\/agenda-mensuel-juin-2025-calella\/"]}]},{"@type":"ImageObject","inLanguage":"fr-FR","@id":"https:\/\/hotelbernatcalella.com\/fr\/agenda-fr\/agenda-mensuel-juin-2025-calella\/#primaryimage","url":"https:\/\/hotelbernatcalella.com\/wp-content\/uploads\/2025\/06\/torretas-calella.webp","contentUrl":"https:\/\/hotelbernatcalella.com\/wp-content\/uploads\/2025\/06\/torretas-calella.webp","width":1414,"height":2000,"caption":"torretas-calella"},{"@type":"BreadcrumbList","@id":"https:\/\/hotelbernatcalella.com\/fr\/agenda-fr\/agenda-mensuel-juin-2025-calella\/#breadcrumb","itemListElement":[{"@type":"ListItem","position":1,"name":"Portada","item":"https:\/\/hotelbernatcalella.com\/fr\/"},{"@type":"ListItem","position":2,"name":"Juin 2025"}]},{"@type":"WebSite","@id":"https:\/\/hotelbernatcalella.com\/fr\/#website","url":"https:\/\/hotelbernatcalella.com\/fr\/","name":"Hotel Bernat II & Spa Calella","description":"H\u00f4tel \u00e0 Calella","alternateName":"Hotel Bernat II & Spa","potentialAction":[{"@type":"SearchAction","target":{"@type":"EntryPoint","urlTemplate":"https:\/\/hotelbernatcalella.com\/fr\/?s={search_term_string}"},"query-input":{"@type":"PropertyValueSpecification","valueRequired":true,"valueName":"search_term_string"}}],"inLanguage":"fr-FR"},{"@type":"Person","@id":"https:\/\/hotelbernatcalella.com\/fr\/#\/schema\/person\/9d2f8f220d7bb3470c6b37263c1f3a6e","name":"admin_bernat","image":{"@type":"ImageObject","inLanguage":"fr-FR","@id":"https:\/\/hotelbernatcalella.com\/fr\/#\/schema\/person\/image\/","url":"https:\/\/secure.gravatar.com\/avatar\/d85a368a0264070f0a07504f04fe3de78e2fedb7d0b7a9e875b30b569151e37e?s=96&d=mm&r=g","contentUrl":"https:\/\/secure.gravatar.com\/avatar\/d85a368a0264070f0a07504f04fe3de78e2fedb7d0b7a9e875b30b569151e37e?s=96&d=mm&r=g","caption":"admin_bernat"},"sameAs":["https:\/\/hotelbernatcalella.com"]}]}},"loftoceanMetas":{"authorName":"admin_bernat","categories":[{"name":"Agenda Mensuel","link":"https:\/\/hotelbernatcalella.com\/fr\/category\/agenda-fr\/","count":12}],"date":"5 de juin de 2025","featuredImageSRC":"https:\/\/hotelbernatcalella.com\/wp-content\/uploads\/2025\/06\/torretas-calella-150x150.webp"},"_links":{"self":[{"href":"https:\/\/hotelbernatcalella.com\/fr\/wp-json\/wp\/v2\/posts\/13955","targetHints":{"allow":["GET"]}}],"collection":[{"href":"https:\/\/hotelbernatcalella.com\/fr\/wp-json\/wp\/v2\/posts"}],"about":[{"href":"https:\/\/hotelbernatcalella.com\/fr\/wp-json\/wp\/v2\/types\/post"}],"author":[{"embeddable":true,"href":"https:\/\/hotelbernatcalella.com\/fr\/wp-json\/wp\/v2\/users\/1"}],"replies":[{"embeddable":true,"href":"https:\/\/hotelbernatcalella.com\/fr\/wp-json\/wp\/v2\/comments?post=13955"}],"version-history":[{"count":0,"href":"https:\/\/hotelbernatcalella.com\/fr\/wp-json\/wp\/v2\/posts\/13955\/revisions"}],"wp:featuredmedia":[{"embeddable":true,"href":"https:\/\/hotelbernatcalella.com\/fr\/wp-json\/wp\/v2\/media\/15283"}],"wp:attachment":[{"href":"https:\/\/hotelbernatcalella.com\/fr\/wp-json\/wp\/v2\/media?parent=13955"}],"wp:term":[{"taxonomy":"category","embeddable":true,"href":"https:\/\/hotelbernatcalella.com\/fr\/wp-json\/wp\/v2\/categories?post=13955"},{"taxonomy":"post_tag","embeddable":true,"href":"https:\/\/hotelbernatcalella.com\/fr\/wp-json\/wp\/v2\/tags?post=13955"}],"curies":[{"name":"wp","href":"https:\/\/api.w.org\/{rel}","templated":true}]}}