{"id":13113,"date":"2025-04-02T07:56:05","date_gmt":"2025-04-02T07:56:05","guid":{"rendered":"https:\/\/www.hotelbernatcalella.com\/no-category-fr\/el-festival-festimatge-llega-a-calella\/"},"modified":"2025-04-02T10:33:44","modified_gmt":"2025-04-02T10:33:44","slug":"le-festival-festimatge-arrive-a-calella","status":"publish","type":"post","link":"https:\/\/hotelbernatcalella.com\/fr\/noticias-fr\/le-festival-festimatge-arrive-a-calella\/","title":{"rendered":"Le festival Festimatge arrive \u00e0 Calella"},"content":{"rendered":"\t\t<div data-elementor-type=\"wp-post\" data-elementor-id=\"13113\" class=\"elementor elementor-13113 elementor-13087\" data-elementor-post-type=\"post\">\n\t\t\t\t<div class=\"elementor-element elementor-element-5c5fe7fd e-flex e-con-boxed e-con e-parent\" data-id=\"5c5fe7fd\" data-element_type=\"container\" data-e-type=\"container\">\n\t\t\t\t\t<div class=\"e-con-inner\">\n\t\t\t\t<div class=\"elementor-element elementor-element-62bc2dc3 elementor-widget elementor-widget-text-editor\" data-id=\"62bc2dc3\" data-element_type=\"widget\" data-e-type=\"widget\" data-widget_type=\"text-editor.default\">\n\t\t\t\t\t\t\t\t\t<h1><strong><span style=\"color: #91ccd4;\"><b>XX Festival de Festimatge \u00e0 Calella<\/b><\/span><\/strong><\/h1><h2><strong><span style=\"color: #a4adac;\">Visitez Calella lors de la vingti\u00e8me \u00e9dition du Festimatge et profitez d&rsquo;une exposition de cin\u00e9ma<\/span><\/strong><\/h2><p><span style=\"font-weight: 400;\">Si vous \u00eates amateur de photographie et de cin\u00e9ma, ou si vous cherchez simplement une raison de plus pour visiter Calella cette ann\u00e9e, vous ne pouvez pas manquer le <\/span><b>XXe Festival d&rsquo;images \u00ab\u00a0Festimatge\u00a0\u00bb<\/b><span style=\"font-weight: 400;\">, qui se tiendra du <\/span><b>5 avril au 4 mai 2025<\/b><span style=\"font-weight: 400;\"> dans diff\u00e9rents espaces de la ville. Cet \u00e9v\u00e9nement est une belle occasion de profiter de la culture visuelle autrement, tout en explorant la ville. Et l&rsquo;<a href=\"https:\/\/www.hotelbernatcalella.com\/fr\/\" target=\"_blank\" rel=\"noopener\">H\u00f4tel Bernat II<\/a> vous ouvre ses portes si vous d\u00e9cidez de visiter Calella et de profiter du Festimatge \u00e0 nos c\u00f4t\u00e9s.<\/span><\/p><h3><b>Qu&rsquo;est-ce que le Festimatge ?<\/b><\/h3><p><span style=\"font-weight: 400;\">Cet \u00e9v\u00e9nement, qui a lieu chaque ann\u00e9e, est un \u00e9v\u00e9nement marquant pour les amateurs du monde visuel. Dans sa vingti\u00e8me \u00e9dition, le Festimatge continue d&rsquo;\u00eatre un festival unique qui r\u00e9unit deux concours prestigieux : le <\/span><b>Rencontre internationale du cin\u00e9ma 9,5 mm<\/b><span style=\"font-weight: 400;\"> et le <\/span><b>Troph\u00e9e Torretes pour la photographie et le court m\u00e9trage<\/b><span style=\"font-weight: 400;\">. Tout au long du mois d&rsquo;avril, les visiteurs pourront profiter d&rsquo;une programmation vari\u00e9e comprenant des expositions, des ateliers, des projections, des conf\u00e9rences et un march\u00e9 des collectionneurs, le tout avec acc\u00e8s <\/span><b>gratuit<\/b><span style=\"font-weight: 400;\">.<\/span><\/p><p><span style=\"font-weight: 400;\">L&rsquo;un des concours les plus remarquables est le <\/span><b>Troph\u00e9e de photographie Torretes<\/b><span style=\"font-weight: 400;\">, qui f\u00eate cette ann\u00e9e son <\/span><b>49e \u00e9dition<\/b><span style=\"font-weight: 400;\">. Dans cette \u00e9dition, un accent particulier sera mis sur la qualit\u00e9 artistique et la projection internationale des \u0153uvres. Les participants peuvent concourir dans trois cat\u00e9gories : <\/span><b>Couleur<\/b><span style=\"font-weight: 400;\">, <\/span><b>Monochromes<\/b><span style=\"font-weight: 400;\">, et <\/span><b>La mer<\/b><span style=\"font-weight: 400;\">, et concourez pour le prix <\/span><b>Meilleure collection<\/b><span style=\"font-weight: 400;\">, pr\u00e9sentant quatre photographies par section. Les meilleures images seront affich\u00e9es dans un <\/span><b>pi\u00e8ce sombre<\/b><span style=\"font-weight: 400;\">, offrant une exp\u00e9rience immersive dans laquelle les participants peuvent profiter de la photographie \u00e0 son meilleur.<\/span><\/p><p><span style=\"font-weight: 400;\">Dans le hall d&rsquo;exposition, les visiteurs pourront d\u00e9couvrir une s\u00e9lection des images les plus marquantes, choisies par un jury d&rsquo;experts compos\u00e9 de photographes internationaux. De plus, vous pouvez acheter le catalogue imprim\u00e9 avec toutes les photographies prim\u00e9es du concours.<\/span><\/p><p><span style=\"font-weight: 400;\">Si vous souhaitez avoir sous la main l\u2019int\u00e9gralit\u00e9 du programme du \u00ab Festimatge \u00bb, d\u00e9couvrez-le ci-dessous :<\/span><\/p><h3><b>Programme Festimatge 2025:<\/b><\/h3><p><b>Samedi 5 avril :<\/b><\/p><ul><li style=\"font-weight: 400;\" aria-level=\"1\"><b>19h00<\/b><span style=\"font-weight: 400;\"> Inauguration Festival 2025 &#8211; Auditorium Josep Maria Terricabras \u00e0 Can Saleta<\/span><\/li><li style=\"font-weight: 400;\" aria-level=\"1\"><b>20h45<\/b><span style=\"font-weight: 400;\"> Videomapping 20 ans de Festimatge &#8211; Plaza del Ayuntamiento<\/span><\/li><li style=\"font-weight: 400;\" aria-level=\"1\"><b>21h00<\/b><span style=\"font-weight: 400;\"> Ouverture de l&rsquo;exposition <\/span><i><span style=\"font-weight: 400;\">RODNEY SMITH<\/span><\/i><span style=\"font-weight: 400;\"> &#8211; Ancien H\u00f4tel de Ville<\/span><\/li><\/ul><p><b>Dimanche 6 avril :<\/b><\/p><ul><li style=\"font-weight: 400;\" aria-level=\"1\"><b>11h00<\/b><span style=\"font-weight: 400;\"> Inauguration des expositions \u00e0 l&rsquo;Usine Llobet-Guri &#8211; Salle des Colonnes de l&rsquo;Usine Llobet-Guri<\/span><\/li><li style=\"font-weight: 400;\" aria-level=\"1\"><b>18h00<\/b><span style=\"font-weight: 400;\"> Visites guid\u00e9es d&rsquo;expositions de photographie. R\u00e9servations au 646 653 502 &#8211; Salle des Colonnes de l&rsquo;Usine Llobet-Guri<\/span><\/li><\/ul><p><b>Mardi 8 avril :<\/b><\/p><ul><li style=\"font-weight: 400;\" aria-level=\"1\"><b>19h00<\/b><span style=\"font-weight: 400;\"> Inauguration de l&rsquo;Exposition de Solidarit\u00e9 pour la Fondation Catalane SLA Miquel Valls &#8211; Biblioth\u00e8que Can Salvador de la Plaza<\/span><\/li><\/ul><p><b>Mercredi 9 avril :<\/b><\/p><ul><li style=\"font-weight: 400;\" aria-level=\"1\"><b>20h00<\/b><span style=\"font-weight: 400;\"> Discussions autour d&rsquo;un caf\u00e9 : \u00ab\u00a0Photographie d&rsquo;architecture Fine Art en noir et blanc\u00a0\u00bb de Jordi Egea &#8211; F\u00e1brica Llobet-Guri<\/span><\/li><\/ul><p><b>Jeudi 10 avril :<\/b><\/p><ul><li style=\"font-weight: 400;\" aria-level=\"1\"><b>20h30<\/b><span style=\"font-weight: 400;\"> Projection des courts m\u00e9trages du 31\u00e8me Troph\u00e9e Torretes &#8211; Sala Mozart<\/span><\/li><\/ul><p><b>Vendredi 11 avril :<\/b><\/p><ul><li style=\"font-weight: 400;\" aria-level=\"1\"><b>20h30<\/b><span style=\"font-weight: 400;\"> Projection des courts m\u00e9trages du 31\u00e8me Troph\u00e9e Torretes &#8211; Sala Mozart<\/span><\/li><\/ul><p><b>Samedi 12 avril :<\/b><\/p><ul><li style=\"font-weight: 400;\" aria-level=\"1\"><b>10h00 &#8211; 14h00<\/b><span style=\"font-weight: 400;\"> Atelier de David Salcedo : \u00ab\u00a0Histoires secondaires\u00a0\u00bb &#8211; Locaux sociaux Foto-Film Calella \u00e0 F\u00e1brica Llobet-Guri<\/span><\/li><\/ul><p><b>Dimanche 13 avril :<\/b><\/p><ul><li style=\"font-weight: 400;\" aria-level=\"1\"><b>12h00<\/b><span style=\"font-weight: 400;\"> Visites guid\u00e9es d&rsquo;expositions de photographie. R\u00e9servations au 646 653 502 &#8211; Salle des Colonnes de l&rsquo;Usine Llobet-Guri<\/span><\/li><li style=\"font-weight: 400;\" aria-level=\"1\"><b>18h00<\/b><span style=\"font-weight: 400;\"> Visites guid\u00e9es d&rsquo;expositions de photographie. R\u00e9servations au 646 653 502 &#8211; Salle des Colonnes de l&rsquo;Usine Llobet-Guri<\/span><\/li><\/ul><p><b>Mercredi 16 avril :<\/b><\/p><ul><li style=\"font-weight: 400;\" aria-level=\"1\"><b>20h00<\/b><span style=\"font-weight: 400;\"> Discussions autour d&rsquo;un caf\u00e9 : \u00ab\u00a0Approches \u00e0 l&rsquo;origine de la photographie\u00a0\u00bb de Mart\u00ed Lloren\u00e7 &#8211; F\u00e1brica Llobet-Guri<\/span><\/li><\/ul><p><b>Jeudi 17 avril :<\/b><\/p><ul><li style=\"font-weight: 400;\" aria-level=\"1\"><b>20h30<\/b><span style=\"font-weight: 400;\"> Projection des courts m\u00e9trages du 31\u00e8me Troph\u00e9e Torretes &#8211; Sala Mozart<\/span><\/li><\/ul><p><b>Vendredi 18 avril :<\/b><\/p><ul><li style=\"font-weight: 400;\" aria-level=\"1\"><b>20h30<\/b><span style=\"font-weight: 400;\"> Projection des courts m\u00e9trages du 31\u00e8me Troph\u00e9e Torretes &#8211; Sala Mozart<\/span><\/li><\/ul><p><b>Samedi 19 avril :<\/b><\/p><ul><li style=\"font-weight: 400;\" aria-level=\"1\"><b>10h00 &#8211; 18h00<\/b><span style=\"font-weight: 400;\"> Atelier de Joan Marlet : \u00ab\u00a0IA + Photographe : Photography\u00b2\u00a0\u00bb &#8211; Locaux sociaux Foto-Film Calella \u00e0 la F\u00e1brica Llobet-Guri<\/span><\/li><li style=\"font-weight: 400;\" aria-level=\"1\"><b>19h00<\/b><span style=\"font-weight: 400;\"> D\u00eener de gala local &#8211; Salle Mozart<\/span><\/li><\/ul><p><b>Dimanche 20 avril :<\/b><\/p><ul><li style=\"font-weight: 400;\" aria-level=\"1\"><b>12h00<\/b><span style=\"font-weight: 400;\"> Visites guid\u00e9es d&rsquo;expositions de photographie. R\u00e9servations au 646 653 502 &#8211; Salle des Colonnes de l&rsquo;Usine Llobet-Guri<\/span><\/li><li style=\"font-weight: 400;\" aria-level=\"1\"><b>18h00<\/b><span style=\"font-weight: 400;\"> Visites guid\u00e9es d&rsquo;expositions de photographie. R\u00e9servations au 646 653 502 &#8211; Salle des Colonnes de l&rsquo;Usine Llobet-Guri<\/span><\/li><\/ul><p><b>Mercredi 23 avril :<\/b><\/p><ul><li style=\"font-weight: 400;\" aria-level=\"1\"><b>20h00<\/b><span style=\"font-weight: 400;\"> Discussions autour d&rsquo;un caf\u00e9 : \u00ab\u00a0La chimie dans la photographie. Point d&rsquo;inspiration\u00a0\u00bb par Josep Guiol\u00e0 &#8211; F\u00e1brica Llobet-Guri<\/span><\/li><\/ul><p><b>Jeudi 24 avril :<\/b><\/p><ul><li style=\"font-weight: 400;\" aria-level=\"1\"><b>20h30<\/b><span style=\"font-weight: 400;\"> Projection des courts m\u00e9trages du 31\u00e8me Troph\u00e9e Torretes &#8211; Sala Mozart<\/span><\/li><\/ul><p><b>Vendredi 25 avril :<\/b><\/p><ul><li style=\"font-weight: 400;\" aria-level=\"1\"><b>10h30<\/b><span style=\"font-weight: 400;\"> Matin\u00e9e cin\u00e9ma jeune. Institut Euclides de Pineda &#8211; Usine Llobet-Guri<\/span><\/li><li style=\"font-weight: 400;\" aria-level=\"1\"><b>20h30<\/b><span style=\"font-weight: 400;\"> Projection des courts m\u00e9trages du 31\u00e8me Troph\u00e9e Torretes &#8211; Sala Mozart<\/span><\/li><\/ul><p><b>Samedi 26 avril :<\/b><\/p><ul><li style=\"font-weight: 400;\" aria-level=\"1\"><b>10h00 &#8211; 14h00<\/b><span style=\"font-weight: 400;\"> Atelier anim\u00e9 par Carlos Permuy : \u00ab\u00a0La vision de la rue\u00a0\u00bb &#8211; Lieu social Foto-Film Calella \u00e0 la F\u00e1brica Llobet-Guri<\/span><\/li><li style=\"font-weight: 400;\" aria-level=\"1\"><b>19h00<\/b><span style=\"font-weight: 400;\"> Gala \u00ab\u00a020 ans de c\u00e9l\u00e9bration\u00a0\u00bb &#8211; Teatre Orfe\u00f3 Calellenc<\/span><\/li><\/ul><p><b>Dimanche 27 avril :<\/b><\/p><ul><li style=\"font-weight: 400;\" aria-level=\"1\"><b>10h00 &#8211; 14h00<\/b><span style=\"font-weight: 400;\"> March\u00e9 ou \u00e9change pour collectionneurs de photographies &#8211; F\u00e1brica Llobet-Guri<\/span><\/li><li style=\"font-weight: 400;\" aria-level=\"1\"><b>12h00<\/b><span style=\"font-weight: 400;\"> Visites guid\u00e9es d&rsquo;expositions de photographie. R\u00e9servations au 646 653 502 &#8211; Salle des Colonnes de l&rsquo;Usine Llobet-Guri<\/span><\/li><li style=\"font-weight: 400;\" aria-level=\"1\"><b>18h00<\/b><span style=\"font-weight: 400;\"> Visites guid\u00e9es d&rsquo;expositions de photographie. R\u00e9servations au 646 653 502 &#8211; Salle des Colonnes de l&rsquo;Usine Llobet-Guri<\/span><\/li><li style=\"font-weight: 400;\" aria-level=\"1\"><b>18h00<\/b><span style=\"font-weight: 400;\"> \u00ab\u00a0Marina Ginest\u00e0. Photos souvenirs\u00a0\u00bb. \u0152uvre th\u00e9\u00e2trale &#8211; Th\u00e9\u00e2tre Orfe\u00f3 Calellenc<\/span><\/li><\/ul><p><b>Mercredi 30 avril :<\/b><\/p><ul><li style=\"font-weight: 400;\" aria-level=\"1\"><b>20h00<\/b><span style=\"font-weight: 400;\"> Discussions autour d&rsquo;un caf\u00e9\u00a0: \u00ab\u00a0La magie de la photographie\u00a0\u00bb de Vicens Tom\u00e1s &#8211; F\u00e1brica Llobet-Guri<\/span><\/li><\/ul><p><b>Jeudi 1er mai :<\/b><\/p><ul><li style=\"font-weight: 400;\" aria-level=\"1\"><b>12h00<\/b><span style=\"font-weight: 400;\"> Visites guid\u00e9es d&rsquo;expositions de photographie. R\u00e9servations au 646 653 502 &#8211; F\u00e0brica Llobet-Guri<\/span><\/li><li style=\"font-weight: 400;\" aria-level=\"1\"><b>17h00<\/b><span style=\"font-weight: 400;\"> Visites guid\u00e9es d&rsquo;expositions de photographie. R\u00e9servations au 646 653 502 &#8211; F\u00e1brica Llobet-Guri<\/span><\/li><li style=\"font-weight: 400;\" aria-level=\"1\"><b>19h00<\/b><span style=\"font-weight: 400;\"> Tirage au sort des \u0153uvres au profit de la Fondation Miquel Valls &#8211; Salle d&rsquo;exposition de l&rsquo;Ancien H\u00f4tel de Ville<\/span><\/li><li style=\"font-weight: 400;\" aria-level=\"1\"><b>21h30<\/b><span style=\"font-weight: 400;\"> Projection du film 9.5 &#8211; Can Salom<\/span><\/li><\/ul><p><b>Vendredi 2 mai :<\/b><\/p><ul><li style=\"font-weight: 400;\" aria-level=\"1\"><b>8h30 &#8211; 19h00<\/b><span style=\"font-weight: 400;\"> D\u00e9part culturel en bus \u00e0 Barcelone (r\u00e9servation pr\u00e9alable, 658 058 782) &#8211; D\u00e9part de l&rsquo;H\u00f4tel Mar\u00edtim<\/span><\/li><li style=\"font-weight: 400;\" aria-level=\"1\"><b>21h30<\/b><span style=\"font-weight: 400;\"> Projection du cin\u00e9ma r\u00e9cup\u00e9r\u00e9 par la Cin\u00e9math\u00e8que de Catalogne &#8211; Auditorium Josep Maria Terricabras de Can Saleta<\/span><\/li><\/ul><p><b>Samedi 3 mai :<\/b><\/p><ul><li style=\"font-weight: 400;\" aria-level=\"1\"><b>10h00 &#8211; 14h00<\/b><span style=\"font-weight: 400;\"> March\u00e9 des collectionneurs de films &#8211; F\u00e1brica Llobet-Guri<\/span><\/li><li style=\"font-weight: 400;\" aria-level=\"1\"><b>17h00<\/b><span style=\"font-weight: 400;\"> Projection de films 9,5 mm &#8211; Auditorium Josep Maria Terricabras de Can Saleta<\/span><\/li><li style=\"font-weight: 400;\" aria-level=\"1\"><b>22h00<\/b><span style=\"font-weight: 400;\"> Soir\u00e9e Libertine &#8211; Can Salom<\/span><\/li><\/ul><p><b>Dimanche 4 mai :<\/b><\/p><ul><li style=\"font-weight: 400;\" aria-level=\"1\"><b>11h30<\/b><span style=\"font-weight: 400;\"> Gala de cl\u00f4ture et remise des prix du Festimatge 2025 &#8211; Sala Mozart<\/span><\/li><li style=\"font-weight: 400;\" aria-level=\"1\"><b>12h00<\/b><span style=\"font-weight: 400;\"> Visites guid\u00e9es d&rsquo;expositions de photographie. R\u00e9servations au 646 653 502 &#8211; Salle des Colonnes de l&rsquo;Usine Llobet-Guri<\/span><\/li><li style=\"font-weight: 400;\" aria-level=\"1\"><b>18h00<\/b><span style=\"font-weight: 400;\"> Visites guid\u00e9es d&rsquo;expositions de photographie. R\u00e9servations au 646 653 502 &#8211; Salle des Colonnes de l&rsquo;Usine Llobet-Guri<\/span><\/li><\/ul><p><b>Ne le manquez pas !<\/b><span style=\"font-weight: 400;\"> Venez \u00e0 Calella, profitez du <\/span><b>XXe Festival d&rsquo;images \u00ab\u00a0Festimatge\u00a0\u00bb<\/b><span style=\"font-weight: 400;\"> et vivez cette exp\u00e9rience avec nous.<\/span><\/p><p><span style=\"font-weight: 400;\">Pour plus de d\u00e9tails sur le programme et les activit\u00e9s du festival, vous pouvez consulter le site officiel du festival. <\/span><b>Festival<\/b><a href=\"https:\/\/www.festimatge.org\/el-festival-2\/\"> <span style=\"font-weight: 400;\">ici<\/span><\/a><span style=\"font-weight: 400;\">.<\/span><\/p>\t\t\t\t\t\t\t\t<\/div>\n\t\t\t\t\t<\/div>\n\t\t\t\t<\/div>\n\t\t\t\t<\/div>\n\t\t","protected":false},"excerpt":{"rendered":"<p>XX Festival de Festimatge \u00e0 Calella Visitez Calella lors de la vingti\u00e8me \u00e9dition du Festimatge et profitez d&rsquo;une exposition de cin\u00e9ma Si vous \u00eates amateur de photographie et de cin\u00e9ma, ou si vous cherchez simplement une raison de plus pour visiter Calella cette ann\u00e9e, vous ne pouvez pas manquer le XXe Festival d&rsquo;images \u00ab\u00a0Festimatge\u00a0\u00bb, qui &#8230;<\/p>\n","protected":false},"author":1,"featured_media":15116,"comment_status":"closed","ping_status":"closed","sticky":false,"template":"","format":"standard","meta":{"loftocean_post_format_gallery":"","loftocean_post_format_gallery_ids":"","loftocean_post_format_gallery_urls":"","loftocean_post_format_video_id":0,"loftocean_post_format_video_url":"","loftocean_post_format_video_type":"","loftocean_post_format_video":"","loftocean_post_format_audio_type":"","loftocean_post_format_audio_url":"","loftocean_post_format_audio_id":0,"loftocean_post_format_audio":"","loftocean-like-count":0,"cozystay_single_post_hide_site_header":"","cozystay_single_post_site_header_source":"","cozystay_single_post_custom_site_header":"0","cozystay_single_post_custom_sticky_site_header":"0","cozystay_single_post_hide_page_title":"","cozystay_single_post_site_footer_hide_main":"","cozystay_single_custom_site_footer_main_source":"","cozystay_single_custom_site_footer_main":"0","cozystay_single_post_site_footer_hide_above":"","cozystay_single_custom_site_footer_above_source":"","cozystay_single_custom_site_footer_above":"0","cozystay_single_post_site_footer_hide_instagram":"","cozystay_single_post_site_footer_hide_bottom":"","cozystay_single_custom_mobile_menu_source":"","cozystay_single_custom_mobile_menu":"0","cozystay_single_custom_mobile_menu_animation":"","cozystay_single_custom_mobile_menu_width":"","cozystay_single_custom_mobile_menu_custom_width":375,"cozystay_single_post_template":"","footnotes":""},"categories":[449],"tags":[83,487,462,630,184,339,464,626,340],"class_list":["post-13113","post","type-post","status-publish","format-standard","has-post-thumbnail","hentry","category-noticias-fr","tag-actividades-gratis","tag-actividades-gratis-fr","tag-activitats-fr","tag-activites-gratuites","tag-couples-fr","tag-evenements-culturels","tag-families-fr","tag-festimatge-fr","tag-musees"],"yoast_head":"<!-- This site is optimized with the Yoast SEO plugin v27.1.1 - https:\/\/yoast.com\/product\/yoast-seo-wordpress\/ -->\n<title>Le festival Festimatge arrive \u00e0 Calella | Hotel Bernat II<\/title>\n<meta name=\"description\" content=\"Ne le manquez pas ! Venez \u00e0 Calella, profitez du XXe Festival d&#039;images &quot;Festimatge&quot; et vivez cette exp\u00e9rience avec nous.\" \/>\n<meta name=\"robots\" content=\"index, follow, max-snippet:-1, max-image-preview:large, max-video-preview:-1\" \/>\n<link rel=\"canonical\" href=\"https:\/\/hotelbernatcalella.com\/fr\/noticias-fr\/le-festival-festimatge-arrive-a-calella\/\" \/>\n<meta property=\"og:locale\" content=\"fr_FR\" \/>\n<meta property=\"og:type\" content=\"article\" \/>\n<meta property=\"og:title\" content=\"Le festival Festimatge arrive \u00e0 Calella | Hotel Bernat II\" \/>\n<meta property=\"og:description\" content=\"Ne le manquez pas ! Venez \u00e0 Calella, profitez du XXe Festival d&#039;images &quot;Festimatge&quot; et vivez cette exp\u00e9rience avec nous.\" \/>\n<meta property=\"og:url\" content=\"https:\/\/hotelbernatcalella.com\/fr\/noticias-fr\/le-festival-festimatge-arrive-a-calella\/\" \/>\n<meta property=\"og:site_name\" content=\"Hotel Bernat II\" \/>\n<meta property=\"article:published_time\" content=\"2025-04-02T07:56:05+00:00\" \/>\n<meta property=\"article:modified_time\" content=\"2025-04-02T10:33:44+00:00\" \/>\n<meta property=\"og:image\" content=\"https:\/\/hotelbernatcalella.com\/wp-content\/uploads\/2025\/04\/festimatge-festival-calella.webp\" \/>\n\t<meta property=\"og:image:width\" content=\"1707\" \/>\n\t<meta property=\"og:image:height\" content=\"2560\" \/>\n\t<meta property=\"og:image:type\" content=\"image\/webp\" \/>\n<meta name=\"author\" content=\"admin_bernat\" \/>\n<meta name=\"twitter:card\" content=\"summary_large_image\" \/>\n<meta name=\"twitter:label1\" content=\"\u00c9crit par\" \/>\n\t<meta name=\"twitter:data1\" content=\"admin_bernat\" \/>\n\t<meta name=\"twitter:label2\" content=\"Dur\u00e9e de lecture estim\u00e9e\" \/>\n\t<meta name=\"twitter:data2\" content=\"5 minutes\" \/>\n<script type=\"application\/ld+json\" class=\"yoast-schema-graph\">{\"@context\":\"https:\/\/schema.org\",\"@graph\":[{\"@type\":\"Article\",\"@id\":\"https:\/\/hotelbernatcalella.com\/fr\/noticias-fr\/le-festival-festimatge-arrive-a-calella\/#article\",\"isPartOf\":{\"@id\":\"https:\/\/hotelbernatcalella.com\/fr\/noticias-fr\/le-festival-festimatge-arrive-a-calella\/\"},\"author\":{\"name\":\"admin_bernat\",\"@id\":\"https:\/\/hotelbernatcalella.com\/fr\/#\/schema\/person\/9d2f8f220d7bb3470c6b37263c1f3a6e\"},\"headline\":\"Le festival Festimatge arrive \u00e0 Calella\",\"datePublished\":\"2025-04-02T07:56:05+00:00\",\"dateModified\":\"2025-04-02T10:33:44+00:00\",\"mainEntityOfPage\":{\"@id\":\"https:\/\/hotelbernatcalella.com\/fr\/noticias-fr\/le-festival-festimatge-arrive-a-calella\/\"},\"wordCount\":1147,\"image\":{\"@id\":\"https:\/\/hotelbernatcalella.com\/fr\/noticias-fr\/le-festival-festimatge-arrive-a-calella\/#primaryimage\"},\"thumbnailUrl\":\"https:\/\/hotelbernatcalella.com\/wp-content\/uploads\/2025\/04\/festimatge-festival-calella.webp\",\"keywords\":[\"Actividades gratis\",\"Actividades gratis\",\"Activitats\",\"activit\u00e9s gratuites\",\"Couples\",\"\u00c9v\u00e9nements culturels\",\"Fam\u00edlies\",\"Festimatge\",\"Mus\u00e9es\"],\"articleSection\":[\"Nouvelles\"],\"inLanguage\":\"fr-FR\"},{\"@type\":\"WebPage\",\"@id\":\"https:\/\/hotelbernatcalella.com\/fr\/noticias-fr\/le-festival-festimatge-arrive-a-calella\/\",\"url\":\"https:\/\/hotelbernatcalella.com\/fr\/noticias-fr\/le-festival-festimatge-arrive-a-calella\/\",\"name\":\"Le festival Festimatge arrive \u00e0 Calella | Hotel Bernat II\",\"isPartOf\":{\"@id\":\"https:\/\/hotelbernatcalella.com\/fr\/#website\"},\"primaryImageOfPage\":{\"@id\":\"https:\/\/hotelbernatcalella.com\/fr\/noticias-fr\/le-festival-festimatge-arrive-a-calella\/#primaryimage\"},\"image\":{\"@id\":\"https:\/\/hotelbernatcalella.com\/fr\/noticias-fr\/le-festival-festimatge-arrive-a-calella\/#primaryimage\"},\"thumbnailUrl\":\"https:\/\/hotelbernatcalella.com\/wp-content\/uploads\/2025\/04\/festimatge-festival-calella.webp\",\"datePublished\":\"2025-04-02T07:56:05+00:00\",\"dateModified\":\"2025-04-02T10:33:44+00:00\",\"author\":{\"@id\":\"https:\/\/hotelbernatcalella.com\/fr\/#\/schema\/person\/9d2f8f220d7bb3470c6b37263c1f3a6e\"},\"description\":\"Ne le manquez pas ! Venez \u00e0 Calella, profitez du XXe Festival d'images \\\"Festimatge\\\" et vivez cette exp\u00e9rience avec nous.\",\"breadcrumb\":{\"@id\":\"https:\/\/hotelbernatcalella.com\/fr\/noticias-fr\/le-festival-festimatge-arrive-a-calella\/#breadcrumb\"},\"inLanguage\":\"fr-FR\",\"potentialAction\":[{\"@type\":\"ReadAction\",\"target\":[\"https:\/\/hotelbernatcalella.com\/fr\/noticias-fr\/le-festival-festimatge-arrive-a-calella\/\"]}]},{\"@type\":\"ImageObject\",\"inLanguage\":\"fr-FR\",\"@id\":\"https:\/\/hotelbernatcalella.com\/fr\/noticias-fr\/le-festival-festimatge-arrive-a-calella\/#primaryimage\",\"url\":\"https:\/\/hotelbernatcalella.com\/wp-content\/uploads\/2025\/04\/festimatge-festival-calella.webp\",\"contentUrl\":\"https:\/\/hotelbernatcalella.com\/wp-content\/uploads\/2025\/04\/festimatge-festival-calella.webp\",\"width\":1707,\"height\":2560,\"caption\":\"festimatge-festival-calella\"},{\"@type\":\"BreadcrumbList\",\"@id\":\"https:\/\/hotelbernatcalella.com\/fr\/noticias-fr\/le-festival-festimatge-arrive-a-calella\/#breadcrumb\",\"itemListElement\":[{\"@type\":\"ListItem\",\"position\":1,\"name\":\"Portada\",\"item\":\"https:\/\/hotelbernatcalella.com\/fr\/\"},{\"@type\":\"ListItem\",\"position\":2,\"name\":\"Le festival Festimatge arrive \u00e0 Calella\"}]},{\"@type\":\"WebSite\",\"@id\":\"https:\/\/hotelbernatcalella.com\/fr\/#website\",\"url\":\"https:\/\/hotelbernatcalella.com\/fr\/\",\"name\":\"Hotel Bernat II & Spa Calella\",\"description\":\"H\u00f4tel \u00e0 Calella\",\"alternateName\":\"Hotel Bernat II & Spa\",\"potentialAction\":[{\"@type\":\"SearchAction\",\"target\":{\"@type\":\"EntryPoint\",\"urlTemplate\":\"https:\/\/hotelbernatcalella.com\/fr\/?s={search_term_string}\"},\"query-input\":{\"@type\":\"PropertyValueSpecification\",\"valueRequired\":true,\"valueName\":\"search_term_string\"}}],\"inLanguage\":\"fr-FR\"},{\"@type\":\"Person\",\"@id\":\"https:\/\/hotelbernatcalella.com\/fr\/#\/schema\/person\/9d2f8f220d7bb3470c6b37263c1f3a6e\",\"name\":\"admin_bernat\",\"image\":{\"@type\":\"ImageObject\",\"inLanguage\":\"fr-FR\",\"@id\":\"https:\/\/hotelbernatcalella.com\/fr\/#\/schema\/person\/image\/\",\"url\":\"https:\/\/secure.gravatar.com\/avatar\/d85a368a0264070f0a07504f04fe3de78e2fedb7d0b7a9e875b30b569151e37e?s=96&d=mm&r=g\",\"contentUrl\":\"https:\/\/secure.gravatar.com\/avatar\/d85a368a0264070f0a07504f04fe3de78e2fedb7d0b7a9e875b30b569151e37e?s=96&d=mm&r=g\",\"caption\":\"admin_bernat\"},\"sameAs\":[\"https:\/\/hotelbernatcalella.com\"]}]}<\/script>\n<!-- \/ Yoast SEO plugin. -->","yoast_head_json":{"title":"Le festival Festimatge arrive \u00e0 Calella | Hotel Bernat II","description":"Ne le manquez pas ! Venez \u00e0 Calella, profitez du XXe Festival d'images \"Festimatge\" et vivez cette exp\u00e9rience avec nous.","robots":{"index":"index","follow":"follow","max-snippet":"max-snippet:-1","max-image-preview":"max-image-preview:large","max-video-preview":"max-video-preview:-1"},"canonical":"https:\/\/hotelbernatcalella.com\/fr\/noticias-fr\/le-festival-festimatge-arrive-a-calella\/","og_locale":"fr_FR","og_type":"article","og_title":"Le festival Festimatge arrive \u00e0 Calella | Hotel Bernat II","og_description":"Ne le manquez pas ! Venez \u00e0 Calella, profitez du XXe Festival d'images \"Festimatge\" et vivez cette exp\u00e9rience avec nous.","og_url":"https:\/\/hotelbernatcalella.com\/fr\/noticias-fr\/le-festival-festimatge-arrive-a-calella\/","og_site_name":"Hotel Bernat II","article_published_time":"2025-04-02T07:56:05+00:00","article_modified_time":"2025-04-02T10:33:44+00:00","og_image":[{"width":1707,"height":2560,"url":"https:\/\/hotelbernatcalella.com\/wp-content\/uploads\/2025\/04\/festimatge-festival-calella.webp","type":"image\/webp"}],"author":"admin_bernat","twitter_card":"summary_large_image","twitter_misc":{"\u00c9crit par":"admin_bernat","Dur\u00e9e de lecture estim\u00e9e":"5 minutes"},"schema":{"@context":"https:\/\/schema.org","@graph":[{"@type":"Article","@id":"https:\/\/hotelbernatcalella.com\/fr\/noticias-fr\/le-festival-festimatge-arrive-a-calella\/#article","isPartOf":{"@id":"https:\/\/hotelbernatcalella.com\/fr\/noticias-fr\/le-festival-festimatge-arrive-a-calella\/"},"author":{"name":"admin_bernat","@id":"https:\/\/hotelbernatcalella.com\/fr\/#\/schema\/person\/9d2f8f220d7bb3470c6b37263c1f3a6e"},"headline":"Le festival Festimatge arrive \u00e0 Calella","datePublished":"2025-04-02T07:56:05+00:00","dateModified":"2025-04-02T10:33:44+00:00","mainEntityOfPage":{"@id":"https:\/\/hotelbernatcalella.com\/fr\/noticias-fr\/le-festival-festimatge-arrive-a-calella\/"},"wordCount":1147,"image":{"@id":"https:\/\/hotelbernatcalella.com\/fr\/noticias-fr\/le-festival-festimatge-arrive-a-calella\/#primaryimage"},"thumbnailUrl":"https:\/\/hotelbernatcalella.com\/wp-content\/uploads\/2025\/04\/festimatge-festival-calella.webp","keywords":["Actividades gratis","Actividades gratis","Activitats","activit\u00e9s gratuites","Couples","\u00c9v\u00e9nements culturels","Fam\u00edlies","Festimatge","Mus\u00e9es"],"articleSection":["Nouvelles"],"inLanguage":"fr-FR"},{"@type":"WebPage","@id":"https:\/\/hotelbernatcalella.com\/fr\/noticias-fr\/le-festival-festimatge-arrive-a-calella\/","url":"https:\/\/hotelbernatcalella.com\/fr\/noticias-fr\/le-festival-festimatge-arrive-a-calella\/","name":"Le festival Festimatge arrive \u00e0 Calella | Hotel Bernat II","isPartOf":{"@id":"https:\/\/hotelbernatcalella.com\/fr\/#website"},"primaryImageOfPage":{"@id":"https:\/\/hotelbernatcalella.com\/fr\/noticias-fr\/le-festival-festimatge-arrive-a-calella\/#primaryimage"},"image":{"@id":"https:\/\/hotelbernatcalella.com\/fr\/noticias-fr\/le-festival-festimatge-arrive-a-calella\/#primaryimage"},"thumbnailUrl":"https:\/\/hotelbernatcalella.com\/wp-content\/uploads\/2025\/04\/festimatge-festival-calella.webp","datePublished":"2025-04-02T07:56:05+00:00","dateModified":"2025-04-02T10:33:44+00:00","author":{"@id":"https:\/\/hotelbernatcalella.com\/fr\/#\/schema\/person\/9d2f8f220d7bb3470c6b37263c1f3a6e"},"description":"Ne le manquez pas ! Venez \u00e0 Calella, profitez du XXe Festival d'images \"Festimatge\" et vivez cette exp\u00e9rience avec nous.","breadcrumb":{"@id":"https:\/\/hotelbernatcalella.com\/fr\/noticias-fr\/le-festival-festimatge-arrive-a-calella\/#breadcrumb"},"inLanguage":"fr-FR","potentialAction":[{"@type":"ReadAction","target":["https:\/\/hotelbernatcalella.com\/fr\/noticias-fr\/le-festival-festimatge-arrive-a-calella\/"]}]},{"@type":"ImageObject","inLanguage":"fr-FR","@id":"https:\/\/hotelbernatcalella.com\/fr\/noticias-fr\/le-festival-festimatge-arrive-a-calella\/#primaryimage","url":"https:\/\/hotelbernatcalella.com\/wp-content\/uploads\/2025\/04\/festimatge-festival-calella.webp","contentUrl":"https:\/\/hotelbernatcalella.com\/wp-content\/uploads\/2025\/04\/festimatge-festival-calella.webp","width":1707,"height":2560,"caption":"festimatge-festival-calella"},{"@type":"BreadcrumbList","@id":"https:\/\/hotelbernatcalella.com\/fr\/noticias-fr\/le-festival-festimatge-arrive-a-calella\/#breadcrumb","itemListElement":[{"@type":"ListItem","position":1,"name":"Portada","item":"https:\/\/hotelbernatcalella.com\/fr\/"},{"@type":"ListItem","position":2,"name":"Le festival Festimatge arrive \u00e0 Calella"}]},{"@type":"WebSite","@id":"https:\/\/hotelbernatcalella.com\/fr\/#website","url":"https:\/\/hotelbernatcalella.com\/fr\/","name":"Hotel Bernat II & Spa Calella","description":"H\u00f4tel \u00e0 Calella","alternateName":"Hotel Bernat II & Spa","potentialAction":[{"@type":"SearchAction","target":{"@type":"EntryPoint","urlTemplate":"https:\/\/hotelbernatcalella.com\/fr\/?s={search_term_string}"},"query-input":{"@type":"PropertyValueSpecification","valueRequired":true,"valueName":"search_term_string"}}],"inLanguage":"fr-FR"},{"@type":"Person","@id":"https:\/\/hotelbernatcalella.com\/fr\/#\/schema\/person\/9d2f8f220d7bb3470c6b37263c1f3a6e","name":"admin_bernat","image":{"@type":"ImageObject","inLanguage":"fr-FR","@id":"https:\/\/hotelbernatcalella.com\/fr\/#\/schema\/person\/image\/","url":"https:\/\/secure.gravatar.com\/avatar\/d85a368a0264070f0a07504f04fe3de78e2fedb7d0b7a9e875b30b569151e37e?s=96&d=mm&r=g","contentUrl":"https:\/\/secure.gravatar.com\/avatar\/d85a368a0264070f0a07504f04fe3de78e2fedb7d0b7a9e875b30b569151e37e?s=96&d=mm&r=g","caption":"admin_bernat"},"sameAs":["https:\/\/hotelbernatcalella.com"]}]}},"loftoceanMetas":{"authorName":"admin_bernat","categories":[{"name":"Nouvelles","link":"https:\/\/hotelbernatcalella.com\/fr\/category\/noticias-fr\/","count":24}],"date":"2 de avril de 2025","featuredImageSRC":"https:\/\/hotelbernatcalella.com\/wp-content\/uploads\/2025\/04\/festimatge-festival-calella-150x150.webp"},"_links":{"self":[{"href":"https:\/\/hotelbernatcalella.com\/fr\/wp-json\/wp\/v2\/posts\/13113","targetHints":{"allow":["GET"]}}],"collection":[{"href":"https:\/\/hotelbernatcalella.com\/fr\/wp-json\/wp\/v2\/posts"}],"about":[{"href":"https:\/\/hotelbernatcalella.com\/fr\/wp-json\/wp\/v2\/types\/post"}],"author":[{"embeddable":true,"href":"https:\/\/hotelbernatcalella.com\/fr\/wp-json\/wp\/v2\/users\/1"}],"replies":[{"embeddable":true,"href":"https:\/\/hotelbernatcalella.com\/fr\/wp-json\/wp\/v2\/comments?post=13113"}],"version-history":[{"count":0,"href":"https:\/\/hotelbernatcalella.com\/fr\/wp-json\/wp\/v2\/posts\/13113\/revisions"}],"wp:featuredmedia":[{"embeddable":true,"href":"https:\/\/hotelbernatcalella.com\/fr\/wp-json\/wp\/v2\/media\/15116"}],"wp:attachment":[{"href":"https:\/\/hotelbernatcalella.com\/fr\/wp-json\/wp\/v2\/media?parent=13113"}],"wp:term":[{"taxonomy":"category","embeddable":true,"href":"https:\/\/hotelbernatcalella.com\/fr\/wp-json\/wp\/v2\/categories?post=13113"},{"taxonomy":"post_tag","embeddable":true,"href":"https:\/\/hotelbernatcalella.com\/fr\/wp-json\/wp\/v2\/tags?post=13113"}],"curies":[{"name":"wp","href":"https:\/\/api.w.org\/{rel}","templated":true}]}}