{"id":20333,"date":"2026-04-01T16:14:24","date_gmt":"2026-04-01T16:14:24","guid":{"rendered":"https:\/\/hotelbernatcalella.com\/?p=20333"},"modified":"2026-04-01T16:14:26","modified_gmt":"2026-04-01T16:14:26","slug":"monthly-agenda-april","status":"publish","type":"post","link":"https:\/\/hotelbernatcalella.com\/en\/agenda-en\/monthly-agenda-april\/","title":{"rendered":"April 2026"},"content":{"rendered":"\t\t<div data-elementor-type=\"wp-post\" data-elementor-id=\"20333\" class=\"elementor elementor-20333 elementor-20287\" data-elementor-post-type=\"post\">\n\t\t\t\t<div class=\"elementor-element elementor-element-036eec9 e-flex e-con-boxed e-con e-parent\" data-id=\"036eec9\" data-element_type=\"container\" data-e-type=\"container\">\n\t\t\t\t\t<div class=\"e-con-inner\">\n\t\t\t\t<div class=\"elementor-element elementor-element-b55f466 elementor-widget elementor-widget-heading\" data-id=\"b55f466\" data-element_type=\"widget\" data-e-type=\"widget\" data-widget_type=\"heading.default\">\n\t\t\t\t\t<h2 class=\"elementor-heading-title elementor-size-default\">Monthly agenda for April 2026 in Calella<\/h2>\t\t\t\t<\/div>\n\t\t\t\t<div class=\"elementor-element elementor-element-6f427fb elementor-widget elementor-widget-text-editor\" data-id=\"6f427fb\" data-element_type=\"widget\" data-e-type=\"widget\" data-widget_type=\"text-editor.default\">\n\t\t\t\t\t\t\t\t\t<p><span style=\"font-weight: 400;\">During April, Calella comes alive with the celebration of Holy Week and the eagerly awaited festival of Sant Jordi. It is the perfect time to enjoy the charm of this coastal town in the Maresme region, where processions, traditions and a festive atmosphere combine with the arrival of fine weather. Strolling through its streets adorned with roses and books, relaxing on its Mediterranean beaches and immersing yourself in its rich culture make April a special month to discover everything Calella has to offer.  <\/span><\/p><p><span style=\"font-weight: 400;\">The <\/span><a href=\"https:\/\/www.hotelbernatcalella.com\/en\/\"><span style=\"font-weight: 400;\">Hotel Bernat II<\/span><\/a><span style=\"font-weight: 400;\"> invites you to visit us with your family, partner or friends so you can discover the culture and traditions of our town. If you\u2019re interested in finding out how April is celebrated in Calella, discover the monthly calendar here, packed with shows, concerts, sporting events and celebrations.<\/span><\/p>\t\t\t\t\t\t\t\t<\/div>\n\t\t\t\t<div class=\"elementor-element elementor-element-b2ebc98 elementor-widget elementor-widget-heading\" data-id=\"b2ebc98\" data-element_type=\"widget\" data-e-type=\"widget\" data-widget_type=\"heading.default\">\n\t\t\t\t\t<h2 class=\"elementor-heading-title elementor-size-default\">April 2026 Programming<\/h2>\t\t\t\t<\/div>\n\t\t\t\t<div class=\"elementor-element elementor-element-3077217 elementor-widget elementor-widget-text-editor\" data-id=\"3077217\" data-element_type=\"widget\" data-e-type=\"widget\" data-widget_type=\"text-editor.default\">\n\t\t\t\t\t\t\t\t\t<h3><strong>Places of interest:<\/strong><\/h3><p><strong>* The old Town Hall Exhibition Hall <\/strong>(pl. de l\u2019Ajuntament, 1-3)<br>Open: Tuesday to Friday from 17.00 to 21.30h. Weekends and public holidays from 11.00 to 14.00h and from 17.00 to 21.30h.  Free entrance<br><strong>* Tourism Museum <\/strong>(c. Sant Pere, 122-140)<br>Open: Saturdays from 17.00 to 20.00 h. Weekends and bank holidays from 11.00 to 18.00 h. Entrance: 2 \u20ac  <br>Reduced price 1 \u20ac. Free entry on the first Sunday of the month. <br><strong>* Municipal Museum Josep M. Codina i Bagu\u00e9 <\/strong>(c. Escoles Pies, 36)<br>Open: Until the 14th of April: Tuesday to Saturday from 17 to 20 h. Sunday and public holidays from 11 to 14 h. From the 15th of April: Tuesday to Saturday from 18 to 21 h. Sunday and public holidays from 11 to 14 h. Entrance: 2 \u20ac, reduced price 1 \u20ac. Free entry on the first Sunday of the<br>month.<br><br>     <br><strong>* The lighthouse Interpretation Centre<\/strong> (ctra. Nacional II, km. 666)<br>Open: Weekends and public holidays from 10.00 to 14.00 h. Entrance: 2 \u20ac, reduced price 1 \u20ac. Free entry on the first Sunday of the month   <br><strong>* The Air Raid Shelter in the Dalmau Park<\/strong> (situated in the children\u2019s play area)<br>Open: Weekends and public holidays from 10.00 to 14.00 h. Entrance: 1 \u20ac, reduced price 0,50 \u20ac. Free entry on the first Sunday of the month.  <br><strong>* The Chapel of Saint Quirze &amp; Saint Julita<\/strong> (c. de Francesc Bartrina, 18)<br>Open all year from Monday to Friday (excepte on public holiday days) from 9.00 to 14.00 h. Visit by reservation only by calling 93 769 51 02 or email to museumunicipal@calella.cat. <br><strong>*Guided visits for groups<\/strong> in Catalan, Spanish, English and French. For more information please send an email to museumunicipal@calella.cat.<\/p>\t\t\t\t\t\t\t\t<\/div>\n\t\t\t\t<div class=\"elementor-element elementor-element-8314885 elementor-widget elementor-widget-text-editor\" data-id=\"8314885\" data-element_type=\"widget\" data-e-type=\"widget\" data-widget_type=\"text-editor.default\">\n\t\t\t\t\t\t\t\t\t<ul><li><h3><strong>Activities April 2026:<\/strong><\/h3><\/li><\/ul><p>On the following days of April: 13th, 20th i 27th, from 09:30 to 11:00 h, in the Dalmau Park, Tai Chi. For more information please call 655 81 20 07.<br>Every Tuesday and every Thursday and on also on the 11th, 18th &amp; 25th o April at 07:30 h, starting at the Football pitch beside the beach: Walking routes around Calellade Calella. For more information please call 655 81 20 07.    <\/p><p><strong>EASTER THURSDAY, 2nd<\/strong><br>19.00 h, in the Chapel of Sant Quirze and Santa Julita, Easter concert by the Laetare Choir. Free entry and reverse box office. <\/p><p><strong>ALL SAINTS DAY, 3rd<\/strong><br>9.00 h, in the Dalmau Park: Costa del Maresme Handball Trophy Competition.<br>10.00 h, at the pla\u00e7a de l\u2019Esgl\u00e9sia: Viacrucis.<br>11.00 to 19.00 h, at the pla\u00e7a del Bunyol: Easter bun fest.  <br>19.45 h, at the pla\u00e7a de l\u2019Esgl\u00e9sia: Departure of the Easter Brotherhood of Arms. Procession route: Pla\u00e7a de l\u2019Esgl\u00e9sia (Portal Sant Pere), streets of Esgl\u00e9sia, Sant Josep, Jovara, Bartrina, pla\u00e7a Ajuntament, Bisbe Sivilla and back to the Church.<br>20.30 h, leaving from the Parish Church: Procession of Light and Silence. Procession route: streets of Roman\u00ed, Esgl\u00e9sia, Batlle, Jovara, Escoles Pies, pla\u00e7a de l\u2019Ajuntament, Bisbe Sivilla, back to the Parish Church.<\/p><p><strong>SATURDAY 4th<\/strong><br>9.00 h, in the Sports Pavilion in Dalmau Park: Costa del Maresme Handball Tournament. <\/p><p><strong>EASTER SUNDAY, 5th<\/strong><br>9.00 h, in the Sports Pavilion in Dalmau Park: Costa del Maresme Handball Tournament.<br>10.00 \u2013 14.00 h, Promenade of Manuel Puigvert: Exchange and collectables market.<br>11.30 h, at the pla\u00e7a de l\u2019Ajuntament: Traditional Catalan Sardana dance and concert.<br>12.00 h, at the pla\u00e7a de l\u2019Esgl\u00e9sia: Street procession with the image of the Virgin Mary and the Angel. Street route: Bisbe Sivilla fins pl. de l\u2019Ajuntament.<br>12.15 h, from the balcony of the City Hall, Song of an Angel. Singing by J\u00falia Arrogante Oliver, under the musical direction of S\u00f2nia Monta\u00f1ola Valls.    <\/p><p><strong>SATURDAY, 11th<\/strong><br>11th of April till the 10th of May: in diferents parts of Calella, 21\u00e8 <strong>FESTIMATGE 2026.<\/strong><br>16.00 h, at the pla\u00e7a de l\u2019Esgl\u00e9sia: Sidral Solidari 2026. Concert by Grupo Meskla, Chocolate drinks for the children and other activities throughout the afternoon. 16.30 h: clown show.<br>18.45 h: Performance by the Bilans Dance School. 19:00 h: concert by the group Meskla, and many other activities throughout the afternoon.<br>*18.00 h, in the Sala Mozart, CALELLA SCENE \u2013 Theatre in Catalan: La motxilla de l\u2019Ada\u201d.<br>19.30 h, in the Auditorium Maria Terricabras, Inauguraci\u00f3 del Festimatge 2026.<br>21.30 h, in the Exhibition Hall of the Old Town Hall, Opening of the exhibition by Alisa Sibryskaya, with the presence of the author. Toast with a glass of cava for the attendees.    <\/p><p><strong>SUNDAY, 12th<\/strong><br>11.00 h, in the Llobet Guri Factory: Inauguration of the Tai Chi Gondaria.<\/p><p>11.30 h, Promenade of Manuel Puigvert: 1st \u201cbotifarra\u201d party of the Lazy Bear Association with DJ session and surprise activities.<br>12.00 h i 18.00 h, in the Llobet Guri Factory: Festimatge 2025. Guided visits and photographic exhibition. Free entrance. <\/p><p><strong>THURSDAY, 16<\/strong><br>18.00 h, in the Llobet Guri Factory: Sant Jordi for the Elderly of Calella with live music.<br>20.30 &#8211; 22.00 h, in the Sala Mozart: Screening of Short Films Festimatge 2026.<\/p><p><strong>FRIDAY, 17<\/strong><br>8.30 pm \u2013 10.00 pm, in the Mozart Hall: Screening of short films from the 31st Torretes Trophy, as part of the Festimatge 2026 programme.<\/p><p><strong>SATURDAY, 18<\/strong><br>10.00 am \u2013 2.00 pm, at the Foto-Film premises in the Llobet Factory (2nd floor), Cinotype workshop. <br>11.00 h, in the market square, Sant Jordi Children&#8217;s Creative Workshop.<br>*20.00 h, in the Sala Mozart, CALELLA SCENE \u2013 Theatre in Catalan: \u201cG\u00f6teborg\u201d<br>Tickets are available at www.entrapolis.com and at the Sala Mozart box office on Wednesdays from 5 pm to 7 pm (on weeks with a performance). Tickets will also be available one hour before the performance, if they are still available. <\/p><p><strong>SUNDAY, 19<\/strong><br>11.00 am, Historical tour: \u2018Modernism in Calella\u2019. Meeting point: Municipal Museum.Free event. Book in advance by 2.00 pm on 17 April at<br>museumunicipal@calella.cat.<br>12.00 pm and 6.00 pm, in the Column Hall of the Llobet-Guri Factory, Festimatge 2026. Guided tours of the photography exhibitions. Free admission.<br>7.00 pm, in the Mozart Room, 60 years of Foto-film Calella: \u2018The Lost Suitcase\u2019. Part of the Festimatge 2026 programme. Free admission.      <\/p><p><strong>THURSDAY, 23<\/strong><br>9.00 \u2013 20.00 h, at the pla\u00e7a de l\u2019Esgl\u00e9sia and the Town Hall Square: Sant Jordi Book and Rose Fair.<br>11.00 h, at the Pla\u00e7a de l\u2019Ajuntament, presentation of Moments de Flowers 2026.<br>20.30 &#8211; 22.00 h, a la Sala Mozart, Screening of Short Films Festimatge 2026.<br><br> <\/p><p><strong>FRIDAY, 24<\/strong><br>6.00 pm, traditional and cooperative games in Dalmau Park.<br>6.00 pm, from the Plaza de la Iglesia, micro-dances to mark International Dance Day. 6.00 pm, in the Plaza de la Iglesia, micro-dance performance. 6.45 pm, on Calle Iglesia at the corner of San Jos\u00e9, micro-dance parade.<br>7.30 pm, on Calle Iglesia at the corner of Calle Ind\u00fastria, micro-dance parade.<br>8.30 pm \u2013 10.00 pm, in the Mozart Hall, screening of short films from the 31st Torretes Trophy, as part of the Festimatge 2026 programme.   <\/p><p><strong>SATURDAY, 25<\/strong><br>10.30 \u2013 13.30 h, at the Pla\u00e7a de l\u2019Ajuntament, Book Exchange Day.<br>12.00 h, at the pla\u00e7a de l\u2019Ajuntament: Dance workshop. On the occasion of International Dance Day 2026. In case of rain it will be held in the Sala Mozart.<br>17.00 h, at the pla\u00e7a de l\u2019Ajuntament: Dance workshop. On the occasion of International Dance Day 2026. In case of rain it will be held in the Sala Mozart.<br>20.15 h, in the Sala Mozart, Gran Dance Gala on the occasion of International Dance Day 2026. Tickets at entrapolis.com. <br><br>    <\/p><p><strong>SUNDAY, 26<\/strong><br>8.45 \u2013 17.30 h, in different areas of the city, 41st Photography Festival of the Catalan Federation of Photography, as part of the Festimatge 2026.<br>11.00 h, at the pla\u00e7a de l\u2019Ajuntament: Dance workshop. On the occasion of International Dance Day 2026. In case of rain it will be held in the Sala Mozart<br>12.00 h in the Llobet Guri Factory: Festimatge 2025. Guided visits and photographic exhibition. Free entrance.<br>12.15 h, at the pla\u00e7a de l\u2019Ajuntament, DID&#8217;26 Dance Morning Gala. In case of rain it will be held in the Mozart Hall. For more information at Instagram @3alcub.dansa.<br>18.00 h, in the Llobet Guri Factory: Festimatge 2025. Guided visits and photographic exhibition. Free entrance. <br><br>        <\/p><p><strong>TUESDAY, 28<\/strong><br>19.30 h, in the Sala Mozart, Piano concert inspired by nature by pianist Yoko Suzuki. Show with music and images. Free event. <br><br>  <\/p><p><strong>WEDNESDAY 29th<\/strong><br>18.00 h, in the Calella lighthouse: Ballet workshop. On the occasion of International Dance Day 2026. <\/p><p><strong>THURSDAY, 30<\/strong><br>15.30 h, in the Sala Mozart, concerts by different choirs and orchestras participating in the international choral singing festival Costa Barcelona Music Festival. Free entrance.<br>20.30 &#8211; 22.00 h, in the Josep-Maria Terricabras Auditorium: Screening of Short Films from the 31st Torretes Trophy, as part of the Festimatge 2026 events. Free access.<br>20.30, in the Sala Mozart, (c. Esgl\u00e9sia 91): Concerts by the Costa Barcelona Music Festival. <br><br>   Free entrance + info at MRF-MusicFestival.com. <\/p><p><strong>* CALELLA SCENE: <\/strong>Tickets on sale at www.entrapolis.com and at the Sala Mozart box office, on Wednesdays from 5 to 7 pm (weeks with a performance). Also one hour before the start, if they are not sold out. Organized by: Calella City Council and As. Young Artists and Musicians<br>Promotion (JAM). <\/p>\t\t\t\t\t\t\t\t<\/div>\n\t\t\t\t\t<\/div>\n\t\t\t\t<\/div>\n\t\t\t\t<\/div>\n\t\t","protected":false},"excerpt":{"rendered":"<p>Monthly agenda for April 2026 in Calella During April, Calella comes alive with the celebration of Holy Week and the eagerly awaited festival of Sant Jordi. It is the perfect time to enjoy the charm of this coastal town in the Maresme region, where processions, traditions and a festive atmosphere combine with the arrival of &#8230;<\/p>\n","protected":false},"author":1,"featured_media":15296,"comment_status":"closed","ping_status":"open","sticky":false,"template":"","format":"standard","meta":{"loftocean_post_format_gallery":"","loftocean_post_format_gallery_ids":"","loftocean_post_format_gallery_urls":"","loftocean_post_format_video_id":0,"loftocean_post_format_video_url":"","loftocean_post_format_video_type":"","loftocean_post_format_video":"","loftocean_post_format_audio_type":"","loftocean_post_format_audio_url":"","loftocean_post_format_audio_id":0,"loftocean_post_format_audio":"","loftocean-like-count":0,"cozystay_single_post_hide_site_header":"","cozystay_single_post_site_header_source":"","cozystay_single_post_custom_site_header":"0","cozystay_single_post_custom_sticky_site_header":"0","cozystay_single_post_hide_page_title":"","cozystay_single_post_site_footer_hide_main":"","cozystay_single_custom_site_footer_main_source":"","cozystay_single_custom_site_footer_main":"0","cozystay_single_post_site_footer_hide_above":"","cozystay_single_custom_site_footer_above_source":"","cozystay_single_custom_site_footer_above":"0","cozystay_single_post_site_footer_hide_instagram":"","cozystay_single_post_site_footer_hide_bottom":"","cozystay_single_custom_mobile_menu_source":"","cozystay_single_custom_mobile_menu":"0","cozystay_single_custom_mobile_menu_animation":"","cozystay_single_custom_mobile_menu_width":"","cozystay_single_custom_mobile_menu_custom_width":375,"cozystay_single_post_template":"","footnotes":""},"categories":[450],"tags":[485,468,181,566,270],"class_list":["post-20333","post","type-post","status-publish","format-standard","has-post-thumbnail","hentry","category-agenda-en","tag-actividades-gratis-en","tag-activitats-en","tag-couples","tag-monthly-agenda","tag-what-can-you-visit-in-calella"],"yoast_head":"<!-- This site is optimized with the Yoast SEO plugin v27.1.1 - https:\/\/yoast.com\/product\/yoast-seo-wordpress\/ -->\n<title>April 2026 | Hotel Bernat II<\/title>\n<meta name=\"description\" content=\"Check out the monthly calendar for April here, packed with shows, concerts, sporting events and celebrations.\" \/>\n<meta name=\"robots\" content=\"index, follow, max-snippet:-1, max-image-preview:large, max-video-preview:-1\" \/>\n<link rel=\"canonical\" href=\"https:\/\/hotelbernatcalella.com\/en\/agenda-en\/monthly-agenda-april\/\" \/>\n<meta property=\"og:locale\" content=\"en_US\" \/>\n<meta property=\"og:type\" content=\"article\" \/>\n<meta property=\"og:title\" content=\"April 2026 | Hotel Bernat II\" \/>\n<meta property=\"og:description\" content=\"Check out the monthly calendar for April here, packed with shows, concerts, sporting events and celebrations.\" \/>\n<meta property=\"og:url\" content=\"https:\/\/hotelbernatcalella.com\/en\/agenda-en\/monthly-agenda-april\/\" \/>\n<meta property=\"og:site_name\" content=\"Hotel Bernat II\" \/>\n<meta property=\"article:published_time\" content=\"2026-04-01T16:14:24+00:00\" \/>\n<meta property=\"article:modified_time\" content=\"2026-04-01T16:14:26+00:00\" \/>\n<meta property=\"og:image\" content=\"https:\/\/www.hotelbernatcalella.com\/wp-content\/uploads\/2025\/03\/torretas-calella-barcelona.webp\" \/>\n\t<meta property=\"og:image:width\" content=\"1080\" \/>\n\t<meta property=\"og:image:height\" content=\"1080\" \/>\n\t<meta property=\"og:image:type\" content=\"image\/webp\" \/>\n<meta name=\"author\" content=\"admin_bernat\" \/>\n<meta name=\"twitter:card\" content=\"summary_large_image\" \/>\n<meta name=\"twitter:label1\" content=\"Written by\" \/>\n\t<meta name=\"twitter:data1\" content=\"admin_bernat\" \/>\n\t<meta name=\"twitter:label2\" content=\"Est. reading time\" \/>\n\t<meta name=\"twitter:data2\" content=\"8 minutes\" \/>\n<script type=\"application\/ld+json\" class=\"yoast-schema-graph\">{\"@context\":\"https:\/\/schema.org\",\"@graph\":[{\"@type\":\"Article\",\"@id\":\"https:\/\/hotelbernatcalella.com\/en\/agenda-en\/monthly-agenda-april\/#article\",\"isPartOf\":{\"@id\":\"https:\/\/hotelbernatcalella.com\/en\/agenda-en\/monthly-agenda-april\/\"},\"author\":{\"name\":\"admin_bernat\",\"@id\":\"https:\/\/hotelbernatcalella.com\/en\/#\/schema\/person\/9d2f8f220d7bb3470c6b37263c1f3a6e\"},\"headline\":\"April 2026\",\"datePublished\":\"2026-04-01T16:14:24+00:00\",\"dateModified\":\"2026-04-01T16:14:26+00:00\",\"mainEntityOfPage\":{\"@id\":\"https:\/\/hotelbernatcalella.com\/en\/agenda-en\/monthly-agenda-april\/\"},\"wordCount\":1540,\"image\":{\"@id\":\"https:\/\/hotelbernatcalella.com\/en\/agenda-en\/monthly-agenda-april\/#primaryimage\"},\"thumbnailUrl\":\"https:\/\/hotelbernatcalella.com\/wp-content\/uploads\/2025\/03\/torretas-calella-barcelona.webp\",\"keywords\":[\"Actividades gratis\",\"Activitats\",\"Couples\",\"Monthly Agenda\",\"What can you visit in Calella?\"],\"articleSection\":[\"Monthly Agenda\"],\"inLanguage\":\"en-US\"},{\"@type\":\"WebPage\",\"@id\":\"https:\/\/hotelbernatcalella.com\/en\/agenda-en\/monthly-agenda-april\/\",\"url\":\"https:\/\/hotelbernatcalella.com\/en\/agenda-en\/monthly-agenda-april\/\",\"name\":\"April 2026 | Hotel Bernat II\",\"isPartOf\":{\"@id\":\"https:\/\/hotelbernatcalella.com\/en\/#website\"},\"primaryImageOfPage\":{\"@id\":\"https:\/\/hotelbernatcalella.com\/en\/agenda-en\/monthly-agenda-april\/#primaryimage\"},\"image\":{\"@id\":\"https:\/\/hotelbernatcalella.com\/en\/agenda-en\/monthly-agenda-april\/#primaryimage\"},\"thumbnailUrl\":\"https:\/\/hotelbernatcalella.com\/wp-content\/uploads\/2025\/03\/torretas-calella-barcelona.webp\",\"datePublished\":\"2026-04-01T16:14:24+00:00\",\"dateModified\":\"2026-04-01T16:14:26+00:00\",\"author\":{\"@id\":\"https:\/\/hotelbernatcalella.com\/en\/#\/schema\/person\/9d2f8f220d7bb3470c6b37263c1f3a6e\"},\"description\":\"Check out the monthly calendar for April here, packed with shows, concerts, sporting events and celebrations.\",\"breadcrumb\":{\"@id\":\"https:\/\/hotelbernatcalella.com\/en\/agenda-en\/monthly-agenda-april\/#breadcrumb\"},\"inLanguage\":\"en-US\",\"potentialAction\":[{\"@type\":\"ReadAction\",\"target\":[\"https:\/\/hotelbernatcalella.com\/en\/agenda-en\/monthly-agenda-april\/\"]}]},{\"@type\":\"ImageObject\",\"inLanguage\":\"en-US\",\"@id\":\"https:\/\/hotelbernatcalella.com\/en\/agenda-en\/monthly-agenda-april\/#primaryimage\",\"url\":\"https:\/\/hotelbernatcalella.com\/wp-content\/uploads\/2025\/03\/torretas-calella-barcelona.webp\",\"contentUrl\":\"https:\/\/hotelbernatcalella.com\/wp-content\/uploads\/2025\/03\/torretas-calella-barcelona.webp\",\"width\":1080,\"height\":1080,\"caption\":\"torretas-calella-barcelona\"},{\"@type\":\"BreadcrumbList\",\"@id\":\"https:\/\/hotelbernatcalella.com\/en\/agenda-en\/monthly-agenda-april\/#breadcrumb\",\"itemListElement\":[{\"@type\":\"ListItem\",\"position\":1,\"name\":\"Portada\",\"item\":\"https:\/\/hotelbernatcalella.com\/en\/\"},{\"@type\":\"ListItem\",\"position\":2,\"name\":\"April 2026\"}]},{\"@type\":\"WebSite\",\"@id\":\"https:\/\/hotelbernatcalella.com\/en\/#website\",\"url\":\"https:\/\/hotelbernatcalella.com\/en\/\",\"name\":\"Hotel Bernat II & Spa Calella\",\"description\":\"Hotel in Calella\",\"alternateName\":\"Hotel Bernat II & Spa\",\"potentialAction\":[{\"@type\":\"SearchAction\",\"target\":{\"@type\":\"EntryPoint\",\"urlTemplate\":\"https:\/\/hotelbernatcalella.com\/en\/?s={search_term_string}\"},\"query-input\":{\"@type\":\"PropertyValueSpecification\",\"valueRequired\":true,\"valueName\":\"search_term_string\"}}],\"inLanguage\":\"en-US\"},{\"@type\":\"Person\",\"@id\":\"https:\/\/hotelbernatcalella.com\/en\/#\/schema\/person\/9d2f8f220d7bb3470c6b37263c1f3a6e\",\"name\":\"admin_bernat\",\"image\":{\"@type\":\"ImageObject\",\"inLanguage\":\"en-US\",\"@id\":\"https:\/\/hotelbernatcalella.com\/en\/#\/schema\/person\/image\/\",\"url\":\"https:\/\/secure.gravatar.com\/avatar\/d85a368a0264070f0a07504f04fe3de78e2fedb7d0b7a9e875b30b569151e37e?s=96&d=mm&r=g\",\"contentUrl\":\"https:\/\/secure.gravatar.com\/avatar\/d85a368a0264070f0a07504f04fe3de78e2fedb7d0b7a9e875b30b569151e37e?s=96&d=mm&r=g\",\"caption\":\"admin_bernat\"},\"sameAs\":[\"https:\/\/hotelbernatcalella.com\"]}]}<\/script>\n<!-- \/ Yoast SEO plugin. -->","yoast_head_json":{"title":"April 2026 | Hotel Bernat II","description":"Check out the monthly calendar for April here, packed with shows, concerts, sporting events and celebrations.","robots":{"index":"index","follow":"follow","max-snippet":"max-snippet:-1","max-image-preview":"max-image-preview:large","max-video-preview":"max-video-preview:-1"},"canonical":"https:\/\/hotelbernatcalella.com\/en\/agenda-en\/monthly-agenda-april\/","og_locale":"en_US","og_type":"article","og_title":"April 2026 | Hotel Bernat II","og_description":"Check out the monthly calendar for April here, packed with shows, concerts, sporting events and celebrations.","og_url":"https:\/\/hotelbernatcalella.com\/en\/agenda-en\/monthly-agenda-april\/","og_site_name":"Hotel Bernat II","article_published_time":"2026-04-01T16:14:24+00:00","article_modified_time":"2026-04-01T16:14:26+00:00","og_image":[{"width":1080,"height":1080,"url":"https:\/\/www.hotelbernatcalella.com\/wp-content\/uploads\/2025\/03\/torretas-calella-barcelona.webp","type":"image\/webp"}],"author":"admin_bernat","twitter_card":"summary_large_image","twitter_misc":{"Written by":"admin_bernat","Est. reading time":"8 minutes"},"schema":{"@context":"https:\/\/schema.org","@graph":[{"@type":"Article","@id":"https:\/\/hotelbernatcalella.com\/en\/agenda-en\/monthly-agenda-april\/#article","isPartOf":{"@id":"https:\/\/hotelbernatcalella.com\/en\/agenda-en\/monthly-agenda-april\/"},"author":{"name":"admin_bernat","@id":"https:\/\/hotelbernatcalella.com\/en\/#\/schema\/person\/9d2f8f220d7bb3470c6b37263c1f3a6e"},"headline":"April 2026","datePublished":"2026-04-01T16:14:24+00:00","dateModified":"2026-04-01T16:14:26+00:00","mainEntityOfPage":{"@id":"https:\/\/hotelbernatcalella.com\/en\/agenda-en\/monthly-agenda-april\/"},"wordCount":1540,"image":{"@id":"https:\/\/hotelbernatcalella.com\/en\/agenda-en\/monthly-agenda-april\/#primaryimage"},"thumbnailUrl":"https:\/\/hotelbernatcalella.com\/wp-content\/uploads\/2025\/03\/torretas-calella-barcelona.webp","keywords":["Actividades gratis","Activitats","Couples","Monthly Agenda","What can you visit in Calella?"],"articleSection":["Monthly Agenda"],"inLanguage":"en-US"},{"@type":"WebPage","@id":"https:\/\/hotelbernatcalella.com\/en\/agenda-en\/monthly-agenda-april\/","url":"https:\/\/hotelbernatcalella.com\/en\/agenda-en\/monthly-agenda-april\/","name":"April 2026 | Hotel Bernat II","isPartOf":{"@id":"https:\/\/hotelbernatcalella.com\/en\/#website"},"primaryImageOfPage":{"@id":"https:\/\/hotelbernatcalella.com\/en\/agenda-en\/monthly-agenda-april\/#primaryimage"},"image":{"@id":"https:\/\/hotelbernatcalella.com\/en\/agenda-en\/monthly-agenda-april\/#primaryimage"},"thumbnailUrl":"https:\/\/hotelbernatcalella.com\/wp-content\/uploads\/2025\/03\/torretas-calella-barcelona.webp","datePublished":"2026-04-01T16:14:24+00:00","dateModified":"2026-04-01T16:14:26+00:00","author":{"@id":"https:\/\/hotelbernatcalella.com\/en\/#\/schema\/person\/9d2f8f220d7bb3470c6b37263c1f3a6e"},"description":"Check out the monthly calendar for April here, packed with shows, concerts, sporting events and celebrations.","breadcrumb":{"@id":"https:\/\/hotelbernatcalella.com\/en\/agenda-en\/monthly-agenda-april\/#breadcrumb"},"inLanguage":"en-US","potentialAction":[{"@type":"ReadAction","target":["https:\/\/hotelbernatcalella.com\/en\/agenda-en\/monthly-agenda-april\/"]}]},{"@type":"ImageObject","inLanguage":"en-US","@id":"https:\/\/hotelbernatcalella.com\/en\/agenda-en\/monthly-agenda-april\/#primaryimage","url":"https:\/\/hotelbernatcalella.com\/wp-content\/uploads\/2025\/03\/torretas-calella-barcelona.webp","contentUrl":"https:\/\/hotelbernatcalella.com\/wp-content\/uploads\/2025\/03\/torretas-calella-barcelona.webp","width":1080,"height":1080,"caption":"torretas-calella-barcelona"},{"@type":"BreadcrumbList","@id":"https:\/\/hotelbernatcalella.com\/en\/agenda-en\/monthly-agenda-april\/#breadcrumb","itemListElement":[{"@type":"ListItem","position":1,"name":"Portada","item":"https:\/\/hotelbernatcalella.com\/en\/"},{"@type":"ListItem","position":2,"name":"April 2026"}]},{"@type":"WebSite","@id":"https:\/\/hotelbernatcalella.com\/en\/#website","url":"https:\/\/hotelbernatcalella.com\/en\/","name":"Hotel Bernat II & Spa Calella","description":"Hotel in Calella","alternateName":"Hotel Bernat II & Spa","potentialAction":[{"@type":"SearchAction","target":{"@type":"EntryPoint","urlTemplate":"https:\/\/hotelbernatcalella.com\/en\/?s={search_term_string}"},"query-input":{"@type":"PropertyValueSpecification","valueRequired":true,"valueName":"search_term_string"}}],"inLanguage":"en-US"},{"@type":"Person","@id":"https:\/\/hotelbernatcalella.com\/en\/#\/schema\/person\/9d2f8f220d7bb3470c6b37263c1f3a6e","name":"admin_bernat","image":{"@type":"ImageObject","inLanguage":"en-US","@id":"https:\/\/hotelbernatcalella.com\/en\/#\/schema\/person\/image\/","url":"https:\/\/secure.gravatar.com\/avatar\/d85a368a0264070f0a07504f04fe3de78e2fedb7d0b7a9e875b30b569151e37e?s=96&d=mm&r=g","contentUrl":"https:\/\/secure.gravatar.com\/avatar\/d85a368a0264070f0a07504f04fe3de78e2fedb7d0b7a9e875b30b569151e37e?s=96&d=mm&r=g","caption":"admin_bernat"},"sameAs":["https:\/\/hotelbernatcalella.com"]}]}},"loftoceanMetas":{"authorName":"admin_bernat","categories":[{"name":"Monthly Agenda","link":"https:\/\/hotelbernatcalella.com\/en\/category\/agenda-en\/","count":12}],"date":"1 de April de 2026","featuredImageSRC":"https:\/\/hotelbernatcalella.com\/wp-content\/uploads\/2025\/03\/torretas-calella-barcelona-150x150.webp"},"_links":{"self":[{"href":"https:\/\/hotelbernatcalella.com\/en\/wp-json\/wp\/v2\/posts\/20333","targetHints":{"allow":["GET"]}}],"collection":[{"href":"https:\/\/hotelbernatcalella.com\/en\/wp-json\/wp\/v2\/posts"}],"about":[{"href":"https:\/\/hotelbernatcalella.com\/en\/wp-json\/wp\/v2\/types\/post"}],"author":[{"embeddable":true,"href":"https:\/\/hotelbernatcalella.com\/en\/wp-json\/wp\/v2\/users\/1"}],"replies":[{"embeddable":true,"href":"https:\/\/hotelbernatcalella.com\/en\/wp-json\/wp\/v2\/comments?post=20333"}],"version-history":[{"count":2,"href":"https:\/\/hotelbernatcalella.com\/en\/wp-json\/wp\/v2\/posts\/20333\/revisions"}],"predecessor-version":[{"id":20338,"href":"https:\/\/hotelbernatcalella.com\/en\/wp-json\/wp\/v2\/posts\/20333\/revisions\/20338"}],"wp:featuredmedia":[{"embeddable":true,"href":"https:\/\/hotelbernatcalella.com\/en\/wp-json\/wp\/v2\/media\/15296"}],"wp:attachment":[{"href":"https:\/\/hotelbernatcalella.com\/en\/wp-json\/wp\/v2\/media?parent=20333"}],"wp:term":[{"taxonomy":"category","embeddable":true,"href":"https:\/\/hotelbernatcalella.com\/en\/wp-json\/wp\/v2\/categories?post=20333"},{"taxonomy":"post_tag","embeddable":true,"href":"https:\/\/hotelbernatcalella.com\/en\/wp-json\/wp\/v2\/tags?post=20333"}],"curies":[{"name":"wp","href":"https:\/\/api.w.org\/{rel}","templated":true}]}}