{"id":20579,"date":"2026-04-24T07:09:54","date_gmt":"2026-04-24T07:09:54","guid":{"rendered":"https:\/\/hotelbernatcalella.com\/?p=20579"},"modified":"2026-04-24T07:09:58","modified_gmt":"2026-04-24T07:09:58","slug":"reizvolle-doerfer-naehe-calella","status":"publish","type":"post","link":"https:\/\/hotelbernatcalella.com\/de\/alrededores-de\/reizvolle-doerfer-naehe-calella\/","title":{"rendered":"Reizvolle D\u00f6rfer in der N\u00e4he von Calella"},"content":{"rendered":"\t\t<div data-elementor-type=\"wp-post\" data-elementor-id=\"20579\" class=\"elementor elementor-20579 elementor-20429\" data-elementor-post-type=\"post\">\n\t\t\t\t<div class=\"elementor-element elementor-element-be8223c e-flex e-con-boxed e-con e-parent\" data-id=\"be8223c\" data-element_type=\"container\" data-e-type=\"container\">\n\t\t\t\t\t<div class=\"e-con-inner\">\n\t\t\t\t<div class=\"elementor-element elementor-element-049a3da elementor-widget elementor-widget-text-editor\" data-id=\"049a3da\" data-element_type=\"widget\" data-e-type=\"widget\" data-widget_type=\"text-editor.default\">\n\t\t\t\t\t\t\t\t\t<p>Wenn Sie f\u00fcr ein paar Tage in unserem <a href=\"https:\/\/www.hotelbernatcalella.com\/de\/\">Hotel in Calella<\/a> \u00fcbernachten, m\u00f6chten wir Ihnen einige sch\u00f6ne D\u00f6rfer empfehlen.<\/p><p>In diesem Blog finden Sie reizvolle D\u00f6rfer mit mediterranem Flair sowie D\u00f6rfer im Landesinneren mit den Weinbergen des Maresme<\/p>\t\t\t\t\t\t\t\t<\/div>\n\t\t\t\t<div class=\"elementor-element elementor-element-b9a56d5 elementor-widget elementor-widget-heading\" data-id=\"b9a56d5\" data-element_type=\"widget\" data-e-type=\"widget\" data-widget_type=\"heading.default\">\n\t\t\t\t\t<h2 class=\"elementor-heading-title elementor-size-default\">Reizvolle D\u00f6rfer in der N\u00e4he von Calella, Barcelona\n<\/h2>\t\t\t\t<\/div>\n\t\t\t\t<div class=\"elementor-element elementor-element-b49e5f4 elementor-widget elementor-widget-spacer\" data-id=\"b49e5f4\" data-element_type=\"widget\" data-e-type=\"widget\" data-widget_type=\"spacer.default\">\n\t\t\t\t\t\t\t<div class=\"elementor-spacer\">\n\t\t\t<div class=\"elementor-spacer-inner\"><\/div>\n\t\t<\/div>\n\t\t\t\t\t\t<\/div>\n\t\t\t\t\t<\/div>\n\t\t\t\t<\/div>\n\t\t<div class=\"elementor-element elementor-element-2241373 e-flex e-con-boxed e-con e-parent\" data-id=\"2241373\" data-element_type=\"container\" data-e-type=\"container\">\n\t\t\t\t\t<div class=\"e-con-inner\">\n\t\t<div class=\"elementor-element elementor-element-7d09d43 e-grid e-con-full e-con e-child\" data-id=\"7d09d43\" data-element_type=\"container\" data-e-type=\"container\">\n\t\t\t\t<div class=\"elementor-element elementor-element-dff1af4 elementor-widget elementor-widget-image\" data-id=\"dff1af4\" data-element_type=\"widget\" data-e-type=\"widget\" data-widget_type=\"image.default\">\n\t\t\t\t\t\t\t\t\t\t\t\t\t\t\t<img decoding=\"async\" src=\"https:\/\/www.hotelbernatcalella.com\/wp-content\/uploads\/elementor\/thumbs\/Sant-Pol-de-Mar-rmf8awjukb1wt0wnrqqpli65wdotslau0hk5g3pdzo.webp\" title=\"Sant Pol de Mar\" alt=\"Sant Pol de Mar\" loading=\"lazy\" \/>\t\t\t\t\t\t\t\t\t\t\t\t\t\t\t<\/div>\n\t\t\t\t<div class=\"elementor-element elementor-element-3f39454 elementor-widget elementor-widget-image-box\" data-id=\"3f39454\" data-element_type=\"widget\" data-e-type=\"widget\" data-widget_type=\"image-box.default\">\n\t\t\t\t\t<div class=\"elementor-image-box-wrapper\"><div class=\"elementor-image-box-content\"><h3 class=\"elementor-image-box-title\"><a href=\"https:\/\/www.cuina-santpau.cat\/\">Sant Pol de Mar<\/a><\/h3><p class=\"elementor-image-box-description\">Sant Pol ist ein altes Fischerdorf mit wei\u00dfen H\u00e4usern und einem reichen architektonischen Erbe, darunter modernistische Geb\u00e4ude wie die ehemaligen Schulen und H\u00e4user im indianischen Stil wie Ca l'Adroher. \n\nEs ist auch f\u00fcr seine Gastronomie bekannt, die von traditionellen Gerichten mit saisonalen Produkten aus der Region bis hin zur Haute Cuisine reicht \u2013 dank des Einflusses von Carme Ruscalleda und ihrem Restaurant Sant Pau.<\/p><\/div><\/div>\t\t\t\t<\/div>\n\t\t\t\t<\/div>\n\t\t<div class=\"elementor-element elementor-element-80886ee e-grid e-con-full e-con e-child\" data-id=\"80886ee\" data-element_type=\"container\" data-e-type=\"container\">\n\t\t\t\t<div class=\"elementor-element elementor-element-703e9a9 elementor-widget elementor-widget-image-box\" data-id=\"703e9a9\" data-element_type=\"widget\" data-e-type=\"widget\" data-widget_type=\"image-box.default\">\n\t\t\t\t\t<div class=\"elementor-image-box-wrapper\"><div class=\"elementor-image-box-content\"><h3 class=\"elementor-image-box-title\"><a href=\"https:\/\/casamuseu.canetdemar.cat\/\">Canet de Mar<\/a><\/h3><p class=\"elementor-image-box-description\">Ideal f\u00fcr Liebhaber des katalanischen Modernismus. Dank Architekten wie Lu\u00eds Dom\u00e8nech i Montaner gibt es hier ein reiches modernistisches Erbe. In der Touristeninformation findet ihr verschiedene Rundg\u00e4nge, um das Dorf zu erkunden.   \n\nIhr k\u00f6nnt das Museumshaus von Dom\u00e8nech i Montaner besuchen, das dem Leben und Werk des modernistischen Architekten gewidmet ist.<br>Im September findet die Fira Mercat Modernista statt, mit F\u00fchrungen, Workshops und St\u00e4nden mit Kunsthandwerk. \n<\/p><\/div><\/div>\t\t\t\t<\/div>\n\t\t\t\t<div class=\"elementor-element elementor-element-c56b3ae elementor-widget elementor-widget-image\" data-id=\"c56b3ae\" data-element_type=\"widget\" data-e-type=\"widget\" data-widget_type=\"image.default\">\n\t\t\t\t\t\t\t\t\t\t\t\t\t\t\t<img decoding=\"async\" src=\"https:\/\/www.hotelbernatcalella.com\/wp-content\/uploads\/elementor\/thumbs\/Canet-de-Mar_-Casa-Domenech-rmf8atqbzsy1u70r87itw0vs482q5hzn03lp09tkic.webp\" title=\"Canet de Mar_ Casa Domenech\" alt=\"Canet de Mar_ Casa Domenech\" loading=\"lazy\" \/>\t\t\t\t\t\t\t\t\t\t\t\t\t\t\t<\/div>\n\t\t\t\t<\/div>\n\t\t\t\t\t<\/div>\n\t\t\t\t<\/div>\n\t\t<div class=\"elementor-element elementor-element-619b993 e-flex e-con-boxed e-con e-parent\" data-id=\"619b993\" data-element_type=\"container\" data-e-type=\"container\">\n\t\t\t\t\t<div class=\"e-con-inner\">\n\t\t\t\t<div class=\"elementor-element elementor-element-3a53f5c elementor-widget elementor-widget-spacer\" data-id=\"3a53f5c\" data-element_type=\"widget\" data-e-type=\"widget\" data-widget_type=\"spacer.default\">\n\t\t\t\t\t\t\t<div class=\"elementor-spacer\">\n\t\t\t<div class=\"elementor-spacer-inner\"><\/div>\n\t\t<\/div>\n\t\t\t\t\t\t<\/div>\n\t\t\t\t\t<\/div>\n\t\t\t\t<\/div>\n\t\t<div class=\"elementor-element elementor-element-2e48cdb e-flex e-con-boxed e-con e-parent\" data-id=\"2e48cdb\" data-element_type=\"container\" data-e-type=\"container\">\n\t\t\t\t\t<div class=\"e-con-inner\">\n\t\t<div class=\"elementor-element elementor-element-cf01295 e-grid e-con-full e-con e-child\" data-id=\"cf01295\" data-element_type=\"container\" data-e-type=\"container\">\n\t\t\t\t<div class=\"elementor-element elementor-element-ae14d02 elementor-widget elementor-widget-image\" data-id=\"ae14d02\" data-element_type=\"widget\" data-e-type=\"widget\" data-widget_type=\"image.default\">\n\t\t\t\t\t\t\t\t\t\t\t\t\t\t\t<img decoding=\"async\" src=\"https:\/\/www.hotelbernatcalella.com\/wp-content\/uploads\/elementor\/thumbs\/Arenys-de-Mar-rmf8ao3ausqbwj8y5532h2b0jwuivbd8zbos4m1xjo.webp\" title=\"Arenys de Mar\" alt=\"Arenys de Mar\" loading=\"lazy\" \/>\t\t\t\t\t\t\t\t\t\t\t\t\t\t\t<\/div>\n\t\t\t\t<div class=\"elementor-element elementor-element-e60eb01 elementor-widget elementor-widget-image-box\" data-id=\"e60eb01\" data-element_type=\"widget\" data-e-type=\"widget\" data-widget_type=\"image-box.default\">\n\t\t\t\t\t<div class=\"elementor-image-box-wrapper\"><div class=\"elementor-image-box-content\"><h3 class=\"elementor-image-box-title\"><a href=\"https:\/\/arenysdemar.cat\/calamarenys\">Arenys de Mar<\/a><\/h3><p class=\"elementor-image-box-description\">Ein Ort mit einem der bedeutendsten Fischereih\u00e4fen der katalanischen K\u00fcste, wo montags bis freitags gegen 16:00 Uhr in der Fischhalle die Fischauktion stattfindet.  \nAn der Rambla befindet sich die Kirche Santa Mar\u00eda mit einem barocken Altaraufsatz im Inneren. \nVon Oktober bis November findet das \u201eCalamarenys\u201c statt, eine kulinarische Veranstaltung, die ganz dem Tintenfisch gewidmet ist. \n<\/p><\/div><\/div>\t\t\t\t<\/div>\n\t\t\t\t<\/div>\n\t\t<div class=\"elementor-element elementor-element-10fa32d e-grid e-con-full e-con e-child\" data-id=\"10fa32d\" data-element_type=\"container\" data-e-type=\"container\">\n\t\t\t\t<div class=\"elementor-element elementor-element-0d8ddc4 elementor-widget elementor-widget-image-box\" data-id=\"0d8ddc4\" data-element_type=\"widget\" data-e-type=\"widget\" data-widget_type=\"image-box.default\">\n\t\t\t\t\t<div class=\"elementor-image-box-wrapper\"><div class=\"elementor-image-box-content\"><h3 class=\"elementor-image-box-title\"><a href=\"https:\/\/www.turismemaresme.cat\/ca\/que-fer\/cultura\/museus\/fundacio-palau\">Caldes d\u2019Estrac (Caldetes)<\/a><\/h3><p class=\"elementor-image-box-description\">Es handelt sich um eine Gemeinde, deren Urspr\u00fcnge bis ins 13. Jahrhundert zur\u00fcckreichen und die um ein ehemaliges Krankenhaus und eine Kirche herum entstanden ist. Die Thermalquellen haben die Geschichte dieses Ortes gepr\u00e4gt und wurden bereits von den R\u00f6mern und Arabern genutzt. Im Jahr 1820 gewannen die \u00f6ffentlichen B\u00e4der an Bekanntheit, und viele B\u00fcrger der damaligen Zeit machten den Ort zu einem Sommerurlaubsziel und Kurort. <br>Hier findet ihr die Stiftung Palau y Fabr\u00e9, in der Werke von Picasso und anderen K\u00fcnstlern wie Mir\u00f3, T\u00e0pies und Miquel Barcel\u00f3 dauerhaft ausgestellt sind.  \n<\/p><\/div><\/div>\t\t\t\t<\/div>\n\t\t\t\t<div class=\"elementor-element elementor-element-4103cd8 elementor-widget elementor-widget-image\" data-id=\"4103cd8\" data-element_type=\"widget\" data-e-type=\"widget\" data-widget_type=\"image.default\">\n\t\t\t\t\t\t\t\t\t\t\t\t\t\t\t<img decoding=\"async\" src=\"https:\/\/www.hotelbernatcalella.com\/wp-content\/uploads\/elementor\/thumbs\/caldes-d-estrac-rmf8arunm4vh6z3hj6pkr1cuxgbzq3s6buaq1pwcus.webp\" title=\"caldes d estrac\" alt=\"caldes d estrac\" loading=\"lazy\" \/>\t\t\t\t\t\t\t\t\t\t\t\t\t\t\t<\/div>\n\t\t\t\t<\/div>\n\t\t\t\t\t<\/div>\n\t\t\t\t<\/div>\n\t\t<div class=\"elementor-element elementor-element-29f35fc e-flex e-con-boxed e-con e-parent\" data-id=\"29f35fc\" data-element_type=\"container\" data-e-type=\"container\">\n\t\t\t\t\t<div class=\"e-con-inner\">\n\t\t\t\t<div class=\"elementor-element elementor-element-7b17fea elementor-widget elementor-widget-spacer\" data-id=\"7b17fea\" data-element_type=\"widget\" data-e-type=\"widget\" data-widget_type=\"spacer.default\">\n\t\t\t\t\t\t\t<div class=\"elementor-spacer\">\n\t\t\t<div class=\"elementor-spacer-inner\"><\/div>\n\t\t<\/div>\n\t\t\t\t\t\t<\/div>\n\t\t\t\t\t<\/div>\n\t\t\t\t<\/div>\n\t\t<div class=\"elementor-element elementor-element-ef80d44 e-flex e-con-boxed e-con e-parent\" data-id=\"ef80d44\" data-element_type=\"container\" data-e-type=\"container\">\n\t\t\t\t\t<div class=\"e-con-inner\">\n\t\t<div class=\"elementor-element elementor-element-9a6fa5d e-grid e-con-full e-con e-child\" data-id=\"9a6fa5d\" data-element_type=\"container\" data-e-type=\"container\">\n\t\t\t\t<div class=\"elementor-element elementor-element-47c5d05 elementor-widget elementor-widget-image\" data-id=\"47c5d05\" data-element_type=\"widget\" data-e-type=\"widget\" data-widget_type=\"image.default\">\n\t\t\t\t\t\t\t\t\t\t\t\t\t\t\t<img decoding=\"async\" src=\"https:\/\/www.hotelbernatcalella.com\/wp-content\/uploads\/elementor\/thumbs\/mataro-rmfdhyfmlf437h7bilhzsawdkrqdk7vvqb6nieczro.webp\" title=\"matar\u00f3\" alt=\"matar\u00f3\" loading=\"lazy\" \/>\t\t\t\t\t\t\t\t\t\t\t\t\t\t\t<\/div>\n\t\t\t\t<div class=\"elementor-element elementor-element-5986456 elementor-widget elementor-widget-image-box\" data-id=\"5986456\" data-element_type=\"widget\" data-e-type=\"widget\" data-widget_type=\"image-box.default\">\n\t\t\t\t\t<div class=\"elementor-image-box-wrapper\"><div class=\"elementor-image-box-content\"><h3 class=\"elementor-image-box-title\"><a href=\"https:\/\/visitmataro.cat\/es\/descubre\/la-ciudad\/presentacion\">Matar\u00f3<\/a><\/h3><p class=\"elementor-image-box-description\">Die wichtigste Stadt des Maresme. \nHier entstand die erste Eisenbahnstrecke der Halbinsel auf der Strecke Matar\u00f3 \u2013 Barcelona. \nDie Stadt verbindet das pulsierende Leben einer Industriestadt mit Universit\u00e4t, Geschichte, Kulturerbe und Kultur \u2026 Hier findet ihr die Nau Gaud\u00ed, das erste Werk des modernistischen Architekten und Sitz des Museums f\u00fcr zeitgen\u00f6ssische Kunst. \nIn Matar\u00f3 k\u00f6nnt ihr Shopping, Freizeitangebote und Gastronomie genie\u00dfen. In der letzten Juliwoche findet das Stadtfest statt, bekannt als \u201eLes Santes\u201c. \n<\/p><\/div><\/div>\t\t\t\t<\/div>\n\t\t\t\t<\/div>\n\t\t<div class=\"elementor-element elementor-element-9d6d5ee e-grid e-con-full e-con e-child\" data-id=\"9d6d5ee\" data-element_type=\"container\" data-e-type=\"container\">\n\t\t\t\t<div class=\"elementor-element elementor-element-1684eb6 elementor-widget elementor-widget-image-box\" data-id=\"1684eb6\" data-element_type=\"widget\" data-e-type=\"widget\" data-widget_type=\"image-box.default\">\n\t\t\t\t\t<div class=\"elementor-image-box-wrapper\"><div class=\"elementor-image-box-content\"><h3 class=\"elementor-image-box-title\"><a href=\"https:\/\/www.turismemaresme.cat\/ca\/descobreix\/municipis\/cabrera-de-mar\">Cabrera de Mar<\/a><\/h3><p class=\"elementor-image-box-description\">Cabrera de Mar ist eine Gemeinde, die Meer, Str\u00e4nde und Berge mit einem gro\u00dfen historischen und landschaftlichen Reichtum verbindet.<br>Am Fu\u00dfe der Burg von Burriac befinden sich \u00dcberreste einer iberischen Siedlung und im Dorf selbst \u00dcberreste aus der R\u00f6merzeit. Es gibt zahlreiche Routen und Wanderwege, um die Burg und ihre Umgebung zu erkunden. Die einfachsten und f\u00fcr alle Schwierigkeitsgrade geeigneten beginnen direkt im Zentrum von Cabrera.<br>Am zweiten Oktoberwochenende verwandelt sich Cabrera de Mar in die antike Stadt Ilturo und l\u00e4sst ihre reiche iberisch-r\u00f6mische Epoche wiederaufleben.  \n<\/p><\/div><\/div>\t\t\t\t<\/div>\n\t\t\t\t<div class=\"elementor-element elementor-element-d6cb5d3 elementor-widget elementor-widget-image\" data-id=\"d6cb5d3\" data-element_type=\"widget\" data-e-type=\"widget\" data-widget_type=\"image.default\">\n\t\t\t\t\t\t\t\t\t\t\t\t\t\t\t<img decoding=\"async\" src=\"https:\/\/www.hotelbernatcalella.com\/wp-content\/uploads\/elementor\/thumbs\/Cabrera-de-Mar_-Castell-de-Burriac-rmf8aqwtfau6vd4uooay6jlec2gmieofzpn8kfxr10.webp\" title=\"Cabrera de Mar_ Castell de Burriac\" alt=\"Cabrera de Mar_ Castell de Burriac\" loading=\"lazy\" \/>\t\t\t\t\t\t\t\t\t\t\t\t\t\t\t<\/div>\n\t\t\t\t<\/div>\n\t\t\t\t\t<\/div>\n\t\t\t\t<\/div>\n\t\t<div class=\"elementor-element elementor-element-92e9357 e-flex e-con-boxed e-con e-parent\" data-id=\"92e9357\" data-element_type=\"container\" data-e-type=\"container\">\n\t\t\t\t\t<div class=\"e-con-inner\">\n\t\t\t\t<div class=\"elementor-element elementor-element-ffa6f9f elementor-widget elementor-widget-spacer\" data-id=\"ffa6f9f\" data-element_type=\"widget\" data-e-type=\"widget\" data-widget_type=\"spacer.default\">\n\t\t\t\t\t\t\t<div class=\"elementor-spacer\">\n\t\t\t<div class=\"elementor-spacer-inner\"><\/div>\n\t\t<\/div>\n\t\t\t\t\t\t<\/div>\n\t\t\t\t\t<\/div>\n\t\t\t\t<\/div>\n\t\t<div class=\"elementor-element elementor-element-ea9534a e-flex e-con-boxed e-con e-parent\" data-id=\"ea9534a\" data-element_type=\"container\" data-e-type=\"container\">\n\t\t\t\t\t<div class=\"e-con-inner\">\n\t\t<div class=\"elementor-element elementor-element-b6fe3a1 e-grid e-con-full e-con e-child\" data-id=\"b6fe3a1\" data-element_type=\"container\" data-e-type=\"container\">\n\t\t\t\t<div class=\"elementor-element elementor-element-bb85a01 elementor-widget elementor-widget-image\" data-id=\"bb85a01\" data-element_type=\"widget\" data-e-type=\"widget\" data-widget_type=\"image.default\">\n\t\t\t\t\t\t\t\t\t\t\t\t\t\t\t<img decoding=\"async\" src=\"https:\/\/www.hotelbernatcalella.com\/wp-content\/uploads\/elementor\/thumbs\/Alella-rmf8am7mh4nr9bbog49tc2s3d53sfx5sb2dt624pw4.webp\" title=\"Alella\" alt=\"Alella\" loading=\"lazy\" \/>\t\t\t\t\t\t\t\t\t\t\t\t\t\t\t<\/div>\n\t\t\t\t<div class=\"elementor-element elementor-element-d5835c5 elementor-widget elementor-widget-image-box\" data-id=\"d5835c5\" data-element_type=\"widget\" data-e-type=\"widget\" data-widget_type=\"image-box.default\">\n\t\t\t\t\t<div class=\"elementor-image-box-wrapper\"><div class=\"elementor-image-box-content\"><h3 class=\"elementor-image-box-title\"><a href=\"https:\/\/alella.cat\/turisme\">Alella<\/a><\/h3><p class=\"elementor-image-box-description\">Eines der bestgeh\u00fcteten Geheimnisse in der N\u00e4he von Barcelona. Hier findet man r\u00f6mische \u00dcberreste, die iberische Siedlung La Cadira del Bisbe und ein bedeutendes modernistisches Erbe.<br>Au\u00dferdem gibt es hier wundersch\u00f6ne Herrenh\u00e4user, da Alella im 19. und fr\u00fchen 20. Jahrhundert ein beliebter Sommerurlaubsort f\u00fcr die Bourgeoisie war.<br> Alella ist ein Spaziergang durch Weinberge am Meer und bekannt f\u00fcr seine Weine der Herkunftsbezeichnung Alella, der kleinsten der Halbinsel und einer der \u00e4ltesten. \n<\/p><\/div><\/div>\t\t\t\t<\/div>\n\t\t\t\t<\/div>\n\t\t<div class=\"elementor-element elementor-element-d038567 e-grid e-con-full e-con e-child\" data-id=\"d038567\" data-element_type=\"container\" data-e-type=\"container\">\n\t\t\t\t<div class=\"elementor-element elementor-element-cd425b9 elementor-widget elementor-widget-image-box\" data-id=\"cd425b9\" data-element_type=\"widget\" data-e-type=\"widget\" data-widget_type=\"image-box.default\">\n\t\t\t\t\t<div class=\"elementor-image-box-wrapper\"><div class=\"elementor-image-box-content\"><h3 class=\"elementor-image-box-title\"><a href=\"https:\/\/www.museucantir.org\/\">Argentona<\/a><\/h3><p class=\"elementor-image-box-description\">In Argentona findet sich ein Gro\u00dfteil der Werke eines der gro\u00dfen Vertreter des katalanischen Modernismus, Josep Puig i Cadafalch, der Argentona als Sommerresidenz w\u00e4hlte.<br>Au\u00dferdem gibt es hier \u00fcber 200 Quellen, von denen einige kohlens\u00e4urehaltiges Wasser f\u00fchren. Bis in die 1970er Jahre wurde das Wasser f\u00fcr den Verkauf abgef\u00fcllt. Die bekanntesten sind die \u201eFont Picant\u201c und die \u201eFont de Ferro\u201c.   \nIhr k\u00f6nnt das Cantir-Museum (Botijo) besuchen. Im August findet das Cantir-Fest statt, das immer am Tag des Heiligen Dominikus, dem 4. August, gefeiert wird.  \n<\/p><\/div><\/div>\t\t\t\t<\/div>\n\t\t\t\t<div class=\"elementor-element elementor-element-625452c elementor-widget elementor-widget-image\" data-id=\"625452c\" data-element_type=\"widget\" data-e-type=\"widget\" data-widget_type=\"image.default\">\n\t\t\t\t\t\t\t\t\t\t\t\t\t\t\t<img decoding=\"async\" src=\"https:\/\/www.hotelbernatcalella.com\/wp-content\/uploads\/elementor\/thumbs\/Argentona-rmf8ap151mrm857kznhp1k2h5apw30gzbgc9lw0jdg.webp\" title=\"Argentona\" alt=\"Argentona\" loading=\"lazy\" \/>\t\t\t\t\t\t\t\t\t\t\t\t\t\t\t<\/div>\n\t\t\t\t<\/div>\n\t\t\t\t\t<\/div>\n\t\t\t\t<\/div>\n\t\t<div class=\"elementor-element elementor-element-bcd16b7 e-con-full elementor-hidden-desktop elementor-hidden-tablet e-flex elementor-invisible e-con e-parent\" data-id=\"bcd16b7\" data-element_type=\"container\" data-e-type=\"container\" data-settings=\"{&quot;animation&quot;:&quot;shake&quot;,&quot;position&quot;:&quot;fixed&quot;}\">\n\t\t\t\t<\/div>\n\t\t<div class=\"elementor-element elementor-element-20667c8 e-flex e-con-boxed e-con e-parent\" data-id=\"20667c8\" data-element_type=\"container\" data-e-type=\"container\">\n\t\t\t\t\t<div class=\"e-con-inner\">\n\t\t\t\t<div class=\"elementor-element elementor-element-3c6a62a elementor-widget elementor-widget-spacer\" data-id=\"3c6a62a\" data-element_type=\"widget\" data-e-type=\"widget\" data-widget_type=\"spacer.default\">\n\t\t\t\t\t\t\t<div class=\"elementor-spacer\">\n\t\t\t<div class=\"elementor-spacer-inner\"><\/div>\n\t\t<\/div>\n\t\t\t\t\t\t<\/div>\n\t\t\t\t<div class=\"elementor-element elementor-element-5220160 elementor-widget elementor-widget-text-editor\" data-id=\"5220160\" data-element_type=\"widget\" data-e-type=\"widget\" data-widget_type=\"text-editor.default\">\n\t\t\t\t\t\t\t\t\t<p>Das Maresme ist viel mehr als nur Str\u00e4nde: Es ist eine einzigartige Kombination aus Fischerd\u00f6rfern, modernistischer Kultur, Weinbergen und Natur. <\/p><p>Von unserem <strong><a href=\"https:\/\/www.hotelbernatcalella.com\/de\/\">Hotel in Calella<\/a><\/strong>, dem Bernat II, aus haben Sie einen guten Ausgangspunkt. <\/p>\t\t\t\t\t\t\t\t<\/div>\n\t\t\t\t<div class=\"elementor-element elementor-element-af59c8c elementor-widget elementor-widget-heading\" data-id=\"af59c8c\" data-element_type=\"widget\" data-e-type=\"widget\" data-widget_type=\"heading.default\">\n\t\t\t\t\t<h3 class=\"elementor-heading-title elementor-size-default\">Kommen Sie und entdecken Sie das Maresme?<\/h3>\t\t\t\t<\/div>\n\t\t\t\t<div class=\"elementor-element elementor-element-a643581 elementor-widget elementor-widget-text-editor\" data-id=\"a643581\" data-element_type=\"widget\" data-e-type=\"widget\" data-widget_type=\"text-editor.default\">\n\t\t\t\t\t\t\t\t\t<p>Photo: <a href=\"https:\/\/www.turismemaresme.cat\/es\/descubre\/\">Turisme Maresme<\/a><\/p>\t\t\t\t\t\t\t\t<\/div>\n\t\t\t\t\t<\/div>\n\t\t\t\t<\/div>\n\t\t\t\t<\/div>\n\t\t","protected":false},"excerpt":{"rendered":"<p>Wenn Sie f\u00fcr ein paar Tage in unserem Hotel in Calella \u00fcbernachten, m\u00f6chten wir Ihnen einige sch\u00f6ne D\u00f6rfer empfehlen. In diesem Blog finden Sie reizvolle D\u00f6rfer mit mediterranem Flair sowie D\u00f6rfer im Landesinneren mit den Weinbergen des Maresme Reizvolle D\u00f6rfer in der N\u00e4he von Calella, Barcelona Sant Pol de Mar Sant Pol ist ein altes &#8230;<\/p>\n","protected":false},"author":6,"featured_media":20578,"comment_status":"closed","ping_status":"open","sticky":false,"template":"","format":"standard","meta":{"loftocean_post_format_gallery":"","loftocean_post_format_gallery_ids":"","loftocean_post_format_gallery_urls":"","loftocean_post_format_video_id":0,"loftocean_post_format_video_url":"","loftocean_post_format_video_type":"","loftocean_post_format_video":"","loftocean_post_format_audio_type":"","loftocean_post_format_audio_url":"","loftocean_post_format_audio_id":0,"loftocean_post_format_audio":"","loftocean-like-count":0,"cozystay_single_post_hide_site_header":"","cozystay_single_post_site_header_source":"","cozystay_single_post_custom_site_header":"0","cozystay_single_post_custom_sticky_site_header":"0","cozystay_single_post_hide_page_title":"","cozystay_single_post_site_footer_hide_main":"","cozystay_single_custom_site_footer_main_source":"","cozystay_single_custom_site_footer_main":"0","cozystay_single_post_site_footer_hide_above":"","cozystay_single_custom_site_footer_above_source":"","cozystay_single_custom_site_footer_above":"0","cozystay_single_post_site_footer_hide_instagram":"","cozystay_single_post_site_footer_hide_bottom":"","cozystay_single_custom_mobile_menu_source":"","cozystay_single_custom_mobile_menu":"0","cozystay_single_custom_mobile_menu_animation":"","cozystay_single_custom_mobile_menu_width":"","cozystay_single_custom_mobile_menu_custom_width":375,"cozystay_single_post_template":"","footnotes":""},"categories":[446],"tags":[387,290,329,289,705,706],"class_list":["post-20579","post","type-post","status-publish","format-standard","has-post-thumbnail","hentry","category-alrededores-de","tag-aktivitaten","tag-familien","tag-kultur","tag-paare","tag-reiseziele-rund-um-calella","tag-sehenswurdigkeiten-in-maresme"],"yoast_head":"<!-- This site is optimized with the Yoast SEO plugin v27.1.1 - https:\/\/yoast.com\/product\/yoast-seo-wordpress\/ -->\n<title>Reizvolle D\u00f6rfer in der N\u00e4he von Calella | Hotel Bernat II<\/title>\n<meta name=\"description\" content=\"Entdecken Sie die charmanten D\u00f6rfer in der Umgebung von Calella. Lernen Sie die Kultur und die sch\u00f6nen D\u00f6rfer des Maresme kennen.\" \/>\n<meta name=\"robots\" content=\"index, follow, max-snippet:-1, max-image-preview:large, max-video-preview:-1\" \/>\n<link rel=\"canonical\" href=\"https:\/\/hotelbernatcalella.com\/de\/alrededores-de\/reizvolle-doerfer-naehe-calella\/\" \/>\n<meta property=\"og:locale\" content=\"de_DE\" \/>\n<meta property=\"og:type\" content=\"article\" \/>\n<meta property=\"og:title\" content=\"Reizvolle D\u00f6rfer in der N\u00e4he von Calella | Hotel Bernat II\" \/>\n<meta property=\"og:description\" content=\"Entdecken Sie die charmanten D\u00f6rfer in der Umgebung von Calella. Lernen Sie die Kultur und die sch\u00f6nen D\u00f6rfer des Maresme kennen.\" \/>\n<meta property=\"og:url\" content=\"https:\/\/hotelbernatcalella.com\/de\/alrededores-de\/reizvolle-doerfer-naehe-calella\/\" \/>\n<meta property=\"og:site_name\" content=\"Hotel Bernat II\" \/>\n<meta property=\"article:published_time\" content=\"2026-04-24T07:09:54+00:00\" \/>\n<meta property=\"article:modified_time\" content=\"2026-04-24T07:09:58+00:00\" \/>\n<meta property=\"og:image\" content=\"https:\/\/hotelbernatcalella.com\/wp-content\/uploads\/2026\/04\/Pueblos-alrededores-Calella_Maresme.webp\" \/>\n\t<meta property=\"og:image:width\" content=\"2000\" \/>\n\t<meta property=\"og:image:height\" content=\"1029\" \/>\n\t<meta property=\"og:image:type\" content=\"image\/webp\" \/>\n<meta name=\"author\" content=\"tecnico_alojapro\" \/>\n<meta name=\"twitter:card\" content=\"summary_large_image\" \/>\n<meta name=\"twitter:label1\" content=\"Verfasst von\" \/>\n\t<meta name=\"twitter:data1\" content=\"tecnico_alojapro\" \/>\n\t<meta name=\"twitter:label2\" content=\"Gesch\u00e4tzte Lesezeit\" \/>\n\t<meta name=\"twitter:data2\" content=\"4\u00a0Minuten\" \/>\n<script type=\"application\/ld+json\" class=\"yoast-schema-graph\">{\"@context\":\"https:\/\/schema.org\",\"@graph\":[{\"@type\":\"Article\",\"@id\":\"https:\/\/hotelbernatcalella.com\/de\/alrededores-de\/reizvolle-doerfer-naehe-calella\/#article\",\"isPartOf\":{\"@id\":\"https:\/\/hotelbernatcalella.com\/de\/alrededores-de\/reizvolle-doerfer-naehe-calella\/\"},\"author\":{\"name\":\"tecnico_alojapro\",\"@id\":\"https:\/\/www.hotelbernatcalella.com\/de\/#\/schema\/person\/da11a0d0fe49c2dda080262160525dfe\"},\"headline\":\"Reizvolle D\u00f6rfer in der N\u00e4he von Calella\",\"datePublished\":\"2026-04-24T07:09:54+00:00\",\"dateModified\":\"2026-04-24T07:09:58+00:00\",\"mainEntityOfPage\":{\"@id\":\"https:\/\/hotelbernatcalella.com\/de\/alrededores-de\/reizvolle-doerfer-naehe-calella\/\"},\"wordCount\":763,\"image\":{\"@id\":\"https:\/\/hotelbernatcalella.com\/de\/alrededores-de\/reizvolle-doerfer-naehe-calella\/#primaryimage\"},\"thumbnailUrl\":\"https:\/\/hotelbernatcalella.com\/wp-content\/uploads\/2026\/04\/Pueblos-alrededores-Calella_Maresme.webp\",\"keywords\":[\"Aktivit\u00e4ten\",\"Familien\",\"Kultur\",\"Paare\",\"Reiseziele rund um Calella\",\"Sehensw\u00fcrdigkeiten in Maresme\"],\"articleSection\":[\"Umgebungen\"],\"inLanguage\":\"de\"},{\"@type\":\"WebPage\",\"@id\":\"https:\/\/hotelbernatcalella.com\/de\/alrededores-de\/reizvolle-doerfer-naehe-calella\/\",\"url\":\"https:\/\/hotelbernatcalella.com\/de\/alrededores-de\/reizvolle-doerfer-naehe-calella\/\",\"name\":\"Reizvolle D\u00f6rfer in der N\u00e4he von Calella | Hotel Bernat II\",\"isPartOf\":{\"@id\":\"https:\/\/www.hotelbernatcalella.com\/de\/#website\"},\"primaryImageOfPage\":{\"@id\":\"https:\/\/hotelbernatcalella.com\/de\/alrededores-de\/reizvolle-doerfer-naehe-calella\/#primaryimage\"},\"image\":{\"@id\":\"https:\/\/hotelbernatcalella.com\/de\/alrededores-de\/reizvolle-doerfer-naehe-calella\/#primaryimage\"},\"thumbnailUrl\":\"https:\/\/hotelbernatcalella.com\/wp-content\/uploads\/2026\/04\/Pueblos-alrededores-Calella_Maresme.webp\",\"datePublished\":\"2026-04-24T07:09:54+00:00\",\"dateModified\":\"2026-04-24T07:09:58+00:00\",\"author\":{\"@id\":\"https:\/\/www.hotelbernatcalella.com\/de\/#\/schema\/person\/da11a0d0fe49c2dda080262160525dfe\"},\"description\":\"Entdecken Sie die charmanten D\u00f6rfer in der Umgebung von Calella. Lernen Sie die Kultur und die sch\u00f6nen D\u00f6rfer des Maresme kennen.\",\"breadcrumb\":{\"@id\":\"https:\/\/hotelbernatcalella.com\/de\/alrededores-de\/reizvolle-doerfer-naehe-calella\/#breadcrumb\"},\"inLanguage\":\"de\",\"potentialAction\":[{\"@type\":\"ReadAction\",\"target\":[\"https:\/\/hotelbernatcalella.com\/de\/alrededores-de\/reizvolle-doerfer-naehe-calella\/\"]}]},{\"@type\":\"ImageObject\",\"inLanguage\":\"de\",\"@id\":\"https:\/\/hotelbernatcalella.com\/de\/alrededores-de\/reizvolle-doerfer-naehe-calella\/#primaryimage\",\"url\":\"https:\/\/hotelbernatcalella.com\/wp-content\/uploads\/2026\/04\/Pueblos-alrededores-Calella_Maresme.webp\",\"contentUrl\":\"https:\/\/hotelbernatcalella.com\/wp-content\/uploads\/2026\/04\/Pueblos-alrededores-Calella_Maresme.webp\",\"width\":2000,\"height\":1029,\"caption\":\"Reizvolle D\u00f6rfer in der N\u00e4he von Calella_Maresme\"},{\"@type\":\"BreadcrumbList\",\"@id\":\"https:\/\/hotelbernatcalella.com\/de\/alrededores-de\/reizvolle-doerfer-naehe-calella\/#breadcrumb\",\"itemListElement\":[{\"@type\":\"ListItem\",\"position\":1,\"name\":\"Portada\",\"item\":\"https:\/\/www.hotelbernatcalella.com\/de\/\"},{\"@type\":\"ListItem\",\"position\":2,\"name\":\"Reizvolle D\u00f6rfer in der N\u00e4he von Calella\"}]},{\"@type\":\"WebSite\",\"@id\":\"https:\/\/www.hotelbernatcalella.com\/de\/#website\",\"url\":\"https:\/\/www.hotelbernatcalella.com\/de\/\",\"name\":\"Hotel Bernat II & Spa Calella\",\"description\":\"Hotel in Calella\",\"alternateName\":\"Hotel Bernat II & Spa\",\"potentialAction\":[{\"@type\":\"SearchAction\",\"target\":{\"@type\":\"EntryPoint\",\"urlTemplate\":\"https:\/\/www.hotelbernatcalella.com\/de\/?s={search_term_string}\"},\"query-input\":{\"@type\":\"PropertyValueSpecification\",\"valueRequired\":true,\"valueName\":\"search_term_string\"}}],\"inLanguage\":\"de\"},{\"@type\":\"Person\",\"@id\":\"https:\/\/www.hotelbernatcalella.com\/de\/#\/schema\/person\/da11a0d0fe49c2dda080262160525dfe\",\"name\":\"tecnico_alojapro\",\"image\":{\"@type\":\"ImageObject\",\"inLanguage\":\"de\",\"@id\":\"https:\/\/www.hotelbernatcalella.com\/de\/#\/schema\/person\/image\/\",\"url\":\"https:\/\/secure.gravatar.com\/avatar\/079759685620aa68486e2ba22c5d7d7b725f2fbe620d01ec66bd95d81b1301ba?s=96&d=mm&r=g\",\"contentUrl\":\"https:\/\/secure.gravatar.com\/avatar\/079759685620aa68486e2ba22c5d7d7b725f2fbe620d01ec66bd95d81b1301ba?s=96&d=mm&r=g\",\"caption\":\"tecnico_alojapro\"}}]}<\/script>\n<!-- \/ Yoast SEO plugin. -->","yoast_head_json":{"title":"Reizvolle D\u00f6rfer in der N\u00e4he von Calella | Hotel Bernat II","description":"Entdecken Sie die charmanten D\u00f6rfer in der Umgebung von Calella. Lernen Sie die Kultur und die sch\u00f6nen D\u00f6rfer des Maresme kennen.","robots":{"index":"index","follow":"follow","max-snippet":"max-snippet:-1","max-image-preview":"max-image-preview:large","max-video-preview":"max-video-preview:-1"},"canonical":"https:\/\/hotelbernatcalella.com\/de\/alrededores-de\/reizvolle-doerfer-naehe-calella\/","og_locale":"de_DE","og_type":"article","og_title":"Reizvolle D\u00f6rfer in der N\u00e4he von Calella | Hotel Bernat II","og_description":"Entdecken Sie die charmanten D\u00f6rfer in der Umgebung von Calella. Lernen Sie die Kultur und die sch\u00f6nen D\u00f6rfer des Maresme kennen.","og_url":"https:\/\/hotelbernatcalella.com\/de\/alrededores-de\/reizvolle-doerfer-naehe-calella\/","og_site_name":"Hotel Bernat II","article_published_time":"2026-04-24T07:09:54+00:00","article_modified_time":"2026-04-24T07:09:58+00:00","og_image":[{"width":2000,"height":1029,"url":"https:\/\/hotelbernatcalella.com\/wp-content\/uploads\/2026\/04\/Pueblos-alrededores-Calella_Maresme.webp","type":"image\/webp"}],"author":"tecnico_alojapro","twitter_card":"summary_large_image","twitter_misc":{"Verfasst von":"tecnico_alojapro","Gesch\u00e4tzte Lesezeit":"4\u00a0Minuten"},"schema":{"@context":"https:\/\/schema.org","@graph":[{"@type":"Article","@id":"https:\/\/hotelbernatcalella.com\/de\/alrededores-de\/reizvolle-doerfer-naehe-calella\/#article","isPartOf":{"@id":"https:\/\/hotelbernatcalella.com\/de\/alrededores-de\/reizvolle-doerfer-naehe-calella\/"},"author":{"name":"tecnico_alojapro","@id":"https:\/\/www.hotelbernatcalella.com\/de\/#\/schema\/person\/da11a0d0fe49c2dda080262160525dfe"},"headline":"Reizvolle D\u00f6rfer in der N\u00e4he von Calella","datePublished":"2026-04-24T07:09:54+00:00","dateModified":"2026-04-24T07:09:58+00:00","mainEntityOfPage":{"@id":"https:\/\/hotelbernatcalella.com\/de\/alrededores-de\/reizvolle-doerfer-naehe-calella\/"},"wordCount":763,"image":{"@id":"https:\/\/hotelbernatcalella.com\/de\/alrededores-de\/reizvolle-doerfer-naehe-calella\/#primaryimage"},"thumbnailUrl":"https:\/\/hotelbernatcalella.com\/wp-content\/uploads\/2026\/04\/Pueblos-alrededores-Calella_Maresme.webp","keywords":["Aktivit\u00e4ten","Familien","Kultur","Paare","Reiseziele rund um Calella","Sehensw\u00fcrdigkeiten in Maresme"],"articleSection":["Umgebungen"],"inLanguage":"de"},{"@type":"WebPage","@id":"https:\/\/hotelbernatcalella.com\/de\/alrededores-de\/reizvolle-doerfer-naehe-calella\/","url":"https:\/\/hotelbernatcalella.com\/de\/alrededores-de\/reizvolle-doerfer-naehe-calella\/","name":"Reizvolle D\u00f6rfer in der N\u00e4he von Calella | Hotel Bernat II","isPartOf":{"@id":"https:\/\/www.hotelbernatcalella.com\/de\/#website"},"primaryImageOfPage":{"@id":"https:\/\/hotelbernatcalella.com\/de\/alrededores-de\/reizvolle-doerfer-naehe-calella\/#primaryimage"},"image":{"@id":"https:\/\/hotelbernatcalella.com\/de\/alrededores-de\/reizvolle-doerfer-naehe-calella\/#primaryimage"},"thumbnailUrl":"https:\/\/hotelbernatcalella.com\/wp-content\/uploads\/2026\/04\/Pueblos-alrededores-Calella_Maresme.webp","datePublished":"2026-04-24T07:09:54+00:00","dateModified":"2026-04-24T07:09:58+00:00","author":{"@id":"https:\/\/www.hotelbernatcalella.com\/de\/#\/schema\/person\/da11a0d0fe49c2dda080262160525dfe"},"description":"Entdecken Sie die charmanten D\u00f6rfer in der Umgebung von Calella. Lernen Sie die Kultur und die sch\u00f6nen D\u00f6rfer des Maresme kennen.","breadcrumb":{"@id":"https:\/\/hotelbernatcalella.com\/de\/alrededores-de\/reizvolle-doerfer-naehe-calella\/#breadcrumb"},"inLanguage":"de","potentialAction":[{"@type":"ReadAction","target":["https:\/\/hotelbernatcalella.com\/de\/alrededores-de\/reizvolle-doerfer-naehe-calella\/"]}]},{"@type":"ImageObject","inLanguage":"de","@id":"https:\/\/hotelbernatcalella.com\/de\/alrededores-de\/reizvolle-doerfer-naehe-calella\/#primaryimage","url":"https:\/\/hotelbernatcalella.com\/wp-content\/uploads\/2026\/04\/Pueblos-alrededores-Calella_Maresme.webp","contentUrl":"https:\/\/hotelbernatcalella.com\/wp-content\/uploads\/2026\/04\/Pueblos-alrededores-Calella_Maresme.webp","width":2000,"height":1029,"caption":"Reizvolle D\u00f6rfer in der N\u00e4he von Calella_Maresme"},{"@type":"BreadcrumbList","@id":"https:\/\/hotelbernatcalella.com\/de\/alrededores-de\/reizvolle-doerfer-naehe-calella\/#breadcrumb","itemListElement":[{"@type":"ListItem","position":1,"name":"Portada","item":"https:\/\/www.hotelbernatcalella.com\/de\/"},{"@type":"ListItem","position":2,"name":"Reizvolle D\u00f6rfer in der N\u00e4he von Calella"}]},{"@type":"WebSite","@id":"https:\/\/www.hotelbernatcalella.com\/de\/#website","url":"https:\/\/www.hotelbernatcalella.com\/de\/","name":"Hotel Bernat II & Spa Calella","description":"Hotel in Calella","alternateName":"Hotel Bernat II & Spa","potentialAction":[{"@type":"SearchAction","target":{"@type":"EntryPoint","urlTemplate":"https:\/\/www.hotelbernatcalella.com\/de\/?s={search_term_string}"},"query-input":{"@type":"PropertyValueSpecification","valueRequired":true,"valueName":"search_term_string"}}],"inLanguage":"de"},{"@type":"Person","@id":"https:\/\/www.hotelbernatcalella.com\/de\/#\/schema\/person\/da11a0d0fe49c2dda080262160525dfe","name":"tecnico_alojapro","image":{"@type":"ImageObject","inLanguage":"de","@id":"https:\/\/www.hotelbernatcalella.com\/de\/#\/schema\/person\/image\/","url":"https:\/\/secure.gravatar.com\/avatar\/079759685620aa68486e2ba22c5d7d7b725f2fbe620d01ec66bd95d81b1301ba?s=96&d=mm&r=g","contentUrl":"https:\/\/secure.gravatar.com\/avatar\/079759685620aa68486e2ba22c5d7d7b725f2fbe620d01ec66bd95d81b1301ba?s=96&d=mm&r=g","caption":"tecnico_alojapro"}}]}},"loftoceanMetas":{"authorName":"tecnico_alojapro","categories":[{"name":"Umgebungen","link":"https:\/\/hotelbernatcalella.com\/de\/category\/alrededores-de\/","count":10}],"date":"24 de April de 2026","featuredImageSRC":"https:\/\/hotelbernatcalella.com\/wp-content\/uploads\/2026\/04\/Pueblos-alrededores-Calella_Maresme-150x150.webp"},"_links":{"self":[{"href":"https:\/\/hotelbernatcalella.com\/de\/wp-json\/wp\/v2\/posts\/20579","targetHints":{"allow":["GET"]}}],"collection":[{"href":"https:\/\/hotelbernatcalella.com\/de\/wp-json\/wp\/v2\/posts"}],"about":[{"href":"https:\/\/hotelbernatcalella.com\/de\/wp-json\/wp\/v2\/types\/post"}],"author":[{"embeddable":true,"href":"https:\/\/hotelbernatcalella.com\/de\/wp-json\/wp\/v2\/users\/6"}],"replies":[{"embeddable":true,"href":"https:\/\/hotelbernatcalella.com\/de\/wp-json\/wp\/v2\/comments?post=20579"}],"version-history":[{"count":1,"href":"https:\/\/hotelbernatcalella.com\/de\/wp-json\/wp\/v2\/posts\/20579\/revisions"}],"predecessor-version":[{"id":20580,"href":"https:\/\/hotelbernatcalella.com\/de\/wp-json\/wp\/v2\/posts\/20579\/revisions\/20580"}],"wp:featuredmedia":[{"embeddable":true,"href":"https:\/\/hotelbernatcalella.com\/de\/wp-json\/wp\/v2\/media\/20578"}],"wp:attachment":[{"href":"https:\/\/hotelbernatcalella.com\/de\/wp-json\/wp\/v2\/media?parent=20579"}],"wp:term":[{"taxonomy":"category","embeddable":true,"href":"https:\/\/hotelbernatcalella.com\/de\/wp-json\/wp\/v2\/categories?post=20579"},{"taxonomy":"post_tag","embeddable":true,"href":"https:\/\/hotelbernatcalella.com\/de\/wp-json\/wp\/v2\/tags?post=20579"}],"curies":[{"name":"wp","href":"https:\/\/api.w.org\/{rel}","templated":true}]}}