{"id":18557,"date":"2025-09-02T16:02:00","date_gmt":"2025-09-02T16:02:00","guid":{"rendered":"https:\/\/www.hotelbernatcalella.com\/no-category-de\/september-2025\/"},"modified":"2025-09-02T16:53:49","modified_gmt":"2025-09-02T16:53:49","slug":"monatsagenda-september-2025-calella","status":"publish","type":"post","link":"https:\/\/hotelbernatcalella.com\/de\/agenda-de\/monatsagenda-september-2025-calella\/","title":{"rendered":"September 2025"},"content":{"rendered":"\t\t<div data-elementor-type=\"wp-post\" data-elementor-id=\"18557\" class=\"elementor elementor-18557 elementor-18546\" data-elementor-post-type=\"post\">\n\t\t\t\t<div class=\"elementor-element elementor-element-036eec9 e-flex e-con-boxed e-con e-parent\" data-id=\"036eec9\" data-element_type=\"container\" data-e-type=\"container\">\n\t\t\t\t\t<div class=\"e-con-inner\">\n\t\t\t\t<div class=\"elementor-element elementor-element-6f427fb elementor-widget elementor-widget-text-editor\" data-id=\"6f427fb\" data-element_type=\"widget\" data-e-type=\"widget\" data-widget_type=\"text-editor.default\">\n\t\t\t\t\t\t\t\t\t<h1><strong><span style=\"color: #91ccd4;\">Monatsagenda f\u00fcr September 2025 in Calella<\/span><\/strong><\/h1><p><span style=\"font-weight: 400;\">Der September in Calella steht ganz im Zeichen von Tradition und Festlichkeit. Mit dem Beginn des Minerva-Festes und der lang erwarteten Messe von Calella und dem Alt Maresme f\u00fcllt sich der Monat mit Kultur, Musik und Aktivit\u00e4ten f\u00fcr die ganze Familie. Erg\u00e4nzt wird das Programm durch internationale Veranstaltungen wie die Dartmeisterschaft, die Folkloretage oder das Calella Harmonica Festival \u2013 all das macht die Stadt zu einem lebendigen und spannenden Ort.<\/span><\/p><p><span style=\"font-weight: 400;\"><a href=\"http:\/\/hotelbernatcalella.com\/de\/\" target=\"_blank\" rel=\"noopener\">Hotel Bernat II<\/a> l\u00e4dt Sie ein, Calella im September zu entdecken, die Str\u00e4nde zu genie\u00dfen, in das kulturelle Leben einzutauchen und die lokale Gastronomie zu probieren. Werfen Sie einen Blick auf unser vollst\u00e4ndiges Monatsprogramm und erleben Sie einen unvergesslichen Aufenthalt.<\/span><\/p><h2><span style=\"color: #a4adac;\"><strong>Programm September 2025<\/strong><\/span><\/h2><h3><strong>Sehensw\u00fcrdigkeiten:<\/strong><\/h3><ul><li><p><span style=\"font-weight: 400;\"><strong>Ausstellungssaal des Alten Rathauses<\/strong> (Pla\u00e7a de l\u2019Ajuntament, 1-3)<\/span><span style=\"font-weight: 400;\"><br \/><\/span><span style=\"font-weight: 400;\">\u00d6ffnungszeiten: Montag bis Freitag von 10:00 bis 14:00 Uhr \/ Dienstag bis Samstag von 18:00 bis 21:00 Uhr \/ Sonn- und Feiertage von 11:00 bis 14:00 Uhr. Eintritt frei.<\/span><\/p><\/li><li><p><span style=\"font-weight: 400;\"><strong>Tourismusmuseum<\/strong> (Carrer Sant Pere, 122-140)<\/span><span style=\"font-weight: 400;\"><br \/><\/span><span style=\"font-weight: 400;\">\u00d6ffnungszeiten: Dienstag bis Samstag von 17:00 bis 21:00 Uhr \/ Sonn- und Feiertage von 11:00 bis 14:00 Uhr und von 17:00 bis 21:00 Uhr.<\/span><span style=\"font-weight: 400;\"><br \/><\/span><span style=\"font-weight: 400;\">Eintritt: regul\u00e4r 2 \u20ac, erm\u00e4\u00dfigt 1 \u20ac. Am ersten Sonntag im Monat freier Eintritt.<\/span><\/p><\/li><li><p><span style=\"font-weight: 400;\"><strong>Interpretationszentrum des Leuchtturms von Calella<\/strong> (Carretera Nacional II, km. 666)<\/span><span style=\"font-weight: 400;\"><br \/><\/span><span style=\"font-weight: 400;\">\u00d6ffnungszeiten: Dienstag bis Sonntag und an Feiertagen von 17:00 bis 21:00 Uhr.<\/span><span style=\"font-weight: 400;\"><br \/><\/span><span style=\"font-weight: 400;\">Eintritt: regul\u00e4r 2 \u20ac, erm\u00e4\u00dfigt 1 \u20ac. Am ersten Sonntag im Monat freier Eintritt.<\/span><\/p><\/li><li><p><span style=\"font-weight: 400;\"><strong>Luftschutzbunker im Dalmau-Park<\/strong> (N\u00e4he Spielplatz)<\/span><span style=\"font-weight: 400;\"><br \/><\/span><span style=\"font-weight: 400;\">\u00d6ffnungszeiten: Dienstag bis Sonntag und an Feiertagen von 10:00 bis 14:00 Uhr.<\/span><span style=\"font-weight: 400;\"><br \/><\/span><span style=\"font-weight: 400;\">Eintritt: regul\u00e4r 1 \u20ac, erm\u00e4\u00dfigt 0,50 \u20ac. Am ersten Sonntag im Monat freier Eintritt.<\/span><\/p><\/li><li><p><strong>Kapelle Sant Quirze i Santa Julita<\/strong> (Carrer Francesc Bartrina, 18)<br \/>Besuche nach vorheriger Vereinbarung. Terminvereinbarung Montag bis Freitag von 9:00 bis 14:00 Uhr unter Tel. 937695102 oder per E-Mail an museumunicipal@calella.cat<\/p><\/li><\/ul><h3>Feste Aktivit\u00e4ten:<\/h3><ul><li><span style=\"font-weight: 400;\">30. August bis 7. September<br \/>09:00 bis 22:00 Uhr \u2013 Internationale Dartmeisterschaft \u2013 S\u00e4ulensaal, F\u00e0brica Llobet<\/span><\/li><li><span style=\"font-weight: 400;\">2., 4., 6., 9., 11., 13., 16., 18., 20., 25., 27. und 30. September<br \/>07:00 Uhr \u2013 Wanderungen rund um Calella \u2013 Abfahrt vom Fu\u00dfballplatz Mar (Info: +34 655 81 20 07)<\/span><\/li><li>8., 15. und 29. September<br \/>09:30 bis 11:00 Uhr \u2013 Tai-Chi-Sitzungen \u2013 Dalmau-Park (Info: +34 655 81 20 07)<\/li><\/ul><h3><strong>Vollst\u00e4ndiges Monatsprogramm:<\/strong><\/h3><p><strong>MONTAG, 1. SEPTEMBER<\/strong><\/p><p><span style=\"font-weight: 400;\">21:30 Uhr \u2013 Kirche Santa Maria i Sant Nicolau \u2013 Klassisches Gitarrenkonzert mit Pedro Rinc\u00f3n<\/span><\/p><p><strong>FREITAG, 5. SEPTEMBER<\/strong><\/p><p><span style=\"font-weight: 400;\">13:30 Uhr \u2013 Rathausplatz \u2013 JIF 2025 Musikalische Kostproben (T\u00fcrkei, Kroatien und Kolumbien)<\/span><span style=\"font-weight: 400;\"><br \/><\/span><span style=\"font-weight: 400;\">20:00 Uhr \u2013 Riera Capaspre \u2013 JIF 2025 Umzug<\/span><span style=\"font-weight: 400;\"><br \/><\/span><span style=\"font-weight: 400;\">21:00 Uhr \u2013 Rathausplatz \u2013 Er\u00f6ffnungsshow JIF 2025<\/span><\/p><p><strong>SAMSTAG, 6. SEPTEMBER<\/strong><\/p><p><span style=\"font-weight: 400;\">09:00 bis 21:00 Uhr \u2013 Sportzentrum Tom\u00e0s Claramunt \u2013 Brava-Fu\u00dfballturnier<\/span><span style=\"font-weight: 400;\"><br \/><\/span><span style=\"font-weight: 400;\">11:30 Uhr \u2013 Rathausplatz \u2013 JIF mit Gruppe aus Kroatien<\/span><span style=\"font-weight: 400;\"><br \/><\/span><span style=\"font-weight: 400;\">21:00 Uhr \u2013 Pequinaires-Platz \u2013 33. Pequinaire-Fest<\/span><\/p><p><strong>SONNTAG, 7. SEPTEMBER<\/strong><\/p><p><span style=\"font-weight: 400;\">09:00 Uhr \u2013 Strand Garb\u00ed \u2013 36. Schwimmen und 4. Aquathlon<\/span><span style=\"font-weight: 400;\"><br \/><\/span><span style=\"font-weight: 400;\">10:00 bis 13:00 Uhr \u2013 Rathausplatz \u2013 JIF Folkloremarkt<\/span><span style=\"font-weight: 400;\"><br \/><\/span><span style=\"font-weight: 400;\">10:00 bis 14:00 Uhr \u2013 Promenade Manuel Puigvert \u2013 Tausch- und Sammlertreffen<\/span><span style=\"font-weight: 400;\"><br \/><\/span><span style=\"font-weight: 400;\">10:45 Uhr \u2013 Rathausplatz \u2013 Sardana-Workshop<\/span><\/p><p><strong>MONTAG, 8. SEPTEMBER<\/strong><\/p><p><span style=\"font-weight: 400;\">21:30 Uhr \u2013 Kirche Santa Maria i Sant Nicolau \u2013 Klassisches Gitarrenkonzert mit Marc Segura<\/span><\/p><p><strong>DIENSTAG, 9. SEPTEMBER<\/strong><\/p><p><span style=\"font-weight: 400;\">18:00 Uhr \u2013 Rathausplatz \u2013 &#8222;Weltmusik&#8220; Konzert (JIF) und Grallers de Calella<\/span><\/p><p><strong>MITTWOCH, 10. SEPTEMBER<\/strong><\/p><p><span style=\"font-weight: 400;\">21:00 Uhr \u2013 Rathausplatz \u2013 Fackelmarsch f\u00fcr die Unabh\u00e4ngigkeit<\/span><span style=\"font-weight: 400;\"><br \/><\/span><span style=\"font-weight: 400;\">21:30 Uhr \u2013 Pla\u00e7a Catalunya \u2013 Katalanische Grillwurst und Habaneras zum Nationalfeiertag<\/span><\/p><p><strong>DONNERSTAG, 11. SEPTEMBER<\/strong><\/p><p><span style=\"font-weight: 400;\">11:15 Uhr \u2013 Pla\u00e7a Catalunya \u2013 Offizielle Veranstaltung zum Nationalfeiertag<\/span><span style=\"font-weight: 400;\"><br \/><\/span><span style=\"font-weight: 400;\">19:30 Uhr \u2013 Festzelt \u2013 Er\u00f6ffnungskonzert des Calella Harmonica Festival: Chor Ess\u00e8ncia und Joan Pau Cumellas<\/span><span style=\"font-weight: 400;\"><br \/><\/span><span style=\"font-weight: 400;\">20:45 Uhr \u2013 Festzelt \u2013 Harmonica Reunion Konzert<\/span><span style=\"font-weight: 400;\"><br \/><\/span><span style=\"font-weight: 400;\">22:00 Uhr \u2013 Festzelt \u2013 Jam-Session Calella Harmonica Festival<\/span><\/p><p><strong>FREITAG, 12. SEPTEMBER<\/strong><\/p><p><span style=\"font-weight: 400;\">10:00 Uhr \u2013 Festzelt \u2013 Masterclass Calella Harmonica Festival<\/span><span style=\"font-weight: 400;\"><br \/><\/span><span style=\"font-weight: 400;\">11:30 Uhr \u2013 Rathausplatz \u2013 JIF mit Gruppe aus der T\u00fcrkei<\/span><span style=\"font-weight: 400;\"><br \/><\/span><span style=\"font-weight: 400;\">20:00 Uhr \u2013 Festzelt \u2013 Konzert Harmonica Trio<\/span><span style=\"font-weight: 400;\"><br \/><\/span><span style=\"font-weight: 400;\">21:00 Uhr \u2013 Festzelt \u2013 Konzert Filip Jers &amp; Emil Ernebro<\/span><span style=\"font-weight: 400;\"><br \/><\/span><span style=\"font-weight: 400;\">22:30 Uhr \u2013 Festzelt \u2013 Jam-Session Calella Harmonica Festival<\/span><\/p><p><strong>SAMSTAG, 13. SEPTEMBER<\/strong><\/p><p><span style=\"font-weight: 400;\">09:00 bis 21:00 Uhr \u2013 Sportzentrum Tom\u00e0s Claramunt \u2013 Brava-Fu\u00dfballturnier<\/span><span style=\"font-weight: 400;\"><br \/><\/span><span style=\"font-weight: 400;\">10:00 Uhr \u2013 Festzelt \u2013 Masterclass &amp; Konferenzen Harmonica Festival<\/span><span style=\"font-weight: 400;\"><br \/><\/span><span style=\"font-weight: 400;\">11:30 Uhr \u2013 Rathausplatz \u2013 JIF mit Gruppe aus Kolumbien<\/span><span style=\"font-weight: 400;\"><br \/><\/span><span style=\"font-weight: 400;\">21:00 Uhr \u2013 Festzelt \u2013 Konzert Ariel Bart<\/span><span style=\"font-weight: 400;\"><br \/><\/span><span style=\"font-weight: 400;\">22:00 Uhr \u2013 Festzelt \u2013 Konzert Cece Gianotti &amp; Apr\u00e8s Minuit<\/span><span style=\"font-weight: 400;\"><br \/><\/span><span style=\"font-weight: 400;\">23:00 Uhr \u2013 Festzelt \u2013 Jam-Session &amp; Abschluss des Calella Harmonica Festival<\/span><\/p><p><strong>SONNTAG, 14. SEPTEMBER<\/strong><\/p><p><span style=\"font-weight: 400;\">10:00 Uhr \u2013 Festzelt \u2013 Masterclass mit Quim Roca<\/span><span style=\"font-weight: 400;\"><br \/><\/span><span style=\"font-weight: 400;\">11:30 Uhr \u2013 Riera Capaspre \u2013 Abschieds-Umzug JIF<\/span><span style=\"font-weight: 400;\"><br \/><\/span><span style=\"font-weight: 400;\">12:00 Uhr \u2013 Festzelt \u2013 Abschlusskonzert Harmonica Festival<\/span><span style=\"font-weight: 400;\"><br \/><\/span><span style=\"font-weight: 400;\">13:30 Uhr \u2013 Festzelt \u2013 Abschlussessen Harmonica Festival<\/span><\/p><p><strong>MITTWOCH, 17. SEPTEMBER<\/strong><\/p><p><span style=\"font-weight: 400;\">17:00 bis 23:00 Uhr \u2013 Riera Capaspre &amp; Promenade de les Roques \u2013 Vergn\u00fcgungspark<\/span><\/p><p><strong>FREITAG, 19. SEPTEMBER<\/strong><\/p><p><span style=\"font-weight: 400;\">Beginn der Minerva-Festtage 2025 (siehe spezielles Programm)<\/span><span style=\"font-weight: 400;\"><br \/><\/span><span style=\"font-weight: 400;\">17:00 bis 23:00 Uhr \u2013 Manuel Puigvert Promenade \u2013 Er\u00f6ffnung der 44. Messe von Calella und dem Alt Maresme (Tickets: firadecalella.cat)<\/span><\/p><p><strong>SAMSTAG, 20. SEPTEMBER<\/strong><\/p><p><span style=\"font-weight: 400;\">11:00 bis 23:00 Uhr \u2013 Manuel Puigvert Promenade \u2013 Messe von Calella und dem Alt Maresme<\/span><\/p><p><strong>SONNTAG, 21. SEPTEMBER<\/strong><\/p><p><span style=\"font-weight: 400;\">11:00 bis 23:00 Uhr \u2013 Manuel Puigvert Promenade \u2013 Messe von Calella und dem Alt Maresme<\/span><\/p><p><strong>MONTAG, 22. SEPTEMBER<\/strong><\/p><p><span style=\"font-weight: 400;\">13:00 bis 23:00 Uhr \u2013 Manuel Puigvert Promenade \u2013 Messe von Calella und dem Alt Maresme<\/span><span style=\"font-weight: 400;\"><br \/><\/span><span style=\"font-weight: 400;\">21:30 Uhr \u2013 Kirche Santa Maria i Sant Nicolau \u2013 Klassisches Gitarrenkonzert mit Marc Segura<\/span><\/p><p><strong>DIENSTAG, 23. SEPTEMBER<\/strong><\/p><p><span style=\"font-weight: 400;\">11:00 bis 21:00 Uhr \u2013 Manuel Puigvert Promenade \u2013 Abschlusstag der Messe von Calella und dem Alt Maresme<\/span><\/p><p><strong>DONNERSTAG, 25. SEPTEMBER<\/strong><\/p><p><span style=\"font-weight: 400;\">21:00 Uhr \u2013 Mozart-Saal \u2013 Gaud\u00ed-Filmzyklus: Vorf\u00fchrung des Films \u201eLa f\u00faria\u201c (Originalversion Katalanisch\/Spanisch)<\/span><span style=\"font-weight: 400;\"><br \/><\/span><span style=\"font-weight: 400;\">Tickets: eine Stunde vorher an der Abendkasse oder im Vorverkauf unter ja.cat\/CqRqE<\/span><\/p><p><strong>SAMSTAG, 27. SEPTEMBER<\/strong><\/p><p><span style=\"font-weight: 400;\">21:00 Uhr \u2013 Orfe\u00f3 Calellenc Theater \u2013 Musical \u201eCop de Rock\u201c von Dagoll Dagom<\/span><span style=\"font-weight: 400;\"><br \/><\/span><span style=\"font-weight: 400;\">Tickets: joventutartistica.com<\/span><\/p><p><strong>SONNTAG, 28. SEPTEMBER<\/strong><\/p><p><span style=\"font-weight: 400;\">Start \u2013 Strandpromenade Pineda de Mar \u2013 16. Halbmarathon Costa Barcelona Maresme<\/span><span style=\"font-weight: 400;\"><br \/><\/span><span style=\"font-weight: 400;\">18:30 Uhr \u2013 Orfe\u00f3 Calellenc Theater \u2013 Musical \u201eCop de Rock\u201c von Dagoll Dagom (zweite Vorstellung)<\/span><span style=\"font-weight: 400;\"><br \/><\/span><span style=\"font-weight: 400;\">Tickets: joventutartistica.com<\/span><\/p><p><strong>MONTAG, 29. SEPTEMBER<\/strong><\/p><p><span style=\"font-weight: 400;\">21:30 Uhr \u2013 Kirche Santa Maria i Sant Nicolau \u2013 Klassisches Gitarrenkonzert mit Pedro Rinc\u00f3n<\/span><\/p>\t\t\t\t\t\t\t\t<\/div>\n\t\t\t\t\t<\/div>\n\t\t\t\t<\/div>\n\t\t\t\t<\/div>\n\t\t","protected":false},"excerpt":{"rendered":"<p>Monatsagenda f\u00fcr September 2025 in Calella Der September in Calella steht ganz im Zeichen von Tradition und Festlichkeit. Mit dem Beginn des Minerva-Festes und der lang erwarteten Messe von Calella und dem Alt Maresme f\u00fcllt sich der Monat mit Kultur, Musik und Aktivit\u00e4ten f\u00fcr die ganze Familie. Erg\u00e4nzt wird das Programm durch internationale Veranstaltungen wie &#8230;<\/p>\n","protected":false},"author":1,"featured_media":15291,"comment_status":"closed","ping_status":"open","sticky":false,"template":"","format":"standard","meta":{"loftocean_post_format_gallery":"","loftocean_post_format_gallery_ids":"","loftocean_post_format_gallery_urls":"","loftocean_post_format_video_id":0,"loftocean_post_format_video_url":"","loftocean_post_format_video_type":"","loftocean_post_format_video":"","loftocean_post_format_audio_type":"","loftocean_post_format_audio_url":"","loftocean_post_format_audio_id":0,"loftocean_post_format_audio":"","loftocean-like-count":0,"cozystay_single_post_hide_site_header":"","cozystay_single_post_site_header_source":"","cozystay_single_post_custom_site_header":"0","cozystay_single_post_custom_sticky_site_header":"0","cozystay_single_post_hide_page_title":"","cozystay_single_post_site_footer_hide_main":"","cozystay_single_custom_site_footer_main_source":"","cozystay_single_custom_site_footer_main":"0","cozystay_single_post_site_footer_hide_above":"","cozystay_single_custom_site_footer_above_source":"","cozystay_single_custom_site_footer_above":"0","cozystay_single_post_site_footer_hide_instagram":"","cozystay_single_post_site_footer_hide_bottom":"","cozystay_single_custom_mobile_menu_source":"","cozystay_single_custom_mobile_menu":"0","cozystay_single_custom_mobile_menu_animation":"","cozystay_single_custom_mobile_menu_width":"","cozystay_single_custom_mobile_menu_custom_width":375,"cozystay_single_post_template":"","footnotes":""},"categories":[445],"tags":[568],"class_list":["post-18557","post","type-post","status-publish","format-standard","has-post-thumbnail","hentry","category-agenda-de","tag-monatsagenda"],"yoast_head":"<!-- This site is optimized with the Yoast SEO plugin v27.1.1 - https:\/\/yoast.com\/product\/yoast-seo-wordpress\/ -->\n<title>September 2025 | Hotel Bernat II<\/title>\n<meta name=\"description\" content=\"Entdecken Sie alles, was Sie diesen September, und erleben Sie ein unvergessliches Erlebnis im Hotel Bernat II.\" \/>\n<meta name=\"robots\" content=\"index, follow, max-snippet:-1, max-image-preview:large, max-video-preview:-1\" \/>\n<link rel=\"canonical\" href=\"https:\/\/hotelbernatcalella.com\/de\/agenda-de\/monatsagenda-september-2025-calella\/\" \/>\n<meta property=\"og:locale\" content=\"de_DE\" \/>\n<meta property=\"og:type\" content=\"article\" \/>\n<meta property=\"og:title\" content=\"September 2025 | Hotel Bernat II\" \/>\n<meta property=\"og:description\" content=\"Entdecken Sie alles, was Sie diesen September, und erleben Sie ein unvergessliches Erlebnis im Hotel Bernat II.\" \/>\n<meta property=\"og:url\" content=\"https:\/\/hotelbernatcalella.com\/de\/agenda-de\/monatsagenda-september-2025-calella\/\" \/>\n<meta property=\"og:site_name\" content=\"Hotel Bernat II\" \/>\n<meta property=\"article:published_time\" content=\"2025-09-02T16:02:00+00:00\" \/>\n<meta property=\"article:modified_time\" content=\"2025-09-02T16:53:49+00:00\" \/>\n<meta property=\"og:image\" content=\"https:\/\/hotelbernatcalella.com\/wp-content\/uploads\/2025\/05\/faro-playas-calella.webp\" \/>\n\t<meta property=\"og:image:width\" content=\"1920\" \/>\n\t<meta property=\"og:image:height\" content=\"2560\" \/>\n\t<meta property=\"og:image:type\" content=\"image\/webp\" \/>\n<meta name=\"author\" content=\"admin_bernat\" \/>\n<meta name=\"twitter:card\" content=\"summary_large_image\" \/>\n<meta name=\"twitter:label1\" content=\"Verfasst von\" \/>\n\t<meta name=\"twitter:data1\" content=\"admin_bernat\" \/>\n\t<meta name=\"twitter:label2\" content=\"Gesch\u00e4tzte Lesezeit\" \/>\n\t<meta name=\"twitter:data2\" content=\"5\u00a0Minuten\" \/>\n<script type=\"application\/ld+json\" class=\"yoast-schema-graph\">{\"@context\":\"https:\/\/schema.org\",\"@graph\":[{\"@type\":\"Article\",\"@id\":\"https:\/\/hotelbernatcalella.com\/de\/agenda-de\/monatsagenda-september-2025-calella\/#article\",\"isPartOf\":{\"@id\":\"https:\/\/hotelbernatcalella.com\/de\/agenda-de\/monatsagenda-september-2025-calella\/\"},\"author\":{\"name\":\"admin_bernat\",\"@id\":\"https:\/\/hotelbernatcalella.com\/de\/#\/schema\/person\/9d2f8f220d7bb3470c6b37263c1f3a6e\"},\"headline\":\"September 2025\",\"datePublished\":\"2025-09-02T16:02:00+00:00\",\"dateModified\":\"2025-09-02T16:53:49+00:00\",\"mainEntityOfPage\":{\"@id\":\"https:\/\/hotelbernatcalella.com\/de\/agenda-de\/monatsagenda-september-2025-calella\/\"},\"wordCount\":783,\"image\":{\"@id\":\"https:\/\/hotelbernatcalella.com\/de\/agenda-de\/monatsagenda-september-2025-calella\/#primaryimage\"},\"thumbnailUrl\":\"https:\/\/hotelbernatcalella.com\/wp-content\/uploads\/2025\/05\/faro-playas-calella.webp\",\"keywords\":[\"Monatsagenda\"],\"articleSection\":[\"Monatsagenda\"],\"inLanguage\":\"de\"},{\"@type\":\"WebPage\",\"@id\":\"https:\/\/hotelbernatcalella.com\/de\/agenda-de\/monatsagenda-september-2025-calella\/\",\"url\":\"https:\/\/hotelbernatcalella.com\/de\/agenda-de\/monatsagenda-september-2025-calella\/\",\"name\":\"September 2025 | Hotel Bernat II\",\"isPartOf\":{\"@id\":\"https:\/\/hotelbernatcalella.com\/de\/#website\"},\"primaryImageOfPage\":{\"@id\":\"https:\/\/hotelbernatcalella.com\/de\/agenda-de\/monatsagenda-september-2025-calella\/#primaryimage\"},\"image\":{\"@id\":\"https:\/\/hotelbernatcalella.com\/de\/agenda-de\/monatsagenda-september-2025-calella\/#primaryimage\"},\"thumbnailUrl\":\"https:\/\/hotelbernatcalella.com\/wp-content\/uploads\/2025\/05\/faro-playas-calella.webp\",\"datePublished\":\"2025-09-02T16:02:00+00:00\",\"dateModified\":\"2025-09-02T16:53:49+00:00\",\"author\":{\"@id\":\"https:\/\/hotelbernatcalella.com\/de\/#\/schema\/person\/9d2f8f220d7bb3470c6b37263c1f3a6e\"},\"description\":\"Entdecken Sie alles, was Sie diesen September, und erleben Sie ein unvergessliches Erlebnis im Hotel Bernat II.\",\"breadcrumb\":{\"@id\":\"https:\/\/hotelbernatcalella.com\/de\/agenda-de\/monatsagenda-september-2025-calella\/#breadcrumb\"},\"inLanguage\":\"de\",\"potentialAction\":[{\"@type\":\"ReadAction\",\"target\":[\"https:\/\/hotelbernatcalella.com\/de\/agenda-de\/monatsagenda-september-2025-calella\/\"]}]},{\"@type\":\"ImageObject\",\"inLanguage\":\"de\",\"@id\":\"https:\/\/hotelbernatcalella.com\/de\/agenda-de\/monatsagenda-september-2025-calella\/#primaryimage\",\"url\":\"https:\/\/hotelbernatcalella.com\/wp-content\/uploads\/2025\/05\/faro-playas-calella.webp\",\"contentUrl\":\"https:\/\/hotelbernatcalella.com\/wp-content\/uploads\/2025\/05\/faro-playas-calella.webp\",\"width\":1920,\"height\":2560,\"caption\":\"Leuchtturmstr\u00e4nde-Calella\"},{\"@type\":\"BreadcrumbList\",\"@id\":\"https:\/\/hotelbernatcalella.com\/de\/agenda-de\/monatsagenda-september-2025-calella\/#breadcrumb\",\"itemListElement\":[{\"@type\":\"ListItem\",\"position\":1,\"name\":\"Portada\",\"item\":\"https:\/\/www.hotelbernatcalella.com\/de\/\"},{\"@type\":\"ListItem\",\"position\":2,\"name\":\"September 2025\"}]},{\"@type\":\"WebSite\",\"@id\":\"https:\/\/hotelbernatcalella.com\/de\/#website\",\"url\":\"https:\/\/hotelbernatcalella.com\/de\/\",\"name\":\"Hotel Bernat II & Spa Calella\",\"description\":\"Hotel in Calella\",\"alternateName\":\"Hotel Bernat II & Spa\",\"potentialAction\":[{\"@type\":\"SearchAction\",\"target\":{\"@type\":\"EntryPoint\",\"urlTemplate\":\"https:\/\/hotelbernatcalella.com\/de\/?s={search_term_string}\"},\"query-input\":{\"@type\":\"PropertyValueSpecification\",\"valueRequired\":true,\"valueName\":\"search_term_string\"}}],\"inLanguage\":\"de\"},{\"@type\":\"Person\",\"@id\":\"https:\/\/hotelbernatcalella.com\/de\/#\/schema\/person\/9d2f8f220d7bb3470c6b37263c1f3a6e\",\"name\":\"admin_bernat\",\"image\":{\"@type\":\"ImageObject\",\"inLanguage\":\"de\",\"@id\":\"https:\/\/hotelbernatcalella.com\/de\/#\/schema\/person\/image\/\",\"url\":\"https:\/\/secure.gravatar.com\/avatar\/d85a368a0264070f0a07504f04fe3de78e2fedb7d0b7a9e875b30b569151e37e?s=96&d=mm&r=g\",\"contentUrl\":\"https:\/\/secure.gravatar.com\/avatar\/d85a368a0264070f0a07504f04fe3de78e2fedb7d0b7a9e875b30b569151e37e?s=96&d=mm&r=g\",\"caption\":\"admin_bernat\"},\"sameAs\":[\"https:\/\/hotelbernatcalella.com\"]}]}<\/script>\n<!-- \/ Yoast SEO plugin. -->","yoast_head_json":{"title":"September 2025 | Hotel Bernat II","description":"Entdecken Sie alles, was Sie diesen September, und erleben Sie ein unvergessliches Erlebnis im Hotel Bernat II.","robots":{"index":"index","follow":"follow","max-snippet":"max-snippet:-1","max-image-preview":"max-image-preview:large","max-video-preview":"max-video-preview:-1"},"canonical":"https:\/\/hotelbernatcalella.com\/de\/agenda-de\/monatsagenda-september-2025-calella\/","og_locale":"de_DE","og_type":"article","og_title":"September 2025 | Hotel Bernat II","og_description":"Entdecken Sie alles, was Sie diesen September, und erleben Sie ein unvergessliches Erlebnis im Hotel Bernat II.","og_url":"https:\/\/hotelbernatcalella.com\/de\/agenda-de\/monatsagenda-september-2025-calella\/","og_site_name":"Hotel Bernat II","article_published_time":"2025-09-02T16:02:00+00:00","article_modified_time":"2025-09-02T16:53:49+00:00","og_image":[{"width":1920,"height":2560,"url":"https:\/\/hotelbernatcalella.com\/wp-content\/uploads\/2025\/05\/faro-playas-calella.webp","type":"image\/webp"}],"author":"admin_bernat","twitter_card":"summary_large_image","twitter_misc":{"Verfasst von":"admin_bernat","Gesch\u00e4tzte Lesezeit":"5\u00a0Minuten"},"schema":{"@context":"https:\/\/schema.org","@graph":[{"@type":"Article","@id":"https:\/\/hotelbernatcalella.com\/de\/agenda-de\/monatsagenda-september-2025-calella\/#article","isPartOf":{"@id":"https:\/\/hotelbernatcalella.com\/de\/agenda-de\/monatsagenda-september-2025-calella\/"},"author":{"name":"admin_bernat","@id":"https:\/\/hotelbernatcalella.com\/de\/#\/schema\/person\/9d2f8f220d7bb3470c6b37263c1f3a6e"},"headline":"September 2025","datePublished":"2025-09-02T16:02:00+00:00","dateModified":"2025-09-02T16:53:49+00:00","mainEntityOfPage":{"@id":"https:\/\/hotelbernatcalella.com\/de\/agenda-de\/monatsagenda-september-2025-calella\/"},"wordCount":783,"image":{"@id":"https:\/\/hotelbernatcalella.com\/de\/agenda-de\/monatsagenda-september-2025-calella\/#primaryimage"},"thumbnailUrl":"https:\/\/hotelbernatcalella.com\/wp-content\/uploads\/2025\/05\/faro-playas-calella.webp","keywords":["Monatsagenda"],"articleSection":["Monatsagenda"],"inLanguage":"de"},{"@type":"WebPage","@id":"https:\/\/hotelbernatcalella.com\/de\/agenda-de\/monatsagenda-september-2025-calella\/","url":"https:\/\/hotelbernatcalella.com\/de\/agenda-de\/monatsagenda-september-2025-calella\/","name":"September 2025 | Hotel Bernat II","isPartOf":{"@id":"https:\/\/hotelbernatcalella.com\/de\/#website"},"primaryImageOfPage":{"@id":"https:\/\/hotelbernatcalella.com\/de\/agenda-de\/monatsagenda-september-2025-calella\/#primaryimage"},"image":{"@id":"https:\/\/hotelbernatcalella.com\/de\/agenda-de\/monatsagenda-september-2025-calella\/#primaryimage"},"thumbnailUrl":"https:\/\/hotelbernatcalella.com\/wp-content\/uploads\/2025\/05\/faro-playas-calella.webp","datePublished":"2025-09-02T16:02:00+00:00","dateModified":"2025-09-02T16:53:49+00:00","author":{"@id":"https:\/\/hotelbernatcalella.com\/de\/#\/schema\/person\/9d2f8f220d7bb3470c6b37263c1f3a6e"},"description":"Entdecken Sie alles, was Sie diesen September, und erleben Sie ein unvergessliches Erlebnis im Hotel Bernat II.","breadcrumb":{"@id":"https:\/\/hotelbernatcalella.com\/de\/agenda-de\/monatsagenda-september-2025-calella\/#breadcrumb"},"inLanguage":"de","potentialAction":[{"@type":"ReadAction","target":["https:\/\/hotelbernatcalella.com\/de\/agenda-de\/monatsagenda-september-2025-calella\/"]}]},{"@type":"ImageObject","inLanguage":"de","@id":"https:\/\/hotelbernatcalella.com\/de\/agenda-de\/monatsagenda-september-2025-calella\/#primaryimage","url":"https:\/\/hotelbernatcalella.com\/wp-content\/uploads\/2025\/05\/faro-playas-calella.webp","contentUrl":"https:\/\/hotelbernatcalella.com\/wp-content\/uploads\/2025\/05\/faro-playas-calella.webp","width":1920,"height":2560,"caption":"Leuchtturmstr\u00e4nde-Calella"},{"@type":"BreadcrumbList","@id":"https:\/\/hotelbernatcalella.com\/de\/agenda-de\/monatsagenda-september-2025-calella\/#breadcrumb","itemListElement":[{"@type":"ListItem","position":1,"name":"Portada","item":"https:\/\/www.hotelbernatcalella.com\/de\/"},{"@type":"ListItem","position":2,"name":"September 2025"}]},{"@type":"WebSite","@id":"https:\/\/hotelbernatcalella.com\/de\/#website","url":"https:\/\/hotelbernatcalella.com\/de\/","name":"Hotel Bernat II & Spa Calella","description":"Hotel in Calella","alternateName":"Hotel Bernat II & Spa","potentialAction":[{"@type":"SearchAction","target":{"@type":"EntryPoint","urlTemplate":"https:\/\/hotelbernatcalella.com\/de\/?s={search_term_string}"},"query-input":{"@type":"PropertyValueSpecification","valueRequired":true,"valueName":"search_term_string"}}],"inLanguage":"de"},{"@type":"Person","@id":"https:\/\/hotelbernatcalella.com\/de\/#\/schema\/person\/9d2f8f220d7bb3470c6b37263c1f3a6e","name":"admin_bernat","image":{"@type":"ImageObject","inLanguage":"de","@id":"https:\/\/hotelbernatcalella.com\/de\/#\/schema\/person\/image\/","url":"https:\/\/secure.gravatar.com\/avatar\/d85a368a0264070f0a07504f04fe3de78e2fedb7d0b7a9e875b30b569151e37e?s=96&d=mm&r=g","contentUrl":"https:\/\/secure.gravatar.com\/avatar\/d85a368a0264070f0a07504f04fe3de78e2fedb7d0b7a9e875b30b569151e37e?s=96&d=mm&r=g","caption":"admin_bernat"},"sameAs":["https:\/\/hotelbernatcalella.com"]}]}},"loftoceanMetas":{"authorName":"admin_bernat","categories":[{"name":"Monatsagenda","link":"https:\/\/hotelbernatcalella.com\/de\/category\/agenda-de\/","count":12}],"date":"2 de September de 2025","featuredImageSRC":"https:\/\/hotelbernatcalella.com\/wp-content\/uploads\/2025\/05\/faro-playas-calella-150x150.webp"},"_links":{"self":[{"href":"https:\/\/hotelbernatcalella.com\/de\/wp-json\/wp\/v2\/posts\/18557","targetHints":{"allow":["GET"]}}],"collection":[{"href":"https:\/\/hotelbernatcalella.com\/de\/wp-json\/wp\/v2\/posts"}],"about":[{"href":"https:\/\/hotelbernatcalella.com\/de\/wp-json\/wp\/v2\/types\/post"}],"author":[{"embeddable":true,"href":"https:\/\/hotelbernatcalella.com\/de\/wp-json\/wp\/v2\/users\/1"}],"replies":[{"embeddable":true,"href":"https:\/\/hotelbernatcalella.com\/de\/wp-json\/wp\/v2\/comments?post=18557"}],"version-history":[{"count":0,"href":"https:\/\/hotelbernatcalella.com\/de\/wp-json\/wp\/v2\/posts\/18557\/revisions"}],"wp:featuredmedia":[{"embeddable":true,"href":"https:\/\/hotelbernatcalella.com\/de\/wp-json\/wp\/v2\/media\/15291"}],"wp:attachment":[{"href":"https:\/\/hotelbernatcalella.com\/de\/wp-json\/wp\/v2\/media?parent=18557"}],"wp:term":[{"taxonomy":"category","embeddable":true,"href":"https:\/\/hotelbernatcalella.com\/de\/wp-json\/wp\/v2\/categories?post=18557"},{"taxonomy":"post_tag","embeddable":true,"href":"https:\/\/hotelbernatcalella.com\/de\/wp-json\/wp\/v2\/tags?post=18557"}],"curies":[{"name":"wp","href":"https:\/\/api.w.org\/{rel}","templated":true}]}}