{"id":18070,"date":"2025-07-28T09:32:54","date_gmt":"2025-07-28T09:32:54","guid":{"rendered":"https:\/\/www.hotelbernatcalella.com\/no-category-de\/beach-festival-open-air-kino\/"},"modified":"2025-07-28T13:36:31","modified_gmt":"2025-07-28T13:36:31","slug":"beach-festival-open-air-kino","status":"publish","type":"post","link":"https:\/\/hotelbernatcalella.com\/de\/noticias-de\/beach-festival-open-air-kino\/","title":{"rendered":"Beach Festival: Open-Air-Kino"},"content":{"rendered":"\t\t<div data-elementor-type=\"wp-post\" data-elementor-id=\"18070\" class=\"elementor elementor-18070 elementor-18046\" data-elementor-post-type=\"post\">\n\t\t\t\t<div class=\"elementor-element elementor-element-5c5fe7fd e-flex e-con-boxed e-con e-parent\" data-id=\"5c5fe7fd\" data-element_type=\"container\" data-e-type=\"container\">\n\t\t\t\t\t<div class=\"e-con-inner\">\n\t\t\t\t<div class=\"elementor-element elementor-element-62bc2dc3 elementor-widget elementor-widget-text-editor\" data-id=\"62bc2dc3\" data-element_type=\"widget\" data-e-type=\"widget\" data-widget_type=\"text-editor.default\">\n\t\t\t\t\t\t\t\t\t<h2><strong><span style=\"color: #91ccd4;\"><b>Entdecken Sie das Beach Festival in Calella<\/b><\/span><\/strong><\/h2><h3><strong><span style=\"color: #a4adac;\"><b>Este agosto, disfruta de una sesi\u00f3n de cine al aire libre junto al mar en Calella<\/b><\/span><\/strong><\/h3>\t\t\t\t\t\t\t\t<\/div>\n\t\t\t\t\t<\/div>\n\t\t\t\t<\/div>\n\t\t<div class=\"elementor-element elementor-element-c0391c4 e-flex e-con-boxed e-con e-parent\" data-id=\"c0391c4\" data-element_type=\"container\" data-e-type=\"container\">\n\t\t\t\t\t<div class=\"e-con-inner\">\n\t\t\t\t<div class=\"elementor-element elementor-element-ba28808 elementor-widget elementor-widget-spacer\" data-id=\"ba28808\" data-element_type=\"widget\" data-e-type=\"widget\" data-widget_type=\"spacer.default\">\n\t\t\t\t\t\t\t<div class=\"elementor-spacer\">\n\t\t\t<div class=\"elementor-spacer-inner\"><\/div>\n\t\t<\/div>\n\t\t\t\t\t\t<\/div>\n\t\t\t\t\t<\/div>\n\t\t\t\t<\/div>\n\t\t<div class=\"elementor-element elementor-element-fc53dc8 e-flex e-con-boxed e-con e-parent\" data-id=\"fc53dc8\" data-element_type=\"container\" data-e-type=\"container\">\n\t\t\t\t\t<div class=\"e-con-inner\">\n\t\t\t\t<div class=\"elementor-element elementor-element-f65e57a elementor-widget elementor-widget-text-editor\" data-id=\"f65e57a\" data-element_type=\"widget\" data-e-type=\"widget\" data-widget_type=\"text-editor.default\">\n\t\t\t\t\t\t\t\t\t<p><span style=\"font-weight: 400;\">Der August ist die perfekte Zeit f\u00fcr Aktivit\u00e4ten im Freien, laue Sommern\u00e4chte und gemeinsame Erlebnisse. In Calella ist eines der meist erwarteten Sommerereignisse das <\/span><b>Cinema a la fresca<\/b><span style=\"font-weight: 400;\">, eine Initiative, die den Strand in ein gro\u00dfes Kino unter freiem Himmel verwandelt. Ideal f\u00fcr Familien, Paare oder Freundesgruppen \u2013 dieses kostenlose Kulturevent vereint die Magie des Kinos mit der mediterranen Abendstimmung.<\/span><\/p>\t\t\t\t\t\t\t\t<\/div>\n\t\t\t\t\t<\/div>\n\t\t\t\t<\/div>\n\t\t<div class=\"elementor-element elementor-element-450acc7 e-flex e-con-boxed e-con e-parent\" data-id=\"450acc7\" data-element_type=\"container\" data-e-type=\"container\">\n\t\t\t\t\t<div class=\"e-con-inner\">\n\t\t\t\t<div class=\"elementor-element elementor-element-951c842 elementor-widget elementor-widget-spacer\" data-id=\"951c842\" data-element_type=\"widget\" data-e-type=\"widget\" data-widget_type=\"spacer.default\">\n\t\t\t\t\t\t\t<div class=\"elementor-spacer\">\n\t\t\t<div class=\"elementor-spacer-inner\"><\/div>\n\t\t<\/div>\n\t\t\t\t\t\t<\/div>\n\t\t\t\t\t<\/div>\n\t\t\t\t<\/div>\n\t\t<div class=\"elementor-element elementor-element-fb3a9b0 e-flex e-con-boxed e-con e-parent\" data-id=\"fb3a9b0\" data-element_type=\"container\" data-e-type=\"container\">\n\t\t\t\t\t<div class=\"e-con-inner\">\n\t\t\t\t<div class=\"elementor-element elementor-element-d99cc3d elementor-widget elementor-widget-text-editor\" data-id=\"d99cc3d\" data-element_type=\"widget\" data-e-type=\"widget\" data-widget_type=\"text-editor.default\">\n\t\t\t\t\t\t\t\t\t<h3><b>Ein Kinoerlebnis mit Sommerflair<\/b><\/h3>\t\t\t\t\t\t\t\t<\/div>\n\t\t\t\t<div class=\"elementor-element elementor-element-14ff6a8 elementor-widget elementor-widget-spacer\" data-id=\"14ff6a8\" data-element_type=\"widget\" data-e-type=\"widget\" data-widget_type=\"spacer.default\">\n\t\t\t\t\t\t\t<div class=\"elementor-spacer\">\n\t\t\t<div class=\"elementor-spacer-inner\"><\/div>\n\t\t<\/div>\n\t\t\t\t\t\t<\/div>\n\t\t\t\t<div class=\"elementor-element elementor-element-e841bf9 elementor-widget elementor-widget-text-editor\" data-id=\"e841bf9\" data-element_type=\"widget\" data-e-type=\"widget\" data-widget_type=\"text-editor.default\">\n\t\t\t\t\t\t\t\t\t<p><span style=\"font-weight: 400;\">Organisiert von der Rosebud-Vereinigung der Kinoliebhaber ist das <\/span><b>Cinema a la fresca<\/b><span style=\"font-weight: 400;\"> Teil des<\/span><a href=\"https:\/\/www.calellafilmfestival.com\/el-festival\/beach-festival\/\"> <span style=\"font-weight: 400;\">Calella Film Festival<\/span><\/a><span style=\"font-weight: 400;\">, das seit 2016 Qualit\u00e4tskino f\u00fcr ein breites Publikum f\u00f6rdert. Die Vorf\u00fchrungen finden direkt im Sand des Hauptstrandes von Calella vor dem Xiri 9 statt, mit einer gro\u00dfen Leinwand, die von \u00fcberall gut sichtbar ist.<\/span><\/p><p><span style=\"font-weight: 400;\">Die Besucher bringen oft Handt\u00fccher, Decken oder Klappst\u00fchle mit, viele genie\u00dfen auch ein Picknick w\u00e4hrend des Films. Es ist ein entspannter und reizvoller Abendplan \u2013 perfekt f\u00fcr Einheimische und Besucher, die Calella auf besondere Weise erleben m\u00f6chten.<\/span><\/p>\t\t\t\t\t\t\t\t<\/div>\n\t\t\t\t<div class=\"elementor-element elementor-element-7346854 elementor-widget elementor-widget-spacer\" data-id=\"7346854\" data-element_type=\"widget\" data-e-type=\"widget\" data-widget_type=\"spacer.default\">\n\t\t\t\t\t\t\t<div class=\"elementor-spacer\">\n\t\t\t<div class=\"elementor-spacer-inner\"><\/div>\n\t\t<\/div>\n\t\t\t\t\t\t<\/div>\n\t\t\t\t<div class=\"elementor-element elementor-element-57f251f elementor-widget elementor-widget-text-editor\" data-id=\"57f251f\" data-element_type=\"widget\" data-e-type=\"widget\" data-widget_type=\"text-editor.default\">\n\t\t\t\t\t\t\t\t\t<h3><b>Programm Beach Festival 2025:<\/b><\/h3>\t\t\t\t\t\t\t\t<\/div>\n\t\t\t\t<div class=\"elementor-element elementor-element-e90af89 elementor-widget elementor-widget-spacer\" data-id=\"e90af89\" data-element_type=\"widget\" data-e-type=\"widget\" data-widget_type=\"spacer.default\">\n\t\t\t\t\t\t\t<div class=\"elementor-spacer\">\n\t\t\t<div class=\"elementor-spacer-inner\"><\/div>\n\t\t<\/div>\n\t\t\t\t\t\t<\/div>\n\t\t\t\t\t<\/div>\n\t\t\t\t<\/div>\n\t\t<div class=\"elementor-element elementor-element-d661b6f e-con-full e-flex e-con e-parent\" data-id=\"d661b6f\" data-element_type=\"container\" data-e-type=\"container\">\n\t\t\t\t<div class=\"elementor-element elementor-element-b80bbab elementor-widget elementor-widget-text-editor\" data-id=\"b80bbab\" data-element_type=\"widget\" data-e-type=\"widget\" data-widget_type=\"text-editor.default\">\n\t\t\t\t\t\t\t\t\t<p><span style=\"font-weight: 400;\">Im August bietet das <\/span><b>Cinema a la fresca<\/b><span style=\"font-weight: 400;\"> drei Filmabende, jeweils donnerstags um 21:30 Uhr. Die Auswahl reicht von Animation bis Fantasy-Musical:<\/span><\/p><ul><li style=\"font-weight: 400;\" aria-level=\"1\"><b>Donnerstag, 31. Juli<\/b><span style=\"font-weight: 400;\"> \u2013 <\/span><i><span style=\"font-weight: 400;\">Dragonkeeper<\/span><\/i><i><span style=\"font-weight: 400;\"><br \/><\/span><\/i><b>Inhalt:<\/b><span style=\"font-weight: 400;\"> Dunkle Zeiten im alten chinesischen Reich. Drachen, einst Freunde und weise Verb\u00fcndete der Menschen, werden seit Jahren gejagt und eingesperrt. In einer abgelegenen Festung hilft ein M\u00e4dchen dem letzten lebenden Drachen bei der Flucht und begleitet ihn auf einem abenteuerlichen Weg, um seinen wertvollsten Schatz zur\u00fcckzuholen: das letzte Drachenei, gestohlen von einem b\u00f6sen Zauberer, der dessen Macht zur Unsterblichkeit nutzen will. Verfolgt von den Truppen des Kaisers beginnt ein spannender Roadtrip durch China, bei dem beide lernen, zu wachsen und einander zu vertrauen.<\/span><span style=\"font-weight: 400;\"><br \/><\/span><span style=\"font-weight: 400;\">Regie: Salvador Sim\u00f3 (China\/Spanien, 2023)<\/span><span style=\"font-weight: 400;\"><br \/><\/span><span style=\"font-weight: 400;\">Dauer: 99 Minuten<\/span><span style=\"font-weight: 400;\"><br \/><\/span><span style=\"font-weight: 400;\">Genre: Animation. Abenteuer. Fantasy | Drachen<\/span><span style=\"font-weight: 400;\"><br \/><\/span><span style=\"font-weight: 400;\">Sprache: Katalanisch<\/span><\/li><li style=\"font-weight: 400;\" aria-level=\"1\"><b>Donnerstag, 7. August<\/b><span style=\"font-weight: 400;\"> \u2013 <\/span><i><span style=\"font-weight: 400;\">Harry Potter und der Gefangene von Askaban<\/span><\/i><i><span style=\"font-weight: 400;\"><br \/><\/span><\/i><b>Inhalt:<\/b><span style=\"font-weight: 400;\"> Als Harry Potter und seine Freunde f\u00fcr ihr drittes Schuljahr nach Hogwarts zur\u00fcckkehren, werden sie in ein neues Geheimnis verwickelt: Sirius Black, ein gef\u00e4hrlicher Zauberer und ehemaliger Verb\u00fcndeter von Lord Voldemort, ist aus dem Zauberergef\u00e4ngnis Askaban geflohen. Man vermutet, dass er sich an Harry r\u00e4chen will, da dieser ma\u00dfgeblich zu seiner Verurteilung beigetragen hat.<\/span><span style=\"font-weight: 400;\"><br \/><\/span><span style=\"font-weight: 400;\">Regie: Alfonso Cuar\u00f3n<\/span><span style=\"font-weight: 400;\"><br \/><\/span><span style=\"font-weight: 400;\">Dauer: 137 Minuten<\/span><span style=\"font-weight: 400;\"><br \/><\/span><span style=\"font-weight: 400;\">Genre: Fantasy. Abenteuer. Drama | Magie. Zeitreisen. Werw\u00f6lfe. Jugend. Fortsetzung<\/span><span style=\"font-weight: 400;\"><br \/><\/span><span style=\"font-weight: 400;\">Sprache: Katalanisch<\/span><\/li><li style=\"font-weight: 400;\" aria-level=\"1\"><b>Donnerstag, 21. August<\/b><span style=\"font-weight: 400;\"> \u2013 <\/span><i><span style=\"font-weight: 400;\">Wicked<\/span><\/i><i><span style=\"font-weight: 400;\"><br \/><\/span><\/i><b>Inhalt:<\/b><span style=\"font-weight: 400;\"> Spielt im Land Oz, lange vor der Ankunft von Dorothy Gale aus Kansas. Elphaba, ein missverstandenes M\u00e4dchen mit gr\u00fcner Haut, hat ihre wahre Kraft noch nicht entdeckt. Glinda ist beliebt, privilegiert und noch auf der Suche nach ihrer Leidenschaft. Die beiden lernen sich an der Universit\u00e4t Shiz kennen und schlie\u00dfen eine ungew\u00f6hnliche, aber tiefe Freundschaft. Die Handlung basiert auf dem ersten Akt des Broadway-Musicals.<\/span><span style=\"font-weight: 400;\"><br \/><\/span><span style=\"font-weight: 400;\">Regie: Jon M. Chu<\/span><span style=\"font-weight: 400;\"><br \/><\/span><span style=\"font-weight: 400;\">Dauer: 160 Minuten<\/span><span style=\"font-weight: 400;\"><br \/><\/span><span style=\"font-weight: 400;\">Genre: Musical. Fantasy. Kom\u00f6die. Abenteuer | Hexerei. Magie. Universit\u00e4t<\/span><span style=\"font-weight: 400;\"><br \/><\/span><span style=\"font-weight: 400;\">Sprache: Originalversion (mit Untertiteln, tbd)<\/span><\/li><\/ul><p><span style=\"font-weight: 400;\">Alle Vorstellungen finden am <\/span><b>Hauptstrand von Calella<\/b><span style=\"font-weight: 400;\"> statt \u2013 nur 10 Gehminuten vom<\/span><a href=\"https:\/\/hotelbernatcalella.com\/de\"> <span style=\"font-weight: 400;\">Hotel Bernat II<\/span><\/a><span style=\"font-weight: 400;\"> entfernt. Der Eintritt ist <\/span><b>kostenlos<\/b><span style=\"font-weight: 400;\"> und es ist keine Reservierung erforderlich, aber eine fr\u00fchzeitige Ankunft wird empfohlen.<\/span><\/p>\t\t\t\t\t\t\t\t<\/div>\n\t\t\t\t<\/div>\n\t\t<div class=\"elementor-element elementor-element-d08baf2 e-flex e-con-boxed e-con e-parent\" data-id=\"d08baf2\" data-element_type=\"container\" data-e-type=\"container\">\n\t\t\t\t\t<div class=\"e-con-inner\">\n\t\t\t\t<div class=\"elementor-element elementor-element-768a748 elementor-widget elementor-widget-spacer\" data-id=\"768a748\" data-element_type=\"widget\" data-e-type=\"widget\" data-widget_type=\"spacer.default\">\n\t\t\t\t\t\t\t<div class=\"elementor-spacer\">\n\t\t\t<div class=\"elementor-spacer-inner\"><\/div>\n\t\t<\/div>\n\t\t\t\t\t\t<\/div>\n\t\t\t\t\t<\/div>\n\t\t\t\t<\/div>\n\t\t<div class=\"elementor-element elementor-element-9f463aa e-flex e-con-boxed e-con e-parent\" data-id=\"9f463aa\" data-element_type=\"container\" data-e-type=\"container\">\n\t\t\t\t\t<div class=\"e-con-inner\">\n\t\t\t\t<div class=\"elementor-element elementor-element-5e7eff3 elementor-widget elementor-widget-text-editor\" data-id=\"5e7eff3\" data-element_type=\"widget\" data-e-type=\"widget\" data-widget_type=\"text-editor.default\">\n\t\t\t\t\t\t\t\t\t<h3><b>Ein Sommer wie im Kino \u2013 vom Hotel Bernat II aus<\/b><\/h3>\t\t\t\t\t\t\t\t<\/div>\n\t\t\t\t\t<\/div>\n\t\t\t\t<\/div>\n\t\t<div class=\"elementor-element elementor-element-49c624a e-flex e-con-boxed e-con e-parent\" data-id=\"49c624a\" data-element_type=\"container\" data-e-type=\"container\">\n\t\t\t\t\t<div class=\"e-con-inner\">\n\t\t\t\t<div class=\"elementor-element elementor-element-d32fbcc elementor-widget elementor-widget-spacer\" data-id=\"d32fbcc\" data-element_type=\"widget\" data-e-type=\"widget\" data-widget_type=\"spacer.default\">\n\t\t\t\t\t\t\t<div class=\"elementor-spacer\">\n\t\t\t<div class=\"elementor-spacer-inner\"><\/div>\n\t\t<\/div>\n\t\t\t\t\t\t<\/div>\n\t\t\t\t\t<\/div>\n\t\t\t\t<\/div>\n\t\t<div class=\"elementor-element elementor-element-37b6040 e-flex e-con-boxed e-con e-parent\" data-id=\"37b6040\" data-element_type=\"container\" data-e-type=\"container\">\n\t\t\t\t\t<div class=\"e-con-inner\">\n\t\t\t\t<div class=\"elementor-element elementor-element-35b31d3 elementor-widget elementor-widget-text-editor\" data-id=\"35b31d3\" data-element_type=\"widget\" data-e-type=\"widget\" data-widget_type=\"text-editor.default\">\n\t\t\t\t\t\t\t\t\t<p><span style=\"font-weight: 400;\">Wenn du im August einen Sommerurlaub an der K\u00fcste von Barcelona planst, ist das<\/span><a href=\"https:\/\/hotelbernatcalella.com\/de\"> <span style=\"font-weight: 400;\">Hotel Bernat II<\/span><\/a><span style=\"font-weight: 400;\"> die ideale Wahl. Mit seiner Lage nahe am Strand und nur wenige Schritte vom Festivalgel\u00e4nde entfernt, ist es perfekt, um den <\/span><b>Cinema a la fresca<\/b><span style=\"font-weight: 400;\"> zu genie\u00dfen \u2013 ohne auf Komfort zu verzichten.<\/span><\/p><p><span style=\"font-weight: 400;\">Nach einem Tag voller Sonne, Pool oder Ausfl\u00fcgen durchs Maresme kannst du dich in unseren voll ausgestatteten Zimmern entspannen und den Zauber des Kinos unter freiem Himmel erleben. Entdecke unsere Sommerangebote und buche noch heute.<\/span><\/p><p><span style=\"font-weight: 400;\">Wir freuen uns auf dich \u2013 f\u00fcr einen unvergesslichen August in Calella, voller Kultur, Meer und Sternenn\u00e4chte mit Kino!<\/span><\/p>\t\t\t\t\t\t\t\t<\/div>\n\t\t\t\t\t<\/div>\n\t\t\t\t<\/div>\n\t\t<div class=\"elementor-element elementor-element-a9432e7 e-flex e-con-boxed e-con e-parent\" data-id=\"a9432e7\" data-element_type=\"container\" data-e-type=\"container\">\n\t\t\t\t\t<div class=\"e-con-inner\">\n\t\t\t\t<div class=\"elementor-element elementor-element-7301d30 elementor-widget elementor-widget-spacer\" data-id=\"7301d30\" data-element_type=\"widget\" data-e-type=\"widget\" data-widget_type=\"spacer.default\">\n\t\t\t\t\t\t\t<div class=\"elementor-spacer\">\n\t\t\t<div class=\"elementor-spacer-inner\"><\/div>\n\t\t<\/div>\n\t\t\t\t\t\t<\/div>\n\t\t\t\t\t<\/div>\n\t\t\t\t<\/div>\n\t\t<div class=\"elementor-element elementor-element-f6065a6 e-con-full e-flex e-con e-parent\" data-id=\"f6065a6\" data-element_type=\"container\" data-e-type=\"container\">\n\t\t\t\t<div class=\"elementor-element elementor-element-5387ee1 elementor-widget elementor-widget-image\" data-id=\"5387ee1\" data-element_type=\"widget\" data-e-type=\"widget\" data-widget_type=\"image.default\">\n\t\t\t\t\t\t\t\t\t\t\t\t<figure class=\"wp-caption\">\n\t\t\t\t\t\t\t\t\t\t<img fetchpriority=\"high\" decoding=\"async\" width=\"1200\" height=\"1600\" src=\"https:\/\/www.hotelbernatcalella.com\/wp-content\/uploads\/2025\/07\/beach-festival-cine-en-la-playa-1.webp\" class=\"attachment-full size-full wp-image-18052\" alt=\"Beach Festival: cine al aire libre en Calella\" srcset=\"https:\/\/www.hotelbernatcalella.com\/wp-content\/uploads\/2025\/07\/beach-festival-cine-en-la-playa-1.webp 1200w, https:\/\/www.hotelbernatcalella.com\/wp-content\/uploads\/2025\/07\/beach-festival-cine-en-la-playa-1-225x300.webp 225w, https:\/\/www.hotelbernatcalella.com\/wp-content\/uploads\/2025\/07\/beach-festival-cine-en-la-playa-1-768x1024.webp 768w, https:\/\/www.hotelbernatcalella.com\/wp-content\/uploads\/2025\/07\/beach-festival-cine-en-la-playa-1-1152x1536.webp 1152w, https:\/\/www.hotelbernatcalella.com\/wp-content\/uploads\/2025\/07\/beach-festival-cine-en-la-playa-1-780x1040.webp 780w, https:\/\/www.hotelbernatcalella.com\/wp-content\/uploads\/2025\/07\/beach-festival-cine-en-la-playa-1-600x800.webp 600w, https:\/\/www.hotelbernatcalella.com\/wp-content\/uploads\/2025\/07\/beach-festival-cine-en-la-playa-1-550x733.webp 550w, https:\/\/www.hotelbernatcalella.com\/wp-content\/uploads\/2025\/07\/beach-festival-cine-en-la-playa-1-370x493.webp 370w, https:\/\/www.hotelbernatcalella.com\/wp-content\/uploads\/2025\/07\/beach-festival-cine-en-la-playa-1-255x340.webp 255w\" sizes=\"(max-width: 1200px) 100vw, 1200px\" \/>\t\t\t\t\t\t\t\t\t\t\t<figcaption class=\"widget-image-caption wp-caption-text\">Open-Air-Kino in Calella.<\/figcaption>\n\t\t\t\t\t\t\t\t\t\t<\/figure>\n\t\t\t\t\t\t\t\t\t<\/div>\n\t\t\t\t<\/div>\n\t\t\t\t<\/div>\n\t\t","protected":false},"excerpt":{"rendered":"<p>Entdecken Sie das Beach Festival in Calella Este agosto, disfruta de una sesi\u00f3n de cine al aire libre junto al mar en Calella Der August ist die perfekte Zeit f\u00fcr Aktivit\u00e4ten im Freien, laue Sommern\u00e4chte und gemeinsame Erlebnisse. In Calella ist eines der meist erwarteten Sommerereignisse das Cinema a la fresca, eine Initiative, die den &#8230;<\/p>\n","protected":false},"author":1,"featured_media":18052,"comment_status":"closed","ping_status":"open","sticky":false,"template":"","format":"standard","meta":{"loftocean_post_format_gallery":"","loftocean_post_format_gallery_ids":"","loftocean_post_format_gallery_urls":"","loftocean_post_format_video_id":0,"loftocean_post_format_video_url":"","loftocean_post_format_video_type":"","loftocean_post_format_video":"","loftocean_post_format_audio_type":"","loftocean_post_format_audio_url":"","loftocean_post_format_audio_id":0,"loftocean_post_format_audio":"","loftocean-like-count":0,"cozystay_single_post_hide_site_header":"","cozystay_single_post_site_header_source":"","cozystay_single_post_custom_site_header":"0","cozystay_single_post_custom_sticky_site_header":"0","cozystay_single_post_hide_page_title":"","cozystay_single_post_site_footer_hide_main":"","cozystay_single_custom_site_footer_main_source":"","cozystay_single_custom_site_footer_main":"0","cozystay_single_post_site_footer_hide_above":"","cozystay_single_custom_site_footer_above_source":"","cozystay_single_custom_site_footer_above":"0","cozystay_single_post_site_footer_hide_instagram":"","cozystay_single_post_site_footer_hide_bottom":"","cozystay_single_custom_mobile_menu_source":"","cozystay_single_custom_mobile_menu":"0","cozystay_single_custom_mobile_menu_animation":"","cozystay_single_custom_mobile_menu_width":"","cozystay_single_custom_mobile_menu_custom_width":375,"cozystay_single_post_template":"","footnotes":""},"categories":[447],"tags":[489,593,286,290,289,408,330,287],"class_list":["post-18070","post","type-post","status-publish","format-standard","has-post-thumbnail","hentry","category-noticias-de","tag-actividades-gratis-de","tag-buen-tiempo-de","tag-calella-de","tag-familien","tag-paare","tag-sommeraktivitaten","tag-strande","tag-was-man-in-calella-besichtigen-kann"],"yoast_head":"<!-- This site is optimized with the Yoast SEO plugin v27.1.1 - https:\/\/yoast.com\/product\/yoast-seo-wordpress\/ -->\n<title>Beach Festival: Open-Air-Kino | Hotel Bernat II<\/title>\n<meta name=\"description\" content=\"Entdecken Sie das Strandfestival und genie\u00dfen Sie im August Open-Air-Kinovorstellungen in Calella mit kostenlosen Vorf\u00fchrungen\" \/>\n<meta name=\"robots\" content=\"index, follow, max-snippet:-1, max-image-preview:large, max-video-preview:-1\" \/>\n<link rel=\"canonical\" href=\"https:\/\/hotelbernatcalella.com\/de\/noticias-de\/beach-festival-open-air-kino\/\" \/>\n<meta property=\"og:locale\" content=\"de_DE\" \/>\n<meta property=\"og:type\" content=\"article\" \/>\n<meta property=\"og:title\" content=\"Beach Festival: Open-Air-Kino | Hotel Bernat II\" \/>\n<meta property=\"og:description\" content=\"Entdecken Sie das Strandfestival und genie\u00dfen Sie im August Open-Air-Kinovorstellungen in Calella mit kostenlosen Vorf\u00fchrungen\" \/>\n<meta property=\"og:url\" content=\"https:\/\/hotelbernatcalella.com\/de\/noticias-de\/beach-festival-open-air-kino\/\" \/>\n<meta property=\"og:site_name\" content=\"Hotel Bernat II\" \/>\n<meta property=\"article:published_time\" content=\"2025-07-28T09:32:54+00:00\" \/>\n<meta property=\"article:modified_time\" content=\"2025-07-28T13:36:31+00:00\" \/>\n<meta property=\"og:image\" content=\"https:\/\/hotelbernatcalella.com\/wp-content\/uploads\/2025\/07\/beach-festival-cine-en-la-playa-1.webp\" \/>\n\t<meta property=\"og:image:width\" content=\"1200\" \/>\n\t<meta property=\"og:image:height\" content=\"1600\" \/>\n\t<meta property=\"og:image:type\" content=\"image\/webp\" \/>\n<meta name=\"author\" content=\"admin_bernat\" \/>\n<meta name=\"twitter:card\" content=\"summary_large_image\" \/>\n<meta name=\"twitter:label1\" content=\"Verfasst von\" \/>\n\t<meta name=\"twitter:data1\" content=\"admin_bernat\" \/>\n\t<meta name=\"twitter:label2\" content=\"Gesch\u00e4tzte Lesezeit\" \/>\n\t<meta name=\"twitter:data2\" content=\"4\u00a0Minuten\" \/>\n<script type=\"application\/ld+json\" class=\"yoast-schema-graph\">{\"@context\":\"https:\/\/schema.org\",\"@graph\":[{\"@type\":\"Article\",\"@id\":\"https:\/\/hotelbernatcalella.com\/de\/noticias-de\/beach-festival-open-air-kino\/#article\",\"isPartOf\":{\"@id\":\"https:\/\/hotelbernatcalella.com\/de\/noticias-de\/beach-festival-open-air-kino\/\"},\"author\":{\"name\":\"admin_bernat\",\"@id\":\"https:\/\/hotelbernatcalella.com\/de\/#\/schema\/person\/9d2f8f220d7bb3470c6b37263c1f3a6e\"},\"headline\":\"Beach Festival: Open-Air-Kino\",\"datePublished\":\"2025-07-28T09:32:54+00:00\",\"dateModified\":\"2025-07-28T13:36:31+00:00\",\"mainEntityOfPage\":{\"@id\":\"https:\/\/hotelbernatcalella.com\/de\/noticias-de\/beach-festival-open-air-kino\/\"},\"wordCount\":648,\"image\":{\"@id\":\"https:\/\/hotelbernatcalella.com\/de\/noticias-de\/beach-festival-open-air-kino\/#primaryimage\"},\"thumbnailUrl\":\"https:\/\/hotelbernatcalella.com\/wp-content\/uploads\/2025\/07\/beach-festival-cine-en-la-playa-1.webp\",\"keywords\":[\"Actividades gratis\",\"Buen Tiempo\",\"Calella\",\"Familien\",\"Paare\",\"Sommeraktivit\u00e4ten\",\"Str\u00e4nde\",\"Was man in Calella besichtigen kann?\"],\"articleSection\":[\"Nachrichten\"],\"inLanguage\":\"de\"},{\"@type\":\"WebPage\",\"@id\":\"https:\/\/hotelbernatcalella.com\/de\/noticias-de\/beach-festival-open-air-kino\/\",\"url\":\"https:\/\/hotelbernatcalella.com\/de\/noticias-de\/beach-festival-open-air-kino\/\",\"name\":\"Beach Festival: Open-Air-Kino | Hotel Bernat II\",\"isPartOf\":{\"@id\":\"https:\/\/hotelbernatcalella.com\/de\/#website\"},\"primaryImageOfPage\":{\"@id\":\"https:\/\/hotelbernatcalella.com\/de\/noticias-de\/beach-festival-open-air-kino\/#primaryimage\"},\"image\":{\"@id\":\"https:\/\/hotelbernatcalella.com\/de\/noticias-de\/beach-festival-open-air-kino\/#primaryimage\"},\"thumbnailUrl\":\"https:\/\/hotelbernatcalella.com\/wp-content\/uploads\/2025\/07\/beach-festival-cine-en-la-playa-1.webp\",\"datePublished\":\"2025-07-28T09:32:54+00:00\",\"dateModified\":\"2025-07-28T13:36:31+00:00\",\"author\":{\"@id\":\"https:\/\/hotelbernatcalella.com\/de\/#\/schema\/person\/9d2f8f220d7bb3470c6b37263c1f3a6e\"},\"description\":\"Entdecken Sie das Strandfestival und genie\u00dfen Sie im August Open-Air-Kinovorstellungen in Calella mit kostenlosen Vorf\u00fchrungen\",\"breadcrumb\":{\"@id\":\"https:\/\/hotelbernatcalella.com\/de\/noticias-de\/beach-festival-open-air-kino\/#breadcrumb\"},\"inLanguage\":\"de\",\"potentialAction\":[{\"@type\":\"ReadAction\",\"target\":[\"https:\/\/hotelbernatcalella.com\/de\/noticias-de\/beach-festival-open-air-kino\/\"]}]},{\"@type\":\"ImageObject\",\"inLanguage\":\"de\",\"@id\":\"https:\/\/hotelbernatcalella.com\/de\/noticias-de\/beach-festival-open-air-kino\/#primaryimage\",\"url\":\"https:\/\/hotelbernatcalella.com\/wp-content\/uploads\/2025\/07\/beach-festival-cine-en-la-playa-1.webp\",\"contentUrl\":\"https:\/\/hotelbernatcalella.com\/wp-content\/uploads\/2025\/07\/beach-festival-cine-en-la-playa-1.webp\",\"width\":1200,\"height\":1600,\"caption\":\"Beach Festival: cine al aire libre en Calella\"},{\"@type\":\"BreadcrumbList\",\"@id\":\"https:\/\/hotelbernatcalella.com\/de\/noticias-de\/beach-festival-open-air-kino\/#breadcrumb\",\"itemListElement\":[{\"@type\":\"ListItem\",\"position\":1,\"name\":\"Portada\",\"item\":\"https:\/\/www.hotelbernatcalella.com\/de\/\"},{\"@type\":\"ListItem\",\"position\":2,\"name\":\"Beach Festival: Open-Air-Kino\"}]},{\"@type\":\"WebSite\",\"@id\":\"https:\/\/hotelbernatcalella.com\/de\/#website\",\"url\":\"https:\/\/hotelbernatcalella.com\/de\/\",\"name\":\"Hotel Bernat II & Spa Calella\",\"description\":\"Hotel in Calella\",\"alternateName\":\"Hotel Bernat II & Spa\",\"potentialAction\":[{\"@type\":\"SearchAction\",\"target\":{\"@type\":\"EntryPoint\",\"urlTemplate\":\"https:\/\/hotelbernatcalella.com\/de\/?s={search_term_string}\"},\"query-input\":{\"@type\":\"PropertyValueSpecification\",\"valueRequired\":true,\"valueName\":\"search_term_string\"}}],\"inLanguage\":\"de\"},{\"@type\":\"Person\",\"@id\":\"https:\/\/hotelbernatcalella.com\/de\/#\/schema\/person\/9d2f8f220d7bb3470c6b37263c1f3a6e\",\"name\":\"admin_bernat\",\"image\":{\"@type\":\"ImageObject\",\"inLanguage\":\"de\",\"@id\":\"https:\/\/hotelbernatcalella.com\/de\/#\/schema\/person\/image\/\",\"url\":\"https:\/\/secure.gravatar.com\/avatar\/d85a368a0264070f0a07504f04fe3de78e2fedb7d0b7a9e875b30b569151e37e?s=96&d=mm&r=g\",\"contentUrl\":\"https:\/\/secure.gravatar.com\/avatar\/d85a368a0264070f0a07504f04fe3de78e2fedb7d0b7a9e875b30b569151e37e?s=96&d=mm&r=g\",\"caption\":\"admin_bernat\"},\"sameAs\":[\"https:\/\/hotelbernatcalella.com\"]}]}<\/script>\n<!-- \/ Yoast SEO plugin. -->","yoast_head_json":{"title":"Beach Festival: Open-Air-Kino | Hotel Bernat II","description":"Entdecken Sie das Strandfestival und genie\u00dfen Sie im August Open-Air-Kinovorstellungen in Calella mit kostenlosen Vorf\u00fchrungen","robots":{"index":"index","follow":"follow","max-snippet":"max-snippet:-1","max-image-preview":"max-image-preview:large","max-video-preview":"max-video-preview:-1"},"canonical":"https:\/\/hotelbernatcalella.com\/de\/noticias-de\/beach-festival-open-air-kino\/","og_locale":"de_DE","og_type":"article","og_title":"Beach Festival: Open-Air-Kino | Hotel Bernat II","og_description":"Entdecken Sie das Strandfestival und genie\u00dfen Sie im August Open-Air-Kinovorstellungen in Calella mit kostenlosen Vorf\u00fchrungen","og_url":"https:\/\/hotelbernatcalella.com\/de\/noticias-de\/beach-festival-open-air-kino\/","og_site_name":"Hotel Bernat II","article_published_time":"2025-07-28T09:32:54+00:00","article_modified_time":"2025-07-28T13:36:31+00:00","og_image":[{"width":1200,"height":1600,"url":"https:\/\/hotelbernatcalella.com\/wp-content\/uploads\/2025\/07\/beach-festival-cine-en-la-playa-1.webp","type":"image\/webp"}],"author":"admin_bernat","twitter_card":"summary_large_image","twitter_misc":{"Verfasst von":"admin_bernat","Gesch\u00e4tzte Lesezeit":"4\u00a0Minuten"},"schema":{"@context":"https:\/\/schema.org","@graph":[{"@type":"Article","@id":"https:\/\/hotelbernatcalella.com\/de\/noticias-de\/beach-festival-open-air-kino\/#article","isPartOf":{"@id":"https:\/\/hotelbernatcalella.com\/de\/noticias-de\/beach-festival-open-air-kino\/"},"author":{"name":"admin_bernat","@id":"https:\/\/hotelbernatcalella.com\/de\/#\/schema\/person\/9d2f8f220d7bb3470c6b37263c1f3a6e"},"headline":"Beach Festival: Open-Air-Kino","datePublished":"2025-07-28T09:32:54+00:00","dateModified":"2025-07-28T13:36:31+00:00","mainEntityOfPage":{"@id":"https:\/\/hotelbernatcalella.com\/de\/noticias-de\/beach-festival-open-air-kino\/"},"wordCount":648,"image":{"@id":"https:\/\/hotelbernatcalella.com\/de\/noticias-de\/beach-festival-open-air-kino\/#primaryimage"},"thumbnailUrl":"https:\/\/hotelbernatcalella.com\/wp-content\/uploads\/2025\/07\/beach-festival-cine-en-la-playa-1.webp","keywords":["Actividades gratis","Buen Tiempo","Calella","Familien","Paare","Sommeraktivit\u00e4ten","Str\u00e4nde","Was man in Calella besichtigen kann?"],"articleSection":["Nachrichten"],"inLanguage":"de"},{"@type":"WebPage","@id":"https:\/\/hotelbernatcalella.com\/de\/noticias-de\/beach-festival-open-air-kino\/","url":"https:\/\/hotelbernatcalella.com\/de\/noticias-de\/beach-festival-open-air-kino\/","name":"Beach Festival: Open-Air-Kino | Hotel Bernat II","isPartOf":{"@id":"https:\/\/hotelbernatcalella.com\/de\/#website"},"primaryImageOfPage":{"@id":"https:\/\/hotelbernatcalella.com\/de\/noticias-de\/beach-festival-open-air-kino\/#primaryimage"},"image":{"@id":"https:\/\/hotelbernatcalella.com\/de\/noticias-de\/beach-festival-open-air-kino\/#primaryimage"},"thumbnailUrl":"https:\/\/hotelbernatcalella.com\/wp-content\/uploads\/2025\/07\/beach-festival-cine-en-la-playa-1.webp","datePublished":"2025-07-28T09:32:54+00:00","dateModified":"2025-07-28T13:36:31+00:00","author":{"@id":"https:\/\/hotelbernatcalella.com\/de\/#\/schema\/person\/9d2f8f220d7bb3470c6b37263c1f3a6e"},"description":"Entdecken Sie das Strandfestival und genie\u00dfen Sie im August Open-Air-Kinovorstellungen in Calella mit kostenlosen Vorf\u00fchrungen","breadcrumb":{"@id":"https:\/\/hotelbernatcalella.com\/de\/noticias-de\/beach-festival-open-air-kino\/#breadcrumb"},"inLanguage":"de","potentialAction":[{"@type":"ReadAction","target":["https:\/\/hotelbernatcalella.com\/de\/noticias-de\/beach-festival-open-air-kino\/"]}]},{"@type":"ImageObject","inLanguage":"de","@id":"https:\/\/hotelbernatcalella.com\/de\/noticias-de\/beach-festival-open-air-kino\/#primaryimage","url":"https:\/\/hotelbernatcalella.com\/wp-content\/uploads\/2025\/07\/beach-festival-cine-en-la-playa-1.webp","contentUrl":"https:\/\/hotelbernatcalella.com\/wp-content\/uploads\/2025\/07\/beach-festival-cine-en-la-playa-1.webp","width":1200,"height":1600,"caption":"Beach Festival: cine al aire libre en Calella"},{"@type":"BreadcrumbList","@id":"https:\/\/hotelbernatcalella.com\/de\/noticias-de\/beach-festival-open-air-kino\/#breadcrumb","itemListElement":[{"@type":"ListItem","position":1,"name":"Portada","item":"https:\/\/www.hotelbernatcalella.com\/de\/"},{"@type":"ListItem","position":2,"name":"Beach Festival: Open-Air-Kino"}]},{"@type":"WebSite","@id":"https:\/\/hotelbernatcalella.com\/de\/#website","url":"https:\/\/hotelbernatcalella.com\/de\/","name":"Hotel Bernat II & Spa Calella","description":"Hotel in Calella","alternateName":"Hotel Bernat II & Spa","potentialAction":[{"@type":"SearchAction","target":{"@type":"EntryPoint","urlTemplate":"https:\/\/hotelbernatcalella.com\/de\/?s={search_term_string}"},"query-input":{"@type":"PropertyValueSpecification","valueRequired":true,"valueName":"search_term_string"}}],"inLanguage":"de"},{"@type":"Person","@id":"https:\/\/hotelbernatcalella.com\/de\/#\/schema\/person\/9d2f8f220d7bb3470c6b37263c1f3a6e","name":"admin_bernat","image":{"@type":"ImageObject","inLanguage":"de","@id":"https:\/\/hotelbernatcalella.com\/de\/#\/schema\/person\/image\/","url":"https:\/\/secure.gravatar.com\/avatar\/d85a368a0264070f0a07504f04fe3de78e2fedb7d0b7a9e875b30b569151e37e?s=96&d=mm&r=g","contentUrl":"https:\/\/secure.gravatar.com\/avatar\/d85a368a0264070f0a07504f04fe3de78e2fedb7d0b7a9e875b30b569151e37e?s=96&d=mm&r=g","caption":"admin_bernat"},"sameAs":["https:\/\/hotelbernatcalella.com"]}]}},"loftoceanMetas":{"authorName":"admin_bernat","categories":[{"name":"Nachrichten","link":"https:\/\/hotelbernatcalella.com\/de\/category\/noticias-de\/","count":24}],"date":"28 de Juli de 2025","featuredImageSRC":"https:\/\/hotelbernatcalella.com\/wp-content\/uploads\/2025\/07\/beach-festival-cine-en-la-playa-1-150x150.webp"},"_links":{"self":[{"href":"https:\/\/hotelbernatcalella.com\/de\/wp-json\/wp\/v2\/posts\/18070","targetHints":{"allow":["GET"]}}],"collection":[{"href":"https:\/\/hotelbernatcalella.com\/de\/wp-json\/wp\/v2\/posts"}],"about":[{"href":"https:\/\/hotelbernatcalella.com\/de\/wp-json\/wp\/v2\/types\/post"}],"author":[{"embeddable":true,"href":"https:\/\/hotelbernatcalella.com\/de\/wp-json\/wp\/v2\/users\/1"}],"replies":[{"embeddable":true,"href":"https:\/\/hotelbernatcalella.com\/de\/wp-json\/wp\/v2\/comments?post=18070"}],"version-history":[{"count":0,"href":"https:\/\/hotelbernatcalella.com\/de\/wp-json\/wp\/v2\/posts\/18070\/revisions"}],"wp:featuredmedia":[{"embeddable":true,"href":"https:\/\/hotelbernatcalella.com\/de\/wp-json\/wp\/v2\/media\/18052"}],"wp:attachment":[{"href":"https:\/\/hotelbernatcalella.com\/de\/wp-json\/wp\/v2\/media?parent=18070"}],"wp:term":[{"taxonomy":"category","embeddable":true,"href":"https:\/\/hotelbernatcalella.com\/de\/wp-json\/wp\/v2\/categories?post=18070"},{"taxonomy":"post_tag","embeddable":true,"href":"https:\/\/hotelbernatcalella.com\/de\/wp-json\/wp\/v2\/tags?post=18070"}],"curies":[{"name":"wp","href":"https:\/\/api.w.org\/{rel}","templated":true}]}}