{"id":18025,"date":"2025-07-28T07:25:32","date_gmt":"2025-07-28T07:25:32","guid":{"rendered":"https:\/\/www.hotelbernatcalella.com\/no-category-de\/kostenlose-aktivitaeten-im-sommer\/"},"modified":"2025-07-28T09:02:57","modified_gmt":"2025-07-28T09:02:57","slug":"kostenlose-aktivitaeten-im-sommer","status":"publish","type":"post","link":"https:\/\/hotelbernatcalella.com\/de\/noticias-de\/kostenlose-aktivitaeten-im-sommer\/","title":{"rendered":"Kostenlose Aktivit\u00e4ten im Sommer"},"content":{"rendered":"\t\t<div data-elementor-type=\"wp-post\" data-elementor-id=\"18025\" class=\"elementor elementor-18025 elementor-17944\" data-elementor-post-type=\"post\">\n\t\t\t\t<div class=\"elementor-element elementor-element-5c5fe7fd e-flex e-con-boxed e-con e-parent\" data-id=\"5c5fe7fd\" data-element_type=\"container\" data-e-type=\"container\">\n\t\t\t\t\t<div class=\"e-con-inner\">\n\t\t\t\t<div class=\"elementor-element elementor-element-62bc2dc3 elementor-widget elementor-widget-text-editor\" data-id=\"62bc2dc3\" data-element_type=\"widget\" data-e-type=\"widget\" data-widget_type=\"text-editor.default\">\n\t\t\t\t\t\t\t\t\t<h2><strong><span style=\"color: #91ccd4;\"><b>Kostenlose Sommeraktivit\u00e4ten in Calella 2025<\/b><\/span><\/strong><\/h2><h3><strong><span style=\"color: #a4adac;\"><b>Entdecke alles, was du im Juli und August in Calella mit kostenlosen Aktivit\u00e4ten an jedem Wochentag erleben kannst<\/b><\/span><\/strong><\/h3>\t\t\t\t\t\t\t\t<\/div>\n\t\t\t\t\t<\/div>\n\t\t\t\t<\/div>\n\t\t<div class=\"elementor-element elementor-element-c0391c4 e-flex e-con-boxed e-con e-parent\" data-id=\"c0391c4\" data-element_type=\"container\" data-e-type=\"container\">\n\t\t\t\t\t<div class=\"e-con-inner\">\n\t\t\t\t<div class=\"elementor-element elementor-element-ba28808 elementor-widget elementor-widget-spacer\" data-id=\"ba28808\" data-element_type=\"widget\" data-e-type=\"widget\" data-widget_type=\"spacer.default\">\n\t\t\t\t\t\t\t<div class=\"elementor-spacer\">\n\t\t\t<div class=\"elementor-spacer-inner\"><\/div>\n\t\t<\/div>\n\t\t\t\t\t\t<\/div>\n\t\t\t\t\t<\/div>\n\t\t\t\t<\/div>\n\t\t<div class=\"elementor-element elementor-element-fc53dc8 e-flex e-con-boxed e-con e-parent\" data-id=\"fc53dc8\" data-element_type=\"container\" data-e-type=\"container\">\n\t\t\t\t\t<div class=\"e-con-inner\">\n\t\t\t\t<div class=\"elementor-element elementor-element-f65e57a elementor-widget elementor-widget-text-editor\" data-id=\"f65e57a\" data-element_type=\"widget\" data-e-type=\"widget\" data-widget_type=\"text-editor.default\">\n\t\t\t\t\t\t\t\t\t<p><span style=\"font-weight: 400;\">Der Sommer ist die lebendigste Zeit in Calella. Mit dem sch\u00f6nen Wetter f\u00fcllt sich die Stadt mit Farbe, Energie und einer einladenden Atmosph\u00e4re, die zum Entdecken, Erleben und gemeinsamen Genie\u00dfen einl\u00e4dt. Zwischen dem Blau des Meeres und dem Gr\u00fcn des Parc Dalmau wird jede Ecke zur B\u00fchne f\u00fcr neue Erfahrungen. Ob mit Familie oder zu zweit \u2013 es erwartet dich ein vollgepacktes Programm f\u00fcr alle Altersgruppen und Interessen.<\/span><\/p><p><span style=\"font-weight: 400;\">Deshalb laden wir dich vom<\/span><a href=\"https:\/\/hotelbernatcalella.com\/de\"> <span style=\"font-weight: 400;\">Hotel Bernat II<\/span><\/a><span style=\"font-weight: 400;\"> ein, das kostenlose Aktivit\u00e4tenprogramm zu entdecken, das die Tourismusvereinigung Calella f\u00fcr Juli und August organisiert hat. Kultur, Natur, Musik und Spa\u00df warten jeden Tag auf dich \u2013 f\u00fcr einen Sommer voller sch\u00f6ner Erinnerungen.<\/span><\/p>\t\t\t\t\t\t\t\t<\/div>\n\t\t\t\t\t<\/div>\n\t\t\t\t<\/div>\n\t\t<div class=\"elementor-element elementor-element-450acc7 e-flex e-con-boxed e-con e-parent\" data-id=\"450acc7\" data-element_type=\"container\" data-e-type=\"container\">\n\t\t\t\t\t<div class=\"e-con-inner\">\n\t\t\t\t<div class=\"elementor-element elementor-element-951c842 elementor-widget elementor-widget-spacer\" data-id=\"951c842\" data-element_type=\"widget\" data-e-type=\"widget\" data-widget_type=\"spacer.default\">\n\t\t\t\t\t\t\t<div class=\"elementor-spacer\">\n\t\t\t<div class=\"elementor-spacer-inner\"><\/div>\n\t\t<\/div>\n\t\t\t\t\t\t<\/div>\n\t\t\t\t\t<\/div>\n\t\t\t\t<\/div>\n\t\t<div class=\"elementor-element elementor-element-cad4479 e-flex e-con-boxed e-con e-parent\" data-id=\"cad4479\" data-element_type=\"container\" data-e-type=\"container\">\n\t\t\t\t\t<div class=\"e-con-inner\">\n\t\t\t\t<div class=\"elementor-element elementor-element-57f251f elementor-widget elementor-widget-text-editor\" data-id=\"57f251f\" data-element_type=\"widget\" data-e-type=\"widget\" data-widget_type=\"text-editor.default\">\n\t\t\t\t\t\t\t\t\t<h3><b>T\u00e4gliche Aktivit\u00e4ten nach Wochentag:<\/b><\/h3>\t\t\t\t\t\t\t\t<\/div>\n\t\t\t\t\t<\/div>\n\t\t\t\t<\/div>\n\t\t<div class=\"elementor-element elementor-element-fb3a9b0 e-flex e-con-boxed e-con e-parent\" data-id=\"fb3a9b0\" data-element_type=\"container\" data-e-type=\"container\">\n\t\t\t\t\t<div class=\"e-con-inner\">\n\t\t\t\t<div class=\"elementor-element elementor-element-7346854 elementor-widget elementor-widget-spacer\" data-id=\"7346854\" data-element_type=\"widget\" data-e-type=\"widget\" data-widget_type=\"spacer.default\">\n\t\t\t\t\t\t\t<div class=\"elementor-spacer\">\n\t\t\t<div class=\"elementor-spacer-inner\"><\/div>\n\t\t<\/div>\n\t\t\t\t\t\t<\/div>\n\t\t\t\t\t<\/div>\n\t\t\t\t<\/div>\n\t\t<div class=\"elementor-element elementor-element-d661b6f e-flex e-con-boxed e-con e-parent\" data-id=\"d661b6f\" data-element_type=\"container\" data-e-type=\"container\">\n\t\t\t\t\t<div class=\"e-con-inner\">\n\t\t\t\t<div class=\"elementor-element elementor-element-b80bbab elementor-widget elementor-widget-text-editor\" data-id=\"b80bbab\" data-element_type=\"widget\" data-e-type=\"widget\" data-widget_type=\"text-editor.default\">\n\t\t\t\t\t\t\t\t\t<h4><b>Montag<\/b><\/h4><ul><li style=\"font-weight: 400;\" aria-level=\"1\"><b>Schnorcheln<\/b><b><br \/><\/b> <i><span style=\"font-weight: 400;\">09:00 &#8211; 10:45 Uhr<\/span><\/i><span style=\"font-weight: 400;\"> (auch bis 12:45 Uhr) \u2013 <\/span><i><span style=\"font-weight: 400;\">Camping El Far<\/span><\/i><i><span style=\"font-weight: 400;\"><br \/><\/span><\/i> <i><span style=\"font-weight: 400;\">Begrenzte Pl\u00e4tze. Anmeldung an der Rezeption.<\/span><\/i><p>\u00a0<\/p><\/li><li style=\"font-weight: 400;\" aria-level=\"1\"><b>Kunst &amp; Wein \/ Kunst &amp; Schokolade<\/b><b><br \/><\/b> <i><span style=\"font-weight: 400;\">17:00 &#8211; 19:00 Uhr<\/span><\/i><span style=\"font-weight: 400;\"> \u2013 <\/span><i><span style=\"font-weight: 400;\">Parc Dalmau<\/span><\/i><i><span style=\"font-weight: 400;\"><br \/><\/span><\/i><span style=\"font-weight: 400;\"> Eine ideale Aktivit\u00e4t f\u00fcr Paare oder Familien, die ein Bild eines der ikonischsten Landschaften Calellas malen m\u00f6chten: den Leuchtturm. Begleitet von einer Wein- oder Schokoladenverkostung wird daraus ein entspannter, kreativer Nachmittag. <\/span><i><span style=\"font-weight: 400;\">Begrenzte Pl\u00e4tze. Anmeldung an der Rezeption.<\/span><\/i><\/li><\/ul><h4><b>Dienstag<\/b><\/h4><ul><li style=\"font-weight: 400;\" aria-level=\"1\"><b>Schnorcheln<\/b><b><br \/><\/b> <i><span style=\"font-weight: 400;\">09:00 &#8211; 10:45 Uhr &amp; 11:00 &#8211; 12:45 Uhr<\/span><\/i><span style=\"font-weight: 400;\"> \u2013 <\/span><i><span style=\"font-weight: 400;\">Camping El Far<\/span><\/i><i><span style=\"font-weight: 400;\"><br \/><\/span><\/i> <i><span style=\"font-weight: 400;\">Begrenzte Pl\u00e4tze. Anmeldung an der Rezeption.<\/span><\/i><p>\u00a0<\/p><\/li><li style=\"font-weight: 400;\" aria-level=\"1\"><b>Historische Stadtf\u00fchrung<\/b><b><br \/><\/b> <i><span style=\"font-weight: 400;\">11:00 Uhr<\/span><\/i><span style=\"font-weight: 400;\"> \u2013 <\/span><i><span style=\"font-weight: 400;\">Pla\u00e7a de l\u2019Esgl\u00e9sia<\/span><\/i><i><span style=\"font-weight: 400;\"><br \/><\/span><\/i><span style=\"font-weight: 400;\"> Entdecke Geschichte und Kulturerbe von Calella bei einem gef\u00fchrten Rundgang durch die Altstadt.<\/span><p>\u00a0<\/p><\/li><li style=\"font-weight: 400;\" aria-level=\"1\"><b>Kreativ-Workshop f\u00fcr den Sommer<\/b><b><br \/><\/b> <i><span style=\"font-weight: 400;\">17:00 &#8211; 19:00 Uhr<\/span><\/i><span style=\"font-weight: 400;\"> \u2013 <\/span><i><span style=\"font-weight: 400;\">Riera Capaspre<\/span><\/i><i><span style=\"font-weight: 400;\"><br \/><\/span><\/i><span style=\"font-weight: 400;\"> Familienfreundlicher Workshop, bei dem Kinder (und Erwachsene) ihrer Fantasie freien Lauf lassen k\u00f6nnen.<\/span><span style=\"font-weight: 400;\"><br \/><\/span><\/li><\/ul><h4><b>Mittwoch<\/b><\/h4><ul><li style=\"font-weight: 400;\" aria-level=\"1\"><b>Besuch des Luftschutzbunkers und Parc Dalmau<\/b><b><br \/><\/b> <i><span style=\"font-weight: 400;\">11:00 Uhr<\/span><\/i><span style=\"font-weight: 400;\"> \u2013 <\/span><i><span style=\"font-weight: 400;\">Abfahrt vom Tourismusb\u00fcro<\/span><\/i><i><span style=\"font-weight: 400;\"><br \/><\/span><\/i><span style=\"font-weight: 400;\"> Eine besondere F\u00fchrung zur j\u00fcngeren Geschichte Calellas.<\/span><p>\u00a0<\/p><\/li><li style=\"font-weight: 400;\" aria-level=\"1\"><b>Touristenzug (Carrilet)<\/b><b><br \/><\/b> <i><span style=\"font-weight: 400;\">16:30 Uhr<\/span><\/i><span style=\"font-weight: 400;\"> \u2013 <\/span><i><span style=\"font-weight: 400;\">Information und Abfahrtsort an der Rezeption erfragen<\/span><\/i><i><span style=\"font-weight: 400;\"><br \/><\/span><\/i><span style=\"font-weight: 400;\"> Bequeme Art, Calella und seine Sehensw\u00fcrdigkeiten zu erkunden. <\/span><i><span style=\"font-weight: 400;\">Begrenzte Pl\u00e4tze. Anmeldung an der Rezeption.<\/span><\/i><\/li><\/ul><h4><b>Donnerstag<\/b><\/h4><ul><li style=\"font-weight: 400;\" aria-level=\"1\"><b>Touristenzug (Carrilet)<\/b><b><br \/><\/b> <i><span style=\"font-weight: 400;\">11:00 Uhr<\/span><\/i><span style=\"font-weight: 400;\"> \u2013 <\/span><i><span style=\"font-weight: 400;\">Information und Abfahrtsort an der Rezeption erfragen<\/span><\/i><i><span style=\"font-weight: 400;\"><br \/><\/span><\/i> <i><span style=\"font-weight: 400;\">Begrenzte Pl\u00e4tze. Anmeldung an der Rezeption.<\/span><\/i><p>\u00a0<\/p><\/li><li style=\"font-weight: 400;\" aria-level=\"1\"><b>Riesenspiele<\/b><b><br \/><\/b> <i><span style=\"font-weight: 400;\">17:00 &#8211; 19:00 Uhr<\/span><\/i><span style=\"font-weight: 400;\"> \u2013 <\/span><i><span style=\"font-weight: 400;\">Esgl\u00e9sia \/ Ind\u00fastria<\/span><\/i><i><span style=\"font-weight: 400;\"><br \/><\/span><\/i><span style=\"font-weight: 400;\"> Ein spielerischer Spaziergang mit gro\u00dfformatigen Holztischen, die Spiele wie Dame, Schach oder Mensch-\u00e4rgere-dich-nicht darstellen. Entlang einer Stra\u00dfe aufgebaut, laden sie ein zum Mitspielen f\u00fcr Gro\u00df und Klein.<\/span><p>\u00a0<\/p><\/li><li style=\"font-weight: 400;\" aria-level=\"1\"><b>Swing-Tanzkurs<\/b><span style=\"font-weight: 400;\"> (nur August)<\/span><span style=\"font-weight: 400;\"><br \/><\/span> <i><span style=\"font-weight: 400;\">19:00 &#8211; 21:00 Uhr<\/span><\/i><span style=\"font-weight: 400;\"> \u2013 <\/span><i><span style=\"font-weight: 400;\">Pla\u00e7a de l\u2019Esgl\u00e9sia<\/span><\/i><i><span style=\"font-weight: 400;\"><br \/><\/span><\/i><span style=\"font-weight: 400;\"> Lerne die Grundschritte dieses mitrei\u00dfenden Tanzes und hab Spa\u00df zu schwungvoller Musik.<\/span><span style=\"font-weight: 400;\"><br \/><\/span><\/li><\/ul><h4><b>Freitag<\/b><\/h4><ul><li style=\"font-weight: 400;\" aria-level=\"1\"><b>Wanderung zum Leuchtturm und den Torretes<\/b><b><br \/><\/b> <i><span style=\"font-weight: 400;\">10:30 Uhr<\/span><\/i><span style=\"font-weight: 400;\"> \u2013 <\/span><i><span style=\"font-weight: 400;\">Abfahrt von Platja Garb\u00ed (WSC)<\/span><\/i><i><span style=\"font-weight: 400;\"><br \/><\/span><\/i><span style=\"font-weight: 400;\"> Gef\u00fchrte Wanderung zu zwei der fotogensten Orte Calellas.<\/span><p>\u00a0<\/p><\/li><li style=\"font-weight: 400;\" aria-level=\"1\"><b>Riesenspiele<\/b><b><br \/><\/b> <i><span style=\"font-weight: 400;\">17:00 &#8211; 19:00 Uhr<\/span><\/i><span style=\"font-weight: 400;\"> \u2013 <\/span><i><span style=\"font-weight: 400;\">Riera Capaspre<\/span><\/i><p>\u00a0<\/p><\/li><li style=\"font-weight: 400;\" aria-level=\"1\"><b>Kindershow<\/b><b><br \/><\/b> <i><span style=\"font-weight: 400;\">17:00 Uhr<\/span><\/i><span style=\"font-weight: 400;\"> \u2013 <\/span><i><span style=\"font-weight: 400;\">Passeig de Mar (Monument der Sardana)<\/span><\/i><i><span style=\"font-weight: 400;\"><br \/><\/span><\/i><span style=\"font-weight: 400;\"> Ein ideales Nachmittagsprogramm f\u00fcr Familien.<\/span><span style=\"font-weight: 400;\"><br \/><\/span><\/li><\/ul><h4><b>Jeden Tag<\/b><\/h4><ul><li style=\"font-weight: 400;\" aria-level=\"1\"><b>Kajak<\/b><b><br \/><\/b> <i><span style=\"font-weight: 400;\">10:00 &#8211; 13:00 Uhr<\/span><\/i><span style=\"font-weight: 400;\"> \u2013 <\/span><i><span style=\"font-weight: 400;\">Platja Garb\u00ed (Club N\u00e0utic &#8211; WSC)<\/span><\/i><i><span style=\"font-weight: 400;\"><br \/><\/span><\/i><span style=\"font-weight: 400;\"> Kostenlose Aktivit\u00e4t mit vorheriger Anmeldung an der Rezeption. Genie\u00dfe eine Kajaktour im Meer.<\/span><p>\u00a0<\/p><\/li><li style=\"font-weight: 400;\" aria-level=\"1\"><b>Freier Eintritt in die Museen<\/b><b><br \/><\/b><span style=\"font-weight: 400;\"> Besuche das Stadtarchiv-Museum, den Luftschutzbunker und das Tourismusmuseum kostenfrei.<\/span><span style=\"font-weight: 400;\"><br \/><\/span><\/li><\/ul><h3><b>Besondere Abendveranstaltungen<\/b><\/h3><ul><li style=\"font-weight: 400;\" aria-level=\"1\"><b>Silent Disco<\/b><b><br \/><\/b> <i><span style=\"font-weight: 400;\">21:00 &#8211; 01:00 Uhr<\/span><\/i><span style=\"font-weight: 400;\"> \u2013 <\/span><i><span style=\"font-weight: 400;\">Riera Capaspre<\/span><\/i><i><span style=\"font-weight: 400;\"><br \/><\/span><\/i><span style=\"font-weight: 400;\"> 16. Juli und 13. August<br \/><br \/><\/span><\/li><li style=\"font-weight: 400;\" aria-level=\"1\"><b>Konzert mit katalanischer Rumba<br \/><\/b><i>21:00 &#8211; 23:30 Uhr<\/i> \u2013 <i>Pla\u00e7a de l\u2019Esgl\u00e9sia<br \/><\/i>30. Juli<\/li><\/ul>\t\t\t\t\t\t\t\t<\/div>\n\t\t\t\t\t<\/div>\n\t\t\t\t<\/div>\n\t\t<div class=\"elementor-element elementor-element-d08baf2 e-flex e-con-boxed e-con e-parent\" data-id=\"d08baf2\" data-element_type=\"container\" data-e-type=\"container\">\n\t\t\t\t\t<div class=\"e-con-inner\">\n\t\t\t\t<div class=\"elementor-element elementor-element-768a748 elementor-widget elementor-widget-spacer\" data-id=\"768a748\" data-element_type=\"widget\" data-e-type=\"widget\" data-widget_type=\"spacer.default\">\n\t\t\t\t\t\t\t<div class=\"elementor-spacer\">\n\t\t\t<div class=\"elementor-spacer-inner\"><\/div>\n\t\t<\/div>\n\t\t\t\t\t\t<\/div>\n\t\t\t\t\t<\/div>\n\t\t\t\t<\/div>\n\t\t<div class=\"elementor-element elementor-element-9f463aa e-flex e-con-boxed e-con e-parent\" data-id=\"9f463aa\" data-element_type=\"container\" data-e-type=\"container\">\n\t\t\t\t\t<div class=\"e-con-inner\">\n\t\t\t\t<div class=\"elementor-element elementor-element-5e7eff3 elementor-widget elementor-widget-text-editor\" data-id=\"5e7eff3\" data-element_type=\"widget\" data-e-type=\"widget\" data-widget_type=\"text-editor.default\">\n\t\t\t\t\t\t\t\t\t<h3><b>Wo \u00fcbernachten, um nichts zu verpassen?<\/b><\/h3>\t\t\t\t\t\t\t\t<\/div>\n\t\t\t\t\t<\/div>\n\t\t\t\t<\/div>\n\t\t<div class=\"elementor-element elementor-element-49c624a e-flex e-con-boxed e-con e-parent\" data-id=\"49c624a\" data-element_type=\"container\" data-e-type=\"container\">\n\t\t\t\t\t<div class=\"e-con-inner\">\n\t\t\t\t<div class=\"elementor-element elementor-element-d32fbcc elementor-widget elementor-widget-spacer\" data-id=\"d32fbcc\" data-element_type=\"widget\" data-e-type=\"widget\" data-widget_type=\"spacer.default\">\n\t\t\t\t\t\t\t<div class=\"elementor-spacer\">\n\t\t\t<div class=\"elementor-spacer-inner\"><\/div>\n\t\t<\/div>\n\t\t\t\t\t\t<\/div>\n\t\t\t\t\t<\/div>\n\t\t\t\t<\/div>\n\t\t<div class=\"elementor-element elementor-element-37b6040 e-flex e-con-boxed e-con e-parent\" data-id=\"37b6040\" data-element_type=\"container\" data-e-type=\"container\">\n\t\t\t\t\t<div class=\"e-con-inner\">\n\t\t\t\t<div class=\"elementor-element elementor-element-35b31d3 elementor-widget elementor-widget-text-editor\" data-id=\"35b31d3\" data-element_type=\"widget\" data-e-type=\"widget\" data-widget_type=\"text-editor.default\">\n\t\t\t\t\t\t\t\t\t<p><span style=\"font-weight: 400;\">Im<\/span><a href=\"https:\/\/hotelbernatcalella.com\/de\"> <span style=\"font-weight: 400;\">Hotel Bernat II<\/span><\/a><span style=\"font-weight: 400;\"> wohnst du in bester Lage nahe dem Strand und genie\u00dft familienfreundlichen Komfort. Von hier aus hast du Zugang zu allen Sommeraktivit\u00e4ten in Calella. Buche jetzt deinen Aufenthalt f\u00fcr einen erholsamen Sommer voller sch\u00f6ner Erlebnisse.<\/span><\/p>\t\t\t\t\t\t\t\t<\/div>\n\t\t\t\t\t<\/div>\n\t\t\t\t<\/div>\n\t\t<div class=\"elementor-element elementor-element-a9432e7 e-flex e-con-boxed e-con e-parent\" data-id=\"a9432e7\" data-element_type=\"container\" data-e-type=\"container\">\n\t\t\t\t\t<div class=\"e-con-inner\">\n\t\t\t\t<div class=\"elementor-element elementor-element-7301d30 elementor-widget elementor-widget-spacer\" data-id=\"7301d30\" data-element_type=\"widget\" data-e-type=\"widget\" data-widget_type=\"spacer.default\">\n\t\t\t\t\t\t\t<div class=\"elementor-spacer\">\n\t\t\t<div class=\"elementor-spacer-inner\"><\/div>\n\t\t<\/div>\n\t\t\t\t\t\t<\/div>\n\t\t\t\t\t<\/div>\n\t\t\t\t<\/div>\n\t\t<div class=\"elementor-element elementor-element-f6065a6 e-con-full e-flex e-con e-parent\" data-id=\"f6065a6\" data-element_type=\"container\" data-e-type=\"container\">\n\t\t\t\t<div class=\"elementor-element elementor-element-5387ee1 elementor-widget elementor-widget-image\" data-id=\"5387ee1\" data-element_type=\"widget\" data-e-type=\"widget\" data-widget_type=\"image.default\">\n\t\t\t\t\t\t\t\t\t\t\t\t<figure class=\"wp-caption\">\n\t\t\t\t\t\t\t\t\t\t<img fetchpriority=\"high\" decoding=\"async\" width=\"354\" height=\"319\" src=\"https:\/\/www.hotelbernatcalella.com\/wp-content\/uploads\/2025\/07\/caiac.webp\" class=\"attachment-full size-full wp-image-18000\" alt=\"Actividades de Verano gratuitas: Caiac en Calella\" srcset=\"https:\/\/www.hotelbernatcalella.com\/wp-content\/uploads\/2025\/07\/caiac.webp 354w, https:\/\/www.hotelbernatcalella.com\/wp-content\/uploads\/2025\/07\/caiac-300x270.webp 300w, https:\/\/www.hotelbernatcalella.com\/wp-content\/uploads\/2025\/07\/caiac-255x230.webp 255w\" sizes=\"(max-width: 354px) 100vw, 354px\" \/>\t\t\t\t\t\t\t\t\t\t\t<figcaption class=\"widget-image-caption wp-caption-text\">Sommeraktivit\u00e4ten: Kajak in Calella (ATC).<\/figcaption>\n\t\t\t\t\t\t\t\t\t\t<\/figure>\n\t\t\t\t\t\t\t\t\t<\/div>\n\t\t\t\t<\/div>\n\t\t\t\t<\/div>\n\t\t","protected":false},"excerpt":{"rendered":"<p>Kostenlose Sommeraktivit\u00e4ten in Calella 2025 Entdecke alles, was du im Juli und August in Calella mit kostenlosen Aktivit\u00e4ten an jedem Wochentag erleben kannst Der Sommer ist die lebendigste Zeit in Calella. Mit dem sch\u00f6nen Wetter f\u00fcllt sich die Stadt mit Farbe, Energie und einer einladenden Atmosph\u00e4re, die zum Entdecken, Erleben und gemeinsamen Genie\u00dfen einl\u00e4dt. Zwischen &#8230;<\/p>\n","protected":false},"author":1,"featured_media":18174,"comment_status":"closed","ping_status":"open","sticky":false,"template":"","format":"standard","meta":{"loftocean_post_format_gallery":"","loftocean_post_format_gallery_ids":"","loftocean_post_format_gallery_urls":"","loftocean_post_format_video_id":0,"loftocean_post_format_video_url":"","loftocean_post_format_video_type":"","loftocean_post_format_video":"","loftocean_post_format_audio_type":"","loftocean_post_format_audio_url":"","loftocean_post_format_audio_id":0,"loftocean_post_format_audio":"","loftocean-like-count":0,"cozystay_single_post_hide_site_header":"","cozystay_single_post_site_header_source":"","cozystay_single_post_custom_site_header":"0","cozystay_single_post_custom_sticky_site_header":"0","cozystay_single_post_hide_page_title":"","cozystay_single_post_site_footer_hide_main":"","cozystay_single_custom_site_footer_main_source":"","cozystay_single_custom_site_footer_main":"0","cozystay_single_post_site_footer_hide_above":"","cozystay_single_custom_site_footer_above_source":"","cozystay_single_custom_site_footer_above":"0","cozystay_single_post_site_footer_hide_instagram":"","cozystay_single_post_site_footer_hide_bottom":"","cozystay_single_custom_mobile_menu_source":"","cozystay_single_custom_mobile_menu":"0","cozystay_single_custom_mobile_menu_animation":"","cozystay_single_custom_mobile_menu_width":"","cozystay_single_custom_mobile_menu_custom_width":375,"cozystay_single_post_template":"","footnotes":""},"categories":[447],"tags":[489,593,286,290,289,408,330],"class_list":["post-18025","post","type-post","status-publish","format-standard","has-post-thumbnail","hentry","category-noticias-de","tag-actividades-gratis-de","tag-buen-tiempo-de","tag-calella-de","tag-familien","tag-paare","tag-sommeraktivitaten","tag-strande"],"yoast_head":"<!-- This site is optimized with the Yoast SEO plugin v27.1.1 - https:\/\/yoast.com\/product\/yoast-seo-wordpress\/ -->\n<title>Kostenlose Aktivit\u00e4ten im Sommer | Hotel Bernat II<\/title>\n<meta name=\"description\" content=\"Kostenlose Sommeraktivit\u00e4ten in Calella im Juli und August 2025: Schnorcheln, Kajakfahren, Stadtf\u00fchrungen, Konzerte und mehr f\u00fcr die ganze Familie\" \/>\n<meta name=\"robots\" content=\"index, follow, max-snippet:-1, max-image-preview:large, max-video-preview:-1\" \/>\n<link rel=\"canonical\" href=\"https:\/\/hotelbernatcalella.com\/de\/noticias-de\/kostenlose-aktivitaeten-im-sommer\/\" \/>\n<meta property=\"og:locale\" content=\"de_DE\" \/>\n<meta property=\"og:type\" content=\"article\" \/>\n<meta property=\"og:title\" content=\"Kostenlose Aktivit\u00e4ten im Sommer | Hotel Bernat II\" \/>\n<meta property=\"og:description\" content=\"Kostenlose Sommeraktivit\u00e4ten in Calella im Juli und August 2025: Schnorcheln, Kajakfahren, Stadtf\u00fchrungen, Konzerte und mehr f\u00fcr die ganze Familie\" \/>\n<meta property=\"og:url\" content=\"https:\/\/hotelbernatcalella.com\/de\/noticias-de\/kostenlose-aktivitaeten-im-sommer\/\" \/>\n<meta property=\"og:site_name\" content=\"Hotel Bernat II\" \/>\n<meta property=\"article:published_time\" content=\"2025-07-28T07:25:32+00:00\" \/>\n<meta property=\"article:modified_time\" content=\"2025-07-28T09:02:57+00:00\" \/>\n<meta property=\"og:image\" content=\"https:\/\/hotelbernatcalella.com\/wp-content\/uploads\/2025\/07\/caiac-en-calella-scaled.webp\" \/>\n\t<meta property=\"og:image:width\" content=\"2560\" \/>\n\t<meta property=\"og:image:height\" content=\"1706\" \/>\n\t<meta property=\"og:image:type\" content=\"image\/webp\" \/>\n<meta name=\"author\" content=\"admin_bernat\" \/>\n<meta name=\"twitter:card\" content=\"summary_large_image\" \/>\n<meta name=\"twitter:label1\" content=\"Verfasst von\" \/>\n\t<meta name=\"twitter:data1\" content=\"admin_bernat\" \/>\n\t<meta name=\"twitter:label2\" content=\"Gesch\u00e4tzte Lesezeit\" \/>\n\t<meta name=\"twitter:data2\" content=\"3\u00a0Minuten\" \/>\n<script type=\"application\/ld+json\" class=\"yoast-schema-graph\">{\"@context\":\"https:\/\/schema.org\",\"@graph\":[{\"@type\":\"Article\",\"@id\":\"https:\/\/hotelbernatcalella.com\/de\/noticias-de\/kostenlose-aktivitaeten-im-sommer\/#article\",\"isPartOf\":{\"@id\":\"https:\/\/hotelbernatcalella.com\/de\/noticias-de\/kostenlose-aktivitaeten-im-sommer\/\"},\"author\":{\"name\":\"admin_bernat\",\"@id\":\"https:\/\/hotelbernatcalella.com\/de\/#\/schema\/person\/9d2f8f220d7bb3470c6b37263c1f3a6e\"},\"headline\":\"Kostenlose Aktivit\u00e4ten im Sommer\",\"datePublished\":\"2025-07-28T07:25:32+00:00\",\"dateModified\":\"2025-07-28T09:02:57+00:00\",\"mainEntityOfPage\":{\"@id\":\"https:\/\/hotelbernatcalella.com\/de\/noticias-de\/kostenlose-aktivitaeten-im-sommer\/\"},\"wordCount\":574,\"image\":{\"@id\":\"https:\/\/hotelbernatcalella.com\/de\/noticias-de\/kostenlose-aktivitaeten-im-sommer\/#primaryimage\"},\"thumbnailUrl\":\"https:\/\/hotelbernatcalella.com\/wp-content\/uploads\/2025\/07\/caiac-en-calella-scaled.webp\",\"keywords\":[\"Actividades gratis\",\"Buen Tiempo\",\"Calella\",\"Familien\",\"Paare\",\"Sommeraktivit\u00e4ten\",\"Str\u00e4nde\"],\"articleSection\":[\"Nachrichten\"],\"inLanguage\":\"de\"},{\"@type\":\"WebPage\",\"@id\":\"https:\/\/hotelbernatcalella.com\/de\/noticias-de\/kostenlose-aktivitaeten-im-sommer\/\",\"url\":\"https:\/\/hotelbernatcalella.com\/de\/noticias-de\/kostenlose-aktivitaeten-im-sommer\/\",\"name\":\"Kostenlose Aktivit\u00e4ten im Sommer | Hotel Bernat II\",\"isPartOf\":{\"@id\":\"https:\/\/hotelbernatcalella.com\/de\/#website\"},\"primaryImageOfPage\":{\"@id\":\"https:\/\/hotelbernatcalella.com\/de\/noticias-de\/kostenlose-aktivitaeten-im-sommer\/#primaryimage\"},\"image\":{\"@id\":\"https:\/\/hotelbernatcalella.com\/de\/noticias-de\/kostenlose-aktivitaeten-im-sommer\/#primaryimage\"},\"thumbnailUrl\":\"https:\/\/hotelbernatcalella.com\/wp-content\/uploads\/2025\/07\/caiac-en-calella-scaled.webp\",\"datePublished\":\"2025-07-28T07:25:32+00:00\",\"dateModified\":\"2025-07-28T09:02:57+00:00\",\"author\":{\"@id\":\"https:\/\/hotelbernatcalella.com\/de\/#\/schema\/person\/9d2f8f220d7bb3470c6b37263c1f3a6e\"},\"description\":\"Kostenlose Sommeraktivit\u00e4ten in Calella im Juli und August 2025: Schnorcheln, Kajakfahren, Stadtf\u00fchrungen, Konzerte und mehr f\u00fcr die ganze Familie\",\"breadcrumb\":{\"@id\":\"https:\/\/hotelbernatcalella.com\/de\/noticias-de\/kostenlose-aktivitaeten-im-sommer\/#breadcrumb\"},\"inLanguage\":\"de\",\"potentialAction\":[{\"@type\":\"ReadAction\",\"target\":[\"https:\/\/hotelbernatcalella.com\/de\/noticias-de\/kostenlose-aktivitaeten-im-sommer\/\"]}]},{\"@type\":\"ImageObject\",\"inLanguage\":\"de\",\"@id\":\"https:\/\/hotelbernatcalella.com\/de\/noticias-de\/kostenlose-aktivitaeten-im-sommer\/#primaryimage\",\"url\":\"https:\/\/hotelbernatcalella.com\/wp-content\/uploads\/2025\/07\/caiac-en-calella-scaled.webp\",\"contentUrl\":\"https:\/\/hotelbernatcalella.com\/wp-content\/uploads\/2025\/07\/caiac-en-calella-scaled.webp\",\"width\":2560,\"height\":1706,\"caption\":\"Chica en un Kayak en Calella Barcelona\"},{\"@type\":\"BreadcrumbList\",\"@id\":\"https:\/\/hotelbernatcalella.com\/de\/noticias-de\/kostenlose-aktivitaeten-im-sommer\/#breadcrumb\",\"itemListElement\":[{\"@type\":\"ListItem\",\"position\":1,\"name\":\"Portada\",\"item\":\"https:\/\/www.hotelbernatcalella.com\/de\/\"},{\"@type\":\"ListItem\",\"position\":2,\"name\":\"Kostenlose Aktivit\u00e4ten im Sommer\"}]},{\"@type\":\"WebSite\",\"@id\":\"https:\/\/hotelbernatcalella.com\/de\/#website\",\"url\":\"https:\/\/hotelbernatcalella.com\/de\/\",\"name\":\"Hotel Bernat II & Spa Calella\",\"description\":\"Hotel in Calella\",\"alternateName\":\"Hotel Bernat II & Spa\",\"potentialAction\":[{\"@type\":\"SearchAction\",\"target\":{\"@type\":\"EntryPoint\",\"urlTemplate\":\"https:\/\/hotelbernatcalella.com\/de\/?s={search_term_string}\"},\"query-input\":{\"@type\":\"PropertyValueSpecification\",\"valueRequired\":true,\"valueName\":\"search_term_string\"}}],\"inLanguage\":\"de\"},{\"@type\":\"Person\",\"@id\":\"https:\/\/hotelbernatcalella.com\/de\/#\/schema\/person\/9d2f8f220d7bb3470c6b37263c1f3a6e\",\"name\":\"admin_bernat\",\"image\":{\"@type\":\"ImageObject\",\"inLanguage\":\"de\",\"@id\":\"https:\/\/hotelbernatcalella.com\/de\/#\/schema\/person\/image\/\",\"url\":\"https:\/\/secure.gravatar.com\/avatar\/d85a368a0264070f0a07504f04fe3de78e2fedb7d0b7a9e875b30b569151e37e?s=96&d=mm&r=g\",\"contentUrl\":\"https:\/\/secure.gravatar.com\/avatar\/d85a368a0264070f0a07504f04fe3de78e2fedb7d0b7a9e875b30b569151e37e?s=96&d=mm&r=g\",\"caption\":\"admin_bernat\"},\"sameAs\":[\"https:\/\/hotelbernatcalella.com\"]}]}<\/script>\n<!-- \/ Yoast SEO plugin. -->","yoast_head_json":{"title":"Kostenlose Aktivit\u00e4ten im Sommer | Hotel Bernat II","description":"Kostenlose Sommeraktivit\u00e4ten in Calella im Juli und August 2025: Schnorcheln, Kajakfahren, Stadtf\u00fchrungen, Konzerte und mehr f\u00fcr die ganze Familie","robots":{"index":"index","follow":"follow","max-snippet":"max-snippet:-1","max-image-preview":"max-image-preview:large","max-video-preview":"max-video-preview:-1"},"canonical":"https:\/\/hotelbernatcalella.com\/de\/noticias-de\/kostenlose-aktivitaeten-im-sommer\/","og_locale":"de_DE","og_type":"article","og_title":"Kostenlose Aktivit\u00e4ten im Sommer | Hotel Bernat II","og_description":"Kostenlose Sommeraktivit\u00e4ten in Calella im Juli und August 2025: Schnorcheln, Kajakfahren, Stadtf\u00fchrungen, Konzerte und mehr f\u00fcr die ganze Familie","og_url":"https:\/\/hotelbernatcalella.com\/de\/noticias-de\/kostenlose-aktivitaeten-im-sommer\/","og_site_name":"Hotel Bernat II","article_published_time":"2025-07-28T07:25:32+00:00","article_modified_time":"2025-07-28T09:02:57+00:00","og_image":[{"width":2560,"height":1706,"url":"https:\/\/hotelbernatcalella.com\/wp-content\/uploads\/2025\/07\/caiac-en-calella-scaled.webp","type":"image\/webp"}],"author":"admin_bernat","twitter_card":"summary_large_image","twitter_misc":{"Verfasst von":"admin_bernat","Gesch\u00e4tzte Lesezeit":"3\u00a0Minuten"},"schema":{"@context":"https:\/\/schema.org","@graph":[{"@type":"Article","@id":"https:\/\/hotelbernatcalella.com\/de\/noticias-de\/kostenlose-aktivitaeten-im-sommer\/#article","isPartOf":{"@id":"https:\/\/hotelbernatcalella.com\/de\/noticias-de\/kostenlose-aktivitaeten-im-sommer\/"},"author":{"name":"admin_bernat","@id":"https:\/\/hotelbernatcalella.com\/de\/#\/schema\/person\/9d2f8f220d7bb3470c6b37263c1f3a6e"},"headline":"Kostenlose Aktivit\u00e4ten im Sommer","datePublished":"2025-07-28T07:25:32+00:00","dateModified":"2025-07-28T09:02:57+00:00","mainEntityOfPage":{"@id":"https:\/\/hotelbernatcalella.com\/de\/noticias-de\/kostenlose-aktivitaeten-im-sommer\/"},"wordCount":574,"image":{"@id":"https:\/\/hotelbernatcalella.com\/de\/noticias-de\/kostenlose-aktivitaeten-im-sommer\/#primaryimage"},"thumbnailUrl":"https:\/\/hotelbernatcalella.com\/wp-content\/uploads\/2025\/07\/caiac-en-calella-scaled.webp","keywords":["Actividades gratis","Buen Tiempo","Calella","Familien","Paare","Sommeraktivit\u00e4ten","Str\u00e4nde"],"articleSection":["Nachrichten"],"inLanguage":"de"},{"@type":"WebPage","@id":"https:\/\/hotelbernatcalella.com\/de\/noticias-de\/kostenlose-aktivitaeten-im-sommer\/","url":"https:\/\/hotelbernatcalella.com\/de\/noticias-de\/kostenlose-aktivitaeten-im-sommer\/","name":"Kostenlose Aktivit\u00e4ten im Sommer | Hotel Bernat II","isPartOf":{"@id":"https:\/\/hotelbernatcalella.com\/de\/#website"},"primaryImageOfPage":{"@id":"https:\/\/hotelbernatcalella.com\/de\/noticias-de\/kostenlose-aktivitaeten-im-sommer\/#primaryimage"},"image":{"@id":"https:\/\/hotelbernatcalella.com\/de\/noticias-de\/kostenlose-aktivitaeten-im-sommer\/#primaryimage"},"thumbnailUrl":"https:\/\/hotelbernatcalella.com\/wp-content\/uploads\/2025\/07\/caiac-en-calella-scaled.webp","datePublished":"2025-07-28T07:25:32+00:00","dateModified":"2025-07-28T09:02:57+00:00","author":{"@id":"https:\/\/hotelbernatcalella.com\/de\/#\/schema\/person\/9d2f8f220d7bb3470c6b37263c1f3a6e"},"description":"Kostenlose Sommeraktivit\u00e4ten in Calella im Juli und August 2025: Schnorcheln, Kajakfahren, Stadtf\u00fchrungen, Konzerte und mehr f\u00fcr die ganze Familie","breadcrumb":{"@id":"https:\/\/hotelbernatcalella.com\/de\/noticias-de\/kostenlose-aktivitaeten-im-sommer\/#breadcrumb"},"inLanguage":"de","potentialAction":[{"@type":"ReadAction","target":["https:\/\/hotelbernatcalella.com\/de\/noticias-de\/kostenlose-aktivitaeten-im-sommer\/"]}]},{"@type":"ImageObject","inLanguage":"de","@id":"https:\/\/hotelbernatcalella.com\/de\/noticias-de\/kostenlose-aktivitaeten-im-sommer\/#primaryimage","url":"https:\/\/hotelbernatcalella.com\/wp-content\/uploads\/2025\/07\/caiac-en-calella-scaled.webp","contentUrl":"https:\/\/hotelbernatcalella.com\/wp-content\/uploads\/2025\/07\/caiac-en-calella-scaled.webp","width":2560,"height":1706,"caption":"Chica en un Kayak en Calella Barcelona"},{"@type":"BreadcrumbList","@id":"https:\/\/hotelbernatcalella.com\/de\/noticias-de\/kostenlose-aktivitaeten-im-sommer\/#breadcrumb","itemListElement":[{"@type":"ListItem","position":1,"name":"Portada","item":"https:\/\/www.hotelbernatcalella.com\/de\/"},{"@type":"ListItem","position":2,"name":"Kostenlose Aktivit\u00e4ten im Sommer"}]},{"@type":"WebSite","@id":"https:\/\/hotelbernatcalella.com\/de\/#website","url":"https:\/\/hotelbernatcalella.com\/de\/","name":"Hotel Bernat II & Spa Calella","description":"Hotel in Calella","alternateName":"Hotel Bernat II & Spa","potentialAction":[{"@type":"SearchAction","target":{"@type":"EntryPoint","urlTemplate":"https:\/\/hotelbernatcalella.com\/de\/?s={search_term_string}"},"query-input":{"@type":"PropertyValueSpecification","valueRequired":true,"valueName":"search_term_string"}}],"inLanguage":"de"},{"@type":"Person","@id":"https:\/\/hotelbernatcalella.com\/de\/#\/schema\/person\/9d2f8f220d7bb3470c6b37263c1f3a6e","name":"admin_bernat","image":{"@type":"ImageObject","inLanguage":"de","@id":"https:\/\/hotelbernatcalella.com\/de\/#\/schema\/person\/image\/","url":"https:\/\/secure.gravatar.com\/avatar\/d85a368a0264070f0a07504f04fe3de78e2fedb7d0b7a9e875b30b569151e37e?s=96&d=mm&r=g","contentUrl":"https:\/\/secure.gravatar.com\/avatar\/d85a368a0264070f0a07504f04fe3de78e2fedb7d0b7a9e875b30b569151e37e?s=96&d=mm&r=g","caption":"admin_bernat"},"sameAs":["https:\/\/hotelbernatcalella.com"]}]}},"loftoceanMetas":{"authorName":"admin_bernat","categories":[{"name":"Nachrichten","link":"https:\/\/hotelbernatcalella.com\/de\/category\/noticias-de\/","count":24}],"date":"28 de Juli de 2025","featuredImageSRC":"https:\/\/hotelbernatcalella.com\/wp-content\/uploads\/2025\/07\/caiac-en-calella-150x150.webp"},"_links":{"self":[{"href":"https:\/\/hotelbernatcalella.com\/de\/wp-json\/wp\/v2\/posts\/18025","targetHints":{"allow":["GET"]}}],"collection":[{"href":"https:\/\/hotelbernatcalella.com\/de\/wp-json\/wp\/v2\/posts"}],"about":[{"href":"https:\/\/hotelbernatcalella.com\/de\/wp-json\/wp\/v2\/types\/post"}],"author":[{"embeddable":true,"href":"https:\/\/hotelbernatcalella.com\/de\/wp-json\/wp\/v2\/users\/1"}],"replies":[{"embeddable":true,"href":"https:\/\/hotelbernatcalella.com\/de\/wp-json\/wp\/v2\/comments?post=18025"}],"version-history":[{"count":0,"href":"https:\/\/hotelbernatcalella.com\/de\/wp-json\/wp\/v2\/posts\/18025\/revisions"}],"wp:featuredmedia":[{"embeddable":true,"href":"https:\/\/hotelbernatcalella.com\/de\/wp-json\/wp\/v2\/media\/18174"}],"wp:attachment":[{"href":"https:\/\/hotelbernatcalella.com\/de\/wp-json\/wp\/v2\/media?parent=18025"}],"wp:term":[{"taxonomy":"category","embeddable":true,"href":"https:\/\/hotelbernatcalella.com\/de\/wp-json\/wp\/v2\/categories?post=18025"},{"taxonomy":"post_tag","embeddable":true,"href":"https:\/\/hotelbernatcalella.com\/de\/wp-json\/wp\/v2\/tags?post=18025"}],"curies":[{"name":"wp","href":"https:\/\/api.w.org\/{rel}","templated":true}]}}