{"id":15714,"date":"2025-06-12T15:07:54","date_gmt":"2025-06-12T15:07:54","guid":{"rendered":"https:\/\/www.hotelbernatcalella.com\/no-category-de\/das-kleine-stadtfest-von-calella-2025\/"},"modified":"2025-06-13T16:27:29","modified_gmt":"2025-06-13T16:27:29","slug":"kleine-stadtfest-calella","status":"publish","type":"post","link":"https:\/\/hotelbernatcalella.com\/de\/noticias-de\/kleine-stadtfest-calella\/","title":{"rendered":"Das kleine Stadtfest von Calella 2025"},"content":{"rendered":"\t\t<div data-elementor-type=\"wp-post\" data-elementor-id=\"15714\" class=\"elementor elementor-15714 elementor-15434\" data-elementor-post-type=\"post\">\n\t\t\t\t<div class=\"elementor-element elementor-element-5c5fe7fd e-flex e-con-boxed e-con e-parent\" data-id=\"5c5fe7fd\" data-element_type=\"container\" data-e-type=\"container\">\n\t\t\t\t\t<div class=\"e-con-inner\">\n\t\t\t\t<div class=\"elementor-element elementor-element-62bc2dc3 elementor-widget elementor-widget-text-editor\" data-id=\"62bc2dc3\" data-element_type=\"widget\" data-e-type=\"widget\" data-widget_type=\"text-editor.default\">\n\t\t\t\t\t\t\t\t\t<h2><strong><span style=\"color: #91ccd4;\"><b>Das kleine Stadtfest bringt Calella vom 13. bis 16. Juni zum Leben<\/b><\/span><\/strong><\/h2><h3><strong><span style=\"color: #a4adac;\"><b>Tradition, Kultur und Unterhaltung f\u00fcr die ganze Familie<\/b><\/span><\/strong><\/h3>\t\t\t\t\t\t\t\t<\/div>\n\t\t\t\t\t<\/div>\n\t\t\t\t<\/div>\n\t\t<div class=\"elementor-element elementor-element-c0391c4 e-flex e-con-boxed e-con e-parent\" data-id=\"c0391c4\" data-element_type=\"container\" data-e-type=\"container\">\n\t\t\t\t\t<div class=\"e-con-inner\">\n\t\t\t\t<div class=\"elementor-element elementor-element-ba28808 elementor-widget elementor-widget-spacer\" data-id=\"ba28808\" data-element_type=\"widget\" data-e-type=\"widget\" data-widget_type=\"spacer.default\">\n\t\t\t\t\t\t\t<div class=\"elementor-spacer\">\n\t\t\t<div class=\"elementor-spacer-inner\"><\/div>\n\t\t<\/div>\n\t\t\t\t\t\t<\/div>\n\t\t\t\t\t<\/div>\n\t\t\t\t<\/div>\n\t\t<div class=\"elementor-element elementor-element-fc53dc8 e-flex e-con-boxed e-con e-parent\" data-id=\"fc53dc8\" data-element_type=\"container\" data-e-type=\"container\">\n\t\t\t\t\t<div class=\"e-con-inner\">\n\t\t\t\t<div class=\"elementor-element elementor-element-f65e57a elementor-widget elementor-widget-text-editor\" data-id=\"f65e57a\" data-element_type=\"widget\" data-e-type=\"widget\" data-widget_type=\"text-editor.default\">\n\t\t\t\t\t\t\t\t\t<p><span style=\"font-weight: 400;\">Der Juni steht in Calella ganz im Zeichen der Feierlichkeiten. Die Stadt ehrt ihre Schutzheiligen Sant Quirze und Santa Julita mit dem sogenannten \u201ekleinen\u201c Stadtfest \u2013 einem der bedeutendsten Termine im lokalen Veranstaltungskalender. Vom 13. bis 16. Juni verwandelt sich Calella in eine lebendige B\u00fchne voller Kultur, Tradition und Gemeinschaftsgeist, mit einem vielseitigen Programm f\u00fcr alle Altersgruppen.<\/span><\/p><p><span style=\"font-weight: 400;\">Das Fest verbindet traditionelle Wurzeln mit kulturellen und familienfreundlichen Angeboten: Umz\u00fcge, Kindervorstellungen, Konzerte, Tanz- und Zirkusfestivals sowie gesellige Abendessen unter freiem Himmel. 2025 erh\u00e4lt das Fest eine besondere Note durch die R\u00fcckkehr des traditionellen Drachensteigens, das<\/span><a href=\"https:\/\/www.calella.cat\/actualitat\/noticies\/calella-recupera-la-volada-destels-en-homenatge-a-jaume-pruna-per-la-festa-major-petita-2025.html\"> <span style=\"font-weight: 400;\">Jaume Pruna<\/span><\/a><span style=\"font-weight: 400;\"> gewidmet ist \u2013 einem angesehenen Kulturaktivisten aus Calella. Diese Ausgabe, ambitionierter denn je, unterstreicht die Bedeutung der Volkskultur und des b\u00fcrgerschaftlichen Engagements. Ein Fest, das Einheimische wie Besucher gleicherma\u00dfen dazu einl\u00e4dt, Calella in festlicher Atmosph\u00e4re zu erleben.<\/span><\/p>\t\t\t\t\t\t\t\t<\/div>\n\t\t\t\t\t<\/div>\n\t\t\t\t<\/div>\n\t\t<div class=\"elementor-element elementor-element-450acc7 e-flex e-con-boxed e-con e-parent\" data-id=\"450acc7\" data-element_type=\"container\" data-e-type=\"container\">\n\t\t\t\t\t<div class=\"e-con-inner\">\n\t\t\t\t<div class=\"elementor-element elementor-element-951c842 elementor-widget elementor-widget-spacer\" data-id=\"951c842\" data-element_type=\"widget\" data-e-type=\"widget\" data-widget_type=\"spacer.default\">\n\t\t\t\t\t\t\t<div class=\"elementor-spacer\">\n\t\t\t<div class=\"elementor-spacer-inner\"><\/div>\n\t\t<\/div>\n\t\t\t\t\t\t<\/div>\n\t\t\t\t\t<\/div>\n\t\t\t\t<\/div>\n\t\t<div class=\"elementor-element elementor-element-cad4479 e-flex e-con-boxed e-con e-parent\" data-id=\"cad4479\" data-element_type=\"container\" data-e-type=\"container\">\n\t\t\t\t\t<div class=\"e-con-inner\">\n\t\t\t\t<div class=\"elementor-element elementor-element-57f251f elementor-widget elementor-widget-text-editor\" data-id=\"57f251f\" data-element_type=\"widget\" data-e-type=\"widget\" data-widget_type=\"text-editor.default\">\n\t\t\t\t\t\t\t\t\t<h3><b>Tagesprogramm des Stadtfests Calella 2025<\/b><\/h3>\t\t\t\t\t\t\t\t<\/div>\n\t\t\t\t\t<\/div>\n\t\t\t\t<\/div>\n\t\t<div class=\"elementor-element elementor-element-fb3a9b0 e-flex e-con-boxed e-con e-parent\" data-id=\"fb3a9b0\" data-element_type=\"container\" data-e-type=\"container\">\n\t\t\t\t\t<div class=\"e-con-inner\">\n\t\t\t\t<div class=\"elementor-element elementor-element-7346854 elementor-widget elementor-widget-spacer\" data-id=\"7346854\" data-element_type=\"widget\" data-e-type=\"widget\" data-widget_type=\"spacer.default\">\n\t\t\t\t\t\t\t<div class=\"elementor-spacer\">\n\t\t\t<div class=\"elementor-spacer-inner\"><\/div>\n\t\t<\/div>\n\t\t\t\t\t\t<\/div>\n\t\t\t\t\t<\/div>\n\t\t\t\t<\/div>\n\t\t<div class=\"elementor-element elementor-element-d661b6f e-flex e-con-boxed e-con e-parent\" data-id=\"d661b6f\" data-element_type=\"container\" data-e-type=\"container\">\n\t\t\t\t\t<div class=\"e-con-inner\">\n\t\t\t\t<div class=\"elementor-element elementor-element-b80bbab elementor-widget elementor-widget-text-editor\" data-id=\"b80bbab\" data-element_type=\"widget\" data-e-type=\"widget\" data-widget_type=\"text-editor.default\">\n\t\t\t\t\t\t\t\t\t<p><span style=\"font-weight: 400;\">Den vollst\u00e4ndigen Programmplan finden Sie <a href=\"https:\/\/www.hotelbernatcalella.com\/wp-content\/uploads\/2025\/06\/FESTA-MAJOR-SANT-QUIRZE-I-SANTA-JULITA-ALEMANY.pdf\" target=\"_blank\" rel=\"noopener\">hier<\/a>.<\/span><\/p><h4><b>Freitag, 13. Juni:<\/b><\/h4><ul><li style=\"font-weight: 400;\" aria-level=\"1\"><span style=\"font-weight: 400;\">18:00 Uhr, Rathausplatz: Er\u00f6ffnung mit dem Stra\u00dfentheater <\/span><i><span style=\"font-weight: 400;\">GIRAFES<\/span><\/i><span style=\"font-weight: 400;\"> von Xirriquiteula Teatre.<\/span><span style=\"font-weight: 400;\"><br \/><\/span><\/li><li style=\"font-weight: 400;\" aria-level=\"1\"><span style=\"font-weight: 400;\">20:00 Uhr, Manuel-Puigvert-Promenade: Tanzfestival <\/span><i><span style=\"font-weight: 400;\">Impulsa\u2019t<\/span><\/i><span style=\"font-weight: 400;\">. Bei Regen in der Sala Mozart.<\/span><span style=\"font-weight: 400;\"><br \/><\/span><\/li><li><span style=\"font-weight: 400;\">23:00 Uhr, Pati de l\u2019\u00d3s: Konzert der <\/span><i><span style=\"font-weight: 400;\">Non Stop Band<\/span><\/i><span style=\"font-weight: 400;\"> mit DJ-Sets von Sergi Domene und H\u00e9ctor Ortega (FLAIXFM). Eintritt frei. Bei Regen in der F\u00e0brica Llobet.<\/span><\/li><\/ul><h4><b>Samstag, 14. Juni:<\/b><\/h4><ul><li style=\"font-weight: 400;\" aria-level=\"1\"><span style=\"font-weight: 400;\">09:00\u201320:00 Uhr, Camp de Mar: Fu\u00dfballturnier Calella Fem. Cup +30.<\/span><span style=\"font-weight: 400;\"><br \/><\/span><\/li><li style=\"font-weight: 400;\" aria-level=\"1\"><span style=\"font-weight: 400;\">09:00\u201314:00 Uhr, Sant-Joan-Stra\u00dfe und Marktplatz: 7. Hausgemachte-Dessert-Messe zugunsten des Krankenhauses Sant Jaume.<\/span><span style=\"font-weight: 400;\"><br \/><\/span><\/li><li style=\"font-weight: 400;\" aria-level=\"1\"><span style=\"font-weight: 400;\">10:00 Uhr, Kirchplatz: Treffen der Mini-Riesenfiguren (Gegantonets).<\/span><span style=\"font-weight: 400;\"><br \/><\/span><\/li><li style=\"font-weight: 400;\" aria-level=\"1\"><span style=\"font-weight: 400;\">11:00 Uhr, vom Kirchplatz zum Rathaus: Umzug der Gegantonets.<\/span><span style=\"font-weight: 400;\"><br \/><\/span><\/li><li style=\"font-weight: 400;\" aria-level=\"1\"><span style=\"font-weight: 400;\">11:00\u201313:00 Uhr, Strand von Garb\u00ed: Aquathlon-Vorf\u00fchrung f\u00fcr Kinder.<\/span><span style=\"font-weight: 400;\"><br \/><\/span><\/li><li style=\"font-weight: 400;\" aria-level=\"1\"><span style=\"font-weight: 400;\">12:00 Uhr, Rathausplatz: T\u00e4nze der teilnehmenden Gruppen.<\/span><span style=\"font-weight: 400;\"><br \/><\/span><\/li><li style=\"font-weight: 400;\" aria-level=\"1\"><span style=\"font-weight: 400;\">12:30 Uhr, Kirche der Escola Pia: Konzert <\/span><i><span style=\"font-weight: 400;\">Pacem<\/span><\/i><span style=\"font-weight: 400;\"> des Tess\u00e0lia-Chors. Eintritt frei.<\/span><span style=\"font-weight: 400;\"><br \/><\/span><\/li><li style=\"font-weight: 400;\" aria-level=\"1\"><span style=\"font-weight: 400;\">18:00 Uhr, Manuel-Puigvert-Promenade: Zirkusfestival mit <\/span><i><span style=\"font-weight: 400;\">El Taller de Malabars<\/span><\/i><span style=\"font-weight: 400;\">. Bei Regen in der F\u00e0brica Llobet-Guri.<\/span><span style=\"font-weight: 400;\"><br \/><\/span><\/li><li style=\"font-weight: 400;\" aria-level=\"1\"><span style=\"font-weight: 400;\">19:00 Uhr, Monument an die Sardana: Konzert der Band <\/span><i><span style=\"font-weight: 400;\">Swing Latino<\/span><\/i><span style=\"font-weight: 400;\">. Bei Regen in der F\u00e0brica Llobet-Guri.<\/span><span style=\"font-weight: 400;\"><br \/><\/span><\/li><li style=\"font-weight: 400;\" aria-level=\"1\"><span style=\"font-weight: 400;\">19:30 Uhr, Riera Capaspre: Ankunft des Fantasie-Tierumzugs (Bestiari).<\/span><span style=\"font-weight: 400;\"><br \/><\/span><\/li><li style=\"font-weight: 400;\" aria-level=\"1\"><span style=\"font-weight: 400;\">20:30 Uhr, Manuel-Puigvert-Promenade: Gemeinsames Abendessen. Bei Regen in der F\u00e0brica Llobet.<\/span><span style=\"font-weight: 400;\"><br \/><\/span><\/li><li style=\"font-weight: 400;\" aria-level=\"1\"><span style=\"font-weight: 400;\">22:00 Uhr, Manuel-Puigvert-Promenade: Tanz mit <\/span><i><span style=\"font-weight: 400;\">Swing Latino<\/span><\/i><span style=\"font-weight: 400;\">. Bei Regen in der F\u00e0brica Llobet-Guri.<\/span><span style=\"font-weight: 400;\"><br \/><\/span><\/li><li style=\"font-weight: 400;\" aria-level=\"1\"><span style=\"font-weight: 400;\">22:00 Uhr, Umzug des Bestiari durch die Innenstadt.<\/span><span style=\"font-weight: 400;\"><br \/><\/span><\/li><li style=\"font-weight: 400;\" aria-level=\"1\"><span style=\"font-weight: 400;\">22:45 Uhr, Rathausplatz: Abschlussauftritt des Bestiari und Erinnerungsgeschenke an die Gruppen.<\/span><\/li><\/ul><h4><b>Sonntag, 15. Juni:<\/b><\/h4><ul><li style=\"font-weight: 400;\" aria-level=\"1\"><span style=\"font-weight: 400;\">10:30 Uhr, vom Kirchplatz: Kinder-Trommelumzug.<\/span><span style=\"font-weight: 400;\"><br \/><\/span><\/li><li style=\"font-weight: 400;\" aria-level=\"1\"><span style=\"font-weight: 400;\">12:00 Uhr, Pla\u00e7a Catalunya: Aperitif und Konzert mit <\/span><i><span style=\"font-weight: 400;\">Diaris Estrets<\/span><\/i><span style=\"font-weight: 400;\">.<\/span><span style=\"font-weight: 400;\"><br \/><\/span><\/li><li style=\"font-weight: 400;\" aria-level=\"1\"><span style=\"font-weight: 400;\">18:00 Uhr, Manuel-Puigvert-Promenade: Zirkusfestival mit <\/span><i><span style=\"font-weight: 400;\">El Gran Circ<\/span><\/i><span style=\"font-weight: 400;\">. Bei Regen in der F\u00e0brica Llobet-Guri.<\/span><span style=\"font-weight: 400;\"><br \/><\/span><\/li><li style=\"font-weight: 400;\" aria-level=\"1\"><span style=\"font-weight: 400;\">21:30 Uhr, Verschiedene Orte: Abendessen in der Nachbarschaft.<\/span><\/li><\/ul><h4><b>Montag, 16. Juni:<\/b><\/h4><ul><li style=\"font-weight: 400;\" aria-level=\"1\"><span style=\"font-weight: 400;\">08:00 Uhr, Kapelle Sant Quirze i Santa Julita: Messe der Sekret\u00e4rin mit Nelkenverteilung und hei\u00dfer Schokolade.<\/span><span style=\"font-weight: 400;\"><br \/><\/span><\/li><li style=\"font-weight: 400;\" aria-level=\"1\"><span style=\"font-weight: 400;\">10:00 Uhr, Manuel-Puigvert-Promenade: Drachenbau-Workshop (kostenlos, solange der Vorrat reicht).<\/span><span style=\"font-weight: 400;\"><br \/><\/span><\/li><li style=\"font-weight: 400;\" aria-level=\"1\"><span style=\"font-weight: 400;\">11:00 Uhr, Kirche Santa Maria i Sant Nicolau: Festmesse.<\/span><span style=\"font-weight: 400;\"><br \/><\/span><\/li><li style=\"font-weight: 400;\" aria-level=\"1\"><span style=\"font-weight: 400;\">13:00 Uhr, Strand Les Barques: Drachensteigen zu Ehren von Jaume Pruna, mit dem Aeromodellclub Calella.<\/span><span style=\"font-weight: 400;\"><br \/><\/span><\/li><li style=\"font-weight: 400;\" aria-level=\"1\"><span style=\"font-weight: 400;\">18:00 Uhr, Manuel-Puigvert-Promenade: Zirkusshow <\/span><i><span style=\"font-weight: 400;\">N\u00fcshu<\/span><\/i><span style=\"font-weight: 400;\"> der Gruppe Capicua.<\/span><span style=\"font-weight: 400;\"><br \/><\/span><\/li><li style=\"font-weight: 400;\" aria-level=\"1\"><span style=\"font-weight: 400;\">18:30 Uhr, Balmes- &amp; Esgl\u00e9sia-Stra\u00dfe: Umzug der Riesenfiguren von Calella.<\/span><span style=\"font-weight: 400;\"><br \/><\/span><\/li><li style=\"font-weight: 400;\" aria-level=\"1\"><span style=\"font-weight: 400;\">19:00 Uhr, Manuel-Puigvert-Promenade: Pop-Rock-Konzert mit <\/span><i><span style=\"font-weight: 400;\">Cor Ess\u00e8ncia &amp; Banda<\/span><\/i><span style=\"font-weight: 400;\">. Bei Regen in der Sala Mozart.<\/span><span style=\"font-weight: 400;\"><br \/><\/span><\/li><li><span style=\"font-weight: 400;\">19:00 Uhr, Kapelle Sant Quirze: Opernrezital <\/span><i><span style=\"font-weight: 400;\">Liebe in der Oper<\/span><\/i><span style=\"font-weight: 400;\">. Freier Eintritt, Spende willkommen.<\/span><\/li><\/ul>\t\t\t\t\t\t\t\t<\/div>\n\t\t\t\t\t<\/div>\n\t\t\t\t<\/div>\n\t\t<div class=\"elementor-element elementor-element-f81659e e-flex e-con-boxed e-con e-parent\" data-id=\"f81659e\" data-element_type=\"container\" data-e-type=\"container\">\n\t\t\t\t\t<div class=\"e-con-inner\">\n\t\t\t\t<div class=\"elementor-element elementor-element-931627d elementor-widget elementor-widget-spacer\" data-id=\"931627d\" data-element_type=\"widget\" data-e-type=\"widget\" data-widget_type=\"spacer.default\">\n\t\t\t\t\t\t\t<div class=\"elementor-spacer\">\n\t\t\t<div class=\"elementor-spacer-inner\"><\/div>\n\t\t<\/div>\n\t\t\t\t\t\t<\/div>\n\t\t\t\t\t<\/div>\n\t\t\t\t<\/div>\n\t\t<div class=\"elementor-element elementor-element-89285a8 e-flex e-con-boxed e-con e-parent\" data-id=\"89285a8\" data-element_type=\"container\" data-e-type=\"container\">\n\t\t\t\t\t<div class=\"e-con-inner\">\n\t\t\t\t<div class=\"elementor-element elementor-element-c47a0bd elementor-widget elementor-widget-text-editor\" data-id=\"c47a0bd\" data-element_type=\"widget\" data-e-type=\"widget\" data-widget_type=\"text-editor.default\">\n\t\t\t\t\t\t\t\t\t<h3><b>Drachensteigen: eine emotionale R\u00fcckkehr<\/b><\/h3>\t\t\t\t\t\t\t\t<\/div>\n\t\t\t\t\t<\/div>\n\t\t\t\t<\/div>\n\t\t<div class=\"elementor-element elementor-element-64789be e-flex e-con-boxed e-con e-parent\" data-id=\"64789be\" data-element_type=\"container\" data-e-type=\"container\">\n\t\t\t\t\t<div class=\"e-con-inner\">\n\t\t\t\t<div class=\"elementor-element elementor-element-ac835ff elementor-widget elementor-widget-spacer\" data-id=\"ac835ff\" data-element_type=\"widget\" data-e-type=\"widget\" data-widget_type=\"spacer.default\">\n\t\t\t\t\t\t\t<div class=\"elementor-spacer\">\n\t\t\t<div class=\"elementor-spacer-inner\"><\/div>\n\t\t<\/div>\n\t\t\t\t\t\t<\/div>\n\t\t\t\t\t<\/div>\n\t\t\t\t<\/div>\n\t\t<div class=\"elementor-element elementor-element-4f5dde3 e-flex e-con-boxed e-con e-parent\" data-id=\"4f5dde3\" data-element_type=\"container\" data-e-type=\"container\">\n\t\t\t\t\t<div class=\"e-con-inner\">\n\t\t\t\t<div class=\"elementor-element elementor-element-3c79535 elementor-widget elementor-widget-text-editor\" data-id=\"3c79535\" data-element_type=\"widget\" data-e-type=\"widget\" data-widget_type=\"text-editor.default\">\n\t\t\t\t\t\t\t\t\t<p><span style=\"font-weight: 400;\">Am Montag, den 16. Juni findet ein bewegendes Ereignis statt: das Drachensteigen zur Erinnerung an Jaume Pruna, fr\u00fcherer Pr\u00e4sident von Pa, Vi i Molt\u00f3. Es beginnt mit einem Workshop am Vormittag und findet um 13:00 Uhr am Strand Les Barques statt. Organisiert vom Aeromodellclub Calella, bringt es eine alte Tradition zur\u00fcck.<\/span><\/p>\t\t\t\t\t\t\t\t<\/div>\n\t\t\t\t\t<\/div>\n\t\t\t\t<\/div>\n\t\t<div class=\"elementor-element elementor-element-d08baf2 e-flex e-con-boxed e-con e-parent\" data-id=\"d08baf2\" data-element_type=\"container\" data-e-type=\"container\">\n\t\t\t\t\t<div class=\"e-con-inner\">\n\t\t\t\t<div class=\"elementor-element elementor-element-768a748 elementor-widget elementor-widget-spacer\" data-id=\"768a748\" data-element_type=\"widget\" data-e-type=\"widget\" data-widget_type=\"spacer.default\">\n\t\t\t\t\t\t\t<div class=\"elementor-spacer\">\n\t\t\t<div class=\"elementor-spacer-inner\"><\/div>\n\t\t<\/div>\n\t\t\t\t\t\t<\/div>\n\t\t\t\t\t<\/div>\n\t\t\t\t<\/div>\n\t\t<div class=\"elementor-element elementor-element-9f463aa e-flex e-con-boxed e-con e-parent\" data-id=\"9f463aa\" data-element_type=\"container\" data-e-type=\"container\">\n\t\t\t\t\t<div class=\"e-con-inner\">\n\t\t\t\t<div class=\"elementor-element elementor-element-5e7eff3 elementor-widget elementor-widget-text-editor\" data-id=\"5e7eff3\" data-element_type=\"widget\" data-e-type=\"widget\" data-widget_type=\"text-editor.default\">\n\t\t\t\t\t\t\t\t\t<h3><b>Praktische Informationen f\u00fcr den Festbesuch<\/b><\/h3>\t\t\t\t\t\t\t\t<\/div>\n\t\t\t\t\t<\/div>\n\t\t\t\t<\/div>\n\t\t<div class=\"elementor-element elementor-element-49c624a e-flex e-con-boxed e-con e-parent\" data-id=\"49c624a\" data-element_type=\"container\" data-e-type=\"container\">\n\t\t\t\t\t<div class=\"e-con-inner\">\n\t\t\t\t<div class=\"elementor-element elementor-element-d32fbcc elementor-widget elementor-widget-spacer\" data-id=\"d32fbcc\" data-element_type=\"widget\" data-e-type=\"widget\" data-widget_type=\"spacer.default\">\n\t\t\t\t\t\t\t<div class=\"elementor-spacer\">\n\t\t\t<div class=\"elementor-spacer-inner\"><\/div>\n\t\t<\/div>\n\t\t\t\t\t\t<\/div>\n\t\t\t\t\t<\/div>\n\t\t\t\t<\/div>\n\t\t<div class=\"elementor-element elementor-element-37b6040 e-flex e-con-boxed e-con e-parent\" data-id=\"37b6040\" data-element_type=\"container\" data-e-type=\"container\">\n\t\t\t\t\t<div class=\"e-con-inner\">\n\t\t\t\t<div class=\"elementor-element elementor-element-35b31d3 elementor-widget elementor-widget-text-editor\" data-id=\"35b31d3\" data-element_type=\"widget\" data-e-type=\"widget\" data-widget_type=\"text-editor.default\">\n\t\t\t\t\t\t\t\t\t<p><span style=\"font-weight: 400;\">Das kleine Stadtfest findet an verschiedenen Orten statt: Manuel-Puigvert-Promenade, Rathausplatz, Pati de l\u2019\u00d3s, Strand Gran, Kirchen und zentrale Stra\u00dfen.<\/span><\/p><p><span style=\"font-weight: 400;\">Alle Aktivit\u00e4ten sind kostenlos und f\u00fcr jedes Publikum geeignet. Bei Regen finden viele Programmpunkte in der F\u00e0brica Llobet oder Sala Mozart statt. Den kompletten Zeitplan finden Sie<\/span><a href=\"https:\/\/www.radiocalellatv.cat\/disponible-el-programa-complet-de-la-festa-major-de-sant-quirze-i-santa-julita\/\"> <span style=\"font-weight: 400;\">auf der Website der Stadt<\/span><\/a><span style=\"font-weight: 400;\">.<\/span><\/p><p><span style=\"font-weight: 400;\">Calella ist leicht erreichbar mit dem Zug (Renfe Linie R1) oder dem Auto \u00fcber die N-II oder die Autobahn C-32 (Ausfahrt Calella). \u00d6ffentliche Parkpl\u00e4tze stehen in der N\u00e4he der Veranstaltungsorte zur Verf\u00fcgung.<\/span><\/p>\t\t\t\t\t\t\t\t<\/div>\n\t\t\t\t\t<\/div>\n\t\t\t\t<\/div>\n\t\t<div class=\"elementor-element elementor-element-a9432e7 e-flex e-con-boxed e-con e-parent\" data-id=\"a9432e7\" data-element_type=\"container\" data-e-type=\"container\">\n\t\t\t\t\t<div class=\"e-con-inner\">\n\t\t\t\t<div class=\"elementor-element elementor-element-7301d30 elementor-widget elementor-widget-spacer\" data-id=\"7301d30\" data-element_type=\"widget\" data-e-type=\"widget\" data-widget_type=\"spacer.default\">\n\t\t\t\t\t\t\t<div class=\"elementor-spacer\">\n\t\t\t<div class=\"elementor-spacer-inner\"><\/div>\n\t\t<\/div>\n\t\t\t\t\t\t<\/div>\n\t\t\t\t\t<\/div>\n\t\t\t\t<\/div>\n\t\t<div class=\"elementor-element elementor-element-9da4b3f e-flex e-con-boxed e-con e-parent\" data-id=\"9da4b3f\" data-element_type=\"container\" data-e-type=\"container\">\n\t\t\t\t\t<div class=\"e-con-inner\">\n\t\t\t\t<div class=\"elementor-element elementor-element-5eead94 elementor-widget elementor-widget-text-editor\" data-id=\"5eead94\" data-element_type=\"widget\" data-e-type=\"widget\" data-widget_type=\"text-editor.default\">\n\t\t\t\t\t\t\t\t\t<h3><b>\u00dcbernachten Sie im Hotel Bernat II und genie\u00dfen Sie das Fest ohne Stress<\/b><\/h3>\t\t\t\t\t\t\t\t<\/div>\n\t\t\t\t\t<\/div>\n\t\t\t\t<\/div>\n\t\t<div class=\"elementor-element elementor-element-d6b1885 e-flex e-con-boxed e-con e-parent\" data-id=\"d6b1885\" data-element_type=\"container\" data-e-type=\"container\">\n\t\t\t\t\t<div class=\"e-con-inner\">\n\t\t\t\t<div class=\"elementor-element elementor-element-52863ce elementor-widget elementor-widget-spacer\" data-id=\"52863ce\" data-element_type=\"widget\" data-e-type=\"widget\" data-widget_type=\"spacer.default\">\n\t\t\t\t\t\t\t<div class=\"elementor-spacer\">\n\t\t\t<div class=\"elementor-spacer-inner\"><\/div>\n\t\t<\/div>\n\t\t\t\t\t\t<\/div>\n\t\t\t\t\t<\/div>\n\t\t\t\t<\/div>\n\t\t<div class=\"elementor-element elementor-element-a911885 e-flex e-con-boxed e-con e-parent\" data-id=\"a911885\" data-element_type=\"container\" data-e-type=\"container\">\n\t\t\t\t\t<div class=\"e-con-inner\">\n\t\t\t\t<div class=\"elementor-element elementor-element-fea99ee elementor-widget elementor-widget-text-editor\" data-id=\"fea99ee\" data-element_type=\"widget\" data-e-type=\"widget\" data-widget_type=\"text-editor.default\">\n\t\t\t\t\t\t\t\t\t<p><span style=\"font-weight: 400;\">Wenn Sie das Fest in vollen Z\u00fcgen erleben m\u00f6chten, \u00fcbernachten Sie im<\/span><a href=\"https:\/\/hotelbernatcalella.com\/de\"> <span style=\"font-weight: 400;\">Hotel Bernat II<\/span><\/a><span style=\"font-weight: 400;\">. Die zentrale Lage macht es Ihnen leicht, bei allen Highlights dabei zu sein.<\/span><\/p>\t\t\t\t\t\t\t\t<\/div>\n\t\t\t\t<div class=\"elementor-element elementor-element-477cf9d elementor-widget elementor-widget-spacer\" data-id=\"477cf9d\" data-element_type=\"widget\" data-e-type=\"widget\" data-widget_type=\"spacer.default\">\n\t\t\t\t\t\t\t<div class=\"elementor-spacer\">\n\t\t\t<div class=\"elementor-spacer-inner\"><\/div>\n\t\t<\/div>\n\t\t\t\t\t\t<\/div>\n\t\t\t\t\t<\/div>\n\t\t\t\t<\/div>\n\t\t<div class=\"elementor-element elementor-element-f6065a6 e-con-full e-flex e-con e-parent\" data-id=\"f6065a6\" data-element_type=\"container\" data-e-type=\"container\">\n\t\t\t\t<div class=\"elementor-element elementor-element-5387ee1 elementor-widget elementor-widget-image\" data-id=\"5387ee1\" data-element_type=\"widget\" data-e-type=\"widget\" data-widget_type=\"image.default\">\n\t\t\t\t\t\t\t\t\t\t\t\t\t\t\t<img fetchpriority=\"high\" decoding=\"async\" width=\"1535\" height=\"2362\" src=\"https:\/\/hotelbernatcalella.com\/wp-content\/uploads\/2025\/06\/cartel-fiesta-mayor-calella.webp\" class=\"attachment-full size-full wp-image-15461\" alt=\"Cartel Fiesta Mayor en Calella 2025\" srcset=\"https:\/\/hotelbernatcalella.com\/wp-content\/uploads\/2025\/06\/cartel-fiesta-mayor-calella.webp 1535w, https:\/\/hotelbernatcalella.com\/wp-content\/uploads\/2025\/06\/cartel-fiesta-mayor-calella-195x300.webp 195w, https:\/\/hotelbernatcalella.com\/wp-content\/uploads\/2025\/06\/cartel-fiesta-mayor-calella-665x1024.webp 665w, https:\/\/hotelbernatcalella.com\/wp-content\/uploads\/2025\/06\/cartel-fiesta-mayor-calella-768x1182.webp 768w, https:\/\/hotelbernatcalella.com\/wp-content\/uploads\/2025\/06\/cartel-fiesta-mayor-calella-998x1536.webp 998w, https:\/\/hotelbernatcalella.com\/wp-content\/uploads\/2025\/06\/cartel-fiesta-mayor-calella-1331x2048.webp 1331w, https:\/\/hotelbernatcalella.com\/wp-content\/uploads\/2025\/06\/cartel-fiesta-mayor-calella-1440x2216.webp 1440w, https:\/\/hotelbernatcalella.com\/wp-content\/uploads\/2025\/06\/cartel-fiesta-mayor-calella-1200x1847.webp 1200w, https:\/\/hotelbernatcalella.com\/wp-content\/uploads\/2025\/06\/cartel-fiesta-mayor-calella-780x1200.webp 780w, https:\/\/hotelbernatcalella.com\/wp-content\/uploads\/2025\/06\/cartel-fiesta-mayor-calella-600x923.webp 600w, https:\/\/hotelbernatcalella.com\/wp-content\/uploads\/2025\/06\/cartel-fiesta-mayor-calella-550x846.webp 550w, https:\/\/hotelbernatcalella.com\/wp-content\/uploads\/2025\/06\/cartel-fiesta-mayor-calella-370x569.webp 370w, https:\/\/hotelbernatcalella.com\/wp-content\/uploads\/2025\/06\/cartel-fiesta-mayor-calella-255x392.webp 255w\" sizes=\"(max-width: 1535px) 100vw, 1535px\" \/>\t\t\t\t\t\t\t\t\t\t\t\t\t\t\t<\/div>\n\t\t\t\t<\/div>\n\t\t\t\t<\/div>\n\t\t","protected":false},"excerpt":{"rendered":"<p>Das kleine Stadtfest bringt Calella vom 13. bis 16. Juni zum Leben Tradition, Kultur und Unterhaltung f\u00fcr die ganze Familie Der Juni steht in Calella ganz im Zeichen der Feierlichkeiten. Die Stadt ehrt ihre Schutzheiligen Sant Quirze und Santa Julita mit dem sogenannten \u201ekleinen\u201c Stadtfest \u2013 einem der bedeutendsten Termine im lokalen Veranstaltungskalender. Vom 13. &#8230;<\/p>\n","protected":false},"author":1,"featured_media":15509,"comment_status":"closed","ping_status":"open","sticky":false,"template":"","format":"standard","meta":{"loftocean_post_format_gallery":"","loftocean_post_format_gallery_ids":"","loftocean_post_format_gallery_urls":"","loftocean_post_format_video_id":0,"loftocean_post_format_video_url":"","loftocean_post_format_video_type":"","loftocean_post_format_video":"","loftocean_post_format_audio_type":"","loftocean_post_format_audio_url":"","loftocean_post_format_audio_id":0,"loftocean_post_format_audio":"","loftocean-like-count":0,"cozystay_single_post_hide_site_header":"","cozystay_single_post_site_header_source":"","cozystay_single_post_custom_site_header":"0","cozystay_single_post_custom_sticky_site_header":"0","cozystay_single_post_hide_page_title":"","cozystay_single_post_site_footer_hide_main":"","cozystay_single_custom_site_footer_main_source":"","cozystay_single_custom_site_footer_main":"0","cozystay_single_post_site_footer_hide_above":"","cozystay_single_custom_site_footer_above_source":"","cozystay_single_custom_site_footer_above":"0","cozystay_single_post_site_footer_hide_instagram":"","cozystay_single_post_site_footer_hide_bottom":"","cozystay_single_custom_mobile_menu_source":"","cozystay_single_custom_mobile_menu":"0","cozystay_single_custom_mobile_menu_animation":"","cozystay_single_custom_mobile_menu_width":"","cozystay_single_custom_mobile_menu_custom_width":375,"cozystay_single_post_template":"","footnotes":""},"categories":[447],"tags":[286,290,362,329,341,289],"class_list":["post-15714","post","type-post","status-publish","format-standard","has-post-thumbnail","hentry","category-noticias-de","tag-calella-de","tag-familien","tag-festtag","tag-kultur","tag-kulturelle-veranstaltungen","tag-paare"],"yoast_head":"<!-- This site is optimized with the Yoast SEO plugin v27.1.1 - https:\/\/yoast.com\/product\/yoast-seo-wordpress\/ -->\n<title>Das kleine Stadtfest von Calella 2025 | Hotel Bernat II<\/title>\n<meta name=\"description\" content=\"Im Juni feiert Calella das \u201eFesta Major Petita\u201c. \u00dcbernachten Sie im Hotel Bernat II und genie\u00dfen Sie das Fest ganz entspannt!\" \/>\n<meta name=\"robots\" content=\"index, follow, max-snippet:-1, max-image-preview:large, max-video-preview:-1\" \/>\n<link rel=\"canonical\" href=\"https:\/\/hotelbernatcalella.com\/de\/noticias-de\/kleine-stadtfest-calella\/\" \/>\n<meta property=\"og:locale\" content=\"de_DE\" \/>\n<meta property=\"og:type\" content=\"article\" \/>\n<meta property=\"og:title\" content=\"Das kleine Stadtfest von Calella 2025 | Hotel Bernat II\" \/>\n<meta property=\"og:description\" content=\"Im Juni feiert Calella das \u201eFesta Major Petita\u201c. \u00dcbernachten Sie im Hotel Bernat II und genie\u00dfen Sie das Fest ganz entspannt!\" \/>\n<meta property=\"og:url\" content=\"https:\/\/hotelbernatcalella.com\/de\/noticias-de\/kleine-stadtfest-calella\/\" \/>\n<meta property=\"og:site_name\" content=\"Hotel Bernat II\" \/>\n<meta property=\"article:published_time\" content=\"2025-06-12T15:07:54+00:00\" \/>\n<meta property=\"article:modified_time\" content=\"2025-06-13T16:27:29+00:00\" \/>\n<meta property=\"og:image\" content=\"https:\/\/hotelbernatcalella.com\/wp-content\/uploads\/2025\/06\/fiesta-mayor-pequena-calella-scaled.webp\" \/>\n\t<meta property=\"og:image:width\" content=\"2560\" \/>\n\t<meta property=\"og:image:height\" content=\"1810\" \/>\n\t<meta property=\"og:image:type\" content=\"image\/webp\" \/>\n<meta name=\"author\" content=\"admin_bernat\" \/>\n<meta name=\"twitter:card\" content=\"summary_large_image\" \/>\n<meta name=\"twitter:label1\" content=\"Verfasst von\" \/>\n\t<meta name=\"twitter:data1\" content=\"admin_bernat\" \/>\n\t<meta name=\"twitter:label2\" content=\"Gesch\u00e4tzte Lesezeit\" \/>\n\t<meta name=\"twitter:data2\" content=\"4\u00a0Minuten\" \/>\n<script type=\"application\/ld+json\" class=\"yoast-schema-graph\">{\"@context\":\"https:\/\/schema.org\",\"@graph\":[{\"@type\":\"Article\",\"@id\":\"https:\/\/hotelbernatcalella.com\/de\/noticias-de\/kleine-stadtfest-calella\/#article\",\"isPartOf\":{\"@id\":\"https:\/\/hotelbernatcalella.com\/de\/noticias-de\/kleine-stadtfest-calella\/\"},\"author\":{\"name\":\"admin_bernat\",\"@id\":\"https:\/\/hotelbernatcalella.com\/de\/#\/schema\/person\/9d2f8f220d7bb3470c6b37263c1f3a6e\"},\"headline\":\"Das kleine Stadtfest von Calella 2025\",\"datePublished\":\"2025-06-12T15:07:54+00:00\",\"dateModified\":\"2025-06-13T16:27:29+00:00\",\"mainEntityOfPage\":{\"@id\":\"https:\/\/hotelbernatcalella.com\/de\/noticias-de\/kleine-stadtfest-calella\/\"},\"wordCount\":700,\"image\":{\"@id\":\"https:\/\/hotelbernatcalella.com\/de\/noticias-de\/kleine-stadtfest-calella\/#primaryimage\"},\"thumbnailUrl\":\"https:\/\/hotelbernatcalella.com\/wp-content\/uploads\/2025\/06\/fiesta-mayor-pequena-calella-scaled.webp\",\"keywords\":[\"Calella\",\"Familien\",\"Festtag\",\"Kultur\",\"Kulturelle Veranstaltungen\",\"Paare\"],\"articleSection\":[\"Nachrichten\"],\"inLanguage\":\"de\"},{\"@type\":\"WebPage\",\"@id\":\"https:\/\/hotelbernatcalella.com\/de\/noticias-de\/kleine-stadtfest-calella\/\",\"url\":\"https:\/\/hotelbernatcalella.com\/de\/noticias-de\/kleine-stadtfest-calella\/\",\"name\":\"Das kleine Stadtfest von Calella 2025 | Hotel Bernat II\",\"isPartOf\":{\"@id\":\"https:\/\/hotelbernatcalella.com\/de\/#website\"},\"primaryImageOfPage\":{\"@id\":\"https:\/\/hotelbernatcalella.com\/de\/noticias-de\/kleine-stadtfest-calella\/#primaryimage\"},\"image\":{\"@id\":\"https:\/\/hotelbernatcalella.com\/de\/noticias-de\/kleine-stadtfest-calella\/#primaryimage\"},\"thumbnailUrl\":\"https:\/\/hotelbernatcalella.com\/wp-content\/uploads\/2025\/06\/fiesta-mayor-pequena-calella-scaled.webp\",\"datePublished\":\"2025-06-12T15:07:54+00:00\",\"dateModified\":\"2025-06-13T16:27:29+00:00\",\"author\":{\"@id\":\"https:\/\/hotelbernatcalella.com\/de\/#\/schema\/person\/9d2f8f220d7bb3470c6b37263c1f3a6e\"},\"description\":\"Im Juni feiert Calella das \u201eFesta Major Petita\u201c. \u00dcbernachten Sie im Hotel Bernat II und genie\u00dfen Sie das Fest ganz entspannt!\",\"breadcrumb\":{\"@id\":\"https:\/\/hotelbernatcalella.com\/de\/noticias-de\/kleine-stadtfest-calella\/#breadcrumb\"},\"inLanguage\":\"de\",\"potentialAction\":[{\"@type\":\"ReadAction\",\"target\":[\"https:\/\/hotelbernatcalella.com\/de\/noticias-de\/kleine-stadtfest-calella\/\"]}]},{\"@type\":\"ImageObject\",\"inLanguage\":\"de\",\"@id\":\"https:\/\/hotelbernatcalella.com\/de\/noticias-de\/kleine-stadtfest-calella\/#primaryimage\",\"url\":\"https:\/\/hotelbernatcalella.com\/wp-content\/uploads\/2025\/06\/fiesta-mayor-pequena-calella-scaled.webp\",\"contentUrl\":\"https:\/\/hotelbernatcalella.com\/wp-content\/uploads\/2025\/06\/fiesta-mayor-pequena-calella-scaled.webp\",\"width\":2560,\"height\":1810,\"caption\":\"Fiesta Mayor en Calella 2025\"},{\"@type\":\"BreadcrumbList\",\"@id\":\"https:\/\/hotelbernatcalella.com\/de\/noticias-de\/kleine-stadtfest-calella\/#breadcrumb\",\"itemListElement\":[{\"@type\":\"ListItem\",\"position\":1,\"name\":\"Portada\",\"item\":\"https:\/\/www.hotelbernatcalella.com\/de\/\"},{\"@type\":\"ListItem\",\"position\":2,\"name\":\"Das kleine Stadtfest von Calella 2025\"}]},{\"@type\":\"WebSite\",\"@id\":\"https:\/\/hotelbernatcalella.com\/de\/#website\",\"url\":\"https:\/\/hotelbernatcalella.com\/de\/\",\"name\":\"Hotel Bernat II & Spa Calella\",\"description\":\"Hotel in Calella\",\"alternateName\":\"Hotel Bernat II & Spa\",\"potentialAction\":[{\"@type\":\"SearchAction\",\"target\":{\"@type\":\"EntryPoint\",\"urlTemplate\":\"https:\/\/hotelbernatcalella.com\/de\/?s={search_term_string}\"},\"query-input\":{\"@type\":\"PropertyValueSpecification\",\"valueRequired\":true,\"valueName\":\"search_term_string\"}}],\"inLanguage\":\"de\"},{\"@type\":\"Person\",\"@id\":\"https:\/\/hotelbernatcalella.com\/de\/#\/schema\/person\/9d2f8f220d7bb3470c6b37263c1f3a6e\",\"name\":\"admin_bernat\",\"image\":{\"@type\":\"ImageObject\",\"inLanguage\":\"de\",\"@id\":\"https:\/\/hotelbernatcalella.com\/de\/#\/schema\/person\/image\/\",\"url\":\"https:\/\/secure.gravatar.com\/avatar\/d85a368a0264070f0a07504f04fe3de78e2fedb7d0b7a9e875b30b569151e37e?s=96&d=mm&r=g\",\"contentUrl\":\"https:\/\/secure.gravatar.com\/avatar\/d85a368a0264070f0a07504f04fe3de78e2fedb7d0b7a9e875b30b569151e37e?s=96&d=mm&r=g\",\"caption\":\"admin_bernat\"},\"sameAs\":[\"https:\/\/hotelbernatcalella.com\"]}]}<\/script>\n<!-- \/ Yoast SEO plugin. -->","yoast_head_json":{"title":"Das kleine Stadtfest von Calella 2025 | Hotel Bernat II","description":"Im Juni feiert Calella das \u201eFesta Major Petita\u201c. \u00dcbernachten Sie im Hotel Bernat II und genie\u00dfen Sie das Fest ganz entspannt!","robots":{"index":"index","follow":"follow","max-snippet":"max-snippet:-1","max-image-preview":"max-image-preview:large","max-video-preview":"max-video-preview:-1"},"canonical":"https:\/\/hotelbernatcalella.com\/de\/noticias-de\/kleine-stadtfest-calella\/","og_locale":"de_DE","og_type":"article","og_title":"Das kleine Stadtfest von Calella 2025 | Hotel Bernat II","og_description":"Im Juni feiert Calella das \u201eFesta Major Petita\u201c. \u00dcbernachten Sie im Hotel Bernat II und genie\u00dfen Sie das Fest ganz entspannt!","og_url":"https:\/\/hotelbernatcalella.com\/de\/noticias-de\/kleine-stadtfest-calella\/","og_site_name":"Hotel Bernat II","article_published_time":"2025-06-12T15:07:54+00:00","article_modified_time":"2025-06-13T16:27:29+00:00","og_image":[{"width":2560,"height":1810,"url":"https:\/\/hotelbernatcalella.com\/wp-content\/uploads\/2025\/06\/fiesta-mayor-pequena-calella-scaled.webp","type":"image\/webp"}],"author":"admin_bernat","twitter_card":"summary_large_image","twitter_misc":{"Verfasst von":"admin_bernat","Gesch\u00e4tzte Lesezeit":"4\u00a0Minuten"},"schema":{"@context":"https:\/\/schema.org","@graph":[{"@type":"Article","@id":"https:\/\/hotelbernatcalella.com\/de\/noticias-de\/kleine-stadtfest-calella\/#article","isPartOf":{"@id":"https:\/\/hotelbernatcalella.com\/de\/noticias-de\/kleine-stadtfest-calella\/"},"author":{"name":"admin_bernat","@id":"https:\/\/hotelbernatcalella.com\/de\/#\/schema\/person\/9d2f8f220d7bb3470c6b37263c1f3a6e"},"headline":"Das kleine Stadtfest von Calella 2025","datePublished":"2025-06-12T15:07:54+00:00","dateModified":"2025-06-13T16:27:29+00:00","mainEntityOfPage":{"@id":"https:\/\/hotelbernatcalella.com\/de\/noticias-de\/kleine-stadtfest-calella\/"},"wordCount":700,"image":{"@id":"https:\/\/hotelbernatcalella.com\/de\/noticias-de\/kleine-stadtfest-calella\/#primaryimage"},"thumbnailUrl":"https:\/\/hotelbernatcalella.com\/wp-content\/uploads\/2025\/06\/fiesta-mayor-pequena-calella-scaled.webp","keywords":["Calella","Familien","Festtag","Kultur","Kulturelle Veranstaltungen","Paare"],"articleSection":["Nachrichten"],"inLanguage":"de"},{"@type":"WebPage","@id":"https:\/\/hotelbernatcalella.com\/de\/noticias-de\/kleine-stadtfest-calella\/","url":"https:\/\/hotelbernatcalella.com\/de\/noticias-de\/kleine-stadtfest-calella\/","name":"Das kleine Stadtfest von Calella 2025 | Hotel Bernat II","isPartOf":{"@id":"https:\/\/hotelbernatcalella.com\/de\/#website"},"primaryImageOfPage":{"@id":"https:\/\/hotelbernatcalella.com\/de\/noticias-de\/kleine-stadtfest-calella\/#primaryimage"},"image":{"@id":"https:\/\/hotelbernatcalella.com\/de\/noticias-de\/kleine-stadtfest-calella\/#primaryimage"},"thumbnailUrl":"https:\/\/hotelbernatcalella.com\/wp-content\/uploads\/2025\/06\/fiesta-mayor-pequena-calella-scaled.webp","datePublished":"2025-06-12T15:07:54+00:00","dateModified":"2025-06-13T16:27:29+00:00","author":{"@id":"https:\/\/hotelbernatcalella.com\/de\/#\/schema\/person\/9d2f8f220d7bb3470c6b37263c1f3a6e"},"description":"Im Juni feiert Calella das \u201eFesta Major Petita\u201c. \u00dcbernachten Sie im Hotel Bernat II und genie\u00dfen Sie das Fest ganz entspannt!","breadcrumb":{"@id":"https:\/\/hotelbernatcalella.com\/de\/noticias-de\/kleine-stadtfest-calella\/#breadcrumb"},"inLanguage":"de","potentialAction":[{"@type":"ReadAction","target":["https:\/\/hotelbernatcalella.com\/de\/noticias-de\/kleine-stadtfest-calella\/"]}]},{"@type":"ImageObject","inLanguage":"de","@id":"https:\/\/hotelbernatcalella.com\/de\/noticias-de\/kleine-stadtfest-calella\/#primaryimage","url":"https:\/\/hotelbernatcalella.com\/wp-content\/uploads\/2025\/06\/fiesta-mayor-pequena-calella-scaled.webp","contentUrl":"https:\/\/hotelbernatcalella.com\/wp-content\/uploads\/2025\/06\/fiesta-mayor-pequena-calella-scaled.webp","width":2560,"height":1810,"caption":"Fiesta Mayor en Calella 2025"},{"@type":"BreadcrumbList","@id":"https:\/\/hotelbernatcalella.com\/de\/noticias-de\/kleine-stadtfest-calella\/#breadcrumb","itemListElement":[{"@type":"ListItem","position":1,"name":"Portada","item":"https:\/\/www.hotelbernatcalella.com\/de\/"},{"@type":"ListItem","position":2,"name":"Das kleine Stadtfest von Calella 2025"}]},{"@type":"WebSite","@id":"https:\/\/hotelbernatcalella.com\/de\/#website","url":"https:\/\/hotelbernatcalella.com\/de\/","name":"Hotel Bernat II & Spa Calella","description":"Hotel in Calella","alternateName":"Hotel Bernat II & Spa","potentialAction":[{"@type":"SearchAction","target":{"@type":"EntryPoint","urlTemplate":"https:\/\/hotelbernatcalella.com\/de\/?s={search_term_string}"},"query-input":{"@type":"PropertyValueSpecification","valueRequired":true,"valueName":"search_term_string"}}],"inLanguage":"de"},{"@type":"Person","@id":"https:\/\/hotelbernatcalella.com\/de\/#\/schema\/person\/9d2f8f220d7bb3470c6b37263c1f3a6e","name":"admin_bernat","image":{"@type":"ImageObject","inLanguage":"de","@id":"https:\/\/hotelbernatcalella.com\/de\/#\/schema\/person\/image\/","url":"https:\/\/secure.gravatar.com\/avatar\/d85a368a0264070f0a07504f04fe3de78e2fedb7d0b7a9e875b30b569151e37e?s=96&d=mm&r=g","contentUrl":"https:\/\/secure.gravatar.com\/avatar\/d85a368a0264070f0a07504f04fe3de78e2fedb7d0b7a9e875b30b569151e37e?s=96&d=mm&r=g","caption":"admin_bernat"},"sameAs":["https:\/\/hotelbernatcalella.com"]}]}},"loftoceanMetas":{"authorName":"admin_bernat","categories":[{"name":"Nachrichten","link":"https:\/\/hotelbernatcalella.com\/de\/category\/noticias-de\/","count":24}],"date":"12 de Juni de 2025","featuredImageSRC":"https:\/\/hotelbernatcalella.com\/wp-content\/uploads\/2025\/06\/fiesta-mayor-pequena-calella-150x150.webp"},"_links":{"self":[{"href":"https:\/\/hotelbernatcalella.com\/de\/wp-json\/wp\/v2\/posts\/15714","targetHints":{"allow":["GET"]}}],"collection":[{"href":"https:\/\/hotelbernatcalella.com\/de\/wp-json\/wp\/v2\/posts"}],"about":[{"href":"https:\/\/hotelbernatcalella.com\/de\/wp-json\/wp\/v2\/types\/post"}],"author":[{"embeddable":true,"href":"https:\/\/hotelbernatcalella.com\/de\/wp-json\/wp\/v2\/users\/1"}],"replies":[{"embeddable":true,"href":"https:\/\/hotelbernatcalella.com\/de\/wp-json\/wp\/v2\/comments?post=15714"}],"version-history":[{"count":0,"href":"https:\/\/hotelbernatcalella.com\/de\/wp-json\/wp\/v2\/posts\/15714\/revisions"}],"wp:featuredmedia":[{"embeddable":true,"href":"https:\/\/hotelbernatcalella.com\/de\/wp-json\/wp\/v2\/media\/15509"}],"wp:attachment":[{"href":"https:\/\/hotelbernatcalella.com\/de\/wp-json\/wp\/v2\/media?parent=15714"}],"wp:term":[{"taxonomy":"category","embeddable":true,"href":"https:\/\/hotelbernatcalella.com\/de\/wp-json\/wp\/v2\/categories?post=15714"},{"taxonomy":"post_tag","embeddable":true,"href":"https:\/\/hotelbernatcalella.com\/de\/wp-json\/wp\/v2\/tags?post=15714"}],"curies":[{"name":"wp","href":"https:\/\/api.w.org\/{rel}","templated":true}]}}