{"id":14041,"date":"2025-06-09T13:49:29","date_gmt":"2025-06-09T13:49:29","guid":{"rendered":"https:\/\/www.hotelbernatcalella.com\/no-category-de\/johannisnacht-in-calella-2025\/"},"modified":"2025-06-10T07:20:36","modified_gmt":"2025-06-10T07:20:36","slug":"johannisnacht-calella-2025","status":"publish","type":"post","link":"https:\/\/hotelbernatcalella.com\/de\/noticias-de\/johannisnacht-calella-2025\/","title":{"rendered":"Johannisnacht in Calella 2025"},"content":{"rendered":"\t\t<div data-elementor-type=\"wp-post\" data-elementor-id=\"14041\" class=\"elementor elementor-14041 elementor-14020\" data-elementor-post-type=\"post\">\n\t\t\t\t<div class=\"elementor-element elementor-element-5c5fe7fd e-flex e-con-boxed e-con e-parent\" data-id=\"5c5fe7fd\" data-element_type=\"container\" data-e-type=\"container\">\n\t\t\t\t\t<div class=\"e-con-inner\">\n\t\t\t\t<div class=\"elementor-element elementor-element-62bc2dc3 elementor-widget elementor-widget-text-editor\" data-id=\"62bc2dc3\" data-element_type=\"widget\" data-e-type=\"widget\" data-widget_type=\"text-editor.default\">\n\t\t\t\t\t\t\t\t\t<h1><strong><span style=\"color: #91ccd4;\"><b>Johannisnacht in Calella 2025<\/b><\/span><\/strong><\/h1><h2><strong><span style=\"color: #a4adac;\"><b>Zwei Optionen f\u00fcr eine unvergessliche Sommernacht<\/b><\/span><\/strong><\/h2><p><span style=\"font-weight: 400;\">Die Johannisnacht ist eine der traditionsreichsten Sommerfeiern. In Calella bietet dieses Fest f\u00fcr jeden etwas. Im Jahr 2025 pr\u00e4sentiert das<\/span><a href=\"https:\/\/hotelbernatcalella.com\/de\"> <span style=\"font-weight: 400;\">Hotel Bernat II<\/span><\/a><span style=\"font-weight: 400;\"> zwei ideale M\u00f6glichkeiten, das Beste daraus zu machen: eine familienfreundliche Feier im Hotel oder ein exklusives Abendessen am Meer im<\/span><a href=\"https:\/\/bahariclub.com\/de\"> <span style=\"font-weight: 400;\">Bahari Club<\/span><\/a><span style=\"font-weight: 400;\">. F\u00fcr welche entscheidest du dich?<\/span><\/p><h3><b>Johannisfeier im Hotel Bernat II<\/b><\/h3><p><span style=\"font-weight: 400;\">Wenn du im<\/span><a href=\"https:\/\/hotelbernatcalella.com\/de\"> <span style=\"font-weight: 400;\">Hotel Bernat II<\/span><\/a><span style=\"font-weight: 400;\"> \u00fcbernachtest, musst du das Gel\u00e4nde nicht verlassen, um den Geist der Johannisnacht zu erleben. Beim Abendessen bietet das Buffet das traditionelle <\/span><b>Coca de Sant Joan<\/b><span style=\"font-weight: 400;\">, das typische s\u00fc\u00dfe Geb\u00e4ck des Abends. Und nach dem Essen, ab <\/span><b>22:00 Uhr<\/b><span style=\"font-weight: 400;\">, erwartet dich ein unterhaltsamer Abend mit <\/span><b>Musik und Tanz im Hotel<\/b><span style=\"font-weight: 400;\"> \u2013 perfekt f\u00fcr G\u00e4ste jeden Alters, die bequem und in guter Gesellschaft feiern m\u00f6chten.<\/span><\/p><h3><b>Johannis-Dinner im Bahari Club<\/b><\/h3><p><span style=\"font-weight: 400;\">Wenn du Lust hast, das Johannisfest am Meer zu feiern, bietet der<\/span><a href=\"https:\/\/bahariclub.com\/de\"> <span style=\"font-weight: 400;\">Bahari Club<\/span><\/a><span style=\"font-weight: 400;\">, unser Strandrestaurant, ein <\/span><b>besonderes Johannis-Men\u00fc<\/b><span style=\"font-weight: 400;\"> direkt am Meer. Mit <\/span><b>verbindlicher Vorreservierung<\/b><span style=\"font-weight: 400;\"> beginnt das Abendessen um <\/span><b>21:00 Uhr<\/b><span style=\"font-weight: 400;\"> und kostet <\/span><b>59 \u20ac pro Person (inkl. MwSt.)<\/b><span style=\"font-weight: 400;\">. Brot, Wasser und Kaffee sind im Preis inbegriffen; andere Getr\u00e4nke werden separat angeboten. Reservierungen unter <\/span><b>+34 638 93 33 66<\/b><span style=\"font-weight: 400;\"> oder <\/span><a href=\"mailto:info@bahariclub.com\" target=\"_blank\" rel=\"noopener\"><b>info@bahariclub.com<\/b><\/a><span style=\"font-weight: 400;\">.<\/span><\/p><p><b>JOHANNIS-MEN\u00dc 2025 \u2013 Bahari Club<\/b><\/p><p><i><span style=\"font-weight: 400;\">VORSPEISEN<\/span><\/i><\/p><ul><li style=\"font-weight: 400;\" aria-level=\"1\"><span style=\"font-weight: 400;\">Kristallbrot mit iberischem Schinken<\/span><span style=\"font-weight: 400;\"><br \/><\/span><\/li><li style=\"font-weight: 400;\" aria-level=\"1\"><span style=\"font-weight: 400;\">Foie-Mochi<\/span><span style=\"font-weight: 400;\"><br \/><\/span><\/li><li style=\"font-weight: 400;\" aria-level=\"1\"><span style=\"font-weight: 400;\">L\u00f6ffel Rinder-Tatar<\/span><span style=\"font-weight: 400;\"><br \/><br \/><\/span><\/li><\/ul><p><i><span style=\"font-weight: 400;\">W\u00c4HLE EINE VORSPEISE<\/span><\/i><\/p><ul><li style=\"font-weight: 400;\" aria-level=\"1\"><span style=\"font-weight: 400;\">Warmer Salat mit Enten-Texturen aus dem Empord\u00e0<\/span><span style=\"font-weight: 400;\"><br \/><\/span><\/li><li style=\"font-weight: 400;\" aria-level=\"1\"><span style=\"font-weight: 400;\">Ger\u00e4uchertes Jakobsmuschel-Tatar mit Avocado, konfierter Tomate und Palam\u00f3s-Garnelen\u00f6l<\/span><span style=\"font-weight: 400;\"><br \/><br \/><\/span><\/li><\/ul><p><i><span style=\"font-weight: 400;\">W\u00c4HLE EIN HAUPTGERICHT<\/span><\/i><\/p><ul><li style=\"font-weight: 400;\" aria-level=\"1\"><span style=\"font-weight: 400;\">Steinbutt mit konfierten Kartoffeln und Bratensauce<\/span><span style=\"font-weight: 400;\"><br \/><\/span><\/li><li style=\"font-weight: 400;\" aria-level=\"1\"><span style=\"font-weight: 400;\">Kalbfleisch bei niedriger Temperatur mit S\u00fc\u00dfkartoffel und unserem Haus-Chimichurri<\/span><span style=\"font-weight: 400;\"><br \/><br \/><\/span><\/li><\/ul><p><i><span style=\"font-weight: 400;\">NACHSPEISEN<\/span><\/i><\/p><ul><li style=\"font-weight: 400;\" aria-level=\"1\"><span style=\"font-weight: 400;\">Xuixo mit Ratafia und Nougat-Eis aus Jijona<\/span><span style=\"font-weight: 400;\"><br \/><\/span><\/li><li style=\"font-weight: 400;\" aria-level=\"1\"><span style=\"font-weight: 400;\">Coca de Sant Joan<\/span><span style=\"font-weight: 400;\"><br \/><br \/><\/span><\/li><\/ul><h3><b>Entfliehe nach Calella und feiere mit uns die Johannisnacht<\/b><\/h3><p><span style=\"font-weight: 400;\">Egal, wof\u00fcr du dich entscheidest \u2013 die <\/span><b>Johannisnacht in Calella<\/b><span style=\"font-weight: 400;\"> bietet Gastronomie, Tradition und besondere Momente zum Teilen. Buche deinen Aufenthalt im<\/span><a href=\"https:\/\/hotelbernatcalella.com\/de\"> <span style=\"font-weight: 400;\">Hotel Bernat II<\/span><\/a><span style=\"font-weight: 400;\"> und nutze alle Aktivit\u00e4ten, die wir anbieten, um einen unvergesslichen Sommerabend zu genie\u00dfen. Wir freuen uns auf dich!<\/span><\/p>\t\t\t\t\t\t\t\t<\/div>\n\t\t\t\t\t<\/div>\n\t\t\t\t<\/div>\n\t\t\t\t<\/div>\n\t\t","protected":false},"excerpt":{"rendered":"<p>Johannisnacht in Calella 2025 Zwei Optionen f\u00fcr eine unvergessliche Sommernacht Die Johannisnacht ist eine der traditionsreichsten Sommerfeiern. In Calella bietet dieses Fest f\u00fcr jeden etwas. Im Jahr 2025 pr\u00e4sentiert das Hotel Bernat II zwei ideale M\u00f6glichkeiten, das Beste daraus zu machen: eine familienfreundliche Feier im Hotel oder ein exklusives Abendessen am Meer im Bahari Club. &#8230;<\/p>\n","protected":false},"author":1,"featured_media":14017,"comment_status":"closed","ping_status":"closed","sticky":false,"template":"","format":"standard","meta":{"loftocean_post_format_gallery":"","loftocean_post_format_gallery_ids":"","loftocean_post_format_gallery_urls":"","loftocean_post_format_video_id":0,"loftocean_post_format_video_url":"","loftocean_post_format_video_type":"","loftocean_post_format_video":"","loftocean_post_format_audio_type":"","loftocean_post_format_audio_url":"","loftocean_post_format_audio_id":0,"loftocean_post_format_audio":"","loftocean-like-count":0,"cozystay_single_post_hide_site_header":"","cozystay_single_post_site_header_source":"","cozystay_single_post_custom_site_header":"0","cozystay_single_post_custom_sticky_site_header":"0","cozystay_single_post_hide_page_title":"","cozystay_single_post_site_footer_hide_main":"","cozystay_single_custom_site_footer_main_source":"","cozystay_single_custom_site_footer_main":"0","cozystay_single_post_site_footer_hide_above":"","cozystay_single_custom_site_footer_above_source":"","cozystay_single_custom_site_footer_above":"0","cozystay_single_post_site_footer_hide_instagram":"","cozystay_single_post_site_footer_hide_bottom":"","cozystay_single_custom_mobile_menu_source":"","cozystay_single_custom_mobile_menu":"0","cozystay_single_custom_mobile_menu_animation":"","cozystay_single_custom_mobile_menu_width":"","cozystay_single_custom_mobile_menu_custom_width":375,"cozystay_single_post_template":"","footnotes":""},"categories":[447],"tags":[654,286,290,362,329,289],"class_list":["post-14041","post","type-post","status-publish","format-standard","has-post-thumbnail","hentry","category-noticias-de","tag-bahari-club-de","tag-calella-de","tag-familien","tag-festtag","tag-kultur","tag-paare"],"yoast_head":"<!-- This site is optimized with the Yoast SEO plugin v27.1.1 - https:\/\/yoast.com\/product\/yoast-seo-wordpress\/ -->\n<title>Johannisnacht in Calella 2025 | Hotel Bernat II<\/title>\n<meta name=\"description\" content=\"Die Johannisnacht ist eine der traditionsreichsten Sommerfeiern. Buche deinen Aufenthalt im Hotel Bernat II und nutze alle Aktivit\u00e4ten!\" \/>\n<meta name=\"robots\" content=\"index, follow, max-snippet:-1, max-image-preview:large, max-video-preview:-1\" \/>\n<link rel=\"canonical\" href=\"https:\/\/hotelbernatcalella.com\/de\/noticias-de\/johannisnacht-calella-2025\/\" \/>\n<meta property=\"og:locale\" content=\"de_DE\" \/>\n<meta property=\"og:type\" content=\"article\" \/>\n<meta property=\"og:title\" content=\"Johannisnacht in Calella 2025 | Hotel Bernat II\" \/>\n<meta property=\"og:description\" content=\"Die Johannisnacht ist eine der traditionsreichsten Sommerfeiern. Buche deinen Aufenthalt im Hotel Bernat II und nutze alle Aktivit\u00e4ten!\" \/>\n<meta property=\"og:url\" content=\"https:\/\/hotelbernatcalella.com\/de\/noticias-de\/johannisnacht-calella-2025\/\" \/>\n<meta property=\"og:site_name\" content=\"Hotel Bernat II\" \/>\n<meta property=\"article:published_time\" content=\"2025-06-09T13:49:29+00:00\" \/>\n<meta property=\"article:modified_time\" content=\"2025-06-10T07:20:36+00:00\" \/>\n<meta property=\"og:image\" content=\"https:\/\/hotelbernatcalella.com\/wp-content\/uploads\/2025\/06\/Sant-Joan-Calella.webp-scaled.webp\" \/>\n\t<meta property=\"og:image:width\" content=\"2560\" \/>\n\t<meta property=\"og:image:height\" content=\"1707\" \/>\n\t<meta property=\"og:image:type\" content=\"image\/webp\" \/>\n<meta name=\"author\" content=\"admin_bernat\" \/>\n<meta name=\"twitter:card\" content=\"summary_large_image\" \/>\n<meta name=\"twitter:label1\" content=\"Verfasst von\" \/>\n\t<meta name=\"twitter:data1\" content=\"admin_bernat\" \/>\n\t<meta name=\"twitter:label2\" content=\"Gesch\u00e4tzte Lesezeit\" \/>\n\t<meta name=\"twitter:data2\" content=\"2\u00a0Minuten\" \/>\n<script type=\"application\/ld+json\" class=\"yoast-schema-graph\">{\"@context\":\"https:\/\/schema.org\",\"@graph\":[{\"@type\":\"Article\",\"@id\":\"https:\/\/hotelbernatcalella.com\/de\/noticias-de\/johannisnacht-calella-2025\/#article\",\"isPartOf\":{\"@id\":\"https:\/\/hotelbernatcalella.com\/de\/noticias-de\/johannisnacht-calella-2025\/\"},\"author\":{\"name\":\"admin_bernat\",\"@id\":\"https:\/\/hotelbernatcalella.com\/de\/#\/schema\/person\/9d2f8f220d7bb3470c6b37263c1f3a6e\"},\"headline\":\"Johannisnacht in Calella 2025\",\"datePublished\":\"2025-06-09T13:49:29+00:00\",\"dateModified\":\"2025-06-10T07:20:36+00:00\",\"mainEntityOfPage\":{\"@id\":\"https:\/\/hotelbernatcalella.com\/de\/noticias-de\/johannisnacht-calella-2025\/\"},\"wordCount\":324,\"image\":{\"@id\":\"https:\/\/hotelbernatcalella.com\/de\/noticias-de\/johannisnacht-calella-2025\/#primaryimage\"},\"thumbnailUrl\":\"https:\/\/hotelbernatcalella.com\/wp-content\/uploads\/2025\/06\/Sant-Joan-Calella.webp-scaled.webp\",\"keywords\":[\"Bahari Club\",\"Calella\",\"Familien\",\"Festtag\",\"Kultur\",\"Paare\"],\"articleSection\":[\"Nachrichten\"],\"inLanguage\":\"de\"},{\"@type\":\"WebPage\",\"@id\":\"https:\/\/hotelbernatcalella.com\/de\/noticias-de\/johannisnacht-calella-2025\/\",\"url\":\"https:\/\/hotelbernatcalella.com\/de\/noticias-de\/johannisnacht-calella-2025\/\",\"name\":\"Johannisnacht in Calella 2025 | Hotel Bernat II\",\"isPartOf\":{\"@id\":\"https:\/\/hotelbernatcalella.com\/de\/#website\"},\"primaryImageOfPage\":{\"@id\":\"https:\/\/hotelbernatcalella.com\/de\/noticias-de\/johannisnacht-calella-2025\/#primaryimage\"},\"image\":{\"@id\":\"https:\/\/hotelbernatcalella.com\/de\/noticias-de\/johannisnacht-calella-2025\/#primaryimage\"},\"thumbnailUrl\":\"https:\/\/hotelbernatcalella.com\/wp-content\/uploads\/2025\/06\/Sant-Joan-Calella.webp-scaled.webp\",\"datePublished\":\"2025-06-09T13:49:29+00:00\",\"dateModified\":\"2025-06-10T07:20:36+00:00\",\"author\":{\"@id\":\"https:\/\/hotelbernatcalella.com\/de\/#\/schema\/person\/9d2f8f220d7bb3470c6b37263c1f3a6e\"},\"description\":\"Die Johannisnacht ist eine der traditionsreichsten Sommerfeiern. Buche deinen Aufenthalt im Hotel Bernat II und nutze alle Aktivit\u00e4ten!\",\"breadcrumb\":{\"@id\":\"https:\/\/hotelbernatcalella.com\/de\/noticias-de\/johannisnacht-calella-2025\/#breadcrumb\"},\"inLanguage\":\"de\",\"potentialAction\":[{\"@type\":\"ReadAction\",\"target\":[\"https:\/\/hotelbernatcalella.com\/de\/noticias-de\/johannisnacht-calella-2025\/\"]}]},{\"@type\":\"ImageObject\",\"inLanguage\":\"de\",\"@id\":\"https:\/\/hotelbernatcalella.com\/de\/noticias-de\/johannisnacht-calella-2025\/#primaryimage\",\"url\":\"https:\/\/hotelbernatcalella.com\/wp-content\/uploads\/2025\/06\/Sant-Joan-Calella.webp-scaled.webp\",\"contentUrl\":\"https:\/\/hotelbernatcalella.com\/wp-content\/uploads\/2025\/06\/Sant-Joan-Calella.webp-scaled.webp\",\"width\":2560,\"height\":1707,\"caption\":\"Focs artificials a la platja de Calella per la revetlla de Sant Joan\"},{\"@type\":\"BreadcrumbList\",\"@id\":\"https:\/\/hotelbernatcalella.com\/de\/noticias-de\/johannisnacht-calella-2025\/#breadcrumb\",\"itemListElement\":[{\"@type\":\"ListItem\",\"position\":1,\"name\":\"Portada\",\"item\":\"https:\/\/www.hotelbernatcalella.com\/de\/\"},{\"@type\":\"ListItem\",\"position\":2,\"name\":\"Johannisnacht in Calella 2025\"}]},{\"@type\":\"WebSite\",\"@id\":\"https:\/\/hotelbernatcalella.com\/de\/#website\",\"url\":\"https:\/\/hotelbernatcalella.com\/de\/\",\"name\":\"Hotel Bernat II & Spa Calella\",\"description\":\"Hotel in Calella\",\"alternateName\":\"Hotel Bernat II & Spa\",\"potentialAction\":[{\"@type\":\"SearchAction\",\"target\":{\"@type\":\"EntryPoint\",\"urlTemplate\":\"https:\/\/hotelbernatcalella.com\/de\/?s={search_term_string}\"},\"query-input\":{\"@type\":\"PropertyValueSpecification\",\"valueRequired\":true,\"valueName\":\"search_term_string\"}}],\"inLanguage\":\"de\"},{\"@type\":\"Person\",\"@id\":\"https:\/\/hotelbernatcalella.com\/de\/#\/schema\/person\/9d2f8f220d7bb3470c6b37263c1f3a6e\",\"name\":\"admin_bernat\",\"image\":{\"@type\":\"ImageObject\",\"inLanguage\":\"de\",\"@id\":\"https:\/\/hotelbernatcalella.com\/de\/#\/schema\/person\/image\/\",\"url\":\"https:\/\/secure.gravatar.com\/avatar\/d85a368a0264070f0a07504f04fe3de78e2fedb7d0b7a9e875b30b569151e37e?s=96&d=mm&r=g\",\"contentUrl\":\"https:\/\/secure.gravatar.com\/avatar\/d85a368a0264070f0a07504f04fe3de78e2fedb7d0b7a9e875b30b569151e37e?s=96&d=mm&r=g\",\"caption\":\"admin_bernat\"},\"sameAs\":[\"https:\/\/hotelbernatcalella.com\"]}]}<\/script>\n<!-- \/ Yoast SEO plugin. -->","yoast_head_json":{"title":"Johannisnacht in Calella 2025 | Hotel Bernat II","description":"Die Johannisnacht ist eine der traditionsreichsten Sommerfeiern. Buche deinen Aufenthalt im Hotel Bernat II und nutze alle Aktivit\u00e4ten!","robots":{"index":"index","follow":"follow","max-snippet":"max-snippet:-1","max-image-preview":"max-image-preview:large","max-video-preview":"max-video-preview:-1"},"canonical":"https:\/\/hotelbernatcalella.com\/de\/noticias-de\/johannisnacht-calella-2025\/","og_locale":"de_DE","og_type":"article","og_title":"Johannisnacht in Calella 2025 | Hotel Bernat II","og_description":"Die Johannisnacht ist eine der traditionsreichsten Sommerfeiern. Buche deinen Aufenthalt im Hotel Bernat II und nutze alle Aktivit\u00e4ten!","og_url":"https:\/\/hotelbernatcalella.com\/de\/noticias-de\/johannisnacht-calella-2025\/","og_site_name":"Hotel Bernat II","article_published_time":"2025-06-09T13:49:29+00:00","article_modified_time":"2025-06-10T07:20:36+00:00","og_image":[{"width":2560,"height":1707,"url":"https:\/\/hotelbernatcalella.com\/wp-content\/uploads\/2025\/06\/Sant-Joan-Calella.webp-scaled.webp","type":"image\/webp"}],"author":"admin_bernat","twitter_card":"summary_large_image","twitter_misc":{"Verfasst von":"admin_bernat","Gesch\u00e4tzte Lesezeit":"2\u00a0Minuten"},"schema":{"@context":"https:\/\/schema.org","@graph":[{"@type":"Article","@id":"https:\/\/hotelbernatcalella.com\/de\/noticias-de\/johannisnacht-calella-2025\/#article","isPartOf":{"@id":"https:\/\/hotelbernatcalella.com\/de\/noticias-de\/johannisnacht-calella-2025\/"},"author":{"name":"admin_bernat","@id":"https:\/\/hotelbernatcalella.com\/de\/#\/schema\/person\/9d2f8f220d7bb3470c6b37263c1f3a6e"},"headline":"Johannisnacht in Calella 2025","datePublished":"2025-06-09T13:49:29+00:00","dateModified":"2025-06-10T07:20:36+00:00","mainEntityOfPage":{"@id":"https:\/\/hotelbernatcalella.com\/de\/noticias-de\/johannisnacht-calella-2025\/"},"wordCount":324,"image":{"@id":"https:\/\/hotelbernatcalella.com\/de\/noticias-de\/johannisnacht-calella-2025\/#primaryimage"},"thumbnailUrl":"https:\/\/hotelbernatcalella.com\/wp-content\/uploads\/2025\/06\/Sant-Joan-Calella.webp-scaled.webp","keywords":["Bahari Club","Calella","Familien","Festtag","Kultur","Paare"],"articleSection":["Nachrichten"],"inLanguage":"de"},{"@type":"WebPage","@id":"https:\/\/hotelbernatcalella.com\/de\/noticias-de\/johannisnacht-calella-2025\/","url":"https:\/\/hotelbernatcalella.com\/de\/noticias-de\/johannisnacht-calella-2025\/","name":"Johannisnacht in Calella 2025 | Hotel Bernat II","isPartOf":{"@id":"https:\/\/hotelbernatcalella.com\/de\/#website"},"primaryImageOfPage":{"@id":"https:\/\/hotelbernatcalella.com\/de\/noticias-de\/johannisnacht-calella-2025\/#primaryimage"},"image":{"@id":"https:\/\/hotelbernatcalella.com\/de\/noticias-de\/johannisnacht-calella-2025\/#primaryimage"},"thumbnailUrl":"https:\/\/hotelbernatcalella.com\/wp-content\/uploads\/2025\/06\/Sant-Joan-Calella.webp-scaled.webp","datePublished":"2025-06-09T13:49:29+00:00","dateModified":"2025-06-10T07:20:36+00:00","author":{"@id":"https:\/\/hotelbernatcalella.com\/de\/#\/schema\/person\/9d2f8f220d7bb3470c6b37263c1f3a6e"},"description":"Die Johannisnacht ist eine der traditionsreichsten Sommerfeiern. Buche deinen Aufenthalt im Hotel Bernat II und nutze alle Aktivit\u00e4ten!","breadcrumb":{"@id":"https:\/\/hotelbernatcalella.com\/de\/noticias-de\/johannisnacht-calella-2025\/#breadcrumb"},"inLanguage":"de","potentialAction":[{"@type":"ReadAction","target":["https:\/\/hotelbernatcalella.com\/de\/noticias-de\/johannisnacht-calella-2025\/"]}]},{"@type":"ImageObject","inLanguage":"de","@id":"https:\/\/hotelbernatcalella.com\/de\/noticias-de\/johannisnacht-calella-2025\/#primaryimage","url":"https:\/\/hotelbernatcalella.com\/wp-content\/uploads\/2025\/06\/Sant-Joan-Calella.webp-scaled.webp","contentUrl":"https:\/\/hotelbernatcalella.com\/wp-content\/uploads\/2025\/06\/Sant-Joan-Calella.webp-scaled.webp","width":2560,"height":1707,"caption":"Focs artificials a la platja de Calella per la revetlla de Sant Joan"},{"@type":"BreadcrumbList","@id":"https:\/\/hotelbernatcalella.com\/de\/noticias-de\/johannisnacht-calella-2025\/#breadcrumb","itemListElement":[{"@type":"ListItem","position":1,"name":"Portada","item":"https:\/\/www.hotelbernatcalella.com\/de\/"},{"@type":"ListItem","position":2,"name":"Johannisnacht in Calella 2025"}]},{"@type":"WebSite","@id":"https:\/\/hotelbernatcalella.com\/de\/#website","url":"https:\/\/hotelbernatcalella.com\/de\/","name":"Hotel Bernat II & Spa Calella","description":"Hotel in Calella","alternateName":"Hotel Bernat II & Spa","potentialAction":[{"@type":"SearchAction","target":{"@type":"EntryPoint","urlTemplate":"https:\/\/hotelbernatcalella.com\/de\/?s={search_term_string}"},"query-input":{"@type":"PropertyValueSpecification","valueRequired":true,"valueName":"search_term_string"}}],"inLanguage":"de"},{"@type":"Person","@id":"https:\/\/hotelbernatcalella.com\/de\/#\/schema\/person\/9d2f8f220d7bb3470c6b37263c1f3a6e","name":"admin_bernat","image":{"@type":"ImageObject","inLanguage":"de","@id":"https:\/\/hotelbernatcalella.com\/de\/#\/schema\/person\/image\/","url":"https:\/\/secure.gravatar.com\/avatar\/d85a368a0264070f0a07504f04fe3de78e2fedb7d0b7a9e875b30b569151e37e?s=96&d=mm&r=g","contentUrl":"https:\/\/secure.gravatar.com\/avatar\/d85a368a0264070f0a07504f04fe3de78e2fedb7d0b7a9e875b30b569151e37e?s=96&d=mm&r=g","caption":"admin_bernat"},"sameAs":["https:\/\/hotelbernatcalella.com"]}]}},"loftoceanMetas":{"authorName":"admin_bernat","categories":[{"name":"Nachrichten","link":"https:\/\/hotelbernatcalella.com\/de\/category\/noticias-de\/","count":24}],"date":"9 de Juni de 2025","featuredImageSRC":"https:\/\/hotelbernatcalella.com\/wp-content\/uploads\/2025\/06\/Sant-Joan-Calella.webp-150x150.webp"},"_links":{"self":[{"href":"https:\/\/hotelbernatcalella.com\/de\/wp-json\/wp\/v2\/posts\/14041","targetHints":{"allow":["GET"]}}],"collection":[{"href":"https:\/\/hotelbernatcalella.com\/de\/wp-json\/wp\/v2\/posts"}],"about":[{"href":"https:\/\/hotelbernatcalella.com\/de\/wp-json\/wp\/v2\/types\/post"}],"author":[{"embeddable":true,"href":"https:\/\/hotelbernatcalella.com\/de\/wp-json\/wp\/v2\/users\/1"}],"replies":[{"embeddable":true,"href":"https:\/\/hotelbernatcalella.com\/de\/wp-json\/wp\/v2\/comments?post=14041"}],"version-history":[{"count":0,"href":"https:\/\/hotelbernatcalella.com\/de\/wp-json\/wp\/v2\/posts\/14041\/revisions"}],"wp:featuredmedia":[{"embeddable":true,"href":"https:\/\/hotelbernatcalella.com\/de\/wp-json\/wp\/v2\/media\/14017"}],"wp:attachment":[{"href":"https:\/\/hotelbernatcalella.com\/de\/wp-json\/wp\/v2\/media?parent=14041"}],"wp:term":[{"taxonomy":"category","embeddable":true,"href":"https:\/\/hotelbernatcalella.com\/de\/wp-json\/wp\/v2\/categories?post=14041"},{"taxonomy":"post_tag","embeddable":true,"href":"https:\/\/hotelbernatcalella.com\/de\/wp-json\/wp\/v2\/tags?post=14041"}],"curies":[{"name":"wp","href":"https:\/\/api.w.org\/{rel}","templated":true}]}}