{"id":13652,"date":"2025-05-13T09:24:35","date_gmt":"2025-05-13T09:24:35","guid":{"rendered":"https:\/\/www.hotelbernatcalella.com\/no-category-de\/firatast-in-calella-gastronomisches-fest\/"},"modified":"2025-05-13T11:23:13","modified_gmt":"2025-05-13T11:23:13","slug":"firatast-in-calella-gastronomisches-fest","status":"publish","type":"post","link":"https:\/\/hotelbernatcalella.com\/de\/noticias-de\/firatast-in-calella-gastronomisches-fest\/","title":{"rendered":"Firatast in Calella: gastronomisches Fest"},"content":{"rendered":"\t\t<div data-elementor-type=\"wp-post\" data-elementor-id=\"13652\" class=\"elementor elementor-13652 elementor-13620\" data-elementor-post-type=\"post\">\n\t\t\t\t<div class=\"elementor-element elementor-element-5c5fe7fd e-flex e-con-boxed e-con e-parent\" data-id=\"5c5fe7fd\" data-element_type=\"container\" data-e-type=\"container\">\n\t\t\t\t\t<div class=\"e-con-inner\">\n\t\t\t\t<div class=\"elementor-element elementor-element-62bc2dc3 elementor-widget elementor-widget-text-editor\" data-id=\"62bc2dc3\" data-element_type=\"widget\" data-e-type=\"widget\" data-widget_type=\"text-editor.default\">\n\t\t\t\t\t\t\t\t\t<h1><strong><span style=\"color: #91ccd4;\"><b>Firatast in Calella 2025<\/b><\/span><\/strong><\/h1><h2><strong><span style=\"color: #a4adac;\"><b>Gastronomie, Musik und Familienaktivit\u00e4ten vom 16. bis 18. Mai im Parc Dalmau<\/b><\/span><\/strong><\/h2><p data-pm-slice=\"1 1 []\">Der Mai bringt in Calella eine F\u00fclle kultureller, kulinarischer und festlicher Veranstaltungen. Das sch\u00f6ne Wetter l\u00e4dt dazu ein, durch die Stra\u00dfen zu schlendern, charmante Ecken zu entdecken und vor allem das Leben in vollen Z\u00fcgen zu genie\u00dfen. Unter all den Events, die diesen Monat stattfinden, sticht eines besonders hervor: <strong><a href=\"https:\/\/www.calella.cat\/actualitat\/noticies\/del-16-al-18-de-maig-torna-el-firatast-calella-al-parc-dalmau-amb-mes-oferta-gastronomica.html\" target=\"_blank\" rel=\"noopener\">Firatast<\/a> Calella<\/strong>, eine gastronomische Messe, die den Parc Dalmau mit Aromen, Musik und Aktivit\u00e4ten f\u00fcr jedes Publikum f\u00fcllt.<\/p><p>Firatast ist eine Feier der lokalen K\u00fcche und der kulinarischen Vielfalt Calellas. An drei Tagen \u2014 vom <strong>16. bis 18. Mai 2025<\/strong> \u2014 versammelt die Veranstaltung <strong>19 lokale Gastronomiebetriebe<\/strong>, die Verkostungen f\u00fcr jeden Geschmack anbieten. Von traditionellen Tapas \u00fcber kreative Gerichte bis hin zu handgemachten Desserts, Gourmetprodukten und erfrischenden Getr\u00e4nken \u2013 jeder Stand bietet eine neue Entdeckung.<\/p><p>Die Messe findet im unteren Teil des <strong>Parc Dalmau<\/strong> statt, einer gr\u00fcnen Oase im Herzen der Stadt. In diesem Jahr wird das Gel\u00e4nde erweitert, um den Pavillonplatz einzubeziehen, auf dem eine zus\u00e4tzliche B\u00fchne f\u00fcr Kochworkshops, Kinderaktivit\u00e4ten und Konzerte aufgebaut wird. Dort k\u00f6nnen auch die Verkostungstickets erworben werden.<\/p><p>Eine der gro\u00dfen Neuheiten dieser zweiten Ausgabe ist eine <strong>unabh\u00e4ngige Getr\u00e4nkebar<\/strong>, betrieben von der Tourismusvereinigung Calella und dem Calella Centre Comercial, um das Besuchererlebnis zu verbessern und Warteschlangen zu vermeiden. Zudem werden im Bereich rund um die Pl\u00e4tze Brollador und Olivera weitere Tische und St\u00fchle aufgestellt, um eine angenehme Atmosph\u00e4re zum Essen, Reden und Genie\u00dfen zu schaffen.<\/p><p>Firatast dreht sich nicht nur ums Essen. Das gesamte Wochenende \u00fcber gibt es <strong>Live-Musik<\/strong>, <strong>kulinarische Vorf\u00fchrungen<\/strong>, <strong>Kinderworkshops<\/strong> und <strong>Verlosungen<\/strong>. Der Eintritt ist frei, das Event ist familienfreundlich und barrierefrei. Die Er\u00f6ffnung findet am Freitag, den 16. Mai, um 17:00 Uhr statt. Am Sonntag, den 18. Mai, endet die Messe um 17:00 Uhr mit den abschlie\u00dfenden Verlosungen.<\/p><h3>Programm Firatast 2025<\/h3><h4>Freitag, 16. Mai (17:00 bis 23:00 Uhr)<\/h4><ul data-spread=\"false\"><li><p>17:00 Uhr: Vorstellung des Plakats und Programms des Stadtfestes Sant Quirze i Santa Julita 2025<\/p><\/li><li><p>17:30 Uhr: Glutenfreie Kroketten f\u00fcr Kinder \u2013 Workshop (Miss Coqueta Gourmet)<\/p><\/li><li><p>18:00 Uhr: \u00d6ffnung eines riesigen Parmesans (El Cielo Extreme\u00f1o)<\/p><\/li><li><p>18:30 Uhr: Zubereitung von Kabeljau-Krapfen (Fem Salat)<\/p><\/li><li><p>19:00 bis 21:00 Uhr: Kinderworkshop \u201eBemal deine Sch\u00fcrze\u201c (ATC)<\/p><\/li><li><p>20:00 bis 23:00 Uhr: DJ Session Stuntman<\/p><\/li><\/ul><h4>Samstag, 17. Mai (11:00 bis 23:00 Uhr)<\/h4><h5><strong>Vormittag:<\/strong><\/h5><ul data-spread=\"false\"><li><p>11:00 Uhr: Taiyaki-Workshop mit Schokolade (Matsuri Market)<\/p><\/li><li><p>11:30 Uhr: Herstellung 100 % handwerklicher Produkte (Casa Granell)<\/p><\/li><li><p>12:00 Uhr: Showcooking \u2013 Argentinisches Grillaroma (Macanudo)<\/p><\/li><li><p>12:00 Uhr: Zubereitung von Walnussbrot (Pastisseria Ram\u00edrez)<\/p><\/li><li><p>13:00 Uhr: Einf\u00fchrung in das Aufschneiden eines Schinkens (Los Extreme\u00f1os)<\/p><\/li><li><p>13:00 Uhr: Konzert Duet M&amp;M Superhits<\/p><\/li><li><p>Ganzt\u00e4gig: Riesige Holzspiele und Live-Musik<\/p><\/li><\/ul><h5><strong>Nachmittag:<\/strong><\/h5><ul data-spread=\"false\"><li><p>17:00 Uhr: Vortrag und Vorf\u00fchrung zur Ratafia (Oleo and Teca)<\/p><\/li><li><p>17:00 Uhr: Vorf\u00fchrung \u2013 Cidre und Txakoli einschenken (La Tasca de la Vasca)<\/p><\/li><li><p>18:00 Uhr: Workshop \u2013 Herstellung von Brava-So\u00dfe (Kaotik)<\/p><\/li><li><p>19:00 Uhr: Zubereitung von Michelada-Bier (Chipotl\u00edn Restaurante)<\/p><\/li><li><p>19:00 Uhr: Vortrag \u00fcber Chili und Tequila (Grouchos &amp; Cantinflas)<\/p><\/li><li><p>20:00 Uhr: Konzert Leen\u00b7Laud Funk &amp; Soul<\/p><\/li><li><p>Ganzt\u00e4gig: Riesige Holzspiele und Live-Musik<\/p><\/li><\/ul><h4>Sonntag, 18. Mai (11:00 bis 17:00 Uhr)<\/h4><ul data-spread=\"false\"><li><p>11:30 Uhr: Schinkenaufschnitt-Demonstration (Pernils Artecaso)<\/p><\/li><li><p>12:00 Uhr: Vorstellung des neuen Markenauftritts des H\u00e4ndlerverbands von Calella (ACC)<\/p><\/li><li><p>12:00 Uhr: Workshop \u2013 Zubereitung von Molcajete-So\u00dfe (Coco Cantina Mexicana)<\/p><\/li><li><p>12:00 bis 14:00 Uhr: Kinderworkshop \u201eGestalte deinen Untersetzer\u201c (ATC)<\/p><\/li><li><p>13:00 Uhr: Konzert Narzekian &amp; Romaguera<\/p><\/li><li><p>16:00 Uhr: Verlosung eines Produktkorbs (Artipasta)<\/p><\/li><li><p>16:00 Uhr: Verlosung eines Pakets und zweier Produktgutscheine (Gelats Alemany)<\/p><\/li><\/ul><p>Diese Veranstaltung, organisiert von der Stadtverwaltung Calella in Zusammenarbeit mit lokalen Organisationen, soll <strong>das gesellschaftliche Leben der Stadt f\u00f6rdern und den lokalen Gastronomiesektor sichtbar machen<\/strong>. Nach dem Erfolg der ersten Ausgabe wird in diesem Jahr mit vielen Besucher:innen aus Calella und der Umgebung gerechnet.<\/p><p>Wenn Sie im Mai einen Kurzurlaub planen, ist das Firatast die perfekte Ausrede, um Calella durch seine Aromen und seine Authentizit\u00e4t zu entdecken. Und es gibt keinen besseren Ort f\u00fcr Ihre Unterkunft als das <a href=\"https:\/\/hotelbernatcalella.com\/de\" target=\"_blank\" rel=\"noopener\">Hotel Bernat II<\/a>, nur wenige Gehminuten vom Parc Dalmau entfernt. Die ideale Wahl \u2013 ob zu zweit, mit der Familie oder mit Freunden.<\/p><p>Wir freuen uns, Sie in Calella zu einem Wochenende voller Geschmack, Kultur und guter Gesellschaft begr\u00fc\u00dfen zu d\u00fcrfen. <strong>Verpassen Sie nicht das Firatast 2025!<\/strong><\/p><p>\u00a0<\/p><p><img fetchpriority=\"high\" decoding=\"async\" class=\"aligncenter wp-image-13622 size-large\" src=\"https:\/\/www.hotelbernatcalella.com\/wp-content\/uploads\/2025\/05\/Cartell-Firatast-724x1024.jpg\" alt=\"\" width=\"724\" height=\"1024\" \/><\/p>\t\t\t\t\t\t\t\t<\/div>\n\t\t\t\t\t<\/div>\n\t\t\t\t<\/div>\n\t\t\t\t<\/div>\n\t\t","protected":false},"excerpt":{"rendered":"<p>Firatast in Calella 2025 Gastronomie, Musik und Familienaktivit\u00e4ten vom 16. bis 18. Mai im Parc Dalmau Der Mai bringt in Calella eine F\u00fclle kultureller, kulinarischer und festlicher Veranstaltungen. Das sch\u00f6ne Wetter l\u00e4dt dazu ein, durch die Stra\u00dfen zu schlendern, charmante Ecken zu entdecken und vor allem das Leben in vollen Z\u00fcgen zu genie\u00dfen. Unter all &#8230;<\/p>\n","protected":false},"author":1,"featured_media":15047,"comment_status":"closed","ping_status":"closed","sticky":false,"template":"","format":"standard","meta":{"loftocean_post_format_gallery":"","loftocean_post_format_gallery_ids":"","loftocean_post_format_gallery_urls":"","loftocean_post_format_video_id":0,"loftocean_post_format_video_url":"","loftocean_post_format_video_type":"","loftocean_post_format_video":"","loftocean_post_format_audio_type":"","loftocean_post_format_audio_url":"","loftocean_post_format_audio_id":0,"loftocean_post_format_audio":"","loftocean-like-count":0,"cozystay_single_post_hide_site_header":"","cozystay_single_post_site_header_source":"","cozystay_single_post_custom_site_header":"0","cozystay_single_post_custom_sticky_site_header":"0","cozystay_single_post_hide_page_title":"","cozystay_single_post_site_footer_hide_main":"","cozystay_single_custom_site_footer_main_source":"","cozystay_single_custom_site_footer_main":"0","cozystay_single_post_site_footer_hide_above":"","cozystay_single_custom_site_footer_above_source":"","cozystay_single_custom_site_footer_above":"0","cozystay_single_post_site_footer_hide_instagram":"","cozystay_single_post_site_footer_hide_bottom":"","cozystay_single_custom_mobile_menu_source":"","cozystay_single_custom_mobile_menu":"0","cozystay_single_custom_mobile_menu_animation":"","cozystay_single_custom_mobile_menu_width":"","cozystay_single_custom_mobile_menu_custom_width":375,"cozystay_single_post_template":"","footnotes":""},"categories":[447],"tags":[387,290,648,329,341,287],"class_list":["post-13652","post","type-post","status-publish","format-standard","has-post-thumbnail","hentry","category-noticias-de","tag-aktivitaten","tag-familien","tag-gastronomie-de","tag-kultur","tag-kulturelle-veranstaltungen","tag-was-man-in-calella-besichtigen-kann"],"yoast_head":"<!-- This site is optimized with the Yoast SEO plugin v27.1.1 - https:\/\/yoast.com\/product\/yoast-seo-wordpress\/ -->\n<title>Firatast in Calella: gastronomisches Fest | Hotel Bernat II<\/title>\n<meta name=\"description\" content=\"In Calella zu einem Wochenende voller Geschmack, Kultur und guter Gesellschaft begr\u00fc\u00dfen zu d\u00fcrfen - verpassen Sie nicht das Firatast 2025!\" \/>\n<meta name=\"robots\" content=\"index, follow, max-snippet:-1, max-image-preview:large, max-video-preview:-1\" \/>\n<link rel=\"canonical\" href=\"https:\/\/hotelbernatcalella.com\/de\/noticias-de\/firatast-in-calella-gastronomisches-fest\/\" \/>\n<meta property=\"og:locale\" content=\"de_DE\" \/>\n<meta property=\"og:type\" content=\"article\" \/>\n<meta property=\"og:title\" content=\"Firatast in Calella: gastronomisches Fest | Hotel Bernat II\" \/>\n<meta property=\"og:description\" content=\"In Calella zu einem Wochenende voller Geschmack, Kultur und guter Gesellschaft begr\u00fc\u00dfen zu d\u00fcrfen - verpassen Sie nicht das Firatast 2025!\" \/>\n<meta property=\"og:url\" content=\"https:\/\/hotelbernatcalella.com\/de\/noticias-de\/firatast-in-calella-gastronomisches-fest\/\" \/>\n<meta property=\"og:site_name\" content=\"Hotel Bernat II\" \/>\n<meta property=\"article:published_time\" content=\"2025-05-13T09:24:35+00:00\" \/>\n<meta property=\"article:modified_time\" content=\"2025-05-13T11:23:13+00:00\" \/>\n<meta property=\"og:image\" content=\"https:\/\/www.hotelbernatcalella.com\/wp-content\/uploads\/2025\/05\/firatast-calella.webp\" \/>\n\t<meta property=\"og:image:width\" content=\"2500\" \/>\n\t<meta property=\"og:image:height\" content=\"1656\" \/>\n\t<meta property=\"og:image:type\" content=\"image\/webp\" \/>\n<meta name=\"author\" content=\"admin_bernat\" \/>\n<meta name=\"twitter:card\" content=\"summary_large_image\" \/>\n<meta name=\"twitter:label1\" content=\"Verfasst von\" \/>\n\t<meta name=\"twitter:data1\" content=\"admin_bernat\" \/>\n\t<meta name=\"twitter:label2\" content=\"Gesch\u00e4tzte Lesezeit\" \/>\n\t<meta name=\"twitter:data2\" content=\"4\u00a0Minuten\" \/>\n<script type=\"application\/ld+json\" class=\"yoast-schema-graph\">{\"@context\":\"https:\/\/schema.org\",\"@graph\":[{\"@type\":\"Article\",\"@id\":\"https:\/\/hotelbernatcalella.com\/de\/noticias-de\/firatast-in-calella-gastronomisches-fest\/#article\",\"isPartOf\":{\"@id\":\"https:\/\/hotelbernatcalella.com\/de\/noticias-de\/firatast-in-calella-gastronomisches-fest\/\"},\"author\":{\"name\":\"admin_bernat\",\"@id\":\"https:\/\/hotelbernatcalella.com\/de\/#\/schema\/person\/9d2f8f220d7bb3470c6b37263c1f3a6e\"},\"headline\":\"Firatast in Calella: gastronomisches Fest\",\"datePublished\":\"2025-05-13T09:24:35+00:00\",\"dateModified\":\"2025-05-13T11:23:13+00:00\",\"mainEntityOfPage\":{\"@id\":\"https:\/\/hotelbernatcalella.com\/de\/noticias-de\/firatast-in-calella-gastronomisches-fest\/\"},\"wordCount\":673,\"image\":{\"@id\":\"https:\/\/hotelbernatcalella.com\/de\/noticias-de\/firatast-in-calella-gastronomisches-fest\/#primaryimage\"},\"thumbnailUrl\":\"https:\/\/hotelbernatcalella.com\/wp-content\/uploads\/2025\/05\/firatast-calella.webp\",\"keywords\":[\"Aktivit\u00e4ten\",\"Familien\",\"Gastronomie\",\"Kultur\",\"Kulturelle Veranstaltungen\",\"Was man in Calella besichtigen kann?\"],\"articleSection\":[\"Nachrichten\"],\"inLanguage\":\"de\"},{\"@type\":\"WebPage\",\"@id\":\"https:\/\/hotelbernatcalella.com\/de\/noticias-de\/firatast-in-calella-gastronomisches-fest\/\",\"url\":\"https:\/\/hotelbernatcalella.com\/de\/noticias-de\/firatast-in-calella-gastronomisches-fest\/\",\"name\":\"Firatast in Calella: gastronomisches Fest | Hotel Bernat II\",\"isPartOf\":{\"@id\":\"https:\/\/hotelbernatcalella.com\/de\/#website\"},\"primaryImageOfPage\":{\"@id\":\"https:\/\/hotelbernatcalella.com\/de\/noticias-de\/firatast-in-calella-gastronomisches-fest\/#primaryimage\"},\"image\":{\"@id\":\"https:\/\/hotelbernatcalella.com\/de\/noticias-de\/firatast-in-calella-gastronomisches-fest\/#primaryimage\"},\"thumbnailUrl\":\"https:\/\/hotelbernatcalella.com\/wp-content\/uploads\/2025\/05\/firatast-calella.webp\",\"datePublished\":\"2025-05-13T09:24:35+00:00\",\"dateModified\":\"2025-05-13T11:23:13+00:00\",\"author\":{\"@id\":\"https:\/\/hotelbernatcalella.com\/de\/#\/schema\/person\/9d2f8f220d7bb3470c6b37263c1f3a6e\"},\"description\":\"In Calella zu einem Wochenende voller Geschmack, Kultur und guter Gesellschaft begr\u00fc\u00dfen zu d\u00fcrfen - verpassen Sie nicht das Firatast 2025!\",\"breadcrumb\":{\"@id\":\"https:\/\/hotelbernatcalella.com\/de\/noticias-de\/firatast-in-calella-gastronomisches-fest\/#breadcrumb\"},\"inLanguage\":\"de\",\"potentialAction\":[{\"@type\":\"ReadAction\",\"target\":[\"https:\/\/hotelbernatcalella.com\/de\/noticias-de\/firatast-in-calella-gastronomisches-fest\/\"]}]},{\"@type\":\"ImageObject\",\"inLanguage\":\"de\",\"@id\":\"https:\/\/hotelbernatcalella.com\/de\/noticias-de\/firatast-in-calella-gastronomisches-fest\/#primaryimage\",\"url\":\"https:\/\/hotelbernatcalella.com\/wp-content\/uploads\/2025\/05\/firatast-calella.webp\",\"contentUrl\":\"https:\/\/hotelbernatcalella.com\/wp-content\/uploads\/2025\/05\/firatast-calella.webp\",\"width\":2500,\"height\":1656,\"caption\":\"firatast-calella\"},{\"@type\":\"BreadcrumbList\",\"@id\":\"https:\/\/hotelbernatcalella.com\/de\/noticias-de\/firatast-in-calella-gastronomisches-fest\/#breadcrumb\",\"itemListElement\":[{\"@type\":\"ListItem\",\"position\":1,\"name\":\"Portada\",\"item\":\"https:\/\/www.hotelbernatcalella.com\/de\/\"},{\"@type\":\"ListItem\",\"position\":2,\"name\":\"Firatast in Calella: gastronomisches Fest\"}]},{\"@type\":\"WebSite\",\"@id\":\"https:\/\/hotelbernatcalella.com\/de\/#website\",\"url\":\"https:\/\/hotelbernatcalella.com\/de\/\",\"name\":\"Hotel Bernat II & Spa Calella\",\"description\":\"Hotel in Calella\",\"alternateName\":\"Hotel Bernat II & Spa\",\"potentialAction\":[{\"@type\":\"SearchAction\",\"target\":{\"@type\":\"EntryPoint\",\"urlTemplate\":\"https:\/\/hotelbernatcalella.com\/de\/?s={search_term_string}\"},\"query-input\":{\"@type\":\"PropertyValueSpecification\",\"valueRequired\":true,\"valueName\":\"search_term_string\"}}],\"inLanguage\":\"de\"},{\"@type\":\"Person\",\"@id\":\"https:\/\/hotelbernatcalella.com\/de\/#\/schema\/person\/9d2f8f220d7bb3470c6b37263c1f3a6e\",\"name\":\"admin_bernat\",\"image\":{\"@type\":\"ImageObject\",\"inLanguage\":\"de\",\"@id\":\"https:\/\/hotelbernatcalella.com\/de\/#\/schema\/person\/image\/\",\"url\":\"https:\/\/secure.gravatar.com\/avatar\/d85a368a0264070f0a07504f04fe3de78e2fedb7d0b7a9e875b30b569151e37e?s=96&d=mm&r=g\",\"contentUrl\":\"https:\/\/secure.gravatar.com\/avatar\/d85a368a0264070f0a07504f04fe3de78e2fedb7d0b7a9e875b30b569151e37e?s=96&d=mm&r=g\",\"caption\":\"admin_bernat\"},\"sameAs\":[\"https:\/\/hotelbernatcalella.com\"]}]}<\/script>\n<!-- \/ Yoast SEO plugin. -->","yoast_head_json":{"title":"Firatast in Calella: gastronomisches Fest | Hotel Bernat II","description":"In Calella zu einem Wochenende voller Geschmack, Kultur und guter Gesellschaft begr\u00fc\u00dfen zu d\u00fcrfen - verpassen Sie nicht das Firatast 2025!","robots":{"index":"index","follow":"follow","max-snippet":"max-snippet:-1","max-image-preview":"max-image-preview:large","max-video-preview":"max-video-preview:-1"},"canonical":"https:\/\/hotelbernatcalella.com\/de\/noticias-de\/firatast-in-calella-gastronomisches-fest\/","og_locale":"de_DE","og_type":"article","og_title":"Firatast in Calella: gastronomisches Fest | Hotel Bernat II","og_description":"In Calella zu einem Wochenende voller Geschmack, Kultur und guter Gesellschaft begr\u00fc\u00dfen zu d\u00fcrfen - verpassen Sie nicht das Firatast 2025!","og_url":"https:\/\/hotelbernatcalella.com\/de\/noticias-de\/firatast-in-calella-gastronomisches-fest\/","og_site_name":"Hotel Bernat II","article_published_time":"2025-05-13T09:24:35+00:00","article_modified_time":"2025-05-13T11:23:13+00:00","og_image":[{"width":2500,"height":1656,"url":"https:\/\/www.hotelbernatcalella.com\/wp-content\/uploads\/2025\/05\/firatast-calella.webp","type":"image\/webp"}],"author":"admin_bernat","twitter_card":"summary_large_image","twitter_misc":{"Verfasst von":"admin_bernat","Gesch\u00e4tzte Lesezeit":"4\u00a0Minuten"},"schema":{"@context":"https:\/\/schema.org","@graph":[{"@type":"Article","@id":"https:\/\/hotelbernatcalella.com\/de\/noticias-de\/firatast-in-calella-gastronomisches-fest\/#article","isPartOf":{"@id":"https:\/\/hotelbernatcalella.com\/de\/noticias-de\/firatast-in-calella-gastronomisches-fest\/"},"author":{"name":"admin_bernat","@id":"https:\/\/hotelbernatcalella.com\/de\/#\/schema\/person\/9d2f8f220d7bb3470c6b37263c1f3a6e"},"headline":"Firatast in Calella: gastronomisches Fest","datePublished":"2025-05-13T09:24:35+00:00","dateModified":"2025-05-13T11:23:13+00:00","mainEntityOfPage":{"@id":"https:\/\/hotelbernatcalella.com\/de\/noticias-de\/firatast-in-calella-gastronomisches-fest\/"},"wordCount":673,"image":{"@id":"https:\/\/hotelbernatcalella.com\/de\/noticias-de\/firatast-in-calella-gastronomisches-fest\/#primaryimage"},"thumbnailUrl":"https:\/\/hotelbernatcalella.com\/wp-content\/uploads\/2025\/05\/firatast-calella.webp","keywords":["Aktivit\u00e4ten","Familien","Gastronomie","Kultur","Kulturelle Veranstaltungen","Was man in Calella besichtigen kann?"],"articleSection":["Nachrichten"],"inLanguage":"de"},{"@type":"WebPage","@id":"https:\/\/hotelbernatcalella.com\/de\/noticias-de\/firatast-in-calella-gastronomisches-fest\/","url":"https:\/\/hotelbernatcalella.com\/de\/noticias-de\/firatast-in-calella-gastronomisches-fest\/","name":"Firatast in Calella: gastronomisches Fest | Hotel Bernat II","isPartOf":{"@id":"https:\/\/hotelbernatcalella.com\/de\/#website"},"primaryImageOfPage":{"@id":"https:\/\/hotelbernatcalella.com\/de\/noticias-de\/firatast-in-calella-gastronomisches-fest\/#primaryimage"},"image":{"@id":"https:\/\/hotelbernatcalella.com\/de\/noticias-de\/firatast-in-calella-gastronomisches-fest\/#primaryimage"},"thumbnailUrl":"https:\/\/hotelbernatcalella.com\/wp-content\/uploads\/2025\/05\/firatast-calella.webp","datePublished":"2025-05-13T09:24:35+00:00","dateModified":"2025-05-13T11:23:13+00:00","author":{"@id":"https:\/\/hotelbernatcalella.com\/de\/#\/schema\/person\/9d2f8f220d7bb3470c6b37263c1f3a6e"},"description":"In Calella zu einem Wochenende voller Geschmack, Kultur und guter Gesellschaft begr\u00fc\u00dfen zu d\u00fcrfen - verpassen Sie nicht das Firatast 2025!","breadcrumb":{"@id":"https:\/\/hotelbernatcalella.com\/de\/noticias-de\/firatast-in-calella-gastronomisches-fest\/#breadcrumb"},"inLanguage":"de","potentialAction":[{"@type":"ReadAction","target":["https:\/\/hotelbernatcalella.com\/de\/noticias-de\/firatast-in-calella-gastronomisches-fest\/"]}]},{"@type":"ImageObject","inLanguage":"de","@id":"https:\/\/hotelbernatcalella.com\/de\/noticias-de\/firatast-in-calella-gastronomisches-fest\/#primaryimage","url":"https:\/\/hotelbernatcalella.com\/wp-content\/uploads\/2025\/05\/firatast-calella.webp","contentUrl":"https:\/\/hotelbernatcalella.com\/wp-content\/uploads\/2025\/05\/firatast-calella.webp","width":2500,"height":1656,"caption":"firatast-calella"},{"@type":"BreadcrumbList","@id":"https:\/\/hotelbernatcalella.com\/de\/noticias-de\/firatast-in-calella-gastronomisches-fest\/#breadcrumb","itemListElement":[{"@type":"ListItem","position":1,"name":"Portada","item":"https:\/\/www.hotelbernatcalella.com\/de\/"},{"@type":"ListItem","position":2,"name":"Firatast in Calella: gastronomisches Fest"}]},{"@type":"WebSite","@id":"https:\/\/hotelbernatcalella.com\/de\/#website","url":"https:\/\/hotelbernatcalella.com\/de\/","name":"Hotel Bernat II & Spa Calella","description":"Hotel in Calella","alternateName":"Hotel Bernat II & Spa","potentialAction":[{"@type":"SearchAction","target":{"@type":"EntryPoint","urlTemplate":"https:\/\/hotelbernatcalella.com\/de\/?s={search_term_string}"},"query-input":{"@type":"PropertyValueSpecification","valueRequired":true,"valueName":"search_term_string"}}],"inLanguage":"de"},{"@type":"Person","@id":"https:\/\/hotelbernatcalella.com\/de\/#\/schema\/person\/9d2f8f220d7bb3470c6b37263c1f3a6e","name":"admin_bernat","image":{"@type":"ImageObject","inLanguage":"de","@id":"https:\/\/hotelbernatcalella.com\/de\/#\/schema\/person\/image\/","url":"https:\/\/secure.gravatar.com\/avatar\/d85a368a0264070f0a07504f04fe3de78e2fedb7d0b7a9e875b30b569151e37e?s=96&d=mm&r=g","contentUrl":"https:\/\/secure.gravatar.com\/avatar\/d85a368a0264070f0a07504f04fe3de78e2fedb7d0b7a9e875b30b569151e37e?s=96&d=mm&r=g","caption":"admin_bernat"},"sameAs":["https:\/\/hotelbernatcalella.com"]}]}},"loftoceanMetas":{"authorName":"admin_bernat","categories":[{"name":"Nachrichten","link":"https:\/\/hotelbernatcalella.com\/de\/category\/noticias-de\/","count":24}],"date":"13 de Mai de 2025","featuredImageSRC":"https:\/\/hotelbernatcalella.com\/wp-content\/uploads\/2025\/05\/firatast-calella-150x150.webp"},"_links":{"self":[{"href":"https:\/\/hotelbernatcalella.com\/de\/wp-json\/wp\/v2\/posts\/13652","targetHints":{"allow":["GET"]}}],"collection":[{"href":"https:\/\/hotelbernatcalella.com\/de\/wp-json\/wp\/v2\/posts"}],"about":[{"href":"https:\/\/hotelbernatcalella.com\/de\/wp-json\/wp\/v2\/types\/post"}],"author":[{"embeddable":true,"href":"https:\/\/hotelbernatcalella.com\/de\/wp-json\/wp\/v2\/users\/1"}],"replies":[{"embeddable":true,"href":"https:\/\/hotelbernatcalella.com\/de\/wp-json\/wp\/v2\/comments?post=13652"}],"version-history":[{"count":0,"href":"https:\/\/hotelbernatcalella.com\/de\/wp-json\/wp\/v2\/posts\/13652\/revisions"}],"wp:featuredmedia":[{"embeddable":true,"href":"https:\/\/hotelbernatcalella.com\/de\/wp-json\/wp\/v2\/media\/15047"}],"wp:attachment":[{"href":"https:\/\/hotelbernatcalella.com\/de\/wp-json\/wp\/v2\/media?parent=13652"}],"wp:term":[{"taxonomy":"category","embeddable":true,"href":"https:\/\/hotelbernatcalella.com\/de\/wp-json\/wp\/v2\/categories?post=13652"},{"taxonomy":"post_tag","embeddable":true,"href":"https:\/\/hotelbernatcalella.com\/de\/wp-json\/wp\/v2\/tags?post=13652"}],"curies":[{"name":"wp","href":"https:\/\/api.w.org\/{rel}","templated":true}]}}