{"id":20546,"date":"2026-04-24T07:09:54","date_gmt":"2026-04-24T07:09:54","guid":{"rendered":"https:\/\/hotelbernatcalella.com\/?p=20546"},"modified":"2026-04-24T07:09:58","modified_gmt":"2026-04-24T07:09:58","slug":"pobles-encant-a-prop-calella","status":"publish","type":"post","link":"https:\/\/hotelbernatcalella.com\/ca\/alrededores-ca\/pobles-encant-a-prop-calella\/","title":{"rendered":"Pobles amb encant a prop Calella"},"content":{"rendered":"\t\t<div data-elementor-type=\"wp-post\" data-elementor-id=\"20546\" class=\"elementor elementor-20546 elementor-20429\" data-elementor-post-type=\"post\">\n\t\t\t\t<div class=\"elementor-element elementor-element-be8223c e-flex e-con-boxed e-con e-parent\" data-id=\"be8223c\" data-element_type=\"container\" data-e-type=\"container\">\n\t\t\t\t\t<div class=\"e-con-inner\">\n\t\t\t\t<div class=\"elementor-element elementor-element-049a3da elementor-widget elementor-widget-text-editor\" data-id=\"049a3da\" data-element_type=\"widget\" data-e-type=\"widget\" data-widget_type=\"text-editor.default\">\n\t\t\t\t\t\t\t\t\t<p>Si est\u00e0s allotjat al nostre <a href=\"https:\/\/www.hotelbernatcalella.com\/ca\/\">hotel a Calella<\/a> per uns dies, et fem la nostra proposta per visitar pobles bonics.<\/p><p>En aquest blog trobareu pobles amb encant amb ess\u00e8ncia mediterr\u00e0nia i d&#8217;altres amb vinyes del Maresme<\/p>\t\t\t\t\t\t\t\t<\/div>\n\t\t\t\t<div class=\"elementor-element elementor-element-b9a56d5 elementor-widget elementor-widget-heading\" data-id=\"b9a56d5\" data-element_type=\"widget\" data-e-type=\"widget\" data-widget_type=\"heading.default\">\n\t\t\t\t\t<h2 class=\"elementor-heading-title elementor-size-default\">Pobles amb encant a prop de Calella, Barcelona\n<\/h2>\t\t\t\t<\/div>\n\t\t\t\t<div class=\"elementor-element elementor-element-b49e5f4 elementor-widget elementor-widget-spacer\" data-id=\"b49e5f4\" data-element_type=\"widget\" data-e-type=\"widget\" data-widget_type=\"spacer.default\">\n\t\t\t\t\t\t\t<div class=\"elementor-spacer\">\n\t\t\t<div class=\"elementor-spacer-inner\"><\/div>\n\t\t<\/div>\n\t\t\t\t\t\t<\/div>\n\t\t\t\t\t<\/div>\n\t\t\t\t<\/div>\n\t\t<div class=\"elementor-element elementor-element-2241373 e-flex e-con-boxed e-con e-parent\" data-id=\"2241373\" data-element_type=\"container\" data-e-type=\"container\">\n\t\t\t\t\t<div class=\"e-con-inner\">\n\t\t<div class=\"elementor-element elementor-element-7d09d43 e-grid e-con-full e-con e-child\" data-id=\"7d09d43\" data-element_type=\"container\" data-e-type=\"container\">\n\t\t\t\t<div class=\"elementor-element elementor-element-dff1af4 elementor-widget elementor-widget-image\" data-id=\"dff1af4\" data-element_type=\"widget\" data-e-type=\"widget\" data-widget_type=\"image.default\">\n\t\t\t\t\t\t\t\t\t\t\t\t\t\t\t<img decoding=\"async\" src=\"https:\/\/www.hotelbernatcalella.com\/wp-content\/uploads\/elementor\/thumbs\/Sant-Pol-de-Mar-rmf8awjukb1wt0wnrqqpli65wdotslau0hk5g3pdzo.webp\" title=\"Sant Pol de Mar\" alt=\"Sant Pol de Mar\" loading=\"lazy\" \/>\t\t\t\t\t\t\t\t\t\t\t\t\t\t\t<\/div>\n\t\t\t\t<div class=\"elementor-element elementor-element-3f39454 elementor-widget elementor-widget-image-box\" data-id=\"3f39454\" data-element_type=\"widget\" data-e-type=\"widget\" data-widget_type=\"image-box.default\">\n\t\t\t\t\t<div class=\"elementor-image-box-wrapper\"><div class=\"elementor-image-box-content\"><h3 class=\"elementor-image-box-title\"><a href=\"https:\/\/www.cuina-santpau.cat\/\">Sant Pol de Mar<\/a><\/h3><p class=\"elementor-image-box-description\">Sant Pol \u00e9s un poble antic de pescadors amb cases blanques i un ric patrimoni arquitect\u00f2nic amb cases modernistes com les antigues escoles e indianes com Ca l'Adroher. \n\nTamb\u00e9 \u00e9s conegut per la seva gastronomia, amb plats tradicionals amb productes de temporada i proximitat, fins a alta gastronomia gr\u00e0cies a la petjada de Carme Ruscalleda amb el restaurant Sant Pau.<\/p><\/div><\/div>\t\t\t\t<\/div>\n\t\t\t\t<\/div>\n\t\t<div class=\"elementor-element elementor-element-80886ee e-grid e-con-full e-con e-child\" data-id=\"80886ee\" data-element_type=\"container\" data-e-type=\"container\">\n\t\t\t\t<div class=\"elementor-element elementor-element-703e9a9 elementor-widget elementor-widget-image-box\" data-id=\"703e9a9\" data-element_type=\"widget\" data-e-type=\"widget\" data-widget_type=\"image-box.default\">\n\t\t\t\t\t<div class=\"elementor-image-box-wrapper\"><div class=\"elementor-image-box-content\"><h3 class=\"elementor-image-box-title\"><a href=\"https:\/\/casamuseu.canetdemar.cat\/\">Canet de Mar<\/a><\/h3><p class=\"elementor-image-box-description\">Perfecte per als amants del modernisme catal\u00e0. Hi ha un gran llegat modernista gr\u00e0cies a arquitectes com Lu\u00eds Dom\u00e8nech i Montaner. Trobareu diverses rutes per gaudir del poble a l'Oficina de Turisme.   \n\nPodeu visitar la Casa Museu de Dom\u00e8nech i Montaner, dedicada a la vida i obra de l'arquitecte modernista<br>Al setembre es celebra la Fira Mercat Modernista, amb visites guiades, tallers i parades artesanals. \n<\/p><\/div><\/div>\t\t\t\t<\/div>\n\t\t\t\t<div class=\"elementor-element elementor-element-c56b3ae elementor-widget elementor-widget-image\" data-id=\"c56b3ae\" data-element_type=\"widget\" data-e-type=\"widget\" data-widget_type=\"image.default\">\n\t\t\t\t\t\t\t\t\t\t\t\t\t\t\t<img decoding=\"async\" src=\"https:\/\/www.hotelbernatcalella.com\/wp-content\/uploads\/elementor\/thumbs\/Canet-de-Mar_-Casa-Domenech-rmf8atqbzsy1u70r87itw0vs482q5hzn03lp09tkic.webp\" title=\"Canet de Mar_ Casa Domenech\" alt=\"Canet de Mar_ Casa Domenech\" loading=\"lazy\" \/>\t\t\t\t\t\t\t\t\t\t\t\t\t\t\t<\/div>\n\t\t\t\t<\/div>\n\t\t\t\t\t<\/div>\n\t\t\t\t<\/div>\n\t\t<div class=\"elementor-element elementor-element-619b993 e-flex e-con-boxed e-con e-parent\" data-id=\"619b993\" data-element_type=\"container\" data-e-type=\"container\">\n\t\t\t\t\t<div class=\"e-con-inner\">\n\t\t\t\t<div class=\"elementor-element elementor-element-3a53f5c elementor-widget elementor-widget-spacer\" data-id=\"3a53f5c\" data-element_type=\"widget\" data-e-type=\"widget\" data-widget_type=\"spacer.default\">\n\t\t\t\t\t\t\t<div class=\"elementor-spacer\">\n\t\t\t<div class=\"elementor-spacer-inner\"><\/div>\n\t\t<\/div>\n\t\t\t\t\t\t<\/div>\n\t\t\t\t\t<\/div>\n\t\t\t\t<\/div>\n\t\t<div class=\"elementor-element elementor-element-2e48cdb e-flex e-con-boxed e-con e-parent\" data-id=\"2e48cdb\" data-element_type=\"container\" data-e-type=\"container\">\n\t\t\t\t\t<div class=\"e-con-inner\">\n\t\t<div class=\"elementor-element elementor-element-cf01295 e-grid e-con-full e-con e-child\" data-id=\"cf01295\" data-element_type=\"container\" data-e-type=\"container\">\n\t\t\t\t<div class=\"elementor-element elementor-element-ae14d02 elementor-widget elementor-widget-image\" data-id=\"ae14d02\" data-element_type=\"widget\" data-e-type=\"widget\" data-widget_type=\"image.default\">\n\t\t\t\t\t\t\t\t\t\t\t\t\t\t\t<img decoding=\"async\" src=\"https:\/\/www.hotelbernatcalella.com\/wp-content\/uploads\/elementor\/thumbs\/Arenys-de-Mar-rmf8ao3ausqbwj8y5532h2b0jwuivbd8zbos4m1xjo.webp\" title=\"Arenys de Mar\" alt=\"Arenys de Mar\" loading=\"lazy\" \/>\t\t\t\t\t\t\t\t\t\t\t\t\t\t\t<\/div>\n\t\t\t\t<div class=\"elementor-element elementor-element-e60eb01 elementor-widget elementor-widget-image-box\" data-id=\"e60eb01\" data-element_type=\"widget\" data-e-type=\"widget\" data-widget_type=\"image-box.default\">\n\t\t\t\t\t<div class=\"elementor-image-box-wrapper\"><div class=\"elementor-image-box-content\"><h3 class=\"elementor-image-box-title\"><a href=\"https:\/\/arenysdemar.cat\/calamarenys\">Arenys de Mar<\/a><\/h3><p class=\"elementor-image-box-description\">Un poble amb un dels ports pesquers m\u00e9s importants de la Costa Catalana, on es fa la subhasta de peix de dilluns a divendres a les 16:00h. aproximadament a la llotja.  \nA la Rambla trobareu l'esgl\u00e9sia de Santa Maria amb un retaule barroc al seu interior. \nA l'octubre \u2013 novembre, se celebra el Calamarenys, unes jornades gaston\u00f2miques dedicades al Calamar. \n<\/p><\/div><\/div>\t\t\t\t<\/div>\n\t\t\t\t<\/div>\n\t\t<div class=\"elementor-element elementor-element-10fa32d e-grid e-con-full e-con e-child\" data-id=\"10fa32d\" data-element_type=\"container\" data-e-type=\"container\">\n\t\t\t\t<div class=\"elementor-element elementor-element-0d8ddc4 elementor-widget elementor-widget-image-box\" data-id=\"0d8ddc4\" data-element_type=\"widget\" data-e-type=\"widget\" data-widget_type=\"image-box.default\">\n\t\t\t\t\t<div class=\"elementor-image-box-wrapper\"><div class=\"elementor-image-box-content\"><h3 class=\"elementor-image-box-title\"><a href=\"https:\/\/www.turismemaresme.cat\/ca\/que-fer\/cultura\/museus\/fundacio-palau\">Caldes d\u2019Estrac (Caldetes)<\/a><\/h3><p class=\"elementor-image-box-description\">\u00c9s un municipi que es remunta al segle XIII, aixecat al voltant d'un antic hospital i una esgl\u00e9sia. Les aig\u00fces termals han marcat la hist\u00f2ria d'aquest poble que ja van ser utilitzats per romans i \u00e0rabs. El 1820, els Banys P\u00fablics es van fer m\u00e9s coneguts i molts burgesos de l'\u00e8poca van convertir el poble en centre d'estiueig i dest\u00ed de rep\u00f2s.<br>Trobareu la Fundaci\u00f3 Palau i Fabr\u00e9 on s'exhibeix de manera permanent obres de Picasso i altres artistes com Mir\u00f3, T\u00e0pies i Miquel Barcel\u00f3.  \n<\/p><\/div><\/div>\t\t\t\t<\/div>\n\t\t\t\t<div class=\"elementor-element elementor-element-4103cd8 elementor-widget elementor-widget-image\" data-id=\"4103cd8\" data-element_type=\"widget\" data-e-type=\"widget\" data-widget_type=\"image.default\">\n\t\t\t\t\t\t\t\t\t\t\t\t\t\t\t<img decoding=\"async\" src=\"https:\/\/www.hotelbernatcalella.com\/wp-content\/uploads\/elementor\/thumbs\/caldes-d-estrac-rmf8arunm4vh6z3hj6pkr1cuxgbzq3s6buaq1pwcus.webp\" title=\"caldes d estrac\" alt=\"caldes d estrac\" loading=\"lazy\" \/>\t\t\t\t\t\t\t\t\t\t\t\t\t\t\t<\/div>\n\t\t\t\t<\/div>\n\t\t\t\t\t<\/div>\n\t\t\t\t<\/div>\n\t\t<div class=\"elementor-element elementor-element-29f35fc e-flex e-con-boxed e-con e-parent\" data-id=\"29f35fc\" data-element_type=\"container\" data-e-type=\"container\">\n\t\t\t\t\t<div class=\"e-con-inner\">\n\t\t\t\t<div class=\"elementor-element elementor-element-7b17fea elementor-widget elementor-widget-spacer\" data-id=\"7b17fea\" data-element_type=\"widget\" data-e-type=\"widget\" data-widget_type=\"spacer.default\">\n\t\t\t\t\t\t\t<div class=\"elementor-spacer\">\n\t\t\t<div class=\"elementor-spacer-inner\"><\/div>\n\t\t<\/div>\n\t\t\t\t\t\t<\/div>\n\t\t\t\t\t<\/div>\n\t\t\t\t<\/div>\n\t\t<div class=\"elementor-element elementor-element-ef80d44 e-flex e-con-boxed e-con e-parent\" data-id=\"ef80d44\" data-element_type=\"container\" data-e-type=\"container\">\n\t\t\t\t\t<div class=\"e-con-inner\">\n\t\t<div class=\"elementor-element elementor-element-9a6fa5d e-grid e-con-full e-con e-child\" data-id=\"9a6fa5d\" data-element_type=\"container\" data-e-type=\"container\">\n\t\t\t\t<div class=\"elementor-element elementor-element-47c5d05 elementor-widget elementor-widget-image\" data-id=\"47c5d05\" data-element_type=\"widget\" data-e-type=\"widget\" data-widget_type=\"image.default\">\n\t\t\t\t\t\t\t\t\t\t\t\t\t\t\t<img decoding=\"async\" src=\"https:\/\/www.hotelbernatcalella.com\/wp-content\/uploads\/elementor\/thumbs\/mataro-rmfdhyfmlf437h7bilhzsawdkrqdk7vvqb6nieczro.webp\" title=\"matar\u00f3\" alt=\"matar\u00f3\" loading=\"lazy\" \/>\t\t\t\t\t\t\t\t\t\t\t\t\t\t\t<\/div>\n\t\t\t\t<div class=\"elementor-element elementor-element-5986456 elementor-widget elementor-widget-image-box\" data-id=\"5986456\" data-element_type=\"widget\" data-e-type=\"widget\" data-widget_type=\"image-box.default\">\n\t\t\t\t\t<div class=\"elementor-image-box-wrapper\"><div class=\"elementor-image-box-content\"><h3 class=\"elementor-image-box-title\"><a href=\"https:\/\/visitmataro.cat\/es\/descubre\/la-ciudad\/presentacion\">Matar\u00f3<\/a><\/h3><p class=\"elementor-image-box-description\">La ciutat m\u00e9s important del Maresme. \nEs va construir la 1a l\u00ednia de tren de la pen\u00ednsula amb el trajecte Matar\u00f3 \u2013 Barcelona. \nCombina el moviment d'una ciutat industrial amb universitat, hist\u00f2ria, patrimoni, cultura\u2026 Hi trobareu la Nau Gaud\u00ed, la primera obra de l'arquitecte modernista i seu del Museu d'Art Contemporani. \nA Matar\u00f3 podeu gaudir de compres, lleure, gastronomia. A la darrera setmana de Juliol se celebra la Festa Major, coneguda com \u201cLes Santes\u201d \n<\/p><\/div><\/div>\t\t\t\t<\/div>\n\t\t\t\t<\/div>\n\t\t<div class=\"elementor-element elementor-element-9d6d5ee e-grid e-con-full e-con e-child\" data-id=\"9d6d5ee\" data-element_type=\"container\" data-e-type=\"container\">\n\t\t\t\t<div class=\"elementor-element elementor-element-1684eb6 elementor-widget elementor-widget-image-box\" data-id=\"1684eb6\" data-element_type=\"widget\" data-e-type=\"widget\" data-widget_type=\"image-box.default\">\n\t\t\t\t\t<div class=\"elementor-image-box-wrapper\"><div class=\"elementor-image-box-content\"><h3 class=\"elementor-image-box-title\"><a href=\"https:\/\/www.turismemaresme.cat\/ca\/descobreix\/municipis\/cabrera-de-mar\">Cabrera de Mar<\/a><\/h3><p class=\"elementor-image-box-description\">Cabrera de Mar \u00e9s un municipi que combina mar, amb platges i muntanya, amb una gran riquesa hist\u00f2rica i paisatg\u00edstica.<br>A peu del Castell de Burriac, hi ha restes d'un poblat iber i al poble, restes de l'\u00e8poca romana. Hi ha nombrosos itineraris i senders per visitar el Castell i el seu entorn. Els m\u00e9s senzills i aptes per a tots els nivells comencen al mateix centre de Cabrera.<br>Durant el segon cap de setmana d'octubre, Cabrera de Mar es transformar\u00e0 a l'antiga ciutat d'Ilturo, tot recreant la seva rica \u00e8poca iberoromana.  \n<\/p><\/div><\/div>\t\t\t\t<\/div>\n\t\t\t\t<div class=\"elementor-element elementor-element-d6cb5d3 elementor-widget elementor-widget-image\" data-id=\"d6cb5d3\" data-element_type=\"widget\" data-e-type=\"widget\" data-widget_type=\"image.default\">\n\t\t\t\t\t\t\t\t\t\t\t\t\t\t\t<img decoding=\"async\" src=\"https:\/\/www.hotelbernatcalella.com\/wp-content\/uploads\/elementor\/thumbs\/Cabrera-de-Mar_-Castell-de-Burriac-rmf8aqwtfau6vd4uooay6jlec2gmieofzpn8kfxr10.webp\" title=\"Cabrera de Mar_ Castell de Burriac\" alt=\"Cabrera de Mar_ Castell de Burriac\" loading=\"lazy\" \/>\t\t\t\t\t\t\t\t\t\t\t\t\t\t\t<\/div>\n\t\t\t\t<\/div>\n\t\t\t\t\t<\/div>\n\t\t\t\t<\/div>\n\t\t<div class=\"elementor-element elementor-element-92e9357 e-flex e-con-boxed e-con e-parent\" data-id=\"92e9357\" data-element_type=\"container\" data-e-type=\"container\">\n\t\t\t\t\t<div class=\"e-con-inner\">\n\t\t\t\t<div class=\"elementor-element elementor-element-ffa6f9f elementor-widget elementor-widget-spacer\" data-id=\"ffa6f9f\" data-element_type=\"widget\" data-e-type=\"widget\" data-widget_type=\"spacer.default\">\n\t\t\t\t\t\t\t<div class=\"elementor-spacer\">\n\t\t\t<div class=\"elementor-spacer-inner\"><\/div>\n\t\t<\/div>\n\t\t\t\t\t\t<\/div>\n\t\t\t\t\t<\/div>\n\t\t\t\t<\/div>\n\t\t<div class=\"elementor-element elementor-element-ea9534a e-flex e-con-boxed e-con e-parent\" data-id=\"ea9534a\" data-element_type=\"container\" data-e-type=\"container\">\n\t\t\t\t\t<div class=\"e-con-inner\">\n\t\t<div class=\"elementor-element elementor-element-b6fe3a1 e-grid e-con-full e-con e-child\" data-id=\"b6fe3a1\" data-element_type=\"container\" data-e-type=\"container\">\n\t\t\t\t<div class=\"elementor-element elementor-element-bb85a01 elementor-widget elementor-widget-image\" data-id=\"bb85a01\" data-element_type=\"widget\" data-e-type=\"widget\" data-widget_type=\"image.default\">\n\t\t\t\t\t\t\t\t\t\t\t\t\t\t\t<img decoding=\"async\" src=\"https:\/\/www.hotelbernatcalella.com\/wp-content\/uploads\/elementor\/thumbs\/Alella-rmf8am7mh4nr9bbog49tc2s3d53sfx5sb2dt624pw4.webp\" title=\"Alella\" alt=\"Alella\" loading=\"lazy\" \/>\t\t\t\t\t\t\t\t\t\t\t\t\t\t\t<\/div>\n\t\t\t\t<div class=\"elementor-element elementor-element-d5835c5 elementor-widget elementor-widget-image-box\" data-id=\"d5835c5\" data-element_type=\"widget\" data-e-type=\"widget\" data-widget_type=\"image-box.default\">\n\t\t\t\t\t<div class=\"elementor-image-box-wrapper\"><div class=\"elementor-image-box-content\"><h3 class=\"elementor-image-box-title\"><a href=\"https:\/\/alella.cat\/turisme\">Alella<\/a><\/h3><p class=\"elementor-image-box-description\">Un dels secrets m\u00e9s ben guardats a prop de Barcelona. T\u00e9 Vestigis romans el poblat ib\u00e8ric de la Silla del Bisbe i un important patrimoni modernista.<br>Tamb\u00e9 hi trobareu precioses cases senyorials, ja que Alella va ser dest\u00ed d'estiueig per a burgesos del segle XIX i principis del XX. <br>Alella \u00e9s un passeig de vinyes a la vora del mar i \u00e9s coneguda pels seus vins de la Denominaci\u00f3 d'Origen Alella, la m\u00e9s petita de la pen\u00ednsula i una de les m\u00e9s antigues. \n<\/p><\/div><\/div>\t\t\t\t<\/div>\n\t\t\t\t<\/div>\n\t\t<div class=\"elementor-element elementor-element-d038567 e-grid e-con-full e-con e-child\" data-id=\"d038567\" data-element_type=\"container\" data-e-type=\"container\">\n\t\t\t\t<div class=\"elementor-element elementor-element-cd425b9 elementor-widget elementor-widget-image-box\" data-id=\"cd425b9\" data-element_type=\"widget\" data-e-type=\"widget\" data-widget_type=\"image-box.default\">\n\t\t\t\t\t<div class=\"elementor-image-box-wrapper\"><div class=\"elementor-image-box-content\"><h3 class=\"elementor-image-box-title\"><a href=\"https:\/\/www.museucantir.org\/\">Argentona<\/a><\/h3><p class=\"elementor-image-box-description\">Argentona t\u00e9 una bona part de l'obra d'un dels grans del modernisme catal\u00e0, Josep Puig i Cadafalch, que va triar Argentona com a lloc d'estiueig.<br>Tamb\u00e9 compta amb m\u00e9s de 200 fonts, algunes amb gas carb\u00f2nica. Fins a la d\u00e8cada del 1970 l'aigua s'embotellava per a la seva comercialitzaci\u00f3. Les m\u00e9s conegudes s\u00f3n la Font Picant i la Font de Ferro.   \nPodeu visitar el museu del Cantir (Botig). A l'agost se celebra la Festa del Cantir, que se celebra sempre el dia de Santo Domingo, el 4 d'agost.  \n<\/p><\/div><\/div>\t\t\t\t<\/div>\n\t\t\t\t<div class=\"elementor-element elementor-element-625452c elementor-widget elementor-widget-image\" data-id=\"625452c\" data-element_type=\"widget\" data-e-type=\"widget\" data-widget_type=\"image.default\">\n\t\t\t\t\t\t\t\t\t\t\t\t\t\t\t<img decoding=\"async\" src=\"https:\/\/www.hotelbernatcalella.com\/wp-content\/uploads\/elementor\/thumbs\/Argentona-rmf8ap151mrm857kznhp1k2h5apw30gzbgc9lw0jdg.webp\" title=\"Argentona\" alt=\"Argentona\" loading=\"lazy\" \/>\t\t\t\t\t\t\t\t\t\t\t\t\t\t\t<\/div>\n\t\t\t\t<\/div>\n\t\t\t\t\t<\/div>\n\t\t\t\t<\/div>\n\t\t<div class=\"elementor-element elementor-element-bcd16b7 e-con-full elementor-hidden-desktop elementor-hidden-tablet e-flex elementor-invisible e-con e-parent\" data-id=\"bcd16b7\" data-element_type=\"container\" data-e-type=\"container\" data-settings=\"{&quot;animation&quot;:&quot;shake&quot;,&quot;position&quot;:&quot;fixed&quot;}\">\n\t\t\t\t<\/div>\n\t\t<div class=\"elementor-element elementor-element-20667c8 e-flex e-con-boxed e-con e-parent\" data-id=\"20667c8\" data-element_type=\"container\" data-e-type=\"container\">\n\t\t\t\t\t<div class=\"e-con-inner\">\n\t\t\t\t<div class=\"elementor-element elementor-element-3c6a62a elementor-widget elementor-widget-spacer\" data-id=\"3c6a62a\" data-element_type=\"widget\" data-e-type=\"widget\" data-widget_type=\"spacer.default\">\n\t\t\t\t\t\t\t<div class=\"elementor-spacer\">\n\t\t\t<div class=\"elementor-spacer-inner\"><\/div>\n\t\t<\/div>\n\t\t\t\t\t\t<\/div>\n\t\t\t\t<div class=\"elementor-element elementor-element-5220160 elementor-widget elementor-widget-text-editor\" data-id=\"5220160\" data-element_type=\"widget\" data-e-type=\"widget\" data-widget_type=\"text-editor.default\">\n\t\t\t\t\t\t\t\t\t<p>El Maresme \u00e9s molt m\u00e9s que platges: \u00e9s una combinaci\u00f3 \u00fanica de pobles mariners, cultura modernista, vinyes i natura. <\/p><p>Des del nostre <a href=\"https:\/\/www.hotelbernatcalella.com\/ca\/\"><strong>hotel a Calella<\/strong><\/a>, Bernat II, tindr\u00e0s un bon punt de partida. <\/p>\t\t\t\t\t\t\t\t<\/div>\n\t\t\t\t<div class=\"elementor-element elementor-element-af59c8c elementor-widget elementor-widget-heading\" data-id=\"af59c8c\" data-element_type=\"widget\" data-e-type=\"widget\" data-widget_type=\"heading.default\">\n\t\t\t\t\t<h3 class=\"elementor-heading-title elementor-size-default\">Vens a descobrir el Maresme?<\/h3>\t\t\t\t<\/div>\n\t\t\t\t<div class=\"elementor-element elementor-element-a643581 elementor-widget elementor-widget-text-editor\" data-id=\"a643581\" data-element_type=\"widget\" data-e-type=\"widget\" data-widget_type=\"text-editor.default\">\n\t\t\t\t\t\t\t\t\t<p>Foto portada: <a href=\"https:\/\/www.turismemaresme.cat\/es\/descubre\/\">Turisme Maresme<\/a><\/p>\t\t\t\t\t\t\t\t<\/div>\n\t\t\t\t\t<\/div>\n\t\t\t\t<\/div>\n\t\t\t\t<\/div>\n\t\t","protected":false},"excerpt":{"rendered":"<p>Si est\u00e0s allotjat al nostre hotel a Calella per uns dies, et fem la nostra proposta per visitar pobles bonics. En aquest blog trobareu pobles amb encant amb ess\u00e8ncia mediterr\u00e0nia i d&#8217;altres amb vinyes del Maresme Pobles amb encant a prop de Calella, Barcelona Sant Pol de Mar Sant Pol \u00e9s un poble antic de &#8230;<\/p>\n","protected":false},"author":6,"featured_media":20542,"comment_status":"closed","ping_status":"open","sticky":false,"template":"","format":"standard","meta":{"loftocean_post_format_gallery":"","loftocean_post_format_gallery_ids":"","loftocean_post_format_gallery_urls":"","loftocean_post_format_video_id":0,"loftocean_post_format_video_url":"","loftocean_post_format_video_type":"","loftocean_post_format_video":"","loftocean_post_format_audio_type":"","loftocean_post_format_audio_url":"","loftocean_post_format_audio_id":0,"loftocean_post_format_audio":"","loftocean-like-count":0,"cozystay_single_post_hide_site_header":"","cozystay_single_post_site_header_source":"","cozystay_single_post_custom_site_header":"0","cozystay_single_post_custom_sticky_site_header":"0","cozystay_single_post_hide_page_title":"","cozystay_single_post_site_footer_hide_main":"","cozystay_single_custom_site_footer_main_source":"","cozystay_single_custom_site_footer_main":"0","cozystay_single_post_site_footer_hide_above":"","cozystay_single_custom_site_footer_above_source":"","cozystay_single_custom_site_footer_above":"0","cozystay_single_post_site_footer_hide_instagram":"","cozystay_single_post_site_footer_hide_bottom":"","cozystay_single_custom_mobile_menu_source":"","cozystay_single_custom_mobile_menu":"0","cozystay_single_custom_mobile_menu_animation":"","cozystay_single_custom_mobile_menu_width":"","cozystay_single_custom_mobile_menu_custom_width":375,"cozystay_single_post_template":"","footnotes":""},"categories":[176],"tags":[178,322,264,263,700,699],"class_list":["post-20546","post","type-post","status-publish","format-standard","has-post-thumbnail","hentry","category-alrededores-ca","tag-activitats","tag-cultura-ca","tag-families","tag-parelles","tag-que-veure-al-maresme","tag-que-visitar-a-prop-calella"],"yoast_head":"<!-- This site is optimized with the Yoast SEO plugin v27.1.1 - https:\/\/yoast.com\/product\/yoast-seo-wordpress\/ -->\n<title>Pobles amb encant a prop Calella | Hotel Bernat II<\/title>\n<meta name=\"description\" content=\"Descobriu els pobles amb encant per visitar als voltants de Calella. Coneix la cultura i pobles bonics del Maresme.\" \/>\n<meta name=\"robots\" content=\"index, follow, max-snippet:-1, max-image-preview:large, max-video-preview:-1\" \/>\n<link rel=\"canonical\" href=\"https:\/\/hotelbernatcalella.com\/ca\/alrededores-ca\/pobles-encant-a-prop-calella\/\" \/>\n<meta property=\"og:locale\" content=\"ca_ES\" \/>\n<meta property=\"og:type\" content=\"article\" \/>\n<meta property=\"og:title\" content=\"Pobles amb encant a prop Calella | Hotel Bernat II\" \/>\n<meta property=\"og:description\" content=\"Descobriu els pobles amb encant per visitar als voltants de Calella. Coneix la cultura i pobles bonics del Maresme.\" \/>\n<meta property=\"og:url\" content=\"https:\/\/hotelbernatcalella.com\/ca\/alrededores-ca\/pobles-encant-a-prop-calella\/\" \/>\n<meta property=\"og:site_name\" content=\"Hotel Bernat II\" \/>\n<meta property=\"article:published_time\" content=\"2026-04-24T07:09:54+00:00\" \/>\n<meta property=\"article:modified_time\" content=\"2026-04-24T07:09:58+00:00\" \/>\n<meta property=\"og:image\" content=\"https:\/\/hotelbernatcalella.com\/wp-content\/uploads\/2026\/04\/Pueblos-alrededores-Calella_Maresme.webp\" \/>\n\t<meta property=\"og:image:width\" content=\"2000\" \/>\n\t<meta property=\"og:image:height\" content=\"1029\" \/>\n\t<meta property=\"og:image:type\" content=\"image\/webp\" \/>\n<meta name=\"author\" content=\"tecnico_alojapro\" \/>\n<meta name=\"twitter:card\" content=\"summary_large_image\" \/>\n<meta name=\"twitter:label1\" content=\"Escrit per\" \/>\n\t<meta name=\"twitter:data1\" content=\"tecnico_alojapro\" \/>\n\t<meta name=\"twitter:label2\" content=\"Temps estimat de lectura\" \/>\n\t<meta name=\"twitter:data2\" content=\"4 minuts\" \/>\n<script type=\"application\/ld+json\" class=\"yoast-schema-graph\">{\"@context\":\"https:\/\/schema.org\",\"@graph\":[{\"@type\":\"Article\",\"@id\":\"https:\/\/hotelbernatcalella.com\/ca\/alrededores-ca\/pobles-encant-a-prop-calella\/#article\",\"isPartOf\":{\"@id\":\"https:\/\/hotelbernatcalella.com\/ca\/alrededores-ca\/pobles-encant-a-prop-calella\/\"},\"author\":{\"name\":\"tecnico_alojapro\",\"@id\":\"https:\/\/www.hotelbernatcalella.com\/ca\/#\/schema\/person\/da11a0d0fe49c2dda080262160525dfe\"},\"headline\":\"Pobles amb encant a prop Calella\",\"datePublished\":\"2026-04-24T07:09:54+00:00\",\"dateModified\":\"2026-04-24T07:09:58+00:00\",\"mainEntityOfPage\":{\"@id\":\"https:\/\/hotelbernatcalella.com\/ca\/alrededores-ca\/pobles-encant-a-prop-calella\/\"},\"wordCount\":778,\"image\":{\"@id\":\"https:\/\/hotelbernatcalella.com\/ca\/alrededores-ca\/pobles-encant-a-prop-calella\/#primaryimage\"},\"thumbnailUrl\":\"https:\/\/hotelbernatcalella.com\/wp-content\/uploads\/2026\/04\/Pueblos-alrededores-Calella_Maresme.webp\",\"keywords\":[\"Activitats\",\"Cultura\",\"Fam\u00edlies\",\"Parelles\",\"qu\u00e8 veure al Maresme\",\"Qu\u00e8 visitar a prop Calella\"],\"articleSection\":[\"Voltants\"],\"inLanguage\":\"ca\"},{\"@type\":\"WebPage\",\"@id\":\"https:\/\/hotelbernatcalella.com\/ca\/alrededores-ca\/pobles-encant-a-prop-calella\/\",\"url\":\"https:\/\/hotelbernatcalella.com\/ca\/alrededores-ca\/pobles-encant-a-prop-calella\/\",\"name\":\"Pobles amb encant a prop Calella | Hotel Bernat II\",\"isPartOf\":{\"@id\":\"https:\/\/www.hotelbernatcalella.com\/ca\/#website\"},\"primaryImageOfPage\":{\"@id\":\"https:\/\/hotelbernatcalella.com\/ca\/alrededores-ca\/pobles-encant-a-prop-calella\/#primaryimage\"},\"image\":{\"@id\":\"https:\/\/hotelbernatcalella.com\/ca\/alrededores-ca\/pobles-encant-a-prop-calella\/#primaryimage\"},\"thumbnailUrl\":\"https:\/\/hotelbernatcalella.com\/wp-content\/uploads\/2026\/04\/Pueblos-alrededores-Calella_Maresme.webp\",\"datePublished\":\"2026-04-24T07:09:54+00:00\",\"dateModified\":\"2026-04-24T07:09:58+00:00\",\"author\":{\"@id\":\"https:\/\/www.hotelbernatcalella.com\/ca\/#\/schema\/person\/da11a0d0fe49c2dda080262160525dfe\"},\"description\":\"Descobriu els pobles amb encant per visitar als voltants de Calella. Coneix la cultura i pobles bonics del Maresme.\",\"breadcrumb\":{\"@id\":\"https:\/\/hotelbernatcalella.com\/ca\/alrededores-ca\/pobles-encant-a-prop-calella\/#breadcrumb\"},\"inLanguage\":\"ca\",\"potentialAction\":[{\"@type\":\"ReadAction\",\"target\":[\"https:\/\/hotelbernatcalella.com\/ca\/alrededores-ca\/pobles-encant-a-prop-calella\/\"]}]},{\"@type\":\"ImageObject\",\"inLanguage\":\"ca\",\"@id\":\"https:\/\/hotelbernatcalella.com\/ca\/alrededores-ca\/pobles-encant-a-prop-calella\/#primaryimage\",\"url\":\"https:\/\/hotelbernatcalella.com\/wp-content\/uploads\/2026\/04\/Pueblos-alrededores-Calella_Maresme.webp\",\"contentUrl\":\"https:\/\/hotelbernatcalella.com\/wp-content\/uploads\/2026\/04\/Pueblos-alrededores-Calella_Maresme.webp\",\"width\":2000,\"height\":1029,\"caption\":\"Pueblos a prop Calella_Maresme\"},{\"@type\":\"BreadcrumbList\",\"@id\":\"https:\/\/hotelbernatcalella.com\/ca\/alrededores-ca\/pobles-encant-a-prop-calella\/#breadcrumb\",\"itemListElement\":[{\"@type\":\"ListItem\",\"position\":1,\"name\":\"Portada\",\"item\":\"https:\/\/hotelbernatcalella.com\/ca\/\"},{\"@type\":\"ListItem\",\"position\":2,\"name\":\"Pobles amb encant a prop Calella\"}]},{\"@type\":\"WebSite\",\"@id\":\"https:\/\/www.hotelbernatcalella.com\/ca\/#website\",\"url\":\"https:\/\/www.hotelbernatcalella.com\/ca\/\",\"name\":\"Hotel Bernat II & Spa Calella\",\"description\":\"Hotel en Calella\",\"alternateName\":\"Hotel Bernat II & Spa\",\"potentialAction\":[{\"@type\":\"SearchAction\",\"target\":{\"@type\":\"EntryPoint\",\"urlTemplate\":\"https:\/\/www.hotelbernatcalella.com\/ca\/?s={search_term_string}\"},\"query-input\":{\"@type\":\"PropertyValueSpecification\",\"valueRequired\":true,\"valueName\":\"search_term_string\"}}],\"inLanguage\":\"ca\"},{\"@type\":\"Person\",\"@id\":\"https:\/\/www.hotelbernatcalella.com\/ca\/#\/schema\/person\/da11a0d0fe49c2dda080262160525dfe\",\"name\":\"tecnico_alojapro\",\"image\":{\"@type\":\"ImageObject\",\"inLanguage\":\"ca\",\"@id\":\"https:\/\/www.hotelbernatcalella.com\/ca\/#\/schema\/person\/image\/\",\"url\":\"https:\/\/secure.gravatar.com\/avatar\/079759685620aa68486e2ba22c5d7d7b725f2fbe620d01ec66bd95d81b1301ba?s=96&d=mm&r=g\",\"contentUrl\":\"https:\/\/secure.gravatar.com\/avatar\/079759685620aa68486e2ba22c5d7d7b725f2fbe620d01ec66bd95d81b1301ba?s=96&d=mm&r=g\",\"caption\":\"tecnico_alojapro\"}}]}<\/script>\n<!-- \/ Yoast SEO plugin. -->","yoast_head_json":{"title":"Pobles amb encant a prop Calella | Hotel Bernat II","description":"Descobriu els pobles amb encant per visitar als voltants de Calella. Coneix la cultura i pobles bonics del Maresme.","robots":{"index":"index","follow":"follow","max-snippet":"max-snippet:-1","max-image-preview":"max-image-preview:large","max-video-preview":"max-video-preview:-1"},"canonical":"https:\/\/hotelbernatcalella.com\/ca\/alrededores-ca\/pobles-encant-a-prop-calella\/","og_locale":"ca_ES","og_type":"article","og_title":"Pobles amb encant a prop Calella | Hotel Bernat II","og_description":"Descobriu els pobles amb encant per visitar als voltants de Calella. Coneix la cultura i pobles bonics del Maresme.","og_url":"https:\/\/hotelbernatcalella.com\/ca\/alrededores-ca\/pobles-encant-a-prop-calella\/","og_site_name":"Hotel Bernat II","article_published_time":"2026-04-24T07:09:54+00:00","article_modified_time":"2026-04-24T07:09:58+00:00","og_image":[{"width":2000,"height":1029,"url":"https:\/\/hotelbernatcalella.com\/wp-content\/uploads\/2026\/04\/Pueblos-alrededores-Calella_Maresme.webp","type":"image\/webp"}],"author":"tecnico_alojapro","twitter_card":"summary_large_image","twitter_misc":{"Escrit per":"tecnico_alojapro","Temps estimat de lectura":"4 minuts"},"schema":{"@context":"https:\/\/schema.org","@graph":[{"@type":"Article","@id":"https:\/\/hotelbernatcalella.com\/ca\/alrededores-ca\/pobles-encant-a-prop-calella\/#article","isPartOf":{"@id":"https:\/\/hotelbernatcalella.com\/ca\/alrededores-ca\/pobles-encant-a-prop-calella\/"},"author":{"name":"tecnico_alojapro","@id":"https:\/\/www.hotelbernatcalella.com\/ca\/#\/schema\/person\/da11a0d0fe49c2dda080262160525dfe"},"headline":"Pobles amb encant a prop Calella","datePublished":"2026-04-24T07:09:54+00:00","dateModified":"2026-04-24T07:09:58+00:00","mainEntityOfPage":{"@id":"https:\/\/hotelbernatcalella.com\/ca\/alrededores-ca\/pobles-encant-a-prop-calella\/"},"wordCount":778,"image":{"@id":"https:\/\/hotelbernatcalella.com\/ca\/alrededores-ca\/pobles-encant-a-prop-calella\/#primaryimage"},"thumbnailUrl":"https:\/\/hotelbernatcalella.com\/wp-content\/uploads\/2026\/04\/Pueblos-alrededores-Calella_Maresme.webp","keywords":["Activitats","Cultura","Fam\u00edlies","Parelles","qu\u00e8 veure al Maresme","Qu\u00e8 visitar a prop Calella"],"articleSection":["Voltants"],"inLanguage":"ca"},{"@type":"WebPage","@id":"https:\/\/hotelbernatcalella.com\/ca\/alrededores-ca\/pobles-encant-a-prop-calella\/","url":"https:\/\/hotelbernatcalella.com\/ca\/alrededores-ca\/pobles-encant-a-prop-calella\/","name":"Pobles amb encant a prop Calella | Hotel Bernat II","isPartOf":{"@id":"https:\/\/www.hotelbernatcalella.com\/ca\/#website"},"primaryImageOfPage":{"@id":"https:\/\/hotelbernatcalella.com\/ca\/alrededores-ca\/pobles-encant-a-prop-calella\/#primaryimage"},"image":{"@id":"https:\/\/hotelbernatcalella.com\/ca\/alrededores-ca\/pobles-encant-a-prop-calella\/#primaryimage"},"thumbnailUrl":"https:\/\/hotelbernatcalella.com\/wp-content\/uploads\/2026\/04\/Pueblos-alrededores-Calella_Maresme.webp","datePublished":"2026-04-24T07:09:54+00:00","dateModified":"2026-04-24T07:09:58+00:00","author":{"@id":"https:\/\/www.hotelbernatcalella.com\/ca\/#\/schema\/person\/da11a0d0fe49c2dda080262160525dfe"},"description":"Descobriu els pobles amb encant per visitar als voltants de Calella. Coneix la cultura i pobles bonics del Maresme.","breadcrumb":{"@id":"https:\/\/hotelbernatcalella.com\/ca\/alrededores-ca\/pobles-encant-a-prop-calella\/#breadcrumb"},"inLanguage":"ca","potentialAction":[{"@type":"ReadAction","target":["https:\/\/hotelbernatcalella.com\/ca\/alrededores-ca\/pobles-encant-a-prop-calella\/"]}]},{"@type":"ImageObject","inLanguage":"ca","@id":"https:\/\/hotelbernatcalella.com\/ca\/alrededores-ca\/pobles-encant-a-prop-calella\/#primaryimage","url":"https:\/\/hotelbernatcalella.com\/wp-content\/uploads\/2026\/04\/Pueblos-alrededores-Calella_Maresme.webp","contentUrl":"https:\/\/hotelbernatcalella.com\/wp-content\/uploads\/2026\/04\/Pueblos-alrededores-Calella_Maresme.webp","width":2000,"height":1029,"caption":"Pueblos a prop Calella_Maresme"},{"@type":"BreadcrumbList","@id":"https:\/\/hotelbernatcalella.com\/ca\/alrededores-ca\/pobles-encant-a-prop-calella\/#breadcrumb","itemListElement":[{"@type":"ListItem","position":1,"name":"Portada","item":"https:\/\/hotelbernatcalella.com\/ca\/"},{"@type":"ListItem","position":2,"name":"Pobles amb encant a prop Calella"}]},{"@type":"WebSite","@id":"https:\/\/www.hotelbernatcalella.com\/ca\/#website","url":"https:\/\/www.hotelbernatcalella.com\/ca\/","name":"Hotel Bernat II & Spa Calella","description":"Hotel en Calella","alternateName":"Hotel Bernat II & Spa","potentialAction":[{"@type":"SearchAction","target":{"@type":"EntryPoint","urlTemplate":"https:\/\/www.hotelbernatcalella.com\/ca\/?s={search_term_string}"},"query-input":{"@type":"PropertyValueSpecification","valueRequired":true,"valueName":"search_term_string"}}],"inLanguage":"ca"},{"@type":"Person","@id":"https:\/\/www.hotelbernatcalella.com\/ca\/#\/schema\/person\/da11a0d0fe49c2dda080262160525dfe","name":"tecnico_alojapro","image":{"@type":"ImageObject","inLanguage":"ca","@id":"https:\/\/www.hotelbernatcalella.com\/ca\/#\/schema\/person\/image\/","url":"https:\/\/secure.gravatar.com\/avatar\/079759685620aa68486e2ba22c5d7d7b725f2fbe620d01ec66bd95d81b1301ba?s=96&d=mm&r=g","contentUrl":"https:\/\/secure.gravatar.com\/avatar\/079759685620aa68486e2ba22c5d7d7b725f2fbe620d01ec66bd95d81b1301ba?s=96&d=mm&r=g","caption":"tecnico_alojapro"}}]}},"loftoceanMetas":{"authorName":"tecnico_alojapro","categories":[{"name":"Voltants","link":"https:\/\/hotelbernatcalella.com\/ca\/category\/alrededores-ca\/","count":10}],"date":"24 d'abril de 2026","featuredImageSRC":"https:\/\/hotelbernatcalella.com\/wp-content\/uploads\/2026\/04\/Pueblos-alrededores-Calella_Maresme-150x150.webp"},"_links":{"self":[{"href":"https:\/\/hotelbernatcalella.com\/ca\/wp-json\/wp\/v2\/posts\/20546","targetHints":{"allow":["GET"]}}],"collection":[{"href":"https:\/\/hotelbernatcalella.com\/ca\/wp-json\/wp\/v2\/posts"}],"about":[{"href":"https:\/\/hotelbernatcalella.com\/ca\/wp-json\/wp\/v2\/types\/post"}],"author":[{"embeddable":true,"href":"https:\/\/hotelbernatcalella.com\/ca\/wp-json\/wp\/v2\/users\/6"}],"replies":[{"embeddable":true,"href":"https:\/\/hotelbernatcalella.com\/ca\/wp-json\/wp\/v2\/comments?post=20546"}],"version-history":[{"count":1,"href":"https:\/\/hotelbernatcalella.com\/ca\/wp-json\/wp\/v2\/posts\/20546\/revisions"}],"predecessor-version":[{"id":20547,"href":"https:\/\/hotelbernatcalella.com\/ca\/wp-json\/wp\/v2\/posts\/20546\/revisions\/20547"}],"wp:featuredmedia":[{"embeddable":true,"href":"https:\/\/hotelbernatcalella.com\/ca\/wp-json\/wp\/v2\/media\/20542"}],"wp:attachment":[{"href":"https:\/\/hotelbernatcalella.com\/ca\/wp-json\/wp\/v2\/media?parent=20546"}],"wp:term":[{"taxonomy":"category","embeddable":true,"href":"https:\/\/hotelbernatcalella.com\/ca\/wp-json\/wp\/v2\/categories?post=20546"},{"taxonomy":"post_tag","embeddable":true,"href":"https:\/\/hotelbernatcalella.com\/ca\/wp-json\/wp\/v2\/tags?post=20546"}],"curies":[{"name":"wp","href":"https:\/\/api.w.org\/{rel}","templated":true}]}}