{"id":18913,"date":"2025-10-08T14:17:14","date_gmt":"2025-10-08T14:17:14","guid":{"rendered":"https:\/\/www.hotelbernatcalella.com\/no-category-en\/octubre-2025\/"},"modified":"2025-10-08T14:36:21","modified_gmt":"2025-10-08T14:36:21","slug":"agenda-mensual-octubre-2025-a-calella","status":"publish","type":"post","link":"https:\/\/hotelbernatcalella.com\/ca\/agenda-ca\/agenda-mensual-octubre-2025-a-calella\/","title":{"rendered":"Octubre 2025"},"content":{"rendered":"\t\t<div data-elementor-type=\"wp-post\" data-elementor-id=\"18913\" class=\"elementor elementor-18913 elementor-18908\" data-elementor-post-type=\"post\">\n\t\t\t\t<div class=\"elementor-element elementor-element-036eec9 e-flex e-con-boxed e-con e-parent\" data-id=\"036eec9\" data-element_type=\"container\" data-e-type=\"container\">\n\t\t\t\t\t<div class=\"e-con-inner\">\n\t\t\t\t<div class=\"elementor-element elementor-element-6f427fb elementor-widget elementor-widget-text-editor\" data-id=\"6f427fb\" data-element_type=\"widget\" data-e-type=\"widget\" data-widget_type=\"text-editor.default\">\n\t\t\t\t\t\t\t\t\t<h1><strong><span style=\"color: #91ccd4;\">Agenda mensual d&#8217;Octubre 2025 a Calella<\/span><\/strong><\/h1><h2><span style=\"color: #a4adac;\"><strong>Programaci\u00f3 d&#8217;Octubre 2025<\/strong><\/span><\/h2><h3><strong>Llocs d&#8217;inter\u00e8s:<\/strong><\/h3><ul><li>Museu del Turisme (carrer Sant Pere, 122-140)<br \/>Fins el 14 d\u2019octubre: de dimarts a dissabte 17.00 a 21.00 h. Diumenge i festius, d\u201911.00 a 14.00 h i de 17.00 a 21.00 h. A partir del 15 d\u2019octubre: Dissabte 17.00 a 20.00 h. Diumenge i festius d\u201911.00 a 18.00 h. Preus: visita normal 2 \u20ac. Visita redu\u00efda 1 \u20ac.<\/li><li>Sala d\u2019Exposicions de l\u2019Ajuntament Vell (pla\u00e7a de l\u2019Ajuntament, 1-3)<br \/>Fins el 14 d\u2019octubre: de dilluns a divendres 10.00 a 14.00 h; de dimarts a dissabte de 18.00 a 21.00 h; i diumenge i festius d\u201911.00 a 14.00 h. A partir del 15 d\u2019octubre: de dilluns a divendres de 10.00 a 14.00 h. De dimarts a dissabte de 17.00 a 20.00 h, i diumenge i festius d\u201911.00 a 14.00 h. Entrada gratu\u00efta.<\/li><li>Centre d\u2019Interpretaci\u00f3 del Far de Calella (Carretera Nacional II, km. 666)<br \/>Dissabte, diumenge i festius de 10.00 a 14.00 h. Preus: visita normal 2 \u20ac. Visita redu\u00efda 1 \u20ac.<\/li><li>Refugi Antiaeri del Parc Dalmau (zona de gronxadors)<br \/>Dissabte, diumenge i festius de 10.00 a 14.00 h. Preus: visita normal 1 \u20ac. Redu\u00efda 0.5 \u20ac.<\/li><li>Capella de Sant Quirze i Santa Julita (Carrer de Francesc Bartrina, 18)<br \/>Durant tot l\u2019any, de dilluns a divendres, exceptuant festius de 9 a 14h. Cal concertar visita pr\u00e8via si us plau, trucant al 937695102 o enviant correu electr\u00f2nic a: museumunicipal@calella.cat<br \/>* El primer diumenge de mes l\u2019entrada \u00e9s gratu\u00efta.<br \/>Visites guiades per a grups en catal\u00e0, castell\u00e0, angl\u00e8s i franc\u00e8s, per a m\u00e9s informaci\u00f3 i reserves cal enviar un correu a museumunicipal@calella.cat<\/li><\/ul><h3><strong>Activitats Octubre 2025:<\/strong><\/h3><p>Dies 2, 4, 7, 9, 11, 14, 16, 18, 21, 23, 25, 28 i 30 a les 07.00 h, des del Camp de Futbol de Mar: Rutes pels voltants de Calella. Associaci\u00f3 Calella-Marxa. + info. per tel\u00e8fon a 655 81 20 07.<br \/><br \/>Dies 6, 13, 20 i 27 de 09.30 a 11.00 h: Parc Dalmau: Taitxi. Calella-Marxa. M\u00e9s info per tel. a 655 81 20 07.<\/p><p>DIVENDRES, 3<br \/>17.30 h, a la Biblioteca Can Salvador de la Pla\u00e7a (pl.de l\u2019Ajuntament, 31), El conte en angl\u00e8s per a nens i nenes de 1 a 3 anys. A c\u00e0rrec de Story time.<\/p><p>DISSABTE, 4<br \/>08:00 h &#8211; 20:00 h, a la Pla\u00e7a de l\u2019Esgl\u00e9sia Fira del llibre de 2\u00e0 m\u00e0.<\/p><p>DIUMENGE, 5<br \/>08.00h &#8211; 01.00h, IRONMAN CALELLA BARCELONA. Organitza: Ironman amb la col\u00b7laboraci\u00f3 de l\u2019Ajuntament de Calella. Diferents punts de la ciutat: (Camp de Mar, Passeig Puigvert, Platja Garb\u00ed)<br \/>*18.30 h, al teatre Orfe\u00f3 Calellenc, (Esgl\u00e9sia, 249), representaci\u00f3 de l\u2019obra &#8220;Cop de Rock&#8221;, de Dagoll Dagom.<\/p><p>DILLUNS, 6<br \/>**21.30 h, a l\u2019Esgl\u00e9sia de Santa Maria i Sant Nicolau, Concert de guitarra cl\u00e0ssica a c\u00e0rrec de Marc Segura.<\/p><p>DIVENDRES, 10<br \/>De l\u201910 al 19 d\u2019octubre, a l\u2019envelat de la platja i a la pla\u00e7a de l\u2019Esgl\u00e9sia, celebraci\u00f3 de la 36a edici\u00f3 de l\u2019OKTOBERFEST a Calella! Horari envelat: Divendres i dissabte: 18.00 a 02.00 hores i diumenge a dijous: 18.00 a 00.00h. Organitza: Viatges Tauro.<br \/>18.30 h. Doble cercavila de les bandes de l\u2019Oktoberfest (Punt de trobada Pla\u00e7a del Bunyol a les 18.00 h) i dels Udols de Foc (Punt de trobada Pla\u00e7a Llu\u00eds Gallart a les 18.00 h) fins trobar-se al carrer Amadeu cap a l\u2019envelat de la platja. Organitza: Viatges Tauro<\/p><p>DISSABTE, 11<br \/>11.00 h. Visita comentada a l&#8217;entrada del jaciment del Mujal a c\u00e0rrec de la directora de les excavacions, Almudena Garcia. Reserva obligat\u00f2ria, enviant un correu electr\u00f2nic a museumunicipal@calella.cat,<br \/>13.00 h, a la pla\u00e7a del mercat, sorteig d\u2019un lot de productes per promocionar el comer\u00e7 de proximitat.<br \/>*18.00 h i 22.00h al teatre Orfe\u00f3 Calellenc, (Esgl\u00e9sia, 249), representaci\u00f3 de l\u2019obra &#8220;Cop de Rock&#8221;, de Dagoll Dagom.<br \/>21.00 h a l\u2019envelat de la platja, Inauguraci\u00f3 de l&#8217;OKTOBERFEST. Organitza: Viatges Tauro.<\/p><p>DIUMENGE, 12<br \/>07.00 h, Passeig Puigvert, Marxa Resist\u00e8ncia la Llopa. Organitza: Associaci\u00f3 Calella-Marxa. Per a m\u00e9s informaci\u00f3, al tel\u00e8fon 655 81 20 07.<br \/>12.00 h. Visita comentada al Refugi Antiaeri del Parc Dalmau. La visita ser\u00e0 gratu\u00efta. Cal reserva pr\u00e8via abans de 10 d\u2019octubre a les 14h, enviant un correu electr\u00f2nic a museumunicipal@calella.cat Organitza: Museu Municipal de Calella. 16:00 h &#8211; 21:00 h, a la Sala Mozart, Playback \u201cLa Vida es Bella\u201d.<br \/>*18.00 h, al teatre Orfe\u00f3 Calellenc, (Esgl\u00e9sia, 249), representaci\u00f3 de l\u2019obra &#8220;Cop de Rock&#8221;, de Dagoll Dagom.<br \/>18.30 h Cercavila de les bandes de l\u2019Oktoberfest. Punt de trobada a les 18.00 h, a la Pla\u00e7a del Bunyol i recorregut per el c. Riera, Pla\u00e7a de l\u2019Ajuntament, Pla\u00e7a de l\u2019esgl\u00e9sia, c. Esgl\u00e9sia, c. Sant Pere fins arribar a l\u2019envelat de la platja. Organitza: Viatges Tauro.<\/p><p>DILLUNS, 13<br \/>17.00 h \u2013 18.30 h, a la Pla\u00e7a de l\u2019Esgl\u00e9sia, concerts OKTOBERFEST. Organitza: Viatges Tauro.<br \/>**21.30 h, a l\u2019Esgl\u00e9sia de Santa Maria i Sant Nicolau, Concert de guitarra cl\u00e0ssica a c\u00e0rrec de Pedro Rinc\u00f3n.<\/p><p>DIMARTS, 14<br \/>17.00 h \u2013 18.30 h, a la Pla\u00e7a de l\u2019Esgl\u00e9sia, concerts OKTOBERFEST. Organitza: Viatges Tauro.<\/p><p>DIMECRES, 15<br \/>Del 16 al 19 d\u2019octubre, 11ena edici\u00f3 del Festival Coral Internacional Canta al Mar, una competici\u00f3 internacional amb els millors cors vinguts de diferents pa\u00efsos. Organitza Interkultur i Viatges Tauro, amb la col\u00b7laboraci\u00f3 de l\u2019Ajuntament de Calella.<\/p><p>DIJOUS, 16<br \/>16.00 h, a la Riera Capaspre, cercavila inaugural del Festival Coral Internacional Canta al Mar, amb el seg\u00fcent recorregut: riera Capaspre, c. Riera, pl. ajuntament, Bisbe Sivilla, pl. Esgl\u00e9sia, c. Esgl\u00e9sia, c. Sant Joan, c. Sant Jaume, Parc Dalmau fins Pati de l\u2019\u00d3s. Organitza Interkultur i Viatges Tauro, amb la col\u00b7laboraci\u00f3 de l\u2019Ajuntament de Calella.<br \/>16.30 h, al Pati de l\u2019\u00d3s, acte inaugural de la 11ena edici\u00f3 del Festival Coral Internacional Canta al Mar. Organitza Interkultur i Viatges Tauro, amb la col\u00b7laboraci\u00f3 de l\u2019Ajuntament de Calella.<br \/>21.00 h, a l\u2019Esgl\u00e9sia de Santa Maria i Sant Nicolau, concert inaugural de l\u201911ena edici\u00f3 del Festival Coral Internacional Canta al Mar.<\/p><p>DIVENDRES, 17<br \/>11.00 h, a la Sala Mozart, competici\u00f3 de les formacions corals del Festival Coral Internacional Canta al Mar.<br \/>11.00 h, a la pla\u00e7a de l\u2019Esgl\u00e9sia, Concerts de l\u2019Amistat Canta al Mar, amb els millors cors internacionals.<br \/>17.00 h, a la pla\u00e7a de l\u2019Ajuntament, Concerts de l\u2019Amistat Canta al Mar, amb els millors cors internacionals<br \/>17.00 h, a la Sala Mozart, competici\u00f3 de les formacions corals del Festival Coral Internacional Canta al Mar.<\/p><p>DISSABTE, 18<br \/>10.00 h, a la Sala Mozart, competici\u00f3 de les formacions corals del Festival Coral Internacional Canta al Mar.<br \/>11.00 h &#8211; 13.00 h, a la pla\u00e7a del mercat, Taller infantil \u201cEn plena Tardor\u201d.<br \/>14.30 h, a l\u2019Esgl\u00e9sia de Santa Maria i Sant Nicolau, proves i competici\u00f3 del Festival Coral Internacional Canta al Mar.<br \/>13.30 h, a la pla\u00e7a del Bunyol, 36a Festa del Bolet.<br \/>17.00 h, a la pla\u00e7a de l\u2019Ajuntament, Concerts de l\u2019Amistat Canta al Mar, amb els millors cors internacionals.<br \/>18.00 h, a l\u2019Esgl\u00e9sia de Santa Maria i Sant Nicolau, Concert de cor a c\u00e0rrec de la Denmark Road High Scholl Choir. Organitza la Parr\u00f2quia de Calella.<br \/>18.30 h, a la Sala Mozart, proves i competici\u00f3 Festival Coral Internacional Canta al Mar.<br \/>21.30 h, a l\u2019Esgl\u00e9sia de Santa Maria i Sant Nicolau, Concert de les Espelmes, Midnight sounds.<\/p><p>DIUMENGE, 19 8.30 h, al Passeig Manuel Puigvert (davant del Monument a la Sardana), 8a Caminada Solidaria per l&#8217;Alzheimer i Altres Dem\u00e8ncies. M\u00e9s informaci\u00f3 a comunicacio.avah@gmail.com.<br \/>10.00 h \u201314.00 h, Passeig Manuel Puigvert Trobada d\u2019intercanvi i col\u00b7leccionisme.<br \/>10.00 h, a la Sala Mozart, competici\u00f3 de les formacions corals del Festival Coral Internacional Canta al Mar.<br \/>10.00 h, a la pla\u00e7a de l\u2019Esgl\u00e9sia, Concerts de l\u2019Amistat Canta al Mar, amb els millors cors internacionals.<br \/>11.00 h, lloc de sortida: sala d\u2019exposicions de l\u2019Ajuntament Vell. Ruta hist\u00f2rica \u201cLa Calella del Renaixement.&#8221; Activitat gratu\u00efta. Cal reserva pr\u00e8via enviant un correu: museumunicipal@calella.cat Data m\u00e0xima d\u2019inscripci\u00f3: 17 d\u2019octubre a les 14h.<br \/>11.30 h, a la pla\u00e7a de l\u2019Ajuntament, Concerts de l\u2019Amistat Canta al Mar, amb els millors cors internacionals. Organitza Interkultur i Viatges Tauro, amb la col\u00b7laboraci\u00f3 de l\u2019Ajuntament de Calella.<br \/>12.00 h, a l\u2019Esgl\u00e9sia de Santa Maria i Sant Nicolau, missa cantada a c\u00e0rrec dels cors del festival coral internacional Canta al Mar.<br \/>*18.00 h, al teatre Orfe\u00f3 Calellenc, (Esgl\u00e9sia, 249), representaci\u00f3 de l\u2019obra de teatre &#8220;Cop de Rock&#8221;, de Dagoll Dagom.<br \/>18.00 h, des de la pla\u00e7a de l\u2019Ajuntament, actuacions de carrer dels cors internacionals participants al festival coral Canta al Mar. Recorregut: pl. Ajuntament, Bisbe Sivilla, pl. Esgl\u00e9sia, c. Esgl\u00e9sia, fins Can Xena.<\/p><p>DILLUNS, 20<br \/>Del 20 al 26 d\u2019octubre, Setmana del Correllengua. Consultar programa al web municipal www.calella.cat<\/p><p>DIJOUS, 23<br \/>18.30 h, a la pla\u00e7a de l\u2019Esgl\u00e9sia, concert de gloses catalanes. Organitza: \u00d2mnium Cultural. En cas de pluja, se susp\u00e8n.<\/p><p>DIVENDRES, 24<br \/>11.00h &#8211; 19.00h, a la Pla\u00e7a de l\u2019Esgl\u00e9sia, Jornada de la Gent Gran, amb exposici\u00f3 dels recursos disponibles a la ciutat per a la gent gran.<br \/>20.00 h, sessi\u00f3 de cinema documental &#8220;Un lloc, una vila, una ciutat&#8230;Calella&#8221; dins els actes de celebraci\u00f3 de &#8220;Calella Cent Anys de Ciutat&#8221;.<\/p><p>DISSABTE, 25<br \/>Del 25 d\u2019octubre a l\u20191 de novembre, 10\u00e8 CALELLA FILM FESTIVAL. Consulta el programa a calellafilmfestival.com<br \/>10.00 h a 20.30 h, A la Pla\u00e7a de l\u2019Esgl\u00e9sia (en cas de pluja se celebrar\u00e0 el dissabte 8 de noviembre) MERCAT SOLIDARI DE 2a. M\u00c0 .<br \/>*18.00 h y 22.00h, al teatre Orfe\u00f3 Calellenc, (Esgl\u00e9sia, 249), representaci\u00f3 de l\u2019obra &#8220;Cop de Rock&#8221;, de Dagoll Dagom<br \/>19.00 h, a la Capella de Sant Quirze i Santa Julita, concert per commemorar el 40\u00e8 aniversari de la Coral Laetare. Entrada lliure. Taquilla inversa.<\/p><p>DIUMENGE, 26<br \/>18.00 h, a l\u2019Auditori Josep-Maria Terricabras (Sant Jaume 225-229), CINEXIC, cinema infantil en catal\u00e0 per a tota la fam\u00edlia. Pel\u00b7l\u00edcula La sopa de pedres i altres contes capgirats.<br \/>*18.30 h, al teatre Orfe\u00f3 Calellenc, (Esgl\u00e9sia, 249), representaci\u00f3 de l\u2019obra &#8220;Cop de Rock&#8221;, de Dagoll Dagom.<\/p><p>DIJOUS, 30<br \/>21.00 h, a l\u2019Auditori Josep-Maria Terricabras, Cicle Gaud\u00ed amb la pel\u00b7l\u00edcula Wolfgang (extraordinari), dirigida per Javier Ruiz Caldera. Venda d\u2019entrades a taquilla el mateix dia a partir d\u2019una hora abans de la sessi\u00f3 i anticipades online https:\/\/ja.cat\/CqRqE. Preu entrada: 4\u20195 \u20ac, 2&#215;1 La Vanguardia, 3 \u20ac Carnet Jove. Organitza Ajuntament de Calella.<\/p><p>DIVENDRES, 31<br \/>17.30 h, a la pla\u00e7a de l\u2019Esgl\u00e9sia, castanyada popular, m\u00fasica i tallers per la mainada. Venda de castanyes, moniatos i moscatell.<br \/>20.00 h, al carrer Puig de Popa, sopar popular en motiu de la Castanyada. Hi haur\u00e0 ball i concurs de disfresses de Halloween.<\/p><p>INFORMACI\u00d3 ADDICIONAL:<br \/>*Representaci\u00f3 de l\u2019obra &#8220;Cop de Rock&#8221;, de Dagoll Dagom. Organitza Joventut Art\u00edstica de Calella. Venda d&#8217;entrades online a www.joventutartistica.com i presencialment a la finestreta del Teatre Orfe\u00f3 Calellenc 45 minuts abans de cada representaci\u00f3.<br \/>**Concerts de guitarra cl\u00e0ssica a l\u2019Esgl\u00e9sia de Santa Maria i Sant Nicolau: Organitza Mediterranean Guitar Festival. Entrades a www.mediterraneanguitarfestival.com i una hora abans de l`inici del concert a l\u2019esgl\u00e9sia.<\/p>\t\t\t\t\t\t\t\t<\/div>\n\t\t\t\t\t<\/div>\n\t\t\t\t<\/div>\n\t\t\t\t<\/div>\n\t\t","protected":false},"excerpt":{"rendered":"<p>Agenda mensual d&#8217;Octubre 2025 a Calella Programaci\u00f3 d&#8217;Octubre 2025 Llocs d&#8217;inter\u00e8s: Museu del Turisme (carrer Sant Pere, 122-140)Fins el 14 d\u2019octubre: de dimarts a dissabte 17.00 a 21.00 h. Diumenge i festius, d\u201911.00 a 14.00 h i de 17.00 a 21.00 h. A partir del 15 d\u2019octubre: Dissabte 17.00 a 20.00 h. Diumenge i festius &#8230;<\/p>\n","protected":false},"author":1,"featured_media":15281,"comment_status":"closed","ping_status":"open","sticky":false,"template":"","format":"standard","meta":{"loftocean_post_format_gallery":"","loftocean_post_format_gallery_ids":"","loftocean_post_format_gallery_urls":"","loftocean_post_format_video_id":0,"loftocean_post_format_video_url":"","loftocean_post_format_video_type":"","loftocean_post_format_video":"","loftocean_post_format_audio_type":"","loftocean_post_format_audio_url":"","loftocean_post_format_audio_id":0,"loftocean_post_format_audio":"","loftocean-like-count":0,"cozystay_single_post_hide_site_header":"","cozystay_single_post_site_header_source":"","cozystay_single_post_custom_site_header":"0","cozystay_single_post_custom_sticky_site_header":"0","cozystay_single_post_hide_page_title":"","cozystay_single_post_site_footer_hide_main":"","cozystay_single_custom_site_footer_main_source":"","cozystay_single_custom_site_footer_main":"0","cozystay_single_post_site_footer_hide_above":"","cozystay_single_custom_site_footer_above_source":"","cozystay_single_custom_site_footer_above":"0","cozystay_single_post_site_footer_hide_instagram":"","cozystay_single_post_site_footer_hide_bottom":"","cozystay_single_custom_mobile_menu_source":"","cozystay_single_custom_mobile_menu":"0","cozystay_single_custom_mobile_menu_animation":"","cozystay_single_custom_mobile_menu_width":"","cozystay_single_custom_mobile_menu_custom_width":375,"cozystay_single_post_template":"","footnotes":""},"categories":[444],"tags":[565],"class_list":["post-18913","post","type-post","status-publish","format-standard","has-post-thumbnail","hentry","category-agenda-ca","tag-agenda-mensual-ca"],"yoast_head":"<!-- This site is optimized with the Yoast SEO plugin v27.1.1 - https:\/\/yoast.com\/product\/yoast-seo-wordpress\/ -->\n<title>Octubre 2025 | Hotel Bernat II<\/title>\n<meta name=\"description\" content=\"Descobreix tot el que pots fer aquest Octubre a Calella: festes, cultura i esport. No et perdis aquestes propostes per viure un mes ple d\u2019activitats!\" \/>\n<meta name=\"robots\" content=\"index, follow, max-snippet:-1, max-image-preview:large, max-video-preview:-1\" \/>\n<link rel=\"canonical\" href=\"https:\/\/hotelbernatcalella.com\/ca\/agenda-ca\/agenda-mensual-octubre-2025-a-calella\/\" \/>\n<meta property=\"og:locale\" content=\"ca_ES\" \/>\n<meta property=\"og:type\" content=\"article\" \/>\n<meta property=\"og:title\" content=\"Octubre 2025 | Hotel Bernat II\" \/>\n<meta property=\"og:description\" content=\"Descobreix tot el que pots fer aquest Octubre a Calella: festes, cultura i esport. No et perdis aquestes propostes per viure un mes ple d\u2019activitats!\" \/>\n<meta property=\"og:url\" content=\"https:\/\/hotelbernatcalella.com\/ca\/agenda-ca\/agenda-mensual-octubre-2025-a-calella\/\" \/>\n<meta property=\"og:site_name\" content=\"Hotel Bernat II\" \/>\n<meta property=\"article:published_time\" content=\"2025-10-08T14:17:14+00:00\" \/>\n<meta property=\"article:modified_time\" content=\"2025-10-08T14:36:21+00:00\" \/>\n<meta property=\"og:image\" content=\"https:\/\/www.hotelbernatcalella.com\/wp-content\/uploads\/2025\/06\/torretas-calella.webp\" \/>\n\t<meta property=\"og:image:width\" content=\"1414\" \/>\n\t<meta property=\"og:image:height\" content=\"2000\" \/>\n\t<meta property=\"og:image:type\" content=\"image\/webp\" \/>\n<meta name=\"author\" content=\"admin_bernat\" \/>\n<meta name=\"twitter:card\" content=\"summary_large_image\" \/>\n<meta name=\"twitter:label1\" content=\"Escrit per\" \/>\n\t<meta name=\"twitter:data1\" content=\"admin_bernat\" \/>\n\t<meta name=\"twitter:label2\" content=\"Temps estimat de lectura\" \/>\n\t<meta name=\"twitter:data2\" content=\"9 minuts\" \/>\n<script type=\"application\/ld+json\" class=\"yoast-schema-graph\">{\"@context\":\"https:\/\/schema.org\",\"@graph\":[{\"@type\":\"Article\",\"@id\":\"https:\/\/hotelbernatcalella.com\/ca\/agenda-ca\/agenda-mensual-octubre-2025-a-calella\/#article\",\"isPartOf\":{\"@id\":\"https:\/\/hotelbernatcalella.com\/ca\/agenda-ca\/agenda-mensual-octubre-2025-a-calella\/\"},\"author\":{\"name\":\"admin_bernat\",\"@id\":\"https:\/\/hotelbernatcalella.com\/ca\/#\/schema\/person\/9d2f8f220d7bb3470c6b37263c1f3a6e\"},\"headline\":\"Octubre 2025\",\"datePublished\":\"2025-10-08T14:17:14+00:00\",\"dateModified\":\"2025-10-08T14:36:21+00:00\",\"mainEntityOfPage\":{\"@id\":\"https:\/\/hotelbernatcalella.com\/ca\/agenda-ca\/agenda-mensual-octubre-2025-a-calella\/\"},\"wordCount\":1814,\"image\":{\"@id\":\"https:\/\/hotelbernatcalella.com\/ca\/agenda-ca\/agenda-mensual-octubre-2025-a-calella\/#primaryimage\"},\"thumbnailUrl\":\"https:\/\/hotelbernatcalella.com\/wp-content\/uploads\/2025\/06\/torretas-calella.webp\",\"keywords\":[\"Agenda mensual\"],\"articleSection\":[\"Agenda Mensual\"],\"inLanguage\":\"ca\"},{\"@type\":\"WebPage\",\"@id\":\"https:\/\/hotelbernatcalella.com\/ca\/agenda-ca\/agenda-mensual-octubre-2025-a-calella\/\",\"url\":\"https:\/\/hotelbernatcalella.com\/ca\/agenda-ca\/agenda-mensual-octubre-2025-a-calella\/\",\"name\":\"Octubre 2025 | Hotel Bernat II\",\"isPartOf\":{\"@id\":\"https:\/\/hotelbernatcalella.com\/ca\/#website\"},\"primaryImageOfPage\":{\"@id\":\"https:\/\/hotelbernatcalella.com\/ca\/agenda-ca\/agenda-mensual-octubre-2025-a-calella\/#primaryimage\"},\"image\":{\"@id\":\"https:\/\/hotelbernatcalella.com\/ca\/agenda-ca\/agenda-mensual-octubre-2025-a-calella\/#primaryimage\"},\"thumbnailUrl\":\"https:\/\/hotelbernatcalella.com\/wp-content\/uploads\/2025\/06\/torretas-calella.webp\",\"datePublished\":\"2025-10-08T14:17:14+00:00\",\"dateModified\":\"2025-10-08T14:36:21+00:00\",\"author\":{\"@id\":\"https:\/\/hotelbernatcalella.com\/ca\/#\/schema\/person\/9d2f8f220d7bb3470c6b37263c1f3a6e\"},\"description\":\"Descobreix tot el que pots fer aquest Octubre a Calella: festes, cultura i esport. No et perdis aquestes propostes per viure un mes ple d\u2019activitats!\",\"breadcrumb\":{\"@id\":\"https:\/\/hotelbernatcalella.com\/ca\/agenda-ca\/agenda-mensual-octubre-2025-a-calella\/#breadcrumb\"},\"inLanguage\":\"ca\",\"potentialAction\":[{\"@type\":\"ReadAction\",\"target\":[\"https:\/\/hotelbernatcalella.com\/ca\/agenda-ca\/agenda-mensual-octubre-2025-a-calella\/\"]}]},{\"@type\":\"ImageObject\",\"inLanguage\":\"ca\",\"@id\":\"https:\/\/hotelbernatcalella.com\/ca\/agenda-ca\/agenda-mensual-octubre-2025-a-calella\/#primaryimage\",\"url\":\"https:\/\/hotelbernatcalella.com\/wp-content\/uploads\/2025\/06\/torretas-calella.webp\",\"contentUrl\":\"https:\/\/hotelbernatcalella.com\/wp-content\/uploads\/2025\/06\/torretas-calella.webp\",\"width\":1414,\"height\":2000,\"caption\":\"torretas-calella\"},{\"@type\":\"BreadcrumbList\",\"@id\":\"https:\/\/hotelbernatcalella.com\/ca\/agenda-ca\/agenda-mensual-octubre-2025-a-calella\/#breadcrumb\",\"itemListElement\":[{\"@type\":\"ListItem\",\"position\":1,\"name\":\"Portada\",\"item\":\"https:\/\/hotelbernatcalella.com\/ca\/\"},{\"@type\":\"ListItem\",\"position\":2,\"name\":\"Octubre 2025\"}]},{\"@type\":\"WebSite\",\"@id\":\"https:\/\/hotelbernatcalella.com\/ca\/#website\",\"url\":\"https:\/\/hotelbernatcalella.com\/ca\/\",\"name\":\"Hotel Bernat II & Spa Calella\",\"description\":\"Hotel en Calella\",\"alternateName\":\"Hotel Bernat II & Spa\",\"potentialAction\":[{\"@type\":\"SearchAction\",\"target\":{\"@type\":\"EntryPoint\",\"urlTemplate\":\"https:\/\/hotelbernatcalella.com\/ca\/?s={search_term_string}\"},\"query-input\":{\"@type\":\"PropertyValueSpecification\",\"valueRequired\":true,\"valueName\":\"search_term_string\"}}],\"inLanguage\":\"ca\"},{\"@type\":\"Person\",\"@id\":\"https:\/\/hotelbernatcalella.com\/ca\/#\/schema\/person\/9d2f8f220d7bb3470c6b37263c1f3a6e\",\"name\":\"admin_bernat\",\"image\":{\"@type\":\"ImageObject\",\"inLanguage\":\"ca\",\"@id\":\"https:\/\/hotelbernatcalella.com\/ca\/#\/schema\/person\/image\/\",\"url\":\"https:\/\/secure.gravatar.com\/avatar\/d85a368a0264070f0a07504f04fe3de78e2fedb7d0b7a9e875b30b569151e37e?s=96&d=mm&r=g\",\"contentUrl\":\"https:\/\/secure.gravatar.com\/avatar\/d85a368a0264070f0a07504f04fe3de78e2fedb7d0b7a9e875b30b569151e37e?s=96&d=mm&r=g\",\"caption\":\"admin_bernat\"},\"sameAs\":[\"https:\/\/hotelbernatcalella.com\"]}]}<\/script>\n<!-- \/ Yoast SEO plugin. -->","yoast_head_json":{"title":"Octubre 2025 | Hotel Bernat II","description":"Descobreix tot el que pots fer aquest Octubre a Calella: festes, cultura i esport. No et perdis aquestes propostes per viure un mes ple d\u2019activitats!","robots":{"index":"index","follow":"follow","max-snippet":"max-snippet:-1","max-image-preview":"max-image-preview:large","max-video-preview":"max-video-preview:-1"},"canonical":"https:\/\/hotelbernatcalella.com\/ca\/agenda-ca\/agenda-mensual-octubre-2025-a-calella\/","og_locale":"ca_ES","og_type":"article","og_title":"Octubre 2025 | Hotel Bernat II","og_description":"Descobreix tot el que pots fer aquest Octubre a Calella: festes, cultura i esport. No et perdis aquestes propostes per viure un mes ple d\u2019activitats!","og_url":"https:\/\/hotelbernatcalella.com\/ca\/agenda-ca\/agenda-mensual-octubre-2025-a-calella\/","og_site_name":"Hotel Bernat II","article_published_time":"2025-10-08T14:17:14+00:00","article_modified_time":"2025-10-08T14:36:21+00:00","og_image":[{"width":1414,"height":2000,"url":"https:\/\/www.hotelbernatcalella.com\/wp-content\/uploads\/2025\/06\/torretas-calella.webp","type":"image\/webp"}],"author":"admin_bernat","twitter_card":"summary_large_image","twitter_misc":{"Escrit per":"admin_bernat","Temps estimat de lectura":"9 minuts"},"schema":{"@context":"https:\/\/schema.org","@graph":[{"@type":"Article","@id":"https:\/\/hotelbernatcalella.com\/ca\/agenda-ca\/agenda-mensual-octubre-2025-a-calella\/#article","isPartOf":{"@id":"https:\/\/hotelbernatcalella.com\/ca\/agenda-ca\/agenda-mensual-octubre-2025-a-calella\/"},"author":{"name":"admin_bernat","@id":"https:\/\/hotelbernatcalella.com\/ca\/#\/schema\/person\/9d2f8f220d7bb3470c6b37263c1f3a6e"},"headline":"Octubre 2025","datePublished":"2025-10-08T14:17:14+00:00","dateModified":"2025-10-08T14:36:21+00:00","mainEntityOfPage":{"@id":"https:\/\/hotelbernatcalella.com\/ca\/agenda-ca\/agenda-mensual-octubre-2025-a-calella\/"},"wordCount":1814,"image":{"@id":"https:\/\/hotelbernatcalella.com\/ca\/agenda-ca\/agenda-mensual-octubre-2025-a-calella\/#primaryimage"},"thumbnailUrl":"https:\/\/hotelbernatcalella.com\/wp-content\/uploads\/2025\/06\/torretas-calella.webp","keywords":["Agenda mensual"],"articleSection":["Agenda Mensual"],"inLanguage":"ca"},{"@type":"WebPage","@id":"https:\/\/hotelbernatcalella.com\/ca\/agenda-ca\/agenda-mensual-octubre-2025-a-calella\/","url":"https:\/\/hotelbernatcalella.com\/ca\/agenda-ca\/agenda-mensual-octubre-2025-a-calella\/","name":"Octubre 2025 | Hotel Bernat II","isPartOf":{"@id":"https:\/\/hotelbernatcalella.com\/ca\/#website"},"primaryImageOfPage":{"@id":"https:\/\/hotelbernatcalella.com\/ca\/agenda-ca\/agenda-mensual-octubre-2025-a-calella\/#primaryimage"},"image":{"@id":"https:\/\/hotelbernatcalella.com\/ca\/agenda-ca\/agenda-mensual-octubre-2025-a-calella\/#primaryimage"},"thumbnailUrl":"https:\/\/hotelbernatcalella.com\/wp-content\/uploads\/2025\/06\/torretas-calella.webp","datePublished":"2025-10-08T14:17:14+00:00","dateModified":"2025-10-08T14:36:21+00:00","author":{"@id":"https:\/\/hotelbernatcalella.com\/ca\/#\/schema\/person\/9d2f8f220d7bb3470c6b37263c1f3a6e"},"description":"Descobreix tot el que pots fer aquest Octubre a Calella: festes, cultura i esport. No et perdis aquestes propostes per viure un mes ple d\u2019activitats!","breadcrumb":{"@id":"https:\/\/hotelbernatcalella.com\/ca\/agenda-ca\/agenda-mensual-octubre-2025-a-calella\/#breadcrumb"},"inLanguage":"ca","potentialAction":[{"@type":"ReadAction","target":["https:\/\/hotelbernatcalella.com\/ca\/agenda-ca\/agenda-mensual-octubre-2025-a-calella\/"]}]},{"@type":"ImageObject","inLanguage":"ca","@id":"https:\/\/hotelbernatcalella.com\/ca\/agenda-ca\/agenda-mensual-octubre-2025-a-calella\/#primaryimage","url":"https:\/\/hotelbernatcalella.com\/wp-content\/uploads\/2025\/06\/torretas-calella.webp","contentUrl":"https:\/\/hotelbernatcalella.com\/wp-content\/uploads\/2025\/06\/torretas-calella.webp","width":1414,"height":2000,"caption":"torretas-calella"},{"@type":"BreadcrumbList","@id":"https:\/\/hotelbernatcalella.com\/ca\/agenda-ca\/agenda-mensual-octubre-2025-a-calella\/#breadcrumb","itemListElement":[{"@type":"ListItem","position":1,"name":"Portada","item":"https:\/\/hotelbernatcalella.com\/ca\/"},{"@type":"ListItem","position":2,"name":"Octubre 2025"}]},{"@type":"WebSite","@id":"https:\/\/hotelbernatcalella.com\/ca\/#website","url":"https:\/\/hotelbernatcalella.com\/ca\/","name":"Hotel Bernat II & Spa Calella","description":"Hotel en Calella","alternateName":"Hotel Bernat II & Spa","potentialAction":[{"@type":"SearchAction","target":{"@type":"EntryPoint","urlTemplate":"https:\/\/hotelbernatcalella.com\/ca\/?s={search_term_string}"},"query-input":{"@type":"PropertyValueSpecification","valueRequired":true,"valueName":"search_term_string"}}],"inLanguage":"ca"},{"@type":"Person","@id":"https:\/\/hotelbernatcalella.com\/ca\/#\/schema\/person\/9d2f8f220d7bb3470c6b37263c1f3a6e","name":"admin_bernat","image":{"@type":"ImageObject","inLanguage":"ca","@id":"https:\/\/hotelbernatcalella.com\/ca\/#\/schema\/person\/image\/","url":"https:\/\/secure.gravatar.com\/avatar\/d85a368a0264070f0a07504f04fe3de78e2fedb7d0b7a9e875b30b569151e37e?s=96&d=mm&r=g","contentUrl":"https:\/\/secure.gravatar.com\/avatar\/d85a368a0264070f0a07504f04fe3de78e2fedb7d0b7a9e875b30b569151e37e?s=96&d=mm&r=g","caption":"admin_bernat"},"sameAs":["https:\/\/hotelbernatcalella.com"]}]}},"loftoceanMetas":{"authorName":"admin_bernat","categories":[{"name":"Agenda Mensual","link":"https:\/\/hotelbernatcalella.com\/ca\/category\/agenda-ca\/","count":12}],"date":"8 d'octubre de 2025","featuredImageSRC":"https:\/\/hotelbernatcalella.com\/wp-content\/uploads\/2025\/06\/torretas-calella-150x150.webp"},"_links":{"self":[{"href":"https:\/\/hotelbernatcalella.com\/ca\/wp-json\/wp\/v2\/posts\/18913","targetHints":{"allow":["GET"]}}],"collection":[{"href":"https:\/\/hotelbernatcalella.com\/ca\/wp-json\/wp\/v2\/posts"}],"about":[{"href":"https:\/\/hotelbernatcalella.com\/ca\/wp-json\/wp\/v2\/types\/post"}],"author":[{"embeddable":true,"href":"https:\/\/hotelbernatcalella.com\/ca\/wp-json\/wp\/v2\/users\/1"}],"replies":[{"embeddable":true,"href":"https:\/\/hotelbernatcalella.com\/ca\/wp-json\/wp\/v2\/comments?post=18913"}],"version-history":[{"count":0,"href":"https:\/\/hotelbernatcalella.com\/ca\/wp-json\/wp\/v2\/posts\/18913\/revisions"}],"wp:featuredmedia":[{"embeddable":true,"href":"https:\/\/hotelbernatcalella.com\/ca\/wp-json\/wp\/v2\/media\/15281"}],"wp:attachment":[{"href":"https:\/\/hotelbernatcalella.com\/ca\/wp-json\/wp\/v2\/media?parent=18913"}],"wp:term":[{"taxonomy":"category","embeddable":true,"href":"https:\/\/hotelbernatcalella.com\/ca\/wp-json\/wp\/v2\/categories?post=18913"},{"taxonomy":"post_tag","embeddable":true,"href":"https:\/\/hotelbernatcalella.com\/ca\/wp-json\/wp\/v2\/tags?post=18913"}],"curies":[{"name":"wp","href":"https:\/\/api.w.org\/{rel}","templated":true}]}}