{"id":18551,"date":"2025-09-02T16:02:00","date_gmt":"2025-09-02T16:02:00","guid":{"rendered":"https:\/\/www.hotelbernatcalella.com\/no-category-en\/setembre-2025\/"},"modified":"2025-09-02T16:23:15","modified_gmt":"2025-09-02T16:23:15","slug":"agenda-mensual-setembre-2025-calella","status":"publish","type":"post","link":"https:\/\/hotelbernatcalella.com\/ca\/agenda-ca\/agenda-mensual-setembre-2025-calella\/","title":{"rendered":"Setembre 2025"},"content":{"rendered":"\t\t<div data-elementor-type=\"wp-post\" data-elementor-id=\"18551\" class=\"elementor elementor-18551 elementor-18546\" data-elementor-post-type=\"post\">\n\t\t\t\t<div class=\"elementor-element elementor-element-036eec9 e-flex e-con-boxed e-con e-parent\" data-id=\"036eec9\" data-element_type=\"container\" data-e-type=\"container\">\n\t\t\t\t\t<div class=\"e-con-inner\">\n\t\t\t\t<div class=\"elementor-element elementor-element-6f427fb elementor-widget elementor-widget-text-editor\" data-id=\"6f427fb\" data-element_type=\"widget\" data-e-type=\"widget\" data-widget_type=\"text-editor.default\">\n\t\t\t\t\t\t\t\t\t<h1><strong><span style=\"color: #91ccd4;\">Agenda mensual de Setembre 2025 a Calella<\/span><\/strong><\/h1><p><span style=\"font-weight: 400;\">El setembre \u00e9s sin\u00f2nim de tradicions i festa a Calella. Amb l&#8217;arribada de la Festa Major de la Minerva i la tan esperada Fira de Calella i l&#8217;Alt Maresme, aquest mes s&#8217;omple de cultura, m\u00fasica i activitats per a tota la fam\u00edlia. A m\u00e9s, el calendari de setembre es complementa amb esdeveniments internacionals com el Campionat de Dards, les Jornades Folkl\u00f2riques o el Calella Harmonica Festival, que converteixen la ciutat en un escenari viu i ple d\u2019emocions.<\/span><\/p><p><span style=\"font-weight: 400;\">L&#8217;<\/span><a href=\"https:\/\/hotelbernatcalella.com\/ca\" target=\"_blank\" rel=\"noopener\"><span style=\"font-weight: 400;\">Hotel Bernat II<\/span><\/a><span style=\"font-weight: 400;\"> et convida a descobrir Calella durant el mes de setembre, gaudir de les seves platges, l&#8217;agenda cultural i la millor gastronomia local. Consulta tot el que t\u2019espera aquest mes a la nostra agenda completa i viu una experi\u00e8ncia inoblidable.<\/span><\/p><h2><span style=\"color: #a4adac;\"><strong>Programaci\u00f3 de Setembre 2025<\/strong><\/span><\/h2><h3><strong>Llocs d&#8217;inter\u00e8s:<\/strong><\/h3><ul><li><p><span style=\"font-weight: 400;\"><strong>Sala d\u2019Exposicions de l\u2019Antic Ajuntament<\/strong> (pla\u00e7a de l\u2019Ajuntament, 1-3)<\/span><span style=\"font-weight: 400;\"><br \/><\/span><span style=\"font-weight: 400;\"> Horaris: de dilluns a divendres de 10.00 a 14.00 h \/ de dimarts a dissabte de 18.00 a 21.00 h \/ diumenges i festius de 11.00 a 14.00 h. Entrada gratu\u00efta.<\/span><\/p><\/li><li><p><span style=\"font-weight: 400;\"><strong>Museu del Turisme<\/strong> (carrer Sant Pere, 122-140)<\/span><span style=\"font-weight: 400;\"><br \/><\/span><span style=\"font-weight: 400;\"> Horaris: de dimarts a dissabte de 17.00 a 21.00 h \/ diumenges i festius de 11.00 a 14.00 h i de 17.00 a 21.00 h.<\/span><span style=\"font-weight: 400;\"><br \/><\/span><span style=\"font-weight: 400;\"> Preus: visita normal 2 \u20ac, redu\u00efda 1 \u20ac. Primer diumenge de mes, entrada gratu\u00efta.<\/span><\/p><\/li><li><p><span style=\"font-weight: 400;\"><strong>Centre d&#8217;Interpretaci\u00f3 del Far de Calella<\/strong> (Carretera Nacional II, km. 666)<\/span><span style=\"font-weight: 400;\"><br \/><\/span><span style=\"font-weight: 400;\"> Horaris: de dimarts a diumenge i festius de 17.00 a 21.00 h.<\/span><span style=\"font-weight: 400;\"><br \/><\/span><span style=\"font-weight: 400;\"> Preus: visita normal 2 \u20ac, redu\u00efda 1 \u20ac. Primer diumenge de mes, entrada gratu\u00efta.<\/span><\/p><\/li><li><p><span style=\"font-weight: 400;\"><strong>Refugi Antiaeri del Parc Dalmau<\/strong> (zona gronxadors)<\/span><span style=\"font-weight: 400;\"><br \/><\/span><span style=\"font-weight: 400;\"> Horaris: de dimarts a diumenge i festius de 10.00 a 14.00 h.<\/span><span style=\"font-weight: 400;\"><br \/><\/span><span style=\"font-weight: 400;\"> Preus: visita normal 1 \u20ac, redu\u00efda 0,5 \u20ac. Primer diumenge de mes, entrada gratu\u00efta.<\/span><\/p><\/li><li><p><strong>Capella de Sant Quirze i Santa Julita<\/strong> (carrer Francesc Bartrina, 18)<br \/>Visites amb cita pr\u00e8via. Concertar de dilluns a divendres de 9.00 a 14.00 h al tel. 937695102 o per correu a museumunicipal@calella.cat<\/p><\/li><\/ul><h3><strong>Activitats Fixes:<\/strong><\/h3><ul><li class=\"\" data-start=\"2510\" data-end=\"2726\"><p><span style=\"font-weight: 400;\">Del 30 d\u2019agost al 7 de setembre<br \/>09.00 a 22.00 h \u2013 Campionat Internacional de Dards \u2013 Sala de les columnes, F\u00e0brica Llobet<\/span><\/p><\/li><li class=\"\" data-start=\"2510\" data-end=\"2726\"><p><span style=\"font-weight: 400;\">2, 4, 6, 9, 11, 13, 16, 18, 20, 25, 27 i 30 de setembre<br \/>07.00 h \u2013 Rutes pels voltants de Calella \u2013 Sortida des del Camp de Futbol de Mar (info: 655 81 20 07)<\/span><\/p><\/li><li class=\"\" data-start=\"2510\" data-end=\"2726\"><p><span style=\"font-weight: 400;\">8, 15 i 29 de setembre<br \/>09.30 a 11.00 h \u2013 Sessions de Tai-txi \u2013 Parc Dalmau (info: 655 81 20 07)<\/span><\/p><\/li><\/ul><h3><strong>Activitats Setembre 2025:<\/strong><\/h3><p><strong>DILLUNS, 1 DE SETEMBRE<\/strong><\/p><p><span style=\"font-weight: 400;\">21.30 h \u2013 Esgl\u00e9sia de Santa Maria i Sant Nicolau \u2013 Concert de guitarra cl\u00e0ssica amb Pedro Rinc\u00f3n<\/span><\/p><p><strong>DIVENDRES, 5 DE SETEMBRE<\/strong><\/p><p><span style=\"font-weight: 400;\">13.30 h \u2013 Pla\u00e7a de l\u2019Ajuntament \u2013 Tast musical JIF 2025 (Turquia, Cro\u00e0cia i Col\u00f2mbia)<\/span><span style=\"font-weight: 400;\"><br \/><\/span><span style=\"font-weight: 400;\"> 20.00 h \u2013 Riera Capaspre \u2013 Cercavila de les JIF 2025<\/span><span style=\"font-weight: 400;\"><br \/><\/span><span style=\"font-weight: 400;\"> 21.00 h \u2013 Pla\u00e7a de l\u2019Ajuntament \u2013 Espectacle inaugural JIF 2025<\/span><\/p><p><strong>DISSABTE, 6 DE SETEMBRE<\/strong><\/p><p><span style=\"font-weight: 400;\">09.00 a 21.00 h \u2013 Complex esportiu Tom\u00e0s Claramunt \u2013 Torneig Futbol Brava<\/span><span style=\"font-weight: 400;\"><br \/><\/span><span style=\"font-weight: 400;\"> 11.30 h \u2013 Pla\u00e7a de l\u2019Ajuntament \u2013 JIF amb grup de Cro\u00e0cia<\/span><span style=\"font-weight: 400;\"><br \/><\/span><span style=\"font-weight: 400;\"> 21.00 h \u2013 Pla\u00e7a dels Pequinaires \u2013 33a Revetlla Pequinaire<\/span><\/p><p><strong>DIUMENGE, 7 DE SETEMBRE<\/strong><\/p><p><span style=\"font-weight: 400;\">09.00 h \u2013 Platja de Garb\u00ed \u2013 XXXVI Travessia i IV Aquatl\u00f3<\/span><span style=\"font-weight: 400;\"><br \/><\/span><span style=\"font-weight: 400;\"> 10.00 a 13.00 h \u2013 Pla\u00e7a de l\u2019Ajuntament \u2013 Mercat Folkl\u00f2ric JIF<\/span><span style=\"font-weight: 400;\"><br \/><\/span><span style=\"font-weight: 400;\"> 10.00 a 14.00 h \u2013 Passeig Manuel Puigvert \u2013 Trobada d\u2019intercanvi i col\u00b7leccionisme<\/span><span style=\"font-weight: 400;\"><br \/><\/span><span style=\"font-weight: 400;\"> 10.45 h \u2013 Pla\u00e7a de l\u2019Ajuntament \u2013 Taller de sardanes<\/span><\/p><p><strong>DILLUNS, 8 DE SETEMBRE<\/strong><\/p><p><span style=\"font-weight: 400;\">21.30 h \u2013 Esgl\u00e9sia de Santa Maria i Sant Nicolau \u2013 Concert de guitarra cl\u00e0ssica amb Marc Segura<\/span><\/p><p><strong>DIMARTS, 9 DE SETEMBRE<\/strong><\/p><p><span style=\"font-weight: 400;\">18.00 h \u2013 Pla\u00e7a de l\u2019Ajuntament \u2013 Concert &#8220;M\u00fasiques del m\u00f3n&#8221; (JIF) i Grallers de Calella<\/span><\/p><p><strong>DIMECRES, 10 DE SETEMBRE<\/strong><\/p><p><span style=\"font-weight: 400;\">21.00 h \u2013 Pla\u00e7a de l\u2019Ajuntament \u2013 Marxa de Torxes per la Independ\u00e8ncia<\/span><span style=\"font-weight: 400;\"><br \/><\/span><span style=\"font-weight: 400;\"> 21.30 h \u2013 Pla\u00e7a Catalunya \u2013 Botifarrada i Havaneres per la Diada<\/span><\/p><p><strong>DIJOUS, 11 DE SETEMBRE<\/strong><\/p><p><span style=\"font-weight: 400;\">11.15 h \u2013 Pla\u00e7a Catalunya \u2013 Acte institucional de la Diada<\/span><span style=\"font-weight: 400;\"><br \/><\/span><span style=\"font-weight: 400;\"> 19.30 h \u2013 Envelat \u2013 Concert inaugural Calella Harm\u00f2nica Festival: Cor Ess\u00e8ncia i Joan Pau Cumellas<\/span><span style=\"font-weight: 400;\"><br \/><\/span><span style=\"font-weight: 400;\"> 20.45 h \u2013 Envelat \u2013 Concert: Harm\u00f2nica Reunion<\/span><span style=\"font-weight: 400;\"><br \/><\/span><span style=\"font-weight: 400;\"> 22.00 h \u2013 Envelat \u2013 Jam session Calella Harm\u00f2nica Festival<\/span><\/p><p><strong>DIVENDRES, 12 DE SETEMBRE<\/strong><\/p><p><span style=\"font-weight: 400;\">10.00 h \u2013 Envelat \u2013 Masterclass Calella Harm\u00f2nica Festival<\/span><span style=\"font-weight: 400;\"><br \/><\/span><span style=\"font-weight: 400;\">11.30 h \u2013 Pla\u00e7a de l\u2019Ajuntament \u2013 JIF amb grup de Turquia<\/span><span style=\"font-weight: 400;\"><br \/><\/span><span style=\"font-weight: 400;\">20.00 h \u2013 Envelat \u2013 Concert Harm\u00f2nica Trio<\/span><span style=\"font-weight: 400;\"><br \/><\/span><span style=\"font-weight: 400;\">21.00 h \u2013 Envelat \u2013 Concert Filip Jers &amp; Emil Ernebro<\/span><span style=\"font-weight: 400;\"><br \/><\/span><span style=\"font-weight: 400;\">22.30 h \u2013 Envelat \u2013 Jam session Calella Harm\u00f2nica Festival<\/span><\/p><p><strong>DISSABTE, 13 DE SETEMBRE<\/strong><\/p><p><span style=\"font-weight: 400;\">09.00 a 21.00 h \u2013 Complex esportiu Tom\u00e0s Claramunt \u2013 Torneig Futbol Brava<\/span><span style=\"font-weight: 400;\"><br \/><\/span><span style=\"font-weight: 400;\">10.00 h \u2013 Envelat \u2013 Masterclass i confer\u00e8ncies Harm\u00f2nica Festival<\/span><span style=\"font-weight: 400;\"><br \/><\/span><span style=\"font-weight: 400;\">11.30 h \u2013 Pla\u00e7a de l\u2019Ajuntament \u2013 JIF amb grup de Col\u00f2mbia<\/span><span style=\"font-weight: 400;\"><br \/><\/span><span style=\"font-weight: 400;\">21.00 h \u2013 Envelat \u2013 Concert Ariel Bart<\/span><span style=\"font-weight: 400;\"><br \/><\/span><span style=\"font-weight: 400;\">22.00 h \u2013 Envelat \u2013 Concert Cece Gianotti &amp; Apr\u00e8s Minuit<\/span><span style=\"font-weight: 400;\"><br \/><\/span><span style=\"font-weight: 400;\">23.00 h \u2013 Envelat \u2013 Jam session i cloenda Calella Harm\u00f2nica Festival<\/span><\/p><p><strong>DIUMENGE, 14 DE SETEMBRE<\/strong><\/p><p><span style=\"font-weight: 400;\">10.00 h \u2013 Envelat \u2013 Masterclass amb Quim Roca<\/span><span style=\"font-weight: 400;\"><br \/><\/span><span style=\"font-weight: 400;\">11.30 h \u2013 Riera Capaspre \u2013 Cercavila de comiat JIF<\/span><span style=\"font-weight: 400;\"><br \/><\/span><span style=\"font-weight: 400;\">12.00 h \u2013 Envelat \u2013 Concert de cloenda Harm\u00f2nica Festival<\/span><span style=\"font-weight: 400;\"><br \/><\/span><span style=\"font-weight: 400;\">13.30 h \u2013 Envelat \u2013 Dinar de cloenda Harm\u00f2nica Festival<\/span><\/p><p><strong>DIMECRES, 17 DE SETEMBRE<\/strong><\/p><p><span style=\"font-weight: 400;\">17.00 a 23.00 h \u2013 Riera Capaspre i Passeig de les Roques \u2013 Fira d\u2019atraccions<\/span><\/p><p><strong>DIVENDRES, 19 DE SETEMBRE<\/strong><\/p><p><span style=\"font-weight: 400;\">Inici de la Festa Major de la Minerva 2025 (consultar programa espec\u00edfic)<\/span><span style=\"font-weight: 400;\"><br \/><\/span><span style=\"font-weight: 400;\">17.00 a 23.00 h \u2013 Passeig Manuel Puigvert \u2013 Inauguraci\u00f3 de la 44a Fira de Calella i l\u2019Alt Maresme (entrades a firadecalella.cat)<\/span><\/p><p><strong>DISSABTE, 20 DE SETEMBRE<\/strong><\/p><p><span style=\"font-weight: 400;\">11.00 a 23.00 h \u2013 Passeig Manuel Puigvert \u2013 Fira de Calella i l\u2019Alt Maresme<\/span><\/p><p><strong>DIUMENGE, 21 DE SETEMBRE<\/strong><\/p><p><span style=\"font-weight: 400;\">11.00 a 23.00 h \u2013 Passeig Manuel Puigvert \u2013 Fira de Calella i l\u2019Alt Maresme<\/span><\/p><p><strong>DILLUNS, 22 DE SETEMBRE<\/strong><\/p><p><span style=\"font-weight: 400;\">13.00 a 23.00 h \u2013 Passeig Manuel Puigvert \u2013 Fira de Calella i l\u2019Alt Maresme<\/span><span style=\"font-weight: 400;\"><br \/><\/span><span style=\"font-weight: 400;\">21.30 h \u2013 Esgl\u00e9sia de Santa Maria i Sant Nicolau \u2013 Concert de guitarra cl\u00e0ssica amb Marc Segura<\/span><\/p><p><strong>DIMARTS, 23 DE SETEMBRE<\/strong><\/p><p><span style=\"font-weight: 400;\">11.00 a 21.00 h \u2013 Passeig Manuel Puigvert \u2013 Cloenda de la Fira de Calella i l\u2019Alt Maresme<\/span><\/p><p><strong>DIJOUS, 25 DE SETEMBRE<\/strong><\/p><p><span style=\"font-weight: 400;\">21.00 h \u2013 Sala Mozart \u2013 Cicle Gaud\u00ed: projecci\u00f3 de la pel\u00b7l\u00edcula \u201cLa f\u00faria\u201d (VO catal\u00e0\/castell\u00e0)<\/span><span style=\"font-weight: 400;\"><br \/><\/span><span style=\"font-weight: 400;\">Entrades: a taquilla una hora abans o anticipades a ja.cat\/CqRqE<\/span><\/p><p><strong>DISSABTE, 27 DE SETEMBRE<\/strong><\/p><p><span style=\"font-weight: 400;\">21.00 h \u2013 Teatre Orfe\u00f3 Calellenc \u2013 Musical \u201cCop de Rock\u201d de Dagoll Dagom<\/span><span style=\"font-weight: 400;\"><br \/><\/span><span style=\"font-weight: 400;\">Entrades a joventutartistica.com<\/span><\/p><p><strong>DIUMENGE, 28 DE SETEMBRE<\/strong><\/p><p><span style=\"font-weight: 400;\">Sortida \u2013 Passeig Mar\u00edtim de Pineda de Mar \u2013 16a Mitja Marat\u00f3 Costa Barcelona Maresme<\/span><span style=\"font-weight: 400;\"><br \/><\/span><span style=\"font-weight: 400;\">18.30 h \u2013 Teatre Orfe\u00f3 Calellenc \u2013 Musical \u201cCop de Rock\u201d de Dagoll Dagom (segona funci\u00f3)<\/span><span style=\"font-weight: 400;\"><br \/><\/span><span style=\"font-weight: 400;\">Entrades a joventutartistica.com<\/span><\/p><p><strong>DILLUNS, 29 DE SETEMBRE<\/strong><\/p><p><span style=\"font-weight: 400;\">21.30 h \u2013 Esgl\u00e9sia de Santa Maria i Sant Nicolau \u2013 Concert de guitarra cl\u00e0ssica amb Pedro Rinc\u00f3n<\/span><\/p>\t\t\t\t\t\t\t\t<\/div>\n\t\t\t\t\t<\/div>\n\t\t\t\t<\/div>\n\t\t\t\t<\/div>\n\t\t","protected":false},"excerpt":{"rendered":"<p>Agenda mensual de Setembre 2025 a Calella El setembre \u00e9s sin\u00f2nim de tradicions i festa a Calella. Amb l&#8217;arribada de la Festa Major de la Minerva i la tan esperada Fira de Calella i l&#8217;Alt Maresme, aquest mes s&#8217;omple de cultura, m\u00fasica i activitats per a tota la fam\u00edlia. A m\u00e9s, el calendari de setembre &#8230;<\/p>\n","protected":false},"author":1,"featured_media":15288,"comment_status":"closed","ping_status":"open","sticky":false,"template":"","format":"standard","meta":{"loftocean_post_format_gallery":"","loftocean_post_format_gallery_ids":"","loftocean_post_format_gallery_urls":"","loftocean_post_format_video_id":0,"loftocean_post_format_video_url":"","loftocean_post_format_video_type":"","loftocean_post_format_video":"","loftocean_post_format_audio_type":"","loftocean_post_format_audio_url":"","loftocean_post_format_audio_id":0,"loftocean_post_format_audio":"","loftocean-like-count":0,"cozystay_single_post_hide_site_header":"","cozystay_single_post_site_header_source":"","cozystay_single_post_custom_site_header":"0","cozystay_single_post_custom_sticky_site_header":"0","cozystay_single_post_hide_page_title":"","cozystay_single_post_site_footer_hide_main":"","cozystay_single_custom_site_footer_main_source":"","cozystay_single_custom_site_footer_main":"0","cozystay_single_post_site_footer_hide_above":"","cozystay_single_custom_site_footer_above_source":"","cozystay_single_custom_site_footer_above":"0","cozystay_single_post_site_footer_hide_instagram":"","cozystay_single_post_site_footer_hide_bottom":"","cozystay_single_custom_mobile_menu_source":"","cozystay_single_custom_mobile_menu":"0","cozystay_single_custom_mobile_menu_animation":"","cozystay_single_custom_mobile_menu_width":"","cozystay_single_custom_mobile_menu_custom_width":375,"cozystay_single_post_template":"","footnotes":""},"categories":[444],"tags":[565],"class_list":["post-18551","post","type-post","status-publish","format-standard","has-post-thumbnail","hentry","category-agenda-ca","tag-agenda-mensual-ca"],"yoast_head":"<!-- This site is optimized with the Yoast SEO plugin v27.1.1 - https:\/\/yoast.com\/product\/yoast-seo-wordpress\/ -->\n<title>Setembre 2025 | Hotel Bernat II<\/title>\n<meta name=\"description\" content=\"Consulta tot el que t\u2019espera aquest mes de setembre a la nostra agenda completa i viu una experi\u00e8ncia inoblidable a l\u2019Hotel Bernat II.\" \/>\n<meta name=\"robots\" content=\"index, follow, max-snippet:-1, max-image-preview:large, max-video-preview:-1\" \/>\n<link rel=\"canonical\" href=\"https:\/\/hotelbernatcalella.com\/ca\/agenda-ca\/agenda-mensual-setembre-2025-calella\/\" \/>\n<meta property=\"og:locale\" content=\"ca_ES\" \/>\n<meta property=\"og:type\" content=\"article\" \/>\n<meta property=\"og:title\" content=\"Setembre 2025 | Hotel Bernat II\" \/>\n<meta property=\"og:description\" content=\"Consulta tot el que t\u2019espera aquest mes de setembre a la nostra agenda completa i viu una experi\u00e8ncia inoblidable a l\u2019Hotel Bernat II.\" \/>\n<meta property=\"og:url\" content=\"https:\/\/hotelbernatcalella.com\/ca\/agenda-ca\/agenda-mensual-setembre-2025-calella\/\" \/>\n<meta property=\"og:site_name\" content=\"Hotel Bernat II\" \/>\n<meta property=\"article:published_time\" content=\"2025-09-02T16:02:00+00:00\" \/>\n<meta property=\"article:modified_time\" content=\"2025-09-02T16:23:15+00:00\" \/>\n<meta property=\"og:image\" content=\"https:\/\/hotelbernatcalella.com\/wp-content\/uploads\/2025\/05\/faro-playas-calella.webp\" \/>\n\t<meta property=\"og:image:width\" content=\"1920\" \/>\n\t<meta property=\"og:image:height\" content=\"2560\" \/>\n\t<meta property=\"og:image:type\" content=\"image\/webp\" \/>\n<meta name=\"author\" content=\"admin_bernat\" \/>\n<meta name=\"twitter:card\" content=\"summary_large_image\" \/>\n<meta name=\"twitter:label1\" content=\"Escrit per\" \/>\n\t<meta name=\"twitter:data1\" content=\"admin_bernat\" \/>\n\t<meta name=\"twitter:label2\" content=\"Temps estimat de lectura\" \/>\n\t<meta name=\"twitter:data2\" content=\"5 minuts\" \/>\n<script type=\"application\/ld+json\" class=\"yoast-schema-graph\">{\"@context\":\"https:\/\/schema.org\",\"@graph\":[{\"@type\":\"Article\",\"@id\":\"https:\/\/hotelbernatcalella.com\/ca\/agenda-ca\/agenda-mensual-setembre-2025-calella\/#article\",\"isPartOf\":{\"@id\":\"https:\/\/hotelbernatcalella.com\/ca\/agenda-ca\/agenda-mensual-setembre-2025-calella\/\"},\"author\":{\"name\":\"admin_bernat\",\"@id\":\"https:\/\/hotelbernatcalella.com\/ca\/#\/schema\/person\/9d2f8f220d7bb3470c6b37263c1f3a6e\"},\"headline\":\"Setembre 2025\",\"datePublished\":\"2025-09-02T16:02:00+00:00\",\"dateModified\":\"2025-09-02T16:23:15+00:00\",\"mainEntityOfPage\":{\"@id\":\"https:\/\/hotelbernatcalella.com\/ca\/agenda-ca\/agenda-mensual-setembre-2025-calella\/\"},\"wordCount\":971,\"image\":{\"@id\":\"https:\/\/hotelbernatcalella.com\/ca\/agenda-ca\/agenda-mensual-setembre-2025-calella\/#primaryimage\"},\"thumbnailUrl\":\"https:\/\/hotelbernatcalella.com\/wp-content\/uploads\/2025\/05\/faro-playas-calella.webp\",\"keywords\":[\"Agenda mensual\"],\"articleSection\":[\"Agenda Mensual\"],\"inLanguage\":\"ca\"},{\"@type\":\"WebPage\",\"@id\":\"https:\/\/hotelbernatcalella.com\/ca\/agenda-ca\/agenda-mensual-setembre-2025-calella\/\",\"url\":\"https:\/\/hotelbernatcalella.com\/ca\/agenda-ca\/agenda-mensual-setembre-2025-calella\/\",\"name\":\"Setembre 2025 | Hotel Bernat II\",\"isPartOf\":{\"@id\":\"https:\/\/hotelbernatcalella.com\/ca\/#website\"},\"primaryImageOfPage\":{\"@id\":\"https:\/\/hotelbernatcalella.com\/ca\/agenda-ca\/agenda-mensual-setembre-2025-calella\/#primaryimage\"},\"image\":{\"@id\":\"https:\/\/hotelbernatcalella.com\/ca\/agenda-ca\/agenda-mensual-setembre-2025-calella\/#primaryimage\"},\"thumbnailUrl\":\"https:\/\/hotelbernatcalella.com\/wp-content\/uploads\/2025\/05\/faro-playas-calella.webp\",\"datePublished\":\"2025-09-02T16:02:00+00:00\",\"dateModified\":\"2025-09-02T16:23:15+00:00\",\"author\":{\"@id\":\"https:\/\/hotelbernatcalella.com\/ca\/#\/schema\/person\/9d2f8f220d7bb3470c6b37263c1f3a6e\"},\"description\":\"Consulta tot el que t\u2019espera aquest mes de setembre a la nostra agenda completa i viu una experi\u00e8ncia inoblidable a l\u2019Hotel Bernat II.\",\"breadcrumb\":{\"@id\":\"https:\/\/hotelbernatcalella.com\/ca\/agenda-ca\/agenda-mensual-setembre-2025-calella\/#breadcrumb\"},\"inLanguage\":\"ca\",\"potentialAction\":[{\"@type\":\"ReadAction\",\"target\":[\"https:\/\/hotelbernatcalella.com\/ca\/agenda-ca\/agenda-mensual-setembre-2025-calella\/\"]}]},{\"@type\":\"ImageObject\",\"inLanguage\":\"ca\",\"@id\":\"https:\/\/hotelbernatcalella.com\/ca\/agenda-ca\/agenda-mensual-setembre-2025-calella\/#primaryimage\",\"url\":\"https:\/\/hotelbernatcalella.com\/wp-content\/uploads\/2025\/05\/faro-playas-calella.webp\",\"contentUrl\":\"https:\/\/hotelbernatcalella.com\/wp-content\/uploads\/2025\/05\/faro-playas-calella.webp\",\"width\":1920,\"height\":2560,\"caption\":\"far-platge-calella\"},{\"@type\":\"BreadcrumbList\",\"@id\":\"https:\/\/hotelbernatcalella.com\/ca\/agenda-ca\/agenda-mensual-setembre-2025-calella\/#breadcrumb\",\"itemListElement\":[{\"@type\":\"ListItem\",\"position\":1,\"name\":\"Portada\",\"item\":\"https:\/\/hotelbernatcalella.com\/ca\/\"},{\"@type\":\"ListItem\",\"position\":2,\"name\":\"Setembre 2025\"}]},{\"@type\":\"WebSite\",\"@id\":\"https:\/\/hotelbernatcalella.com\/ca\/#website\",\"url\":\"https:\/\/hotelbernatcalella.com\/ca\/\",\"name\":\"Hotel Bernat II & Spa Calella\",\"description\":\"Hotel en Calella\",\"alternateName\":\"Hotel Bernat II & Spa\",\"potentialAction\":[{\"@type\":\"SearchAction\",\"target\":{\"@type\":\"EntryPoint\",\"urlTemplate\":\"https:\/\/hotelbernatcalella.com\/ca\/?s={search_term_string}\"},\"query-input\":{\"@type\":\"PropertyValueSpecification\",\"valueRequired\":true,\"valueName\":\"search_term_string\"}}],\"inLanguage\":\"ca\"},{\"@type\":\"Person\",\"@id\":\"https:\/\/hotelbernatcalella.com\/ca\/#\/schema\/person\/9d2f8f220d7bb3470c6b37263c1f3a6e\",\"name\":\"admin_bernat\",\"image\":{\"@type\":\"ImageObject\",\"inLanguage\":\"ca\",\"@id\":\"https:\/\/hotelbernatcalella.com\/ca\/#\/schema\/person\/image\/\",\"url\":\"https:\/\/secure.gravatar.com\/avatar\/d85a368a0264070f0a07504f04fe3de78e2fedb7d0b7a9e875b30b569151e37e?s=96&d=mm&r=g\",\"contentUrl\":\"https:\/\/secure.gravatar.com\/avatar\/d85a368a0264070f0a07504f04fe3de78e2fedb7d0b7a9e875b30b569151e37e?s=96&d=mm&r=g\",\"caption\":\"admin_bernat\"},\"sameAs\":[\"https:\/\/hotelbernatcalella.com\"]}]}<\/script>\n<!-- \/ Yoast SEO plugin. -->","yoast_head_json":{"title":"Setembre 2025 | Hotel Bernat II","description":"Consulta tot el que t\u2019espera aquest mes de setembre a la nostra agenda completa i viu una experi\u00e8ncia inoblidable a l\u2019Hotel Bernat II.","robots":{"index":"index","follow":"follow","max-snippet":"max-snippet:-1","max-image-preview":"max-image-preview:large","max-video-preview":"max-video-preview:-1"},"canonical":"https:\/\/hotelbernatcalella.com\/ca\/agenda-ca\/agenda-mensual-setembre-2025-calella\/","og_locale":"ca_ES","og_type":"article","og_title":"Setembre 2025 | Hotel Bernat II","og_description":"Consulta tot el que t\u2019espera aquest mes de setembre a la nostra agenda completa i viu una experi\u00e8ncia inoblidable a l\u2019Hotel Bernat II.","og_url":"https:\/\/hotelbernatcalella.com\/ca\/agenda-ca\/agenda-mensual-setembre-2025-calella\/","og_site_name":"Hotel Bernat II","article_published_time":"2025-09-02T16:02:00+00:00","article_modified_time":"2025-09-02T16:23:15+00:00","og_image":[{"width":1920,"height":2560,"url":"https:\/\/hotelbernatcalella.com\/wp-content\/uploads\/2025\/05\/faro-playas-calella.webp","type":"image\/webp"}],"author":"admin_bernat","twitter_card":"summary_large_image","twitter_misc":{"Escrit per":"admin_bernat","Temps estimat de lectura":"5 minuts"},"schema":{"@context":"https:\/\/schema.org","@graph":[{"@type":"Article","@id":"https:\/\/hotelbernatcalella.com\/ca\/agenda-ca\/agenda-mensual-setembre-2025-calella\/#article","isPartOf":{"@id":"https:\/\/hotelbernatcalella.com\/ca\/agenda-ca\/agenda-mensual-setembre-2025-calella\/"},"author":{"name":"admin_bernat","@id":"https:\/\/hotelbernatcalella.com\/ca\/#\/schema\/person\/9d2f8f220d7bb3470c6b37263c1f3a6e"},"headline":"Setembre 2025","datePublished":"2025-09-02T16:02:00+00:00","dateModified":"2025-09-02T16:23:15+00:00","mainEntityOfPage":{"@id":"https:\/\/hotelbernatcalella.com\/ca\/agenda-ca\/agenda-mensual-setembre-2025-calella\/"},"wordCount":971,"image":{"@id":"https:\/\/hotelbernatcalella.com\/ca\/agenda-ca\/agenda-mensual-setembre-2025-calella\/#primaryimage"},"thumbnailUrl":"https:\/\/hotelbernatcalella.com\/wp-content\/uploads\/2025\/05\/faro-playas-calella.webp","keywords":["Agenda mensual"],"articleSection":["Agenda Mensual"],"inLanguage":"ca"},{"@type":"WebPage","@id":"https:\/\/hotelbernatcalella.com\/ca\/agenda-ca\/agenda-mensual-setembre-2025-calella\/","url":"https:\/\/hotelbernatcalella.com\/ca\/agenda-ca\/agenda-mensual-setembre-2025-calella\/","name":"Setembre 2025 | Hotel Bernat II","isPartOf":{"@id":"https:\/\/hotelbernatcalella.com\/ca\/#website"},"primaryImageOfPage":{"@id":"https:\/\/hotelbernatcalella.com\/ca\/agenda-ca\/agenda-mensual-setembre-2025-calella\/#primaryimage"},"image":{"@id":"https:\/\/hotelbernatcalella.com\/ca\/agenda-ca\/agenda-mensual-setembre-2025-calella\/#primaryimage"},"thumbnailUrl":"https:\/\/hotelbernatcalella.com\/wp-content\/uploads\/2025\/05\/faro-playas-calella.webp","datePublished":"2025-09-02T16:02:00+00:00","dateModified":"2025-09-02T16:23:15+00:00","author":{"@id":"https:\/\/hotelbernatcalella.com\/ca\/#\/schema\/person\/9d2f8f220d7bb3470c6b37263c1f3a6e"},"description":"Consulta tot el que t\u2019espera aquest mes de setembre a la nostra agenda completa i viu una experi\u00e8ncia inoblidable a l\u2019Hotel Bernat II.","breadcrumb":{"@id":"https:\/\/hotelbernatcalella.com\/ca\/agenda-ca\/agenda-mensual-setembre-2025-calella\/#breadcrumb"},"inLanguage":"ca","potentialAction":[{"@type":"ReadAction","target":["https:\/\/hotelbernatcalella.com\/ca\/agenda-ca\/agenda-mensual-setembre-2025-calella\/"]}]},{"@type":"ImageObject","inLanguage":"ca","@id":"https:\/\/hotelbernatcalella.com\/ca\/agenda-ca\/agenda-mensual-setembre-2025-calella\/#primaryimage","url":"https:\/\/hotelbernatcalella.com\/wp-content\/uploads\/2025\/05\/faro-playas-calella.webp","contentUrl":"https:\/\/hotelbernatcalella.com\/wp-content\/uploads\/2025\/05\/faro-playas-calella.webp","width":1920,"height":2560,"caption":"far-platge-calella"},{"@type":"BreadcrumbList","@id":"https:\/\/hotelbernatcalella.com\/ca\/agenda-ca\/agenda-mensual-setembre-2025-calella\/#breadcrumb","itemListElement":[{"@type":"ListItem","position":1,"name":"Portada","item":"https:\/\/hotelbernatcalella.com\/ca\/"},{"@type":"ListItem","position":2,"name":"Setembre 2025"}]},{"@type":"WebSite","@id":"https:\/\/hotelbernatcalella.com\/ca\/#website","url":"https:\/\/hotelbernatcalella.com\/ca\/","name":"Hotel Bernat II & Spa Calella","description":"Hotel en Calella","alternateName":"Hotel Bernat II & Spa","potentialAction":[{"@type":"SearchAction","target":{"@type":"EntryPoint","urlTemplate":"https:\/\/hotelbernatcalella.com\/ca\/?s={search_term_string}"},"query-input":{"@type":"PropertyValueSpecification","valueRequired":true,"valueName":"search_term_string"}}],"inLanguage":"ca"},{"@type":"Person","@id":"https:\/\/hotelbernatcalella.com\/ca\/#\/schema\/person\/9d2f8f220d7bb3470c6b37263c1f3a6e","name":"admin_bernat","image":{"@type":"ImageObject","inLanguage":"ca","@id":"https:\/\/hotelbernatcalella.com\/ca\/#\/schema\/person\/image\/","url":"https:\/\/secure.gravatar.com\/avatar\/d85a368a0264070f0a07504f04fe3de78e2fedb7d0b7a9e875b30b569151e37e?s=96&d=mm&r=g","contentUrl":"https:\/\/secure.gravatar.com\/avatar\/d85a368a0264070f0a07504f04fe3de78e2fedb7d0b7a9e875b30b569151e37e?s=96&d=mm&r=g","caption":"admin_bernat"},"sameAs":["https:\/\/hotelbernatcalella.com"]}]}},"loftoceanMetas":{"authorName":"admin_bernat","categories":[{"name":"Agenda Mensual","link":"https:\/\/hotelbernatcalella.com\/ca\/category\/agenda-ca\/","count":12}],"date":"2 de setembre de 2025","featuredImageSRC":"https:\/\/hotelbernatcalella.com\/wp-content\/uploads\/2025\/05\/faro-playas-calella-150x150.webp"},"_links":{"self":[{"href":"https:\/\/hotelbernatcalella.com\/ca\/wp-json\/wp\/v2\/posts\/18551","targetHints":{"allow":["GET"]}}],"collection":[{"href":"https:\/\/hotelbernatcalella.com\/ca\/wp-json\/wp\/v2\/posts"}],"about":[{"href":"https:\/\/hotelbernatcalella.com\/ca\/wp-json\/wp\/v2\/types\/post"}],"author":[{"embeddable":true,"href":"https:\/\/hotelbernatcalella.com\/ca\/wp-json\/wp\/v2\/users\/1"}],"replies":[{"embeddable":true,"href":"https:\/\/hotelbernatcalella.com\/ca\/wp-json\/wp\/v2\/comments?post=18551"}],"version-history":[{"count":0,"href":"https:\/\/hotelbernatcalella.com\/ca\/wp-json\/wp\/v2\/posts\/18551\/revisions"}],"wp:featuredmedia":[{"embeddable":true,"href":"https:\/\/hotelbernatcalella.com\/ca\/wp-json\/wp\/v2\/media\/15288"}],"wp:attachment":[{"href":"https:\/\/hotelbernatcalella.com\/ca\/wp-json\/wp\/v2\/media?parent=18551"}],"wp:term":[{"taxonomy":"category","embeddable":true,"href":"https:\/\/hotelbernatcalella.com\/ca\/wp-json\/wp\/v2\/categories?post=18551"},{"taxonomy":"post_tag","embeddable":true,"href":"https:\/\/hotelbernatcalella.com\/ca\/wp-json\/wp\/v2\/tags?post=18551"}],"curies":[{"name":"wp","href":"https:\/\/api.w.org\/{rel}","templated":true}]}}