{"id":13061,"date":"2025-03-31T13:16:01","date_gmt":"2025-03-31T13:16:01","guid":{"rendered":"https:\/\/www.hotelbernatcalella.com\/no-category-en\/abril-2025\/"},"modified":"2025-03-31T14:53:22","modified_gmt":"2025-03-31T14:53:22","slug":"agenda-mensual-abril-2025-calella","status":"publish","type":"post","link":"https:\/\/hotelbernatcalella.com\/ca\/agenda-ca\/agenda-mensual-abril-2025-calella\/","title":{"rendered":"Abril 2025"},"content":{"rendered":"\t\t<div data-elementor-type=\"wp-post\" data-elementor-id=\"13061\" class=\"elementor elementor-13061 elementor-13043\" data-elementor-post-type=\"post\">\n\t\t\t\t<div class=\"elementor-element elementor-element-036eec9 e-flex e-con-boxed e-con e-parent\" data-id=\"036eec9\" data-element_type=\"container\" data-e-type=\"container\">\n\t\t\t\t\t<div class=\"e-con-inner\">\n\t\t\t\t<div class=\"elementor-element elementor-element-6f427fb elementor-widget elementor-widget-text-editor\" data-id=\"6f427fb\" data-element_type=\"widget\" data-e-type=\"widget\" data-widget_type=\"text-editor.default\">\n\t\t\t\t\t\t\t\t\t<h1><strong><span style=\"color: #91ccd4;\">Agenda mensual d&#8217;Abril 2025 a Calella<\/span><\/strong><\/h1><p><span style=\"font-weight: 400;\">Durant el mes d&#8217;abril, Calella s&#8217;omple de vida amb la celebraci\u00f3 de la Setmana Santa i l&#8217;esperada festivitat de Sant Jordi. \u00c9s un moment perfecte per gaudir de l&#8217;encant d&#8217;aquesta ciutat costanera del Maresme, on les processons, les tradicions i l&#8217;ambient festiu es combinen amb l&#8217;arribada del bon temps. Passejar pels carrers adornats amb roses i llibres, relaxar-se a les platges mediterr\u00e0nies i submergir-se en la seva rica cultura fan d&#8217;abril un mes especial per descobrir tot el que Calella t\u00e9 per oferir.<\/span><\/p><p><span style=\"font-weight: 400;\">El <\/span><a href=\"https:\/\/www.hotelbernatcalella.com\/ca\"><span style=\"font-weight: 400;\">Hotel Bernat II<\/span><\/a><span style=\"font-weight: 400;\"> et convida a visitar-nos de la m\u00e0 de la teva fam\u00edlia, parella o amics perqu\u00e8 puguis descobrir la cultura i les tradicions de la nostra ciutat. Si us interessa saber com se celebra l&#8217;abril a Calella, descobriu aqu\u00ed l&#8217;agenda mensual del mes, plena d&#8217;espectacles, concerts, esdeveniments esportius i celebracions.<\/span><\/p><h2><span style=\"color: #a4adac;\"><strong>Programaci\u00f3 d&#8217;Abril 2025<\/strong><\/span><\/h2><ul><li style=\"font-weight: 400;\" aria-level=\"1\"><h3><strong>Llocs d&#8217;inter\u00e8s:<\/strong><\/h3><\/li><\/ul><p><b>Museu del Turisme<\/b><\/p><p><span style=\"font-weight: 400;\">Horaris: Dissabtes, de<\/span><b>17.00 h<\/b><span style=\"font-weight: 400;\"> a <\/span><b>20.00 h<\/b><span style=\"font-weight: 400;\">. Diumenges i festius de <\/span><b>11:00<\/b><span style=\"font-weight: 400;\"> a <\/span><b>18:00 h<\/b><span style=\"font-weight: 400;\">. Preus: visita normal 2\u20ac. Visita redu\u00efda 1\u20ac. El primer diumenge de mes l\u00b4entrada \u00e9s gratu\u00efta.<\/span><\/p><p><b>Sala d&#8217;Exposicions de l&#8217;Ajuntament Vell<\/b><\/p><p><span style=\"font-weight: 400;\">Horaris: De dilluns a divendres. De <\/span><b>10:00<\/b><span style=\"font-weight: 400;\"> a <\/span><b>14:00 h<\/b><span style=\"font-weight: 400;\">. De dimarts a dissabte de 17.00 a 20.00 h. Diumenges i festius de 11.00 a 14.00 h. Entrada gratu\u00efta.<\/span><\/p><p><b>Centre d&#8217;Interpretaci\u00f3 del Far de Calella<\/b><\/p><p><span style=\"font-weight: 400;\">Dissabtes, diumenges i festius de <\/span><b>10.00 h <\/b><span style=\"font-weight: 400;\">a<\/span><b> 14.00 h<\/b><span style=\"font-weight: 400;\">. Preus: visita normal 2\u20ac. Visita redu\u00efda 1\u20ac. El primer diumenge de mes l\u00b4entrada \u00e9s gratu\u00efta.<\/span><\/p><p><b>Refugi Antiaeri del Parc Dalmau. Parc Dalmau (zona de gronxadors).<\/b><\/p><p><span style=\"font-weight: 400;\">Dissabtes, diumenges i festius de <\/span><b>10.00 h <\/b><span style=\"font-weight: 400;\">a<\/span><b> 14.00 h<\/b><span style=\"font-weight: 400;\">. Preus: visita normal 1\u20ac. Visita redu\u00efda 0.5\u20ac. El primer diumenge de mes l\u00b4entrada \u00e9s gratu\u00efta.<\/span><\/p><p><b>Capilla de Sant Quirze y Santa Julita (Calle de Francesc Bartrina, 18)<\/b><\/p><p><span style=\"font-weight: 400;\">Horaris: De dimarts a dissabte de <\/span><b>17.00 h <\/b><span style=\"font-weight: 400;\">a<\/span><b> 20.00 h<\/b><span style=\"font-weight: 400;\">. Diumenges i festius, de<\/span><b>11.00 h <\/b><span style=\"font-weight: 400;\">a<\/span><b> 14.00 h<\/b><span style=\"font-weight: 400;\">.<\/span><\/p><p><span style=\"font-weight: 400;\">Visites guiades per a grups en catal\u00e0, castell\u00e0, angl\u00e8s i franc\u00e8s, per a m\u00e9s informaci\u00f3 i reserves cal enviar un correu a <\/span><a href=\"mailto:fernandezcl@calella.cat\"><span style=\"font-weight: 400;\">fernandezcl@calella.cat<\/span><\/a><span style=\"font-weight: 400;\">.<\/span><\/p><p><b>Biblioteca Municipal Can Salvador de la Pla\u00e7a<\/b><\/p><p><span style=\"font-weight: 400;\">Del 8 d&#8217;abril al 30 de maig: Exposici\u00f3 solid\u00e0ria per a la Fundaci\u00f3 Miquel Valls per la lluita contra L&#8217;ELA Acc\u00e9s gratu\u00eft. Horaris dilluns i dimecres de <\/span><b>15:30<\/b><span style=\"font-weight: 400;\"> a <\/span><b>20:00 h<\/b><span style=\"font-weight: 400;\">. Dimarts i dijous de <\/span><b>10.30<\/b><span style=\"font-weight: 400;\"> a <\/span><b>13.00 h <\/b><span style=\"font-weight: 400;\">i de <\/span><b>15.30<\/b><span style=\"font-weight: 400;\"> a <\/span><b>20.00 h<\/b><span style=\"font-weight: 400;\">. Dissabtes de 10:00 a 13:30.<\/span><\/p><p>\u00a0<\/p><ul><li style=\"font-weight: 400;\" aria-level=\"1\"><h3><strong>Activitats:<\/strong><\/h3><\/li><\/ul><p><span style=\"font-weight: 400;\">Dilluns, 7, 14 i 28 de <\/span><b>09.30 <\/b><span style=\"font-weight: 400;\">a <\/span><b>11.00 h<\/b><span style=\"font-weight: 400;\">, al Parc Dalmau: Taich\u00ed. Ho organitza: Associaci\u00f3 Calella-Marxa. Per a m\u00e9s informaci\u00f3, truqueu al tel\u00e8fon: 655 81 20 07.<\/span><\/p><p><span style=\"font-weight: 400;\">Tots els dimarts, dijous i dissabtes a les <\/span><b>07.30 h<\/b><span style=\"font-weight: 400;\">, des del Camp de Futbol de Mar: Rutes pels voltants de Calella. Ho organitza: Associaci\u00f3 Calella-Marxa. Per a m\u00e9s informaci\u00f3, truqueu al tel\u00e8fon: 655 81 20 07.<\/span><\/p><p><b>FESTIMATGE 20a edici\u00f3 Festimatge<\/b><span style=\"font-weight: 400;\"> &#8211; Festival de la Imatge de Calella:<\/span><\/p><p><span style=\"font-weight: 400;\">Foto-film Calella &#8211; Sala Polivalent de la F\u00e0brica Llobet Guri: Del 5 d&#8217;abril al 4 de maig: Exposicions de fotografia del Festimatge 2025. Acc\u00e9s gratu\u00eft. De dimarts a divendres de 17.00 a 21.30 h. Dissabte, diumenge i festius de 11.00 a 14.00 hi de 17.00 a 21.30 h.<\/span><\/p><p><span style=\"font-weight: 400;\">Visites guiades a les exposicions de fotografia: Diumenge 6 a les 18 hores i tots els altres diumenges a les 12 i 18 hores, a la F\u00e0brica Llobeti Guri. Reserves tel. 646 653 502. Projecci\u00f3 dels Curtmetratges del 31 Trofeu Torretes. Dies 10, 11, 17, 18, 24 i 25 d&#8217;abril a les 20.30 h, a la sala Mozart. M\u00e9s informaci\u00f3 a <\/span><a href=\"https:\/\/www.festimatge.org\"><span style=\"font-weight: 400;\">www.festimatge.org<\/span><\/a><span style=\"font-weight: 400;\">.<\/span><\/p><h2><span style=\"color: #a4adac;\"><strong>\u00a0<\/strong><\/span><\/h2><p><b>DISSABTE, 5 D&#8217;ABRIL<\/b><\/p><p><b>10.00 \u2013 20.00 h<\/b><span style=\"font-weight: 400;\">, a la pla\u00e7a de l&#8217;Esgl\u00e9sia, Mercat Solidari. 20.45 h, a la pla\u00e7a de l&#8217;Ajuntament, Videomapping, 20 anys del Festival Festimatge.<\/span><\/p><p><b>21.00 h<\/b><span style=\"font-weight: 400;\">, a la Sala Mozart, ESCENA CALELLA \u2013 Espectacle de m\u00e0gia: \u201cStrafalari\u201d amb Mag Lari. Venda d&#8217;entrades a <\/span><a href=\"https:\/\/www.entrapolis.com\"><span style=\"font-weight: 400;\">www.entrapolis.com<\/span><\/a><span style=\"font-weight: 400;\">.<\/span><\/p><p><b>DIUMENGE, 6 D&#8217;ABRIL<\/b><\/p><p><b>10.00 \u2013 14.00 h<\/b><span style=\"font-weight: 400;\">, al Passeig Manuel Puigvert, Trobades d&#8217;intercanvi i col\u00b7leccionisme.<\/span><\/p><p><b>DIVENDRES, 11 D&#8217;ABRIL<\/b><\/p><p><b>09.00 &#8211; 12.30 h<\/b><span style=\"font-weight: 400;\">, al Parc Dalmau, Festival de dansa dels nens de l&#8217;escola La Minerva, balls catalans tradicionals per donar la benvinguda a la primavera.<\/span><\/p><p><b>DISSABTE, 12 D&#8217;ABRIL<\/b><\/p><p><b>09.00 h<\/b><span style=\"font-weight: 400;\">, al Pavell\u00f3 de b\u00e0squet al Parc Dalmau, Open de Patinatge.<\/span><\/p><p><b>10.00 \u2013 14.00 h<\/b><span style=\"font-weight: 400;\">, al Local social de Foto-Film Calella a la F\u00e0brica Llobet-Guri (2n pis). Taller: &#8220;Hist\u00f2ries secund\u00e0ries&#8221;, a c\u00e0rrec de David Salcedo.<\/span><\/p><p><b>11.00 h<\/b><span style=\"font-weight: 400;\">, a la pla\u00e7a del mercat, Taller per als nens.<\/span><\/p><p><b>DIUMENGE, 13 D&#8217;ABRIL<\/b><\/p><p><b>10.00 h<\/b><span style=\"font-weight: 400;\">, en el Paseo Manuel Puigvert, Diada del Club B\u00e0squet Calella.<\/span><\/p><p><b>11.00 h<\/b><span style=\"font-weight: 400;\">, pla\u00e7a de l&#8217;Esgl\u00e9sia. Sortida de la process\u00f3 del Burret pel portal gran de l&#8217;Esgl\u00e9sia. A les 12.00 h, Diumenge de Rams, benedicci\u00f3 de palmells i rams.<\/span><\/p><p><b>DIVENDRES, 18 D&#8217;ABRIL<\/b><\/p><p><b>09.00 h<\/b><span style=\"font-weight: 400;\">, al Pavell\u00f3 del Parc Dalmau, Torneig Handbol. Ho organitza: UEHC.<\/span><\/p><p><b>10.00 h<\/b><span style=\"font-weight: 400;\">, a la pla\u00e7a de l&#8217;Esgl\u00e9sia, Via Crucis amb inici al portal de Sant Pere.<\/span><\/p><p><b>11.00 a 19.00 h<\/b><span style=\"font-weight: 400;\">, a la pla\u00e7a Espanya, 32a Bunyolada popular.<\/span><\/p><p><b>18.00 h<\/b><span style=\"font-weight: 400;\">, a l&#8217;esgl\u00e9sia de Santa Maria i Sant Nicolau, Ofici de Divendres Sant.<\/span><\/p><p><b>19.15 h<\/b><span style=\"font-weight: 400;\">, a la Capella de Sant Quirze i Santa Julita, concert de Setmana Santa, a c\u00e0rrec de la Coral Laetare. Entrada lliure i gratu\u00efta. Taquilla inversa.<\/span><\/p><p><b>19.45 h<\/b><span style=\"font-weight: 400;\">, des de la pla\u00e7a de l&#8217;Esgl\u00e9sia, Sortida dels Armats de la Confraria de Setmana Santa amb recorregut des de la pla\u00e7a de l&#8217;Esgl\u00e9sia, pels carrers Esgl\u00e9sia, Sant Josep, Jovara, Bartrina, pla\u00e7a Ajuntament i Bisbe Sivilla fins a l&#8217;Esgl\u00e9sia.<\/span><\/p><p><b>20.30 h<\/b><span style=\"font-weight: 400;\">, des del portal gran de l&#8217;Esgl\u00e9sia: Process\u00f3 de la Llum i del Silenci, amb la imatge de la Verge dels Dolors. Pels carrers Roman\u00ed, Esgl\u00e9sia, Batlle, Jovara, Escoles Pies, pla\u00e7a de l&#8217;Ajuntament i Bisbe Sivilla fins a l&#8217;Esgl\u00e9sia.<\/span><\/p><p><b>DISSABTE, 19 D&#8217;ABRIL<\/b><\/p><p><b>09.00 h<\/b><span style=\"font-weight: 400;\">, al Pavell\u00f3 del Parc Dalmau, Torneig Handbol. Ho organitza: UEHC.<\/span><\/p><p><b>10.00 \u2013 18.00 h<\/b><span style=\"font-weight: 400;\">, a la xarxa social local de Foto-Film Calella a la f\u00e0brica Llobet-Guri (2a planta), Taller: \u201cIA + FOTOGRAF = FOTOGRAFIA2\u201d.<\/span><\/p><p><b>22.00 h<\/b><span style=\"font-weight: 400;\">, a l&#8217;Esgl\u00e9sia de Santa Maria i Sant Nicolau, vetlla Pasqual.<\/span><\/p><p><b>DIUMENGE, 20 D&#8217;ABRIL<\/b><\/p><p><b>09.00 h<\/b><span style=\"font-weight: 400;\">, al Pavell\u00f3 del Parc Dalmau, Torneig Handbol. Ho organitza: UEHC.<\/span><\/p><p><b>12.00 h<\/b><span style=\"font-weight: 400;\">, a la pla\u00e7a de l&#8217;Ajuntament: Audici\u00f3 de sardanes amb la Cobla La Principal del Llobregat.<\/span><\/p><p><b>13.00 h<\/b><span style=\"font-weight: 400;\">, Parr\u00f2quia de Santa Maria i Sant Nicolau: process\u00f3 amb la imatge de la Verge Joiosa i l&#8217;\u00c0ngel, pels carrers Bisbe Sivilla fins a la pla\u00e7a de l&#8217;Ajuntament ia les<\/span><b>13.15 h<\/b><span style=\"font-weight: 400;\">, des del balc\u00f3 de l&#8217;Ajuntament, Cant de l&#8217;\u00c0ngel amb la veu de Carla Verdura.<\/span><\/p><p><b>DIMECRES, 23 D&#8217;ABRIL (SANT JORDI)<\/b><\/p><p><b>09.00 a 20.00 h<\/b><span style=\"font-weight: 400;\">, Pla\u00e7a de l&#8217;esgl\u00e9sia i de l&#8217;Ajuntament: Fira del llibre i la rosa de Sant Jordi.<\/span><\/p><p><b>DIJOUS, 24 D&#8217;ABRIL<\/b><\/p><p><b>17.30 h<\/b><span style=\"font-weight: 400;\">, a la F\u00e0brica Llobet-Guri, Revetlla de Sant Jordi de les Persones Majors ia les<\/span><b> 18.00 h<\/b><span style=\"font-weight: 400;\">, ball de Sant Jordi amb m\u00fasica en directe.<\/span><\/p><p><b>DIVENDRES, 25 D&#8217;ABRIL<\/b><\/p><p><b>17.30 h<\/b><span style=\"font-weight: 400;\">, a l&#8217;Esgl\u00e9sia de Santa Maria i Sant Nicolau, Concert del Catalonia International Choir Festival. Organitza parr\u00f2quia de Calella.<\/span><\/p><p><b>18.00 h<\/b><span style=\"font-weight: 400;\">, al carrer Esgl\u00e9sia,microdanses pel Dia Internacional de la Dansa.<\/span><\/p><p><b>18.45 h<\/b><span style=\"font-weight: 400;\">, al carrer Esgl\u00e9sia cantonada amb Sant Josep, passada de microball de salsa per Ivonne Cabu.<\/span><\/p><p><span style=\"font-weight: 400;\">A les <\/span><b>19.30 h<\/b><span style=\"font-weight: 400;\">, al carrer Esgl\u00e9sia cantonada amb Cervantes, passi de microdansa amb danses urbanes \u201cCorroloco\u201d.<\/span><\/p><p><b>DISSABTE, 26 D&#8217;ABRIL<\/b><\/p><p><b>10.00 &#8211; 14.00 h<\/b><span style=\"font-weight: 400;\">, Foto-Film Calella a la F\u00e0brica Llobet i Guri (2n pis), Taller: &#8220;La visi\u00f3 del carrer&#8221;.<\/span><\/p><p><b>12.00 h<\/b><span style=\"font-weight: 400;\">, a la pla\u00e7a de l&#8217;Ajuntament, taller de salsa a c\u00e0rrec de Yvonne Cabu. Amb motiu del Dia Internacional de la Dansa 2025. En cas de pluja es realitzar\u00e0 a la Sala Polivalent de la F\u00e0brica Llobet-Guri. Ho organitza: Associaci\u00f3 3 al Cub. Per a m\u00e9s informaci\u00f3 a Instagram: @3alcub.dansa<\/span><\/p><p><b>17.30 h<\/b><span style=\"font-weight: 400;\">, a la pla\u00e7a de l&#8217;Ajuntament, taller de Tap i ritmes a c\u00e0rrec d&#8217;Ivan Bouchain. Amb motiu del Dia Internacional de la Dansa 2025. En cas de pluja es realitzar\u00e0 a la Sala Polivalent de la F\u00e0brica Llobet-Guri. Ho organitza: Associaci\u00f3 3 al Cub. Per a m\u00e9s informaci\u00f3 a Instagram @3alcub.dansa.<\/span><\/p><p><b>19.00 h<\/b><span style=\"font-weight: 400;\">, al Teatre Orfe\u00f3, Gala &#8220;20 anys de Festimatge&#8221;.<\/span><\/p><p><b>20.15 h<\/b><span style=\"font-weight: 400;\">, a la Sala Mozart, Gran Gala de Dansa pel DID\u201925 (Dia Internacional de la Dansa). Venda anticipada d&#8217;entrades a entrapolis.com a 5\u20ac entrada general ia 4\u20ac socis Club Escena Calella, jubilats i joves fins a 29 anys. Ho organitza: Associaci\u00f3 3 al Cub. Per a m\u00e9s informaci\u00f3 a Instagram @3alcub.dansa.<\/span><\/p><p><b>DIUMENGE, 27 D&#8217;ABRIL<\/b><\/p><p><b>10.00 \u2013 14.00 h<\/b><span style=\"font-weight: 400;\">, a la F\u00e0brica Llobet i Guri, Mercat o intercanvi del col\u00b7leccionista de fotografia.<\/span><\/p><p><b>11.00 h<\/b><span style=\"font-weight: 400;\">, a la pla\u00e7a de l&#8217;Ajuntament, taller de danses urbanes a c\u00e0rrec de Jessica Guerrero. Amb motiu del Dia Internacional de la Dansa 2025. En cas de pluja es realitzar\u00e0 a la Sala Polivalent de la F\u00e0brica Llobet-Guri. Per a m\u00e9s informaci\u00f3 a Instagram @3alcub.dansa.<\/span><\/p><p><b>12.15 h<\/b><span style=\"font-weight: 400;\">, a la pla\u00e7a de l&#8217;Ajuntament, Gala Matinal de Dansa del DID\u201925. En cas de pluja es far\u00e0 a la Sala Polivalent de la F\u00e0brica Llobet-Guri. Ho organitza: Associaci\u00f3 3 al Cub. Per a m\u00e9s informaci\u00f3 a Instagram @3alcub.dansa.<\/span><\/p><p><b>18.00 h<\/b><span style=\"font-weight: 400;\">, a l&#8217;Esgl\u00e9sia de Santa Maria i Sant Nicolau, concert de la Coral Irlandesa Danny Rae Mathias.<\/span><\/p><p><b>DIMARTS, 29 D&#8217;ABRIL<\/b><\/p><p><b>18.00 h<\/b><span style=\"font-weight: 400;\">, a la pla\u00e7a de l&#8217;Ajuntament, taller de barra de ballet. Amb motiu del Dia Internacional de la Dansa 2025. En cas de pluja es realitzar\u00e0 a la Sala Polivalent de la F\u00e0brica Llobet-Guri. Ho organitza: Associaci\u00f3 3 al Cub. Per a m\u00e9s informaci\u00f3 Instagram a @3alcub.dansa.<\/span><\/p>\t\t\t\t\t\t\t\t<\/div>\n\t\t\t\t\t<\/div>\n\t\t\t\t<\/div>\n\t\t\t\t<\/div>\n\t\t","protected":false},"excerpt":{"rendered":"<p>Agenda mensual d&#8217;Abril 2025 a Calella Durant el mes d&#8217;abril, Calella s&#8217;omple de vida amb la celebraci\u00f3 de la Setmana Santa i l&#8217;esperada festivitat de Sant Jordi. \u00c9s un moment perfecte per gaudir de l&#8217;encant d&#8217;aquesta ciutat costanera del Maresme, on les processons, les tradicions i l&#8217;ambient festiu es combinen amb l&#8217;arribada del bon temps. &#8230;<\/p>\n","protected":false},"author":1,"featured_media":15295,"comment_status":"closed","ping_status":"closed","sticky":false,"template":"","format":"standard","meta":{"loftocean_post_format_gallery":"","loftocean_post_format_gallery_ids":"","loftocean_post_format_gallery_urls":"","loftocean_post_format_video_id":0,"loftocean_post_format_video_url":"","loftocean_post_format_video_type":"","loftocean_post_format_video":"","loftocean_post_format_audio_type":"","loftocean_post_format_audio_url":"","loftocean_post_format_audio_id":0,"loftocean_post_format_audio":"","loftocean-like-count":0,"cozystay_single_post_hide_site_header":"","cozystay_single_post_site_header_source":"","cozystay_single_post_custom_site_header":"0","cozystay_single_post_custom_sticky_site_header":"0","cozystay_single_post_hide_page_title":"","cozystay_single_post_site_footer_hide_main":"","cozystay_single_custom_site_footer_main_source":"","cozystay_single_custom_site_footer_main":"0","cozystay_single_post_site_footer_hide_above":"","cozystay_single_custom_site_footer_above_source":"","cozystay_single_custom_site_footer_above":"0","cozystay_single_post_site_footer_hide_instagram":"","cozystay_single_post_site_footer_hide_bottom":"","cozystay_single_custom_mobile_menu_source":"","cozystay_single_custom_mobile_menu":"0","cozystay_single_custom_mobile_menu_animation":"","cozystay_single_custom_mobile_menu_width":"","cozystay_single_custom_mobile_menu_custom_width":375,"cozystay_single_post_template":"","footnotes":""},"categories":[444],"tags":[565],"class_list":["post-13061","post","type-post","status-publish","format-standard","has-post-thumbnail","hentry","category-agenda-ca","tag-agenda-mensual-ca"],"yoast_head":"<!-- This site is optimized with the Yoast SEO plugin v27.1.1 - https:\/\/yoast.com\/product\/yoast-seo-wordpress\/ -->\n<title>Abril 2025 | Hotel Bernat II<\/title>\n<meta name=\"description\" content=\"descobriu aqu\u00ed l&#039;agenda mensual del mes d&#039;abril, plena d&#039;espectacles, concerts, esdeveniments esportius i celebracions.\" \/>\n<meta name=\"robots\" content=\"index, follow, max-snippet:-1, max-image-preview:large, max-video-preview:-1\" \/>\n<link rel=\"canonical\" href=\"https:\/\/hotelbernatcalella.com\/ca\/agenda-ca\/agenda-mensual-abril-2025-calella\/\" \/>\n<meta property=\"og:locale\" content=\"ca_ES\" \/>\n<meta property=\"og:type\" content=\"article\" \/>\n<meta property=\"og:title\" content=\"Abril 2025 | Hotel Bernat II\" \/>\n<meta property=\"og:description\" content=\"descobriu aqu\u00ed l&#039;agenda mensual del mes d&#039;abril, plena d&#039;espectacles, concerts, esdeveniments esportius i celebracions.\" \/>\n<meta property=\"og:url\" content=\"https:\/\/hotelbernatcalella.com\/ca\/agenda-ca\/agenda-mensual-abril-2025-calella\/\" \/>\n<meta property=\"og:site_name\" content=\"Hotel Bernat II\" \/>\n<meta property=\"article:published_time\" content=\"2025-03-31T13:16:01+00:00\" \/>\n<meta property=\"article:modified_time\" content=\"2025-03-31T14:53:22+00:00\" \/>\n<meta property=\"og:image\" content=\"https:\/\/hotelbernatcalella.com\/wp-content\/uploads\/2025\/03\/torretas-calella-barcelona.webp\" \/>\n\t<meta property=\"og:image:width\" content=\"1080\" \/>\n\t<meta property=\"og:image:height\" content=\"1080\" \/>\n\t<meta property=\"og:image:type\" content=\"image\/webp\" \/>\n<meta name=\"author\" content=\"admin_bernat\" \/>\n<meta name=\"twitter:card\" content=\"summary_large_image\" \/>\n<meta name=\"twitter:label1\" content=\"Escrit per\" \/>\n\t<meta name=\"twitter:data1\" content=\"admin_bernat\" \/>\n\t<meta name=\"twitter:label2\" content=\"Temps estimat de lectura\" \/>\n\t<meta name=\"twitter:data2\" content=\"8 minuts\" \/>\n<script type=\"application\/ld+json\" class=\"yoast-schema-graph\">{\"@context\":\"https:\/\/schema.org\",\"@graph\":[{\"@type\":\"Article\",\"@id\":\"https:\/\/hotelbernatcalella.com\/ca\/agenda-ca\/agenda-mensual-abril-2025-calella\/#article\",\"isPartOf\":{\"@id\":\"https:\/\/hotelbernatcalella.com\/ca\/agenda-ca\/agenda-mensual-abril-2025-calella\/\"},\"author\":{\"name\":\"admin_bernat\",\"@id\":\"https:\/\/www.hotelbernatcalella.com\/ca\/#\/schema\/person\/9d2f8f220d7bb3470c6b37263c1f3a6e\"},\"headline\":\"Abril 2025\",\"datePublished\":\"2025-03-31T13:16:01+00:00\",\"dateModified\":\"2025-03-31T14:53:22+00:00\",\"mainEntityOfPage\":{\"@id\":\"https:\/\/hotelbernatcalella.com\/ca\/agenda-ca\/agenda-mensual-abril-2025-calella\/\"},\"wordCount\":1559,\"image\":{\"@id\":\"https:\/\/hotelbernatcalella.com\/ca\/agenda-ca\/agenda-mensual-abril-2025-calella\/#primaryimage\"},\"thumbnailUrl\":\"https:\/\/hotelbernatcalella.com\/wp-content\/uploads\/2025\/03\/torretas-calella-barcelona.webp\",\"keywords\":[\"Agenda mensual\"],\"articleSection\":[\"Agenda Mensual\"],\"inLanguage\":\"ca\"},{\"@type\":\"WebPage\",\"@id\":\"https:\/\/hotelbernatcalella.com\/ca\/agenda-ca\/agenda-mensual-abril-2025-calella\/\",\"url\":\"https:\/\/hotelbernatcalella.com\/ca\/agenda-ca\/agenda-mensual-abril-2025-calella\/\",\"name\":\"Abril 2025 | Hotel Bernat II\",\"isPartOf\":{\"@id\":\"https:\/\/www.hotelbernatcalella.com\/ca\/#website\"},\"primaryImageOfPage\":{\"@id\":\"https:\/\/hotelbernatcalella.com\/ca\/agenda-ca\/agenda-mensual-abril-2025-calella\/#primaryimage\"},\"image\":{\"@id\":\"https:\/\/hotelbernatcalella.com\/ca\/agenda-ca\/agenda-mensual-abril-2025-calella\/#primaryimage\"},\"thumbnailUrl\":\"https:\/\/hotelbernatcalella.com\/wp-content\/uploads\/2025\/03\/torretas-calella-barcelona.webp\",\"datePublished\":\"2025-03-31T13:16:01+00:00\",\"dateModified\":\"2025-03-31T14:53:22+00:00\",\"author\":{\"@id\":\"https:\/\/www.hotelbernatcalella.com\/ca\/#\/schema\/person\/9d2f8f220d7bb3470c6b37263c1f3a6e\"},\"description\":\"descobriu aqu\u00ed l'agenda mensual del mes d'abril, plena d'espectacles, concerts, esdeveniments esportius i celebracions.\",\"breadcrumb\":{\"@id\":\"https:\/\/hotelbernatcalella.com\/ca\/agenda-ca\/agenda-mensual-abril-2025-calella\/#breadcrumb\"},\"inLanguage\":\"ca\",\"potentialAction\":[{\"@type\":\"ReadAction\",\"target\":[\"https:\/\/hotelbernatcalella.com\/ca\/agenda-ca\/agenda-mensual-abril-2025-calella\/\"]}]},{\"@type\":\"ImageObject\",\"inLanguage\":\"ca\",\"@id\":\"https:\/\/hotelbernatcalella.com\/ca\/agenda-ca\/agenda-mensual-abril-2025-calella\/#primaryimage\",\"url\":\"https:\/\/hotelbernatcalella.com\/wp-content\/uploads\/2025\/03\/torretas-calella-barcelona.webp\",\"contentUrl\":\"https:\/\/hotelbernatcalella.com\/wp-content\/uploads\/2025\/03\/torretas-calella-barcelona.webp\",\"width\":1080,\"height\":1080,\"caption\":\"torretas-calella-barcelona\"},{\"@type\":\"BreadcrumbList\",\"@id\":\"https:\/\/hotelbernatcalella.com\/ca\/agenda-ca\/agenda-mensual-abril-2025-calella\/#breadcrumb\",\"itemListElement\":[{\"@type\":\"ListItem\",\"position\":1,\"name\":\"Portada\",\"item\":\"https:\/\/hotelbernatcalella.com\/ca\/\"},{\"@type\":\"ListItem\",\"position\":2,\"name\":\"Abril 2025\"}]},{\"@type\":\"WebSite\",\"@id\":\"https:\/\/www.hotelbernatcalella.com\/ca\/#website\",\"url\":\"https:\/\/www.hotelbernatcalella.com\/ca\/\",\"name\":\"Hotel Bernat II & Spa Calella\",\"description\":\"Hotel en Calella\",\"alternateName\":\"Hotel Bernat II & Spa\",\"potentialAction\":[{\"@type\":\"SearchAction\",\"target\":{\"@type\":\"EntryPoint\",\"urlTemplate\":\"https:\/\/www.hotelbernatcalella.com\/ca\/?s={search_term_string}\"},\"query-input\":{\"@type\":\"PropertyValueSpecification\",\"valueRequired\":true,\"valueName\":\"search_term_string\"}}],\"inLanguage\":\"ca\"},{\"@type\":\"Person\",\"@id\":\"https:\/\/www.hotelbernatcalella.com\/ca\/#\/schema\/person\/9d2f8f220d7bb3470c6b37263c1f3a6e\",\"name\":\"admin_bernat\",\"image\":{\"@type\":\"ImageObject\",\"inLanguage\":\"ca\",\"@id\":\"https:\/\/www.hotelbernatcalella.com\/ca\/#\/schema\/person\/image\/\",\"url\":\"https:\/\/secure.gravatar.com\/avatar\/d85a368a0264070f0a07504f04fe3de78e2fedb7d0b7a9e875b30b569151e37e?s=96&d=mm&r=g\",\"contentUrl\":\"https:\/\/secure.gravatar.com\/avatar\/d85a368a0264070f0a07504f04fe3de78e2fedb7d0b7a9e875b30b569151e37e?s=96&d=mm&r=g\",\"caption\":\"admin_bernat\"},\"sameAs\":[\"https:\/\/hotelbernatcalella.com\"]}]}<\/script>\n<!-- \/ Yoast SEO plugin. -->","yoast_head_json":{"title":"Abril 2025 | Hotel Bernat II","description":"descobriu aqu\u00ed l'agenda mensual del mes d'abril, plena d'espectacles, concerts, esdeveniments esportius i celebracions.","robots":{"index":"index","follow":"follow","max-snippet":"max-snippet:-1","max-image-preview":"max-image-preview:large","max-video-preview":"max-video-preview:-1"},"canonical":"https:\/\/hotelbernatcalella.com\/ca\/agenda-ca\/agenda-mensual-abril-2025-calella\/","og_locale":"ca_ES","og_type":"article","og_title":"Abril 2025 | Hotel Bernat II","og_description":"descobriu aqu\u00ed l'agenda mensual del mes d'abril, plena d'espectacles, concerts, esdeveniments esportius i celebracions.","og_url":"https:\/\/hotelbernatcalella.com\/ca\/agenda-ca\/agenda-mensual-abril-2025-calella\/","og_site_name":"Hotel Bernat II","article_published_time":"2025-03-31T13:16:01+00:00","article_modified_time":"2025-03-31T14:53:22+00:00","og_image":[{"width":1080,"height":1080,"url":"https:\/\/hotelbernatcalella.com\/wp-content\/uploads\/2025\/03\/torretas-calella-barcelona.webp","type":"image\/webp"}],"author":"admin_bernat","twitter_card":"summary_large_image","twitter_misc":{"Escrit per":"admin_bernat","Temps estimat de lectura":"8 minuts"},"schema":{"@context":"https:\/\/schema.org","@graph":[{"@type":"Article","@id":"https:\/\/hotelbernatcalella.com\/ca\/agenda-ca\/agenda-mensual-abril-2025-calella\/#article","isPartOf":{"@id":"https:\/\/hotelbernatcalella.com\/ca\/agenda-ca\/agenda-mensual-abril-2025-calella\/"},"author":{"name":"admin_bernat","@id":"https:\/\/www.hotelbernatcalella.com\/ca\/#\/schema\/person\/9d2f8f220d7bb3470c6b37263c1f3a6e"},"headline":"Abril 2025","datePublished":"2025-03-31T13:16:01+00:00","dateModified":"2025-03-31T14:53:22+00:00","mainEntityOfPage":{"@id":"https:\/\/hotelbernatcalella.com\/ca\/agenda-ca\/agenda-mensual-abril-2025-calella\/"},"wordCount":1559,"image":{"@id":"https:\/\/hotelbernatcalella.com\/ca\/agenda-ca\/agenda-mensual-abril-2025-calella\/#primaryimage"},"thumbnailUrl":"https:\/\/hotelbernatcalella.com\/wp-content\/uploads\/2025\/03\/torretas-calella-barcelona.webp","keywords":["Agenda mensual"],"articleSection":["Agenda Mensual"],"inLanguage":"ca"},{"@type":"WebPage","@id":"https:\/\/hotelbernatcalella.com\/ca\/agenda-ca\/agenda-mensual-abril-2025-calella\/","url":"https:\/\/hotelbernatcalella.com\/ca\/agenda-ca\/agenda-mensual-abril-2025-calella\/","name":"Abril 2025 | Hotel Bernat II","isPartOf":{"@id":"https:\/\/www.hotelbernatcalella.com\/ca\/#website"},"primaryImageOfPage":{"@id":"https:\/\/hotelbernatcalella.com\/ca\/agenda-ca\/agenda-mensual-abril-2025-calella\/#primaryimage"},"image":{"@id":"https:\/\/hotelbernatcalella.com\/ca\/agenda-ca\/agenda-mensual-abril-2025-calella\/#primaryimage"},"thumbnailUrl":"https:\/\/hotelbernatcalella.com\/wp-content\/uploads\/2025\/03\/torretas-calella-barcelona.webp","datePublished":"2025-03-31T13:16:01+00:00","dateModified":"2025-03-31T14:53:22+00:00","author":{"@id":"https:\/\/www.hotelbernatcalella.com\/ca\/#\/schema\/person\/9d2f8f220d7bb3470c6b37263c1f3a6e"},"description":"descobriu aqu\u00ed l'agenda mensual del mes d'abril, plena d'espectacles, concerts, esdeveniments esportius i celebracions.","breadcrumb":{"@id":"https:\/\/hotelbernatcalella.com\/ca\/agenda-ca\/agenda-mensual-abril-2025-calella\/#breadcrumb"},"inLanguage":"ca","potentialAction":[{"@type":"ReadAction","target":["https:\/\/hotelbernatcalella.com\/ca\/agenda-ca\/agenda-mensual-abril-2025-calella\/"]}]},{"@type":"ImageObject","inLanguage":"ca","@id":"https:\/\/hotelbernatcalella.com\/ca\/agenda-ca\/agenda-mensual-abril-2025-calella\/#primaryimage","url":"https:\/\/hotelbernatcalella.com\/wp-content\/uploads\/2025\/03\/torretas-calella-barcelona.webp","contentUrl":"https:\/\/hotelbernatcalella.com\/wp-content\/uploads\/2025\/03\/torretas-calella-barcelona.webp","width":1080,"height":1080,"caption":"torretas-calella-barcelona"},{"@type":"BreadcrumbList","@id":"https:\/\/hotelbernatcalella.com\/ca\/agenda-ca\/agenda-mensual-abril-2025-calella\/#breadcrumb","itemListElement":[{"@type":"ListItem","position":1,"name":"Portada","item":"https:\/\/hotelbernatcalella.com\/ca\/"},{"@type":"ListItem","position":2,"name":"Abril 2025"}]},{"@type":"WebSite","@id":"https:\/\/www.hotelbernatcalella.com\/ca\/#website","url":"https:\/\/www.hotelbernatcalella.com\/ca\/","name":"Hotel Bernat II & Spa Calella","description":"Hotel en Calella","alternateName":"Hotel Bernat II & Spa","potentialAction":[{"@type":"SearchAction","target":{"@type":"EntryPoint","urlTemplate":"https:\/\/www.hotelbernatcalella.com\/ca\/?s={search_term_string}"},"query-input":{"@type":"PropertyValueSpecification","valueRequired":true,"valueName":"search_term_string"}}],"inLanguage":"ca"},{"@type":"Person","@id":"https:\/\/www.hotelbernatcalella.com\/ca\/#\/schema\/person\/9d2f8f220d7bb3470c6b37263c1f3a6e","name":"admin_bernat","image":{"@type":"ImageObject","inLanguage":"ca","@id":"https:\/\/www.hotelbernatcalella.com\/ca\/#\/schema\/person\/image\/","url":"https:\/\/secure.gravatar.com\/avatar\/d85a368a0264070f0a07504f04fe3de78e2fedb7d0b7a9e875b30b569151e37e?s=96&d=mm&r=g","contentUrl":"https:\/\/secure.gravatar.com\/avatar\/d85a368a0264070f0a07504f04fe3de78e2fedb7d0b7a9e875b30b569151e37e?s=96&d=mm&r=g","caption":"admin_bernat"},"sameAs":["https:\/\/hotelbernatcalella.com"]}]}},"loftoceanMetas":{"authorName":"admin_bernat","categories":[{"name":"Agenda Mensual","link":"https:\/\/hotelbernatcalella.com\/ca\/category\/agenda-ca\/","count":12}],"date":"31 de mar\u00e7 de 2025","featuredImageSRC":"https:\/\/hotelbernatcalella.com\/wp-content\/uploads\/2025\/03\/torretas-calella-barcelona-150x150.webp"},"_links":{"self":[{"href":"https:\/\/hotelbernatcalella.com\/ca\/wp-json\/wp\/v2\/posts\/13061","targetHints":{"allow":["GET"]}}],"collection":[{"href":"https:\/\/hotelbernatcalella.com\/ca\/wp-json\/wp\/v2\/posts"}],"about":[{"href":"https:\/\/hotelbernatcalella.com\/ca\/wp-json\/wp\/v2\/types\/post"}],"author":[{"embeddable":true,"href":"https:\/\/hotelbernatcalella.com\/ca\/wp-json\/wp\/v2\/users\/1"}],"replies":[{"embeddable":true,"href":"https:\/\/hotelbernatcalella.com\/ca\/wp-json\/wp\/v2\/comments?post=13061"}],"version-history":[{"count":0,"href":"https:\/\/hotelbernatcalella.com\/ca\/wp-json\/wp\/v2\/posts\/13061\/revisions"}],"wp:featuredmedia":[{"embeddable":true,"href":"https:\/\/hotelbernatcalella.com\/ca\/wp-json\/wp\/v2\/media\/15295"}],"wp:attachment":[{"href":"https:\/\/hotelbernatcalella.com\/ca\/wp-json\/wp\/v2\/media?parent=13061"}],"wp:term":[{"taxonomy":"category","embeddable":true,"href":"https:\/\/hotelbernatcalella.com\/ca\/wp-json\/wp\/v2\/categories?post=13061"},{"taxonomy":"post_tag","embeddable":true,"href":"https:\/\/hotelbernatcalella.com\/ca\/wp-json\/wp\/v2\/tags?post=13061"}],"curies":[{"name":"wp","href":"https:\/\/api.w.org\/{rel}","templated":true}]}}