{"id":12594,"date":"2025-03-06T12:13:06","date_gmt":"2025-03-06T12:13:06","guid":{"rendered":"https:\/\/www.hotelbernatcalella.com\/no-category-en\/marzo-2025\/"},"modified":"2025-03-07T09:45:34","modified_gmt":"2025-03-07T09:45:34","slug":"agenda-mensual-marc-2025","status":"publish","type":"post","link":"https:\/\/hotelbernatcalella.com\/ca\/agenda-ca\/agenda-mensual-marc-2025\/","title":{"rendered":"Mar\u00e7 2025"},"content":{"rendered":"\t\t<div data-elementor-type=\"wp-post\" data-elementor-id=\"12594\" class=\"elementor elementor-12594 elementor-12571\" data-elementor-post-type=\"post\">\n\t\t\t\t<div class=\"elementor-element elementor-element-036eec9 e-flex e-con-boxed e-con e-parent\" data-id=\"036eec9\" data-element_type=\"container\" data-e-type=\"container\">\n\t\t\t\t\t<div class=\"e-con-inner\">\n\t\t\t\t<div class=\"elementor-element elementor-element-6f427fb elementor-widget elementor-widget-text-editor\" data-id=\"6f427fb\" data-element_type=\"widget\" data-e-type=\"widget\" data-widget_type=\"text-editor.default\">\n\t\t\t\t\t\t\t\t\t<h1><strong><span style=\"color: #91ccd4;\">Agenda mensual de Mar\u00e7 2025 a Calella<\/span><\/strong><\/h1><p>Durant el mes de mar\u00e7, la primavera i el bon temps tornen a visitar la ciutat de Calella. \u00c9s el moment ideal per passar les teves vacances a la costa mediterr\u00e0nia i descobrir aquesta ciutat costanera del Maresme, els seus racons, les seves platges i totes les activitats que t\u00e9 per oferir-te.<\/p><p>L&#8217;<a href=\"https:\/\/www.hotelbernatcalella.com\/ca\/\" target=\"_blank\" rel=\"noopener\">Hotel Bernat II<\/a> et convida a visitar-nos de la m\u00e0 de la teva fam\u00edlia, parella o amics perqu\u00e8 puguis descobrir la cultura i les tradicions de la nostra ciutat. Si t&#8217;interessa saber com se celebra el mes de mar\u00e7 a Calella, descobreix aqu\u00ed l&#8217;agenda mensual, plena d&#8217;espectacles, concerts, esdeveniments esportius i celebracions.<\/p><h2><span style=\"color: #a4adac;\"><strong>Programaci\u00f3 de Mar\u00e7 2025<\/strong><\/span><\/h2><p><strong>DIMECRES, 5 DE MAR\u00c7<\/strong><\/p><p>Carnaval <strong>18.15 h<\/strong>, a la pla\u00e7a Catalunya, concentraci\u00f3 de v\u00eddues per l\u2019Enterrament de la sardina. A les <strong>18.30 h<\/strong>, inici de la cercavila pels carrers Cervantes, Esgl\u00e9sia, fins a la pla\u00e7a de l\u2019Esgl\u00e9sia.<\/p><p><strong>DIVENDRES, 7 DE MAR\u00c7<\/strong><\/p><p><strong>22.00 h<\/strong>, al caf\u00e8 de la Sala Mozart (Esgl\u00e9sia, 91), 26a edici\u00f3 CAF\u00c8 JAZZ A CALELLA: concert amb Lucas Mart\u00ednez (saxo), Isabel Membrilla (piano), C\u00e8sar Mart\u00ednez (bateria) i Toni Pujol (contrabaix). Aforament limitat.<\/p><p><strong>DISSABTE, 8 DE MAR\u00c7<\/strong><\/p><p>Carnaval <strong>19.00 h<\/strong>, inici de la gran rua del 24\u00e8 Carnaval de l\u2019Alt Maresme. Itinerari: Poble Nou\/Pineda &#8211; Avda. Mediterrani (cantonada Andorra), avda. Hispanitat. Calella &#8211; Rierany dels Frares, Moragas, Balmes fins al carrer Sant Jaume.<\/p><p>Carnaval <strong>23.00 h<\/strong>, a la F\u00e0brica Llobet-Guri (Calella), ball amb DJ i lliurament de premis. Entrada gratu\u00efta, aforament limitat. Organitza: Comissi\u00f3 del Carnaval de l&#8217;Alt Maresme. Informaci\u00f3 i inscripcions: <a href=\"https:\/\/www.carnavalaltmaresme.com\" target=\"_blank\" rel=\"noopener\">www.carnavalaltmaresme.com<\/a><\/p><p><strong>DIUMENGE, 9 DE MAR\u00c7<\/strong><\/p><p><strong>18.00 h<\/strong>, al Teatre Orfe\u00f3 Calellenc, representaci\u00f3 de l\u2019obra: \u201cUn enemic del poble&#8221;, Venda d\u2019entrades a trav\u00e9s de <a href=\"https:\/\/www.joventutartistica.com\" target=\"_blank\" rel=\"noopener\">www.joventutartistica.com<\/a> i presencialment a la finestreta del Teatre Orfe\u00f3 Calellenc 45 minuts abans de cada representaci\u00f3.<\/p><p><strong>DILLUNS, 10 DE MAR\u00c7<\/strong><\/p><p><strong>9.30<\/strong> \u2013 <strong>11.00 h<\/strong>, al Parc Dalmau , Taitx\u00ed. Organitza: Associaci\u00f3 Calella-Marxa. Per a m\u00e9s informaci\u00f3, al tel\u00e8fon 655 81 20 07.<\/p><p><strong>DIVENDRES, 14 DE MAR\u00c7<\/strong><\/p><p><strong>22.00 h<\/strong>, al restaurant Can Tivill (carrer Riera, 48), 26a edici\u00f3 CAF\u00c8 JAZZ A CALELLA: concert amb Carlos Santos (saxo), Giacomo Novella (tromb\u00f3), Miguel Gistau (guitarra), Juan Pablo Eg\u00fasquiza (contrabaix) i Luis Miranda (bateria) .Entrada gratu\u00efta. Aforament limitat.<\/p><p><strong>DISSABTE, 15 DE MAR\u00c7<\/strong><\/p><p><strong>18.00 h<\/strong>, a la Capella de Sant Quirze i Santa Julita, Concert d\u2019artistes del Teatro Col\u00f3n: Mariana Carnovali i Facundo Sacco (Piano, viol\u00ed i veu). Entrada lliure. Taquilla inversa. Organitza Coral Laetare.<\/p><p><strong>21.00 h<\/strong>, a la Sala Mozart, ESCENA CALELLA \u2013 Obra de teatre: \u201cUn men\u00fa tancat\u201d. Venda d\u2019entrades a www.entrapolis.com i a la taquilla de la Sala Mozart, tots els dimecres de les setmanes que hi hagi funci\u00f3, de<strong> 17 h<\/strong> a <strong>19 h<\/strong> i el mateix dia, una hora abans, sempre que no s\u2019hagin exhaurit.<\/p><p><strong>DIUMENGE, 16 DE MAR\u00c7<\/strong><\/p><p><strong>8.00 h<\/strong>, sortida i arribada a la Riera Capaspre, GRAN FONDO SCOTT 2025. Organitza: sportevents360 amb el suport de l\u2019Ajuntament de Calella.<\/p><p><strong>18.00 h<\/strong>, a l&#8217;Esgl\u00e9sia de Santa Maria i Sant Nicolau, concert de la coral de l&#8217;Escola de M\u00fasica de Can Llobet. Organitza Parr\u00f2quia de Calella.<\/p><p><strong>18.00 h<\/strong>, al Teatre Orfe\u00f3 Calellenc, representaci\u00f3 de l\u2019obra: \u201cL&#8217;anunci\u201d, interpretada per Guspira Teatre (Cass\u00e0 de la Selva). Dins el Concurs de Teatre Amateur Premi \u201cCiutat de Calella\u201d. Venda d\u2019entrades a trav\u00e9s de <a href=\"https:\/\/www.joventutartistica.com\" target=\"_blank\" rel=\"noopener\">www.joventutartistica.com<\/a><\/p><p><strong>DILLUNS, 17 DE MAR\u00c7<\/strong><\/p><p><strong>09.30<\/strong> \u2013 <strong>11.00 h<\/strong>, al Parc Dalmau , Taitx\u00ed. Organitza: Associaci\u00f3 Calella-Marxa. Per a m\u00e9s informaci\u00f3, al tel\u00e8fon 655 81 20 07.<\/p><p><strong>DIVENDRES, 21 DE MAR\u00c7<\/strong><\/p><p><strong>22.00 h<\/strong>, al Restaurant Can Tivill, 26a edici\u00f3 CAF\u00c8 JAZZ A CALELLA: concert amb Ram\u00f3n Cardo (saxo), Cesc Adoher (guitarra), Rai Ferrrer (contrabaix) i Ricard Molina (bateria). Entrada gratu\u00efta. Aforament limitat.<\/p><p><strong>DISSABTE, 22 DE MAR\u00c7<\/strong><\/p><p><strong>19.00 h<\/strong>, a la Sala Mozart, ESCENA CALELLA \u2013Espectacle de Dansa jove, per a joves: \u201cEGO, de l\u2019\u00e9sser individual al col\u00b7lectiu\u201d. Amb 8 joves ballarins professionals. Venda d\u2019entrades a <a href=\"https:\/\/entrapolis.com\" target=\"_blank\" rel=\"noopener\">entrapolis.com<\/a>.<\/p><p><strong>DIUMENGE, 23 DE MAR\u00c7<\/strong><\/p><p>18.00 h, a la Sala Mozart, ESCENA CALELLA \u2013 Teatre per a tots els p\u00fablics: \u201cLaika\u201d. Venda d\u2019entrades a <a href=\"https:\/\/www.entrapolis.com\" target=\"_blank\" rel=\"noopener\">www.entrapolis.com<\/a>.<\/p><p><strong>DILLUNS, 24 DE MAR\u00c7<\/strong><\/p><p><strong>9.30<\/strong> \u2013 <strong>11.00 h<\/strong>, al Parc Dalmau , Taitx\u00ed. Organitza: Associaci\u00f3 Calella-Marxa. Per a m\u00e9s informaci\u00f3, al tel\u00e8fon 655 81 20 07.<\/p><p><strong>DIVENDRES, 28 DE MAR\u00c7<\/strong><\/p><p><strong>18.30 h<\/strong>, a l\u2019Auditori Josep-Maria Terricabras, Trobades d\u2019\u00f2pera amb \u201cGiovanna D\u2019Arco\u201d, de Giuseppe Verdi. A c\u00e0rrec de Rosa Maria Carbonell.<br \/><strong>22.00 h<\/strong>, al Caf\u00e8 de la Sala Mozart, 26a edici\u00f3 CAF\u00c8 JAZZ A CALELLA: concert amb la Formaci\u00f3 Jazz\u00edstica Canet Pro M\u00fasica. Aforament limitat.<\/p><p><strong>DIUMENGE, 30 DE MAR\u00c7<\/strong><\/p><p><strong>12.00 h<\/strong>, a l\u2019Esgl\u00e9sia de l\u2019Escola Pia (Sant Pere, 120), veredicte i proclamaci\u00f3 dels guanyadors de la 43a edici\u00f3 Jocs Florals de Calella.<\/p>\t\t\t\t\t\t\t\t<\/div>\n\t\t\t\t\t<\/div>\n\t\t\t\t<\/div>\n\t\t\t\t<\/div>\n\t\t","protected":false},"excerpt":{"rendered":"<p>Agenda mensual de Mar\u00e7 2025 a Calella Durant el mes de mar\u00e7, la primavera i el bon temps tornen a visitar la ciutat de Calella. \u00c9s el moment ideal per passar les teves vacances a la costa mediterr\u00e0nia i descobrir aquesta ciutat costanera del Maresme, els seus racons, les seves platges i totes les activitats &#8230;<\/p>\n","protected":false},"author":1,"featured_media":15281,"comment_status":"closed","ping_status":"closed","sticky":false,"template":"","format":"standard","meta":{"loftocean_post_format_gallery":"","loftocean_post_format_gallery_ids":"","loftocean_post_format_gallery_urls":"","loftocean_post_format_video_id":0,"loftocean_post_format_video_url":"","loftocean_post_format_video_type":"","loftocean_post_format_video":"","loftocean_post_format_audio_type":"","loftocean_post_format_audio_url":"","loftocean_post_format_audio_id":0,"loftocean_post_format_audio":"","loftocean-like-count":0,"cozystay_single_post_hide_site_header":"","cozystay_single_post_site_header_source":"","cozystay_single_post_custom_site_header":"0","cozystay_single_post_custom_sticky_site_header":"0","cozystay_single_post_hide_page_title":"","cozystay_single_post_site_footer_hide_main":"","cozystay_single_custom_site_footer_main_source":"","cozystay_single_custom_site_footer_main":"0","cozystay_single_post_site_footer_hide_above":"","cozystay_single_custom_site_footer_above_source":"","cozystay_single_custom_site_footer_above":"0","cozystay_single_post_site_footer_hide_instagram":"","cozystay_single_post_site_footer_hide_bottom":"","cozystay_single_custom_mobile_menu_source":"","cozystay_single_custom_mobile_menu":"0","cozystay_single_custom_mobile_menu_animation":"","cozystay_single_custom_mobile_menu_width":"","cozystay_single_custom_mobile_menu_custom_width":375,"cozystay_single_post_template":"","footnotes":""},"categories":[444],"tags":[565],"class_list":["post-12594","post","type-post","status-publish","format-standard","has-post-thumbnail","hentry","category-agenda-ca","tag-agenda-mensual-ca"],"yoast_head":"<!-- This site is optimized with the Yoast SEO plugin v27.1.1 - https:\/\/yoast.com\/product\/yoast-seo-wordpress\/ -->\n<title>Mar\u00e7 2025 | Hotel Bernat II<\/title>\n<meta name=\"description\" content=\"Si t&#039;interessa saber com se celebra el mar\u00e7 a Calella, descobreix aqu\u00ed l&#039;agenda mensual del mes, plena d&#039;activitats per gaudir.\" \/>\n<meta name=\"robots\" content=\"index, follow, max-snippet:-1, max-image-preview:large, max-video-preview:-1\" \/>\n<link rel=\"canonical\" href=\"https:\/\/hotelbernatcalella.com\/ca\/agenda-ca\/agenda-mensual-marc-2025\/\" \/>\n<meta property=\"og:locale\" content=\"ca_ES\" \/>\n<meta property=\"og:type\" content=\"article\" \/>\n<meta property=\"og:title\" content=\"Mar\u00e7 2025 | Hotel Bernat II\" \/>\n<meta property=\"og:description\" content=\"Si t&#039;interessa saber com se celebra el mar\u00e7 a Calella, descobreix aqu\u00ed l&#039;agenda mensual del mes, plena d&#039;activitats per gaudir.\" \/>\n<meta property=\"og:url\" content=\"https:\/\/hotelbernatcalella.com\/ca\/agenda-ca\/agenda-mensual-marc-2025\/\" \/>\n<meta property=\"og:site_name\" content=\"Hotel Bernat II\" \/>\n<meta property=\"article:published_time\" content=\"2025-03-06T12:13:06+00:00\" \/>\n<meta property=\"article:modified_time\" content=\"2025-03-07T09:45:34+00:00\" \/>\n<meta property=\"og:image\" content=\"https:\/\/www.hotelbernatcalella.com\/wp-content\/uploads\/2025\/06\/torretas-calella.webp\" \/>\n\t<meta property=\"og:image:width\" content=\"1414\" \/>\n\t<meta property=\"og:image:height\" content=\"2000\" \/>\n\t<meta property=\"og:image:type\" content=\"image\/webp\" \/>\n<meta name=\"author\" content=\"admin_bernat\" \/>\n<meta name=\"twitter:card\" content=\"summary_large_image\" \/>\n<meta name=\"twitter:label1\" content=\"Escrit per\" \/>\n\t<meta name=\"twitter:data1\" content=\"admin_bernat\" \/>\n\t<meta name=\"twitter:label2\" content=\"Temps estimat de lectura\" \/>\n\t<meta name=\"twitter:data2\" content=\"4 minuts\" \/>\n<script type=\"application\/ld+json\" class=\"yoast-schema-graph\">{\"@context\":\"https:\/\/schema.org\",\"@graph\":[{\"@type\":\"Article\",\"@id\":\"https:\/\/hotelbernatcalella.com\/ca\/agenda-ca\/agenda-mensual-marc-2025\/#article\",\"isPartOf\":{\"@id\":\"https:\/\/hotelbernatcalella.com\/ca\/agenda-ca\/agenda-mensual-marc-2025\/\"},\"author\":{\"name\":\"admin_bernat\",\"@id\":\"https:\/\/hotelbernatcalella.com\/ca\/#\/schema\/person\/9d2f8f220d7bb3470c6b37263c1f3a6e\"},\"headline\":\"Mar\u00e7 2025\",\"datePublished\":\"2025-03-06T12:13:06+00:00\",\"dateModified\":\"2025-03-07T09:45:34+00:00\",\"mainEntityOfPage\":{\"@id\":\"https:\/\/hotelbernatcalella.com\/ca\/agenda-ca\/agenda-mensual-marc-2025\/\"},\"wordCount\":766,\"image\":{\"@id\":\"https:\/\/hotelbernatcalella.com\/ca\/agenda-ca\/agenda-mensual-marc-2025\/#primaryimage\"},\"thumbnailUrl\":\"https:\/\/hotelbernatcalella.com\/wp-content\/uploads\/2025\/06\/torretas-calella.webp\",\"keywords\":[\"Agenda mensual\"],\"articleSection\":[\"Agenda Mensual\"],\"inLanguage\":\"ca\"},{\"@type\":\"WebPage\",\"@id\":\"https:\/\/hotelbernatcalella.com\/ca\/agenda-ca\/agenda-mensual-marc-2025\/\",\"url\":\"https:\/\/hotelbernatcalella.com\/ca\/agenda-ca\/agenda-mensual-marc-2025\/\",\"name\":\"Mar\u00e7 2025 | Hotel Bernat II\",\"isPartOf\":{\"@id\":\"https:\/\/hotelbernatcalella.com\/ca\/#website\"},\"primaryImageOfPage\":{\"@id\":\"https:\/\/hotelbernatcalella.com\/ca\/agenda-ca\/agenda-mensual-marc-2025\/#primaryimage\"},\"image\":{\"@id\":\"https:\/\/hotelbernatcalella.com\/ca\/agenda-ca\/agenda-mensual-marc-2025\/#primaryimage\"},\"thumbnailUrl\":\"https:\/\/hotelbernatcalella.com\/wp-content\/uploads\/2025\/06\/torretas-calella.webp\",\"datePublished\":\"2025-03-06T12:13:06+00:00\",\"dateModified\":\"2025-03-07T09:45:34+00:00\",\"author\":{\"@id\":\"https:\/\/hotelbernatcalella.com\/ca\/#\/schema\/person\/9d2f8f220d7bb3470c6b37263c1f3a6e\"},\"description\":\"Si t'interessa saber com se celebra el mar\u00e7 a Calella, descobreix aqu\u00ed l'agenda mensual del mes, plena d'activitats per gaudir.\",\"breadcrumb\":{\"@id\":\"https:\/\/hotelbernatcalella.com\/ca\/agenda-ca\/agenda-mensual-marc-2025\/#breadcrumb\"},\"inLanguage\":\"ca\",\"potentialAction\":[{\"@type\":\"ReadAction\",\"target\":[\"https:\/\/hotelbernatcalella.com\/ca\/agenda-ca\/agenda-mensual-marc-2025\/\"]}]},{\"@type\":\"ImageObject\",\"inLanguage\":\"ca\",\"@id\":\"https:\/\/hotelbernatcalella.com\/ca\/agenda-ca\/agenda-mensual-marc-2025\/#primaryimage\",\"url\":\"https:\/\/hotelbernatcalella.com\/wp-content\/uploads\/2025\/06\/torretas-calella.webp\",\"contentUrl\":\"https:\/\/hotelbernatcalella.com\/wp-content\/uploads\/2025\/06\/torretas-calella.webp\",\"width\":1414,\"height\":2000,\"caption\":\"torretas-calella\"},{\"@type\":\"BreadcrumbList\",\"@id\":\"https:\/\/hotelbernatcalella.com\/ca\/agenda-ca\/agenda-mensual-marc-2025\/#breadcrumb\",\"itemListElement\":[{\"@type\":\"ListItem\",\"position\":1,\"name\":\"Portada\",\"item\":\"https:\/\/hotelbernatcalella.com\/ca\/\"},{\"@type\":\"ListItem\",\"position\":2,\"name\":\"Mar\u00e7 2025\"}]},{\"@type\":\"WebSite\",\"@id\":\"https:\/\/hotelbernatcalella.com\/ca\/#website\",\"url\":\"https:\/\/hotelbernatcalella.com\/ca\/\",\"name\":\"Hotel Bernat II & Spa Calella\",\"description\":\"Hotel en Calella\",\"alternateName\":\"Hotel Bernat II & Spa\",\"potentialAction\":[{\"@type\":\"SearchAction\",\"target\":{\"@type\":\"EntryPoint\",\"urlTemplate\":\"https:\/\/hotelbernatcalella.com\/ca\/?s={search_term_string}\"},\"query-input\":{\"@type\":\"PropertyValueSpecification\",\"valueRequired\":true,\"valueName\":\"search_term_string\"}}],\"inLanguage\":\"ca\"},{\"@type\":\"Person\",\"@id\":\"https:\/\/hotelbernatcalella.com\/ca\/#\/schema\/person\/9d2f8f220d7bb3470c6b37263c1f3a6e\",\"name\":\"admin_bernat\",\"image\":{\"@type\":\"ImageObject\",\"inLanguage\":\"ca\",\"@id\":\"https:\/\/hotelbernatcalella.com\/ca\/#\/schema\/person\/image\/\",\"url\":\"https:\/\/secure.gravatar.com\/avatar\/d85a368a0264070f0a07504f04fe3de78e2fedb7d0b7a9e875b30b569151e37e?s=96&d=mm&r=g\",\"contentUrl\":\"https:\/\/secure.gravatar.com\/avatar\/d85a368a0264070f0a07504f04fe3de78e2fedb7d0b7a9e875b30b569151e37e?s=96&d=mm&r=g\",\"caption\":\"admin_bernat\"},\"sameAs\":[\"https:\/\/hotelbernatcalella.com\"]}]}<\/script>\n<!-- \/ Yoast SEO plugin. -->","yoast_head_json":{"title":"Mar\u00e7 2025 | Hotel Bernat II","description":"Si t'interessa saber com se celebra el mar\u00e7 a Calella, descobreix aqu\u00ed l'agenda mensual del mes, plena d'activitats per gaudir.","robots":{"index":"index","follow":"follow","max-snippet":"max-snippet:-1","max-image-preview":"max-image-preview:large","max-video-preview":"max-video-preview:-1"},"canonical":"https:\/\/hotelbernatcalella.com\/ca\/agenda-ca\/agenda-mensual-marc-2025\/","og_locale":"ca_ES","og_type":"article","og_title":"Mar\u00e7 2025 | Hotel Bernat II","og_description":"Si t'interessa saber com se celebra el mar\u00e7 a Calella, descobreix aqu\u00ed l'agenda mensual del mes, plena d'activitats per gaudir.","og_url":"https:\/\/hotelbernatcalella.com\/ca\/agenda-ca\/agenda-mensual-marc-2025\/","og_site_name":"Hotel Bernat II","article_published_time":"2025-03-06T12:13:06+00:00","article_modified_time":"2025-03-07T09:45:34+00:00","og_image":[{"width":1414,"height":2000,"url":"https:\/\/www.hotelbernatcalella.com\/wp-content\/uploads\/2025\/06\/torretas-calella.webp","type":"image\/webp"}],"author":"admin_bernat","twitter_card":"summary_large_image","twitter_misc":{"Escrit per":"admin_bernat","Temps estimat de lectura":"4 minuts"},"schema":{"@context":"https:\/\/schema.org","@graph":[{"@type":"Article","@id":"https:\/\/hotelbernatcalella.com\/ca\/agenda-ca\/agenda-mensual-marc-2025\/#article","isPartOf":{"@id":"https:\/\/hotelbernatcalella.com\/ca\/agenda-ca\/agenda-mensual-marc-2025\/"},"author":{"name":"admin_bernat","@id":"https:\/\/hotelbernatcalella.com\/ca\/#\/schema\/person\/9d2f8f220d7bb3470c6b37263c1f3a6e"},"headline":"Mar\u00e7 2025","datePublished":"2025-03-06T12:13:06+00:00","dateModified":"2025-03-07T09:45:34+00:00","mainEntityOfPage":{"@id":"https:\/\/hotelbernatcalella.com\/ca\/agenda-ca\/agenda-mensual-marc-2025\/"},"wordCount":766,"image":{"@id":"https:\/\/hotelbernatcalella.com\/ca\/agenda-ca\/agenda-mensual-marc-2025\/#primaryimage"},"thumbnailUrl":"https:\/\/hotelbernatcalella.com\/wp-content\/uploads\/2025\/06\/torretas-calella.webp","keywords":["Agenda mensual"],"articleSection":["Agenda Mensual"],"inLanguage":"ca"},{"@type":"WebPage","@id":"https:\/\/hotelbernatcalella.com\/ca\/agenda-ca\/agenda-mensual-marc-2025\/","url":"https:\/\/hotelbernatcalella.com\/ca\/agenda-ca\/agenda-mensual-marc-2025\/","name":"Mar\u00e7 2025 | Hotel Bernat II","isPartOf":{"@id":"https:\/\/hotelbernatcalella.com\/ca\/#website"},"primaryImageOfPage":{"@id":"https:\/\/hotelbernatcalella.com\/ca\/agenda-ca\/agenda-mensual-marc-2025\/#primaryimage"},"image":{"@id":"https:\/\/hotelbernatcalella.com\/ca\/agenda-ca\/agenda-mensual-marc-2025\/#primaryimage"},"thumbnailUrl":"https:\/\/hotelbernatcalella.com\/wp-content\/uploads\/2025\/06\/torretas-calella.webp","datePublished":"2025-03-06T12:13:06+00:00","dateModified":"2025-03-07T09:45:34+00:00","author":{"@id":"https:\/\/hotelbernatcalella.com\/ca\/#\/schema\/person\/9d2f8f220d7bb3470c6b37263c1f3a6e"},"description":"Si t'interessa saber com se celebra el mar\u00e7 a Calella, descobreix aqu\u00ed l'agenda mensual del mes, plena d'activitats per gaudir.","breadcrumb":{"@id":"https:\/\/hotelbernatcalella.com\/ca\/agenda-ca\/agenda-mensual-marc-2025\/#breadcrumb"},"inLanguage":"ca","potentialAction":[{"@type":"ReadAction","target":["https:\/\/hotelbernatcalella.com\/ca\/agenda-ca\/agenda-mensual-marc-2025\/"]}]},{"@type":"ImageObject","inLanguage":"ca","@id":"https:\/\/hotelbernatcalella.com\/ca\/agenda-ca\/agenda-mensual-marc-2025\/#primaryimage","url":"https:\/\/hotelbernatcalella.com\/wp-content\/uploads\/2025\/06\/torretas-calella.webp","contentUrl":"https:\/\/hotelbernatcalella.com\/wp-content\/uploads\/2025\/06\/torretas-calella.webp","width":1414,"height":2000,"caption":"torretas-calella"},{"@type":"BreadcrumbList","@id":"https:\/\/hotelbernatcalella.com\/ca\/agenda-ca\/agenda-mensual-marc-2025\/#breadcrumb","itemListElement":[{"@type":"ListItem","position":1,"name":"Portada","item":"https:\/\/hotelbernatcalella.com\/ca\/"},{"@type":"ListItem","position":2,"name":"Mar\u00e7 2025"}]},{"@type":"WebSite","@id":"https:\/\/hotelbernatcalella.com\/ca\/#website","url":"https:\/\/hotelbernatcalella.com\/ca\/","name":"Hotel Bernat II & Spa Calella","description":"Hotel en Calella","alternateName":"Hotel Bernat II & Spa","potentialAction":[{"@type":"SearchAction","target":{"@type":"EntryPoint","urlTemplate":"https:\/\/hotelbernatcalella.com\/ca\/?s={search_term_string}"},"query-input":{"@type":"PropertyValueSpecification","valueRequired":true,"valueName":"search_term_string"}}],"inLanguage":"ca"},{"@type":"Person","@id":"https:\/\/hotelbernatcalella.com\/ca\/#\/schema\/person\/9d2f8f220d7bb3470c6b37263c1f3a6e","name":"admin_bernat","image":{"@type":"ImageObject","inLanguage":"ca","@id":"https:\/\/hotelbernatcalella.com\/ca\/#\/schema\/person\/image\/","url":"https:\/\/secure.gravatar.com\/avatar\/d85a368a0264070f0a07504f04fe3de78e2fedb7d0b7a9e875b30b569151e37e?s=96&d=mm&r=g","contentUrl":"https:\/\/secure.gravatar.com\/avatar\/d85a368a0264070f0a07504f04fe3de78e2fedb7d0b7a9e875b30b569151e37e?s=96&d=mm&r=g","caption":"admin_bernat"},"sameAs":["https:\/\/hotelbernatcalella.com"]}]}},"loftoceanMetas":{"authorName":"admin_bernat","categories":[{"name":"Agenda Mensual","link":"https:\/\/hotelbernatcalella.com\/ca\/category\/agenda-ca\/","count":12}],"date":"6 de mar\u00e7 de 2025","featuredImageSRC":"https:\/\/hotelbernatcalella.com\/wp-content\/uploads\/2025\/06\/torretas-calella-150x150.webp"},"_links":{"self":[{"href":"https:\/\/hotelbernatcalella.com\/ca\/wp-json\/wp\/v2\/posts\/12594","targetHints":{"allow":["GET"]}}],"collection":[{"href":"https:\/\/hotelbernatcalella.com\/ca\/wp-json\/wp\/v2\/posts"}],"about":[{"href":"https:\/\/hotelbernatcalella.com\/ca\/wp-json\/wp\/v2\/types\/post"}],"author":[{"embeddable":true,"href":"https:\/\/hotelbernatcalella.com\/ca\/wp-json\/wp\/v2\/users\/1"}],"replies":[{"embeddable":true,"href":"https:\/\/hotelbernatcalella.com\/ca\/wp-json\/wp\/v2\/comments?post=12594"}],"version-history":[{"count":0,"href":"https:\/\/hotelbernatcalella.com\/ca\/wp-json\/wp\/v2\/posts\/12594\/revisions"}],"wp:featuredmedia":[{"embeddable":true,"href":"https:\/\/hotelbernatcalella.com\/ca\/wp-json\/wp\/v2\/media\/15281"}],"wp:attachment":[{"href":"https:\/\/hotelbernatcalella.com\/ca\/wp-json\/wp\/v2\/media?parent=12594"}],"wp:term":[{"taxonomy":"category","embeddable":true,"href":"https:\/\/hotelbernatcalella.com\/ca\/wp-json\/wp\/v2\/categories?post=12594"},{"taxonomy":"post_tag","embeddable":true,"href":"https:\/\/hotelbernatcalella.com\/ca\/wp-json\/wp\/v2\/tags?post=12594"}],"curies":[{"name":"wp","href":"https:\/\/api.w.org\/{rel}","templated":true}]}}