{"id":11501,"date":"2025-03-13T18:33:49","date_gmt":"2025-03-13T18:33:49","guid":{"rendered":"https:\/\/hotelbernatcalella.com\/no-category-en\/activitats-destiu\/"},"modified":"2024-11-29T14:46:18","modified_gmt":"2024-11-29T14:46:18","slug":"activitats-destiu","status":"publish","type":"post","link":"https:\/\/hotelbernatcalella.com\/ca\/noticias-ca\/activitats-destiu\/","title":{"rendered":"Activitats d&#8217;Estiu"},"content":{"rendered":"\t\t<div data-elementor-type=\"wp-post\" data-elementor-id=\"11501\" class=\"elementor elementor-11501 elementor-11489\" data-elementor-post-type=\"post\">\n\t\t\t\t<div class=\"elementor-element elementor-element-2cd9346a e-flex e-con-boxed e-con e-parent\" data-id=\"2cd9346a\" data-element_type=\"container\" data-e-type=\"container\">\n\t\t\t\t\t<div class=\"e-con-inner\">\n\t\t\t\t<div class=\"elementor-element elementor-element-40dfc06c elementor-widget elementor-widget-text-editor\" data-id=\"40dfc06c\" data-element_type=\"widget\" data-e-type=\"widget\" data-widget_type=\"text-editor.default\">\n\t\t\t\t\t\t\t\t\t<h1><strong>Est\u00e0s planejant la teva visita a Calella?<\/strong><\/h1><p>La capital tur\u00edstica de la costa del Maresme ofereix durant tot l&#8217;any una gran varietat d&#8217;activitats per a tot tipus de p\u00fablics, i \u00e9s a l&#8217;estiu quan el clima i les platges de la nostra localitat ens ofereixen l&#8217;escenari perfecte per a elles.<\/p><p>Si t&#8217;allotges a l&#8217;Hotel Bernat II, tindr\u00e0s acc\u00e9s a un munt d&#8217;activitats gratu\u00eftes amb plans a l&#8217;aire lliure, activitats n\u00e0utiques i opcions per a tots els gustos i edats.<\/p><p>S\u00ed, has llegit b\u00e9, \u00a1GRATU\u00cfTES!<\/p><p>Si el teu viatge \u00e9s en fam\u00edlia, et recomanem les activitats per als m\u00e9s petits.<\/p><p>Tots els dies de la setmana podran gaudir de parcs i activitats infantils a la platja, festa de l&#8217;escuma, vol de cometes, jocs cooperatius, visita als animals d&#8217;un ranxo, jocs d&#8217;aigua, minidisco&#8230;<\/p><p>Mentre que si vens en parella o amb amics et recomanem les activitats programades setmanalment: Visites a museus, al centre hist\u00f2ric, al refugi antiaeri, aix\u00ed com rutes en trenet al museu del turisme amb degustaci\u00f3 de maduixes de km 0 o excursions per visitar els principals atractius tur\u00edstics de Calella \u26ef com el far o Les Torretes \u26ef.<\/p><p>I aix\u00f2 no acaba aqu\u00ed&#8230; L&#8217;Hotel Bernat II ofereix animaci\u00f3 per a tots els p\u00fablics i en diferents franges hor\u00e0ries.<\/p><p>Durant el dia els nens s&#8217;ho passaran d&#8217;all\u00f2 m\u00e9s b\u00e9 al MINICLUB i els juniors a la sala de jocs juvenil amb futbol\u00ed, dards, billar, tornejos de Ping-Pong&#8230;<\/p><p>I a la nit, animaci\u00f3 per a totes les edats amb espectacles de m\u00e0gia, shows de circ, m\u00fasica amb dj, balls de flamenc, jambo bwana, bollywood \u00a1I molt m\u00e9s!<\/p><p>Informa&#8217;t a la recepci\u00f3 sobre totes les activitats disponibles i gaudeix de l&#8217;estiu m\u00e9s genial a Calella.<\/p>\t\t\t\t\t\t\t\t<\/div>\n\t\t\t\t\t<\/div>\n\t\t\t\t<\/div>\n\t\t\t\t<\/div>\n\t\t","protected":false},"excerpt":{"rendered":"<p>Est\u00e0s planejant la teva visita a Calella? La capital tur\u00edstica de la costa del Maresme ofereix durant tot l&#8217;any una gran varietat d&#8217;activitats per a tot tipus de p\u00fablics, i \u00e9s a l&#8217;estiu quan el clima i les platges de la nostra localitat ens ofereixen l&#8217;escenari perfecte per a elles. Si t&#8217;allotges a l&#8217;Hotel Bernat &#8230;<\/p>\n","protected":false},"author":1,"featured_media":15176,"comment_status":"closed","ping_status":"closed","sticky":false,"template":"","format":"standard","meta":{"loftocean_post_format_gallery":"","loftocean_post_format_gallery_ids":"","loftocean_post_format_gallery_urls":"","loftocean_post_format_video_id":0,"loftocean_post_format_video_url":"","loftocean_post_format_video_type":"","loftocean_post_format_video":"","loftocean_post_format_audio_type":"","loftocean_post_format_audio_url":"","loftocean_post_format_audio_id":0,"loftocean_post_format_audio":"","loftocean-like-count":0,"cozystay_single_post_hide_site_header":"","cozystay_single_post_site_header_source":"","cozystay_single_post_custom_site_header":"0","cozystay_single_post_custom_sticky_site_header":"0","cozystay_single_post_hide_page_title":"","cozystay_single_post_site_footer_hide_main":"","cozystay_single_custom_site_footer_main_source":"","cozystay_single_custom_site_footer_main":"0","cozystay_single_post_site_footer_hide_above":"","cozystay_single_custom_site_footer_above_source":"","cozystay_single_custom_site_footer_above":"0","cozystay_single_post_site_footer_hide_instagram":"","cozystay_single_post_site_footer_hide_bottom":"","cozystay_single_custom_mobile_menu_source":"","cozystay_single_custom_mobile_menu":"0","cozystay_single_custom_mobile_menu_animation":"","cozystay_single_custom_mobile_menu_width":"","cozystay_single_custom_mobile_menu_custom_width":375,"cozystay_single_post_template":"","footnotes":""},"categories":[443],"tags":[483,178,398,410,264,263],"class_list":["post-11501","post","type-post","status-publish","format-standard","has-post-thumbnail","hentry","category-noticias-ca","tag-actividades-gratis-ca","tag-activitats","tag-activitats-destiu","tag-esport","tag-families","tag-parelles"],"yoast_head":"<!-- This site is optimized with the Yoast SEO plugin v27.1.1 - https:\/\/yoast.com\/product\/yoast-seo-wordpress\/ -->\n<title>Activitats d&#039;Estiu | Hotel Bernat II<\/title>\n<meta name=\"robots\" content=\"index, follow, max-snippet:-1, max-image-preview:large, max-video-preview:-1\" \/>\n<link rel=\"canonical\" href=\"https:\/\/hotelbernatcalella.com\/ca\/noticias-ca\/activitats-destiu\/\" \/>\n<meta property=\"og:locale\" content=\"ca_ES\" \/>\n<meta property=\"og:type\" content=\"article\" \/>\n<meta property=\"og:title\" content=\"Activitats d&#039;Estiu | Hotel Bernat II\" \/>\n<meta property=\"og:description\" content=\"Est\u00e0s planejant la teva visita a Calella? La capital tur\u00edstica de la costa del Maresme ofereix durant tot l&#8217;any una gran varietat d&#8217;activitats per a tot tipus de p\u00fablics, i \u00e9s a l&#8217;estiu quan el clima i les platges de la nostra localitat ens ofereixen l&#8217;escenari perfecte per a elles. Si t&#8217;allotges a l&#8217;Hotel Bernat ...\" \/>\n<meta property=\"og:url\" content=\"https:\/\/hotelbernatcalella.com\/ca\/noticias-ca\/activitats-destiu\/\" \/>\n<meta property=\"og:site_name\" content=\"Hotel Bernat II\" \/>\n<meta property=\"article:published_time\" content=\"2025-03-13T18:33:49+00:00\" \/>\n<meta property=\"og:image\" content=\"https:\/\/www.hotelbernatcalella.com\/wp-content\/uploads\/2025\/03\/actividades-de-verano-en-calella.webp\" \/>\n\t<meta property=\"og:image:width\" content=\"800\" \/>\n\t<meta property=\"og:image:height\" content=\"533\" \/>\n\t<meta property=\"og:image:type\" content=\"image\/webp\" \/>\n<meta name=\"author\" content=\"admin_bernat\" \/>\n<meta name=\"twitter:card\" content=\"summary_large_image\" \/>\n<meta name=\"twitter:label1\" content=\"Escrit per\" \/>\n\t<meta name=\"twitter:data1\" content=\"admin_bernat\" \/>\n\t<meta name=\"twitter:label2\" content=\"Temps estimat de lectura\" \/>\n\t<meta name=\"twitter:data2\" content=\"2 minuts\" \/>\n<script type=\"application\/ld+json\" class=\"yoast-schema-graph\">{\"@context\":\"https:\/\/schema.org\",\"@graph\":[{\"@type\":\"Article\",\"@id\":\"https:\/\/hotelbernatcalella.com\/ca\/noticias-ca\/activitats-destiu\/#article\",\"isPartOf\":{\"@id\":\"https:\/\/hotelbernatcalella.com\/ca\/noticias-ca\/activitats-destiu\/\"},\"author\":{\"name\":\"admin_bernat\",\"@id\":\"https:\/\/hotelbernatcalella.com\/ca\/#\/schema\/person\/9d2f8f220d7bb3470c6b37263c1f3a6e\"},\"headline\":\"Activitats d&#8217;Estiu\",\"datePublished\":\"2025-03-13T18:33:49+00:00\",\"mainEntityOfPage\":{\"@id\":\"https:\/\/hotelbernatcalella.com\/ca\/noticias-ca\/activitats-destiu\/\"},\"wordCount\":318,\"image\":{\"@id\":\"https:\/\/hotelbernatcalella.com\/ca\/noticias-ca\/activitats-destiu\/#primaryimage\"},\"thumbnailUrl\":\"https:\/\/hotelbernatcalella.com\/wp-content\/uploads\/2025\/03\/actividades-de-verano-en-calella.webp\",\"keywords\":[\"Actividades gratis\",\"Activitats\",\"Activitats d'estiu\",\"Esport\",\"Fam\u00edlies\",\"Parelles\"],\"articleSection\":[\"Not\u00edcies\"],\"inLanguage\":\"ca\"},{\"@type\":\"WebPage\",\"@id\":\"https:\/\/hotelbernatcalella.com\/ca\/noticias-ca\/activitats-destiu\/\",\"url\":\"https:\/\/hotelbernatcalella.com\/ca\/noticias-ca\/activitats-destiu\/\",\"name\":\"Activitats d'Estiu | Hotel Bernat II\",\"isPartOf\":{\"@id\":\"https:\/\/hotelbernatcalella.com\/ca\/#website\"},\"primaryImageOfPage\":{\"@id\":\"https:\/\/hotelbernatcalella.com\/ca\/noticias-ca\/activitats-destiu\/#primaryimage\"},\"image\":{\"@id\":\"https:\/\/hotelbernatcalella.com\/ca\/noticias-ca\/activitats-destiu\/#primaryimage\"},\"thumbnailUrl\":\"https:\/\/hotelbernatcalella.com\/wp-content\/uploads\/2025\/03\/actividades-de-verano-en-calella.webp\",\"datePublished\":\"2025-03-13T18:33:49+00:00\",\"author\":{\"@id\":\"https:\/\/hotelbernatcalella.com\/ca\/#\/schema\/person\/9d2f8f220d7bb3470c6b37263c1f3a6e\"},\"breadcrumb\":{\"@id\":\"https:\/\/hotelbernatcalella.com\/ca\/noticias-ca\/activitats-destiu\/#breadcrumb\"},\"inLanguage\":\"ca\",\"potentialAction\":[{\"@type\":\"ReadAction\",\"target\":[\"https:\/\/hotelbernatcalella.com\/ca\/noticias-ca\/activitats-destiu\/\"]}]},{\"@type\":\"ImageObject\",\"inLanguage\":\"ca\",\"@id\":\"https:\/\/hotelbernatcalella.com\/ca\/noticias-ca\/activitats-destiu\/#primaryimage\",\"url\":\"https:\/\/hotelbernatcalella.com\/wp-content\/uploads\/2025\/03\/actividades-de-verano-en-calella.webp\",\"contentUrl\":\"https:\/\/hotelbernatcalella.com\/wp-content\/uploads\/2025\/03\/actividades-de-verano-en-calella.webp\",\"width\":800,\"height\":533,\"caption\":\"actividades verano en calella\"},{\"@type\":\"BreadcrumbList\",\"@id\":\"https:\/\/hotelbernatcalella.com\/ca\/noticias-ca\/activitats-destiu\/#breadcrumb\",\"itemListElement\":[{\"@type\":\"ListItem\",\"position\":1,\"name\":\"Portada\",\"item\":\"https:\/\/hotelbernatcalella.com\/ca\/\"},{\"@type\":\"ListItem\",\"position\":2,\"name\":\"Activitats d&#8217;Estiu\"}]},{\"@type\":\"WebSite\",\"@id\":\"https:\/\/hotelbernatcalella.com\/ca\/#website\",\"url\":\"https:\/\/hotelbernatcalella.com\/ca\/\",\"name\":\"Hotel Bernat II & Spa Calella\",\"description\":\"Hotel en Calella\",\"alternateName\":\"Hotel Bernat II & Spa\",\"potentialAction\":[{\"@type\":\"SearchAction\",\"target\":{\"@type\":\"EntryPoint\",\"urlTemplate\":\"https:\/\/hotelbernatcalella.com\/ca\/?s={search_term_string}\"},\"query-input\":{\"@type\":\"PropertyValueSpecification\",\"valueRequired\":true,\"valueName\":\"search_term_string\"}}],\"inLanguage\":\"ca\"},{\"@type\":\"Person\",\"@id\":\"https:\/\/hotelbernatcalella.com\/ca\/#\/schema\/person\/9d2f8f220d7bb3470c6b37263c1f3a6e\",\"name\":\"admin_bernat\",\"image\":{\"@type\":\"ImageObject\",\"inLanguage\":\"ca\",\"@id\":\"https:\/\/hotelbernatcalella.com\/ca\/#\/schema\/person\/image\/\",\"url\":\"https:\/\/secure.gravatar.com\/avatar\/d85a368a0264070f0a07504f04fe3de78e2fedb7d0b7a9e875b30b569151e37e?s=96&d=mm&r=g\",\"contentUrl\":\"https:\/\/secure.gravatar.com\/avatar\/d85a368a0264070f0a07504f04fe3de78e2fedb7d0b7a9e875b30b569151e37e?s=96&d=mm&r=g\",\"caption\":\"admin_bernat\"},\"sameAs\":[\"https:\/\/hotelbernatcalella.com\"]}]}<\/script>\n<!-- \/ Yoast SEO plugin. -->","yoast_head_json":{"title":"Activitats d'Estiu | Hotel Bernat II","robots":{"index":"index","follow":"follow","max-snippet":"max-snippet:-1","max-image-preview":"max-image-preview:large","max-video-preview":"max-video-preview:-1"},"canonical":"https:\/\/hotelbernatcalella.com\/ca\/noticias-ca\/activitats-destiu\/","og_locale":"ca_ES","og_type":"article","og_title":"Activitats d'Estiu | Hotel Bernat II","og_description":"Est\u00e0s planejant la teva visita a Calella? La capital tur\u00edstica de la costa del Maresme ofereix durant tot l&#8217;any una gran varietat d&#8217;activitats per a tot tipus de p\u00fablics, i \u00e9s a l&#8217;estiu quan el clima i les platges de la nostra localitat ens ofereixen l&#8217;escenari perfecte per a elles. Si t&#8217;allotges a l&#8217;Hotel Bernat ...","og_url":"https:\/\/hotelbernatcalella.com\/ca\/noticias-ca\/activitats-destiu\/","og_site_name":"Hotel Bernat II","article_published_time":"2025-03-13T18:33:49+00:00","og_image":[{"width":800,"height":533,"url":"https:\/\/www.hotelbernatcalella.com\/wp-content\/uploads\/2025\/03\/actividades-de-verano-en-calella.webp","type":"image\/webp"}],"author":"admin_bernat","twitter_card":"summary_large_image","twitter_misc":{"Escrit per":"admin_bernat","Temps estimat de lectura":"2 minuts"},"schema":{"@context":"https:\/\/schema.org","@graph":[{"@type":"Article","@id":"https:\/\/hotelbernatcalella.com\/ca\/noticias-ca\/activitats-destiu\/#article","isPartOf":{"@id":"https:\/\/hotelbernatcalella.com\/ca\/noticias-ca\/activitats-destiu\/"},"author":{"name":"admin_bernat","@id":"https:\/\/hotelbernatcalella.com\/ca\/#\/schema\/person\/9d2f8f220d7bb3470c6b37263c1f3a6e"},"headline":"Activitats d&#8217;Estiu","datePublished":"2025-03-13T18:33:49+00:00","mainEntityOfPage":{"@id":"https:\/\/hotelbernatcalella.com\/ca\/noticias-ca\/activitats-destiu\/"},"wordCount":318,"image":{"@id":"https:\/\/hotelbernatcalella.com\/ca\/noticias-ca\/activitats-destiu\/#primaryimage"},"thumbnailUrl":"https:\/\/hotelbernatcalella.com\/wp-content\/uploads\/2025\/03\/actividades-de-verano-en-calella.webp","keywords":["Actividades gratis","Activitats","Activitats d'estiu","Esport","Fam\u00edlies","Parelles"],"articleSection":["Not\u00edcies"],"inLanguage":"ca"},{"@type":"WebPage","@id":"https:\/\/hotelbernatcalella.com\/ca\/noticias-ca\/activitats-destiu\/","url":"https:\/\/hotelbernatcalella.com\/ca\/noticias-ca\/activitats-destiu\/","name":"Activitats d'Estiu | Hotel Bernat II","isPartOf":{"@id":"https:\/\/hotelbernatcalella.com\/ca\/#website"},"primaryImageOfPage":{"@id":"https:\/\/hotelbernatcalella.com\/ca\/noticias-ca\/activitats-destiu\/#primaryimage"},"image":{"@id":"https:\/\/hotelbernatcalella.com\/ca\/noticias-ca\/activitats-destiu\/#primaryimage"},"thumbnailUrl":"https:\/\/hotelbernatcalella.com\/wp-content\/uploads\/2025\/03\/actividades-de-verano-en-calella.webp","datePublished":"2025-03-13T18:33:49+00:00","author":{"@id":"https:\/\/hotelbernatcalella.com\/ca\/#\/schema\/person\/9d2f8f220d7bb3470c6b37263c1f3a6e"},"breadcrumb":{"@id":"https:\/\/hotelbernatcalella.com\/ca\/noticias-ca\/activitats-destiu\/#breadcrumb"},"inLanguage":"ca","potentialAction":[{"@type":"ReadAction","target":["https:\/\/hotelbernatcalella.com\/ca\/noticias-ca\/activitats-destiu\/"]}]},{"@type":"ImageObject","inLanguage":"ca","@id":"https:\/\/hotelbernatcalella.com\/ca\/noticias-ca\/activitats-destiu\/#primaryimage","url":"https:\/\/hotelbernatcalella.com\/wp-content\/uploads\/2025\/03\/actividades-de-verano-en-calella.webp","contentUrl":"https:\/\/hotelbernatcalella.com\/wp-content\/uploads\/2025\/03\/actividades-de-verano-en-calella.webp","width":800,"height":533,"caption":"actividades verano en calella"},{"@type":"BreadcrumbList","@id":"https:\/\/hotelbernatcalella.com\/ca\/noticias-ca\/activitats-destiu\/#breadcrumb","itemListElement":[{"@type":"ListItem","position":1,"name":"Portada","item":"https:\/\/hotelbernatcalella.com\/ca\/"},{"@type":"ListItem","position":2,"name":"Activitats d&#8217;Estiu"}]},{"@type":"WebSite","@id":"https:\/\/hotelbernatcalella.com\/ca\/#website","url":"https:\/\/hotelbernatcalella.com\/ca\/","name":"Hotel Bernat II & Spa Calella","description":"Hotel en Calella","alternateName":"Hotel Bernat II & Spa","potentialAction":[{"@type":"SearchAction","target":{"@type":"EntryPoint","urlTemplate":"https:\/\/hotelbernatcalella.com\/ca\/?s={search_term_string}"},"query-input":{"@type":"PropertyValueSpecification","valueRequired":true,"valueName":"search_term_string"}}],"inLanguage":"ca"},{"@type":"Person","@id":"https:\/\/hotelbernatcalella.com\/ca\/#\/schema\/person\/9d2f8f220d7bb3470c6b37263c1f3a6e","name":"admin_bernat","image":{"@type":"ImageObject","inLanguage":"ca","@id":"https:\/\/hotelbernatcalella.com\/ca\/#\/schema\/person\/image\/","url":"https:\/\/secure.gravatar.com\/avatar\/d85a368a0264070f0a07504f04fe3de78e2fedb7d0b7a9e875b30b569151e37e?s=96&d=mm&r=g","contentUrl":"https:\/\/secure.gravatar.com\/avatar\/d85a368a0264070f0a07504f04fe3de78e2fedb7d0b7a9e875b30b569151e37e?s=96&d=mm&r=g","caption":"admin_bernat"},"sameAs":["https:\/\/hotelbernatcalella.com"]}]}},"loftoceanMetas":{"authorName":"admin_bernat","categories":[{"name":"Not\u00edcies","link":"https:\/\/hotelbernatcalella.com\/ca\/category\/noticias-ca\/","count":25}],"date":"13 de mar\u00e7 de 2025","featuredImageSRC":"https:\/\/hotelbernatcalella.com\/wp-content\/uploads\/2025\/03\/actividades-de-verano-en-calella-150x150.webp"},"_links":{"self":[{"href":"https:\/\/hotelbernatcalella.com\/ca\/wp-json\/wp\/v2\/posts\/11501","targetHints":{"allow":["GET"]}}],"collection":[{"href":"https:\/\/hotelbernatcalella.com\/ca\/wp-json\/wp\/v2\/posts"}],"about":[{"href":"https:\/\/hotelbernatcalella.com\/ca\/wp-json\/wp\/v2\/types\/post"}],"author":[{"embeddable":true,"href":"https:\/\/hotelbernatcalella.com\/ca\/wp-json\/wp\/v2\/users\/1"}],"replies":[{"embeddable":true,"href":"https:\/\/hotelbernatcalella.com\/ca\/wp-json\/wp\/v2\/comments?post=11501"}],"version-history":[{"count":0,"href":"https:\/\/hotelbernatcalella.com\/ca\/wp-json\/wp\/v2\/posts\/11501\/revisions"}],"wp:featuredmedia":[{"embeddable":true,"href":"https:\/\/hotelbernatcalella.com\/ca\/wp-json\/wp\/v2\/media\/15176"}],"wp:attachment":[{"href":"https:\/\/hotelbernatcalella.com\/ca\/wp-json\/wp\/v2\/media?parent=11501"}],"wp:term":[{"taxonomy":"category","embeddable":true,"href":"https:\/\/hotelbernatcalella.com\/ca\/wp-json\/wp\/v2\/categories?post=11501"},{"taxonomy":"post_tag","embeddable":true,"href":"https:\/\/hotelbernatcalella.com\/ca\/wp-json\/wp\/v2\/tags?post=11501"}],"curies":[{"name":"wp","href":"https:\/\/api.w.org\/{rel}","templated":true}]}}