{"id":10848,"date":"2024-11-01T12:25:45","date_gmt":"2024-11-01T12:25:45","guid":{"rendered":"https:\/\/hotelbernatcalella.com\/sin-categorizar\/rutes-de-senderisme\/"},"modified":"2024-11-27T14:38:52","modified_gmt":"2024-11-27T14:38:52","slug":"rutes-de-senderisme","status":"publish","type":"post","link":"https:\/\/hotelbernatcalella.com\/ca\/calella-ca\/rutes-de-senderisme\/","title":{"rendered":"Rutes de Senderisme"},"content":{"rendered":"\t\t<div data-elementor-type=\"wp-post\" data-elementor-id=\"10848\" class=\"elementor elementor-10848 elementor-10158\" data-elementor-post-type=\"post\">\n\t\t\t\t<div class=\"elementor-element elementor-element-e147b96 e-flex e-con-boxed e-con e-parent\" data-id=\"e147b96\" data-element_type=\"container\" data-e-type=\"container\">\n\t\t\t\t\t<div class=\"e-con-inner\">\n\t\t\t\t<div class=\"elementor-element elementor-element-d9c53fd elementor-widget elementor-widget-text-editor\" data-id=\"d9c53fd\" data-element_type=\"widget\" data-e-type=\"widget\" data-widget_type=\"text-editor.default\">\n\t\t\t\t\t\t\t\t\t<h1><b>Rutes de senderisme<\/b><\/h1>\n<p><span style=\"font-weight: 400;\">La geografia de Calella \u00e9s perfecta per fer rutes d\u00b4senderisme o passejar per les costes de Barcelona. T\u00e9 platges, muntanyes i est\u00e0 f\u00e0cilment connectada amb diferents localitats properes, de manera que pots descobrir les rutes d\u00b4senderisme que ofereix amb unes vistes boniques a la ciutat i a la natura que l\u00b4envolta. Et deixem aqu\u00ed algunes:  <\/span><\/p>\n<\/p>\n<h2><b>Rutes dins de la Ciutat:<\/b><\/h2>\n<h3><span style=\"font-weight: 400;\">Itinerari Renaixentista a Calella<\/span><\/h3>\n<p><span style=\"font-weight: 400;\">La ciutat de Calella t\u00e9 una gran cultura renaixentista i pots visitar diferents edificis i espais caracter\u00edstics d&#8217;aquest moviment art\u00edstic. Els diferents llocs que has de visitar s\u00f3n: <\/span><\/p>\n<ol>\n<li><span style=\"font-weight: 400;\"> El Mercat<\/span><\/li>\n<li><span style=\"font-weight: 400;\"> Can Galceran<\/span><\/li>\n<li><span style=\"font-weight: 400;\"> Cases Boguny\u00e0<\/span><\/li>\n<li><span style=\"font-weight: 400;\"> Can Salvador<\/span><\/li>\n<li><span style=\"font-weight: 400;\"> Ajuntament Vell<\/span><\/li>\n<li><span style=\"font-weight: 400;\"> Can Basart<\/span><\/li>\n<li><span style=\"font-weight: 400;\"> Museu-Arxiu<\/span><\/li>\n<li><span style=\"font-weight: 400;\"> Can Rabassa<\/span><\/li>\n<li><span style=\"font-weight: 400;\"> Capella de Sant Quirze<\/span><\/li>\n<li><span style=\"font-weight: 400;\"> Can Bartrina<\/span><\/li>\n<li><span style=\"font-weight: 400;\"> Can Rodona<\/span><\/li>\n<li><span style=\"font-weight: 400;\"> Esgl\u00e9sia Parroquial<\/span><\/li>\n<li><span style=\"font-weight: 400;\"> Carrer Batlle<\/span><\/li>\n<\/ol>\n<h2><b>Rutes fora de la ciutat:<\/b><\/h2>\n<h3><span style=\"font-weight: 400;\">1. Calella \u2013 Sant Pol de Mar per la Costa<\/span><\/h3>\n<p><b>Durada aproximada<\/b>:<span style=\"font-weight: 400;\"> 1h10 min<\/span><span style=\"font-weight: 400;\"><br \/><\/span><b>Longitud:<\/b><span style=\"font-weight: 400;\"> 5,87km<\/span><span style=\"font-weight: 400;\"><br \/><\/span><b>Dificultat:<\/b><span style=\"font-weight: 400;\"> Baixa<\/span><span style=\"font-weight: 400;\"><br \/><\/span><span style=\"font-weight: 400;\">Sortirem des de l\u2019estaci\u00f3 de tren de Calella i caminarem pel passeig de mar fins arribar a les escales de la Platja Garb\u00ed. Pujarem per agafar el cam\u00ed junt a la carretera N-II fins a Sant Pol de Mar, a l\u2019altura de l\u2019Hotel-escola Gran Sol. Un cop aqu\u00ed, entrarem al nucli de poblaci\u00f3 i veurem l\u2019ermita de Sant Pau. Ara baixarem al centre del poble de Sant Pol de Mar agafant el carrer Nou i el carrer Consolat del Mar passant per l\u2019Ajuntament i seguint fins arribar al Parc del Litoral.   <\/span><span style=\"font-weight: 400;\"><br \/><\/span><span style=\"font-weight: 400;\">Tornarem al centre del poble fins a l\u2019estaci\u00f3 de tren.<\/span><\/p>\n<\/p>\n<h3><span style=\"font-weight: 400;\">2. Calella \u2013 Les Torretes per Torrent del Raig \u2013 Tennis \u2013 Roca Grossa<\/span><\/h3>\n<p><b>Duraci\u00f3 aproximada:<\/b><span style=\"font-weight: 400;\"> 1h 45min<\/span><span style=\"font-weight: 400;\"><br \/><\/span><b>Longitud:<\/b><span style=\"font-weight: 400;\"> 7,42Km<\/span><span style=\"font-weight: 400;\"><br \/><\/span><b>Dificultat:<\/b><span style=\"font-weight: 400;\"> Baixa<\/span><span style=\"font-weight: 400;\"><br \/><\/span><span style=\"font-weight: 400;\">Ruta f\u00e0cil que combina camins per torrents i muntanya, vistes i caminada prop de la platja. Inici de la caminada a la Riera, a l\u2019al\u00e7ada del carrer del Turisme. Pujarem fins a l\u2019entrada del Torrent del Raig, situada darrere de l\u2019IES Bisbe Sivilla. A partir d\u2019aquest punt, es pot seguir el tracking. Hi ha diversos punts amb vista panor\u00e0mica, especialment des de les Torretas, on hi ha un mirador. De tornada, baixarem cap a la Roca Grossa, des d\u2019on es pot baixar a les platges. La tornada segueix paral\u00b7lelament a la N-II amb els miradors a la zona de les roques i el Passeig de Mar de Calella.      <\/span><\/p>\n<\/p>\n<h3><span style=\"font-weight: 400;\">3. Calella \u2013 Sant Pol de Mar \u2013 Canet de Mar per la Costa<\/span><\/h3>\n<p><b>Duraci\u00f3 aproximada:<\/b><span style=\"font-weight: 400;\"> 2h<\/span><span style=\"font-weight: 400;\"><br \/><\/span><b>Longitud:<\/b><span style=\"font-weight: 400;\"> 8,75km<\/span><span style=\"font-weight: 400;\"><br \/><\/span><b>Dificultat:<\/b><span style=\"font-weight: 400;\"> Moderada<\/span><span style=\"font-weight: 400;\"><br \/><\/span><span style=\"font-weight: 400;\">Sortirem des de la Platja Garb\u00ed de Calella i pujarem per les escales de la Platja de les Roca fins arribar a la vora de la N-II. Continuarem pel cam\u00ed paral\u00b7lel a la carretera passant per les platges de Roca Pins, la Cala Vinyeta i la Cala Roca Grossa. Continuarem fins a Sant Pol de Mar, on veurem a una muntanya l\u2019Ermita de Sant Pau. Passarem pel parc del litoral i per les platges de la Murtra, la platja de les Roca Blanques, la platja del Plan i la platja de Canet.    <\/span><\/p>\n<\/p>\n<h3><span style=\"font-weight: 400;\">4. Ruta circular: Calella \u2013 Coll de l\u2019era d\u2019en Mora \u2013 Calella<\/span><\/h3>\n<p><b>Duraci\u00f3 aproximada:<\/b><span style=\"font-weight: 400;\"> 2h 15 min<\/span><span style=\"font-weight: 400;\"><br \/><\/span><b>Longitud:<\/b><span style=\"font-weight: 400;\"> 9,03km<\/span><span style=\"font-weight: 400;\"><br \/><\/span><b>Dificultat:<\/b><span style=\"font-weight: 400;\"> Moderada<\/span><span style=\"font-weight: 400;\"><br \/><\/span><span style=\"font-weight: 400;\">Comen\u00e7arem des de la Riera Capaspre de Calella passant pel Torrent de la Font del cach\u00e9s, pel Torrent del Mas i pel Torrent de les Guilles fins a assolir el Coll de l\u2019era de Mora, des d\u2019on tenim unes boniques vistes de Calella i del mar.<\/span><span style=\"font-weight: 400;\"><br \/><\/span><span style=\"font-weight: 400;\">Per baixar, agafarem el cam\u00ed del Cerro de Can golinons passant per la riera de Valldenguli i pel carrer Mestral per acabar de nou a la riera Caspaspre.<\/span><\/p>\n<\/p>\n<h3><span style=\"font-weight: 400;\">5. Calella \u2013 Pineda per la costa<\/span><\/h3>\n<p><b>Duraci\u00f3 aproximada:<\/b><span style=\"font-weight: 400;\"> 45min. anada \/ 2h10min anada i tornada <\/span><span style=\"font-weight: 400;\"><br \/><\/span><b>Longitud:<\/b><span style=\"font-weight: 400;\"> 4,25 km nom\u00e9s anada \/ 9,59km anada i tornada<\/span><span style=\"font-weight: 400;\"><br \/><\/span><b>Dificultat:<\/b><span style=\"font-weight: 400;\"> Baixa<\/span><span style=\"font-weight: 400;\"><br \/><\/span><span style=\"font-weight: 400;\">El punt d\u2019inici \u00e9s la Platja Garb\u00ed de Calella. Passarem pel passeig mar\u00edtim, passant pel passeig Manuel Puigvert, l\u2019estaci\u00f3 de Renfe, la platja Gran, la platja de Poblenou, la platja per a gossos, la platja de la Riera i la platja dels Pescadors de Pineda, que es troba davant de l\u2019estaci\u00f3. <\/span><span style=\"font-weight: 400;\"><br \/><\/span><span style=\"font-weight: 400;\">Per tornar, podem fer el mateix cam\u00ed o fer-ho pel Passeig Mar\u00edtim. Tamb\u00e9 podem tornar amb tren. <\/span><\/p>\n<\/p>\n<h3><span style=\"font-weight: 400;\">6. Calella \u2013 Sant Pol de Mar pel Vall de Golinons<\/span><\/h3>\n<p><b>Duraci\u00f3 aproximada:<\/b><span style=\"font-weight: 400;\"> 3h<\/span><span style=\"font-weight: 400;\"><br \/><\/span><b>Longitud:<\/b><span style=\"font-weight: 400;\"> 13,57km<\/span><span style=\"font-weight: 400;\"><br \/><\/span><b>Dificultat:<\/b><span style=\"font-weight: 400;\"> Moderada<\/span><span style=\"font-weight: 400;\"><br \/><\/span><span style=\"font-weight: 400;\">Comen\u00e7arem des de la Riera Capaspre de Calella fins assolir el Coll de l\u2019era de Mora. Un cop aqu\u00ed, agafarem el cam\u00ed que trobarem a m\u00e0 esquerra en direcci\u00f3 a Sant Pol de Mar pel cam\u00ed de Golinons fins que acabi la pista i comenci el carrer asfaltat Herois Fragata Num\u00e0ncia de Sant Pol de Mar. Baixarem fins al C\/ Riera Vaquer i seguirem fins al C\/ Verge de Montserrat fins creuar el pont sobre la N-II. Passarem per davant de l\u2019ermita de Sant Pau i agafarem les escales per baixar fins a l\u2019al\u00e7ada de la N-II. Per arribar a Calella anirem pel cam\u00ed al costat de la carretera.    <\/span><\/p>\n<\/p>\n<h3><span style=\"font-weight: 400;\">7. Ruta circular: Calella \u2013 Puig de Popa \u2013 Sant Pol de Mar \u2013 Calella<\/span><\/h3>\n<p><b>Duraci\u00f3 aproximada:<\/b><span style=\"font-weight: 400;\"> 4h<\/span><span style=\"font-weight: 400;\"><br \/><\/span><b>Longitud:<\/b><span style=\"font-weight: 400;\"> 15km<\/span><span style=\"font-weight: 400;\"><br \/><\/span><b>Dificultat:<\/b><span style=\"font-weight: 400;\"> Moderada<\/span><span style=\"font-weight: 400;\"><br \/><\/span><span style=\"font-weight: 400;\">Comen\u00e7arem des de l\u2019estaci\u00f3 de tren de Calella passant pel Museu del Turisme i entrant al Parc Dalmau. Continuarem pel Cerro de Maresme, la Font de Sant Quirze i continuarem per la riera de Calella fins al Rancho Bonanza. A partir d\u2019all\u00ed deixem la pista forestal i agafem el cam\u00ed de l\u2019esquerra que transcorre pel Torrent de la Font del cach\u00e9s fins a arribar a Els Escorts i el punt m\u00e9s alt de la ruta: El Puig de Popa.  <\/span><span style=\"font-weight: 400;\"><br \/><\/span><span style=\"font-weight: 400;\">Anirem pujant per pistes fins arribar a Sant Pol, creuarem el pont superior de la Nacional II i arribarem a l\u2019ermita de Sant Pau. Continuarem paral\u00b7lels a la N-II fins arribar al pont de fusta despr\u00e9s de Roca Grossa i passarem per les Torretas, el Far de Calella i el Cerro de Capaspre. Acabarem el nostre recorregut passant pel Passeig de Mar fins al Passeig Manuel Puigvert i l\u2019estaci\u00f3 de Calella.  <\/span><\/p>\n<\/p>\n<h3><span style=\"font-weight: 400;\">8. Ruta circular: Calella \u2013 Sant Cebri\u00e0 \u2013 Sant Pol de Mar \u2013 Calella<\/span><\/h3>\n<p><b>Duraci\u00f3 aproximada:<\/b><span style=\"font-weight: 400;\"> 4h<\/span><span style=\"font-weight: 400;\"><br \/><\/span><b>Longitud:<\/b><span style=\"font-weight: 400;\"> 14,7km<\/span><span style=\"font-weight: 400;\"><br \/><\/span><b>Dificultat:<\/b><span style=\"font-weight: 400;\"> Moderada<\/span><span style=\"font-weight: 400;\"><br \/><\/span><span style=\"font-weight: 400;\">Ruta BTT que tamb\u00e9 es pot fer a peu. El punt de sortida \u00e9s la Riera de Calella. Pujarem fins al Coll de l\u2019era de Mora. Un cop aqu\u00ed, agafarem la pista de baixada en direcci\u00f3 a Sant Cebri\u00e0 de Vallalta. Abans d\u2019arribar al poble, a l\u2019al\u00e7ada de correus, agafarem el cam\u00ed que hi ha a m\u00e0 esquerra i passarem pel Pitch &amp; Putt fins arribar a la gasolinera. Un cop aqu\u00ed, agafarem la carretera que va fins a Sant Pol i entrarem al poble per la Riera, el carrer Consolat del Mar, el carrer Nou, la pujada de Sant Pau i agafarem el cam\u00ed paral\u00b7lel a la N-II fins arribar a Calella.     <\/span><\/p>\n<\/p>\n<h3><span style=\"font-weight: 400;\">9. Calella \u2013 Blanes per la costa<\/span><\/h3>\n<p><b>Duraci\u00f3 aproximada:<\/b><span style=\"font-weight: 400;\"> 4h30min<\/span><span style=\"font-weight: 400;\"><br \/><\/span><b>Longitud:<\/b><span style=\"font-weight: 400;\"> 17,71km<\/span><span style=\"font-weight: 400;\"><br \/><\/span><b>Dificultat:<\/b><span style=\"font-weight: 400;\"> Baixa<\/span><span style=\"font-weight: 400;\"><br \/><\/span><span style=\"font-weight: 400;\">El punt d\u2019inici \u00e9s a la vora del Club N\u00e0utic de Calella. Seguirem per la costa passant per les diferents platges: Platja de Poblenou, platja de gossos, platja de la Riera de Pineda, Platja dels Pescadors, dels Pins, Santa Susanna, de Llevant, Malgrat de Mar i platja de La Conca. <\/span><span style=\"font-weight: 400;\"><br \/><\/span><span style=\"font-weight: 400;\">Arribarem a la desembocadura del riu Tordera i haurem de prendre el cam\u00ed que puja a la vora del c\u00e0mping La Tordera fins al pont del Tordera. Creuarem el pont i tornarem a baixar a la vora del mar per continuar pel passeig fins a Sa Palomera. <\/span><\/p>\n\t\t\t\t\t\t\t\t<\/div>\n\t\t\t\t\t<\/div>\n\t\t\t\t<\/div>\n\t\t\t\t<\/div>\n\t\t","protected":false},"excerpt":{"rendered":"<p>Rutes de senderisme La geografia de Calella \u00e9s perfecta per fer rutes d\u00b4senderisme o passejar per les costes de Barcelona. T\u00e9 platges, muntanyes i est\u00e0 f\u00e0cilment connectada amb diferents localitats properes, de manera que pots descobrir les rutes d\u00b4senderisme que ofereix amb unes vistes boniques a la ciutat i a la natura que l\u00b4envolta. Et &#8230;<\/p>\n","protected":false},"author":1,"featured_media":15351,"comment_status":"closed","ping_status":"closed","sticky":false,"template":"","format":"standard","meta":{"loftocean_post_format_gallery":"","loftocean_post_format_gallery_ids":"","loftocean_post_format_gallery_urls":"","loftocean_post_format_video_id":0,"loftocean_post_format_video_url":"","loftocean_post_format_video_type":"","loftocean_post_format_video":"","loftocean_post_format_audio_type":"","loftocean_post_format_audio_url":"","loftocean_post_format_audio_id":0,"loftocean_post_format_audio":"","loftocean-like-count":0,"cozystay_single_post_hide_site_header":"","cozystay_single_post_site_header_source":"","cozystay_single_post_custom_site_header":"0","cozystay_single_post_custom_sticky_site_header":"0","cozystay_single_post_hide_page_title":"","cozystay_single_post_site_footer_hide_main":"","cozystay_single_custom_site_footer_main_source":"","cozystay_single_custom_site_footer_main":"0","cozystay_single_post_site_footer_hide_above":"","cozystay_single_custom_site_footer_above_source":"","cozystay_single_custom_site_footer_above":"0","cozystay_single_post_site_footer_hide_instagram":"","cozystay_single_post_site_footer_hide_bottom":"","cozystay_single_custom_mobile_menu_source":"","cozystay_single_custom_mobile_menu":"0","cozystay_single_custom_mobile_menu_animation":"","cozystay_single_custom_mobile_menu_width":"","cozystay_single_custom_mobile_menu_custom_width":375,"cozystay_single_post_template":"","footnotes":""},"categories":[259],"tags":[296,260,373,410,376,264,263,261,409],"class_list":["post-10848","post","type-post","status-publish","format-standard","has-post-thumbnail","hentry","category-calella-ca","tag-barcelona-ca","tag-calella-ca","tag-esdeveniments-esportius","tag-esport","tag-esportistes","tag-families","tag-parelles","tag-que-visitar-a-calella","tag-rutes-senderisme"],"yoast_head":"<!-- This site is optimized with the Yoast SEO plugin v27.1.1 - https:\/\/yoast.com\/product\/yoast-seo-wordpress\/ -->\n<title>Rutes de Senderisme | Hotel Bernat II<\/title>\n<meta name=\"robots\" content=\"index, follow, max-snippet:-1, max-image-preview:large, max-video-preview:-1\" \/>\n<link rel=\"canonical\" href=\"https:\/\/hotelbernatcalella.com\/ca\/calella-ca\/rutes-de-senderisme\/\" \/>\n<meta property=\"og:locale\" content=\"ca_ES\" \/>\n<meta property=\"og:type\" content=\"article\" \/>\n<meta property=\"og:title\" content=\"Rutes de Senderisme | Hotel Bernat II\" \/>\n<meta property=\"og:description\" content=\"Rutes de senderisme La geografia de Calella \u00e9s perfecta per fer rutes d\u00b4senderisme o passejar per les costes de Barcelona. T\u00e9 platges, muntanyes i est\u00e0 f\u00e0cilment connectada amb diferents localitats properes, de manera que pots descobrir les rutes d\u00b4senderisme que ofereix amb unes vistes boniques a la ciutat i a la natura que l\u00b4envolta. Et ...\" \/>\n<meta property=\"og:url\" content=\"https:\/\/hotelbernatcalella.com\/ca\/calella-ca\/rutes-de-senderisme\/\" \/>\n<meta property=\"og:site_name\" content=\"Hotel Bernat II\" \/>\n<meta property=\"article:published_time\" content=\"2024-11-01T12:25:45+00:00\" \/>\n<meta property=\"article:modified_time\" content=\"2024-11-27T14:38:52+00:00\" \/>\n<meta property=\"og:image\" content=\"https:\/\/www.hotelbernatcalella.com\/wp-content\/uploads\/2024\/11\/rutas-senderismo-calella.webp\" \/>\n\t<meta property=\"og:image:width\" content=\"1366\" \/>\n\t<meta property=\"og:image:height\" content=\"1000\" \/>\n\t<meta property=\"og:image:type\" content=\"image\/webp\" \/>\n<meta name=\"author\" content=\"admin_bernat\" \/>\n<meta name=\"twitter:card\" content=\"summary_large_image\" \/>\n<meta name=\"twitter:label1\" content=\"Escrit per\" \/>\n\t<meta name=\"twitter:data1\" content=\"admin_bernat\" \/>\n\t<meta name=\"twitter:label2\" content=\"Temps estimat de lectura\" \/>\n\t<meta name=\"twitter:data2\" content=\"6 minuts\" \/>\n<script type=\"application\/ld+json\" class=\"yoast-schema-graph\">{\"@context\":\"https:\/\/schema.org\",\"@graph\":[{\"@type\":\"Article\",\"@id\":\"https:\/\/hotelbernatcalella.com\/ca\/calella-ca\/rutes-de-senderisme\/#article\",\"isPartOf\":{\"@id\":\"https:\/\/hotelbernatcalella.com\/ca\/calella-ca\/rutes-de-senderisme\/\"},\"author\":{\"name\":\"admin_bernat\",\"@id\":\"https:\/\/hotelbernatcalella.com\/ca\/#\/schema\/person\/9d2f8f220d7bb3470c6b37263c1f3a6e\"},\"headline\":\"Rutes de Senderisme\",\"datePublished\":\"2024-11-01T12:25:45+00:00\",\"dateModified\":\"2024-11-27T14:38:52+00:00\",\"mainEntityOfPage\":{\"@id\":\"https:\/\/hotelbernatcalella.com\/ca\/calella-ca\/rutes-de-senderisme\/\"},\"wordCount\":1252,\"image\":{\"@id\":\"https:\/\/hotelbernatcalella.com\/ca\/calella-ca\/rutes-de-senderisme\/#primaryimage\"},\"thumbnailUrl\":\"https:\/\/hotelbernatcalella.com\/wp-content\/uploads\/2024\/11\/rutas-senderismo-calella.webp\",\"keywords\":[\"Barcelona\",\"Calella\",\"Esdeveniments Esportius\",\"Esport\",\"Esportistes\",\"Fam\u00edlies\",\"Parelles\",\"Qu\u00e8 visitar a Calella?\",\"Rutes Senderisme\"],\"articleSection\":[\"Calella\"],\"inLanguage\":\"ca\"},{\"@type\":\"WebPage\",\"@id\":\"https:\/\/hotelbernatcalella.com\/ca\/calella-ca\/rutes-de-senderisme\/\",\"url\":\"https:\/\/hotelbernatcalella.com\/ca\/calella-ca\/rutes-de-senderisme\/\",\"name\":\"Rutes de Senderisme | Hotel Bernat II\",\"isPartOf\":{\"@id\":\"https:\/\/hotelbernatcalella.com\/ca\/#website\"},\"primaryImageOfPage\":{\"@id\":\"https:\/\/hotelbernatcalella.com\/ca\/calella-ca\/rutes-de-senderisme\/#primaryimage\"},\"image\":{\"@id\":\"https:\/\/hotelbernatcalella.com\/ca\/calella-ca\/rutes-de-senderisme\/#primaryimage\"},\"thumbnailUrl\":\"https:\/\/hotelbernatcalella.com\/wp-content\/uploads\/2024\/11\/rutas-senderismo-calella.webp\",\"datePublished\":\"2024-11-01T12:25:45+00:00\",\"dateModified\":\"2024-11-27T14:38:52+00:00\",\"author\":{\"@id\":\"https:\/\/hotelbernatcalella.com\/ca\/#\/schema\/person\/9d2f8f220d7bb3470c6b37263c1f3a6e\"},\"breadcrumb\":{\"@id\":\"https:\/\/hotelbernatcalella.com\/ca\/calella-ca\/rutes-de-senderisme\/#breadcrumb\"},\"inLanguage\":\"ca\",\"potentialAction\":[{\"@type\":\"ReadAction\",\"target\":[\"https:\/\/hotelbernatcalella.com\/ca\/calella-ca\/rutes-de-senderisme\/\"]}]},{\"@type\":\"ImageObject\",\"inLanguage\":\"ca\",\"@id\":\"https:\/\/hotelbernatcalella.com\/ca\/calella-ca\/rutes-de-senderisme\/#primaryimage\",\"url\":\"https:\/\/hotelbernatcalella.com\/wp-content\/uploads\/2024\/11\/rutas-senderismo-calella.webp\",\"contentUrl\":\"https:\/\/hotelbernatcalella.com\/wp-content\/uploads\/2024\/11\/rutas-senderismo-calella.webp\",\"width\":1366,\"height\":1000,\"caption\":\"rutas-senderismo-calella\"},{\"@type\":\"BreadcrumbList\",\"@id\":\"https:\/\/hotelbernatcalella.com\/ca\/calella-ca\/rutes-de-senderisme\/#breadcrumb\",\"itemListElement\":[{\"@type\":\"ListItem\",\"position\":1,\"name\":\"Portada\",\"item\":\"https:\/\/hotelbernatcalella.com\/ca\/\"},{\"@type\":\"ListItem\",\"position\":2,\"name\":\"Rutes de Senderisme\"}]},{\"@type\":\"WebSite\",\"@id\":\"https:\/\/hotelbernatcalella.com\/ca\/#website\",\"url\":\"https:\/\/hotelbernatcalella.com\/ca\/\",\"name\":\"Hotel Bernat II & Spa Calella\",\"description\":\"Hotel en Calella\",\"alternateName\":\"Hotel Bernat II & Spa\",\"potentialAction\":[{\"@type\":\"SearchAction\",\"target\":{\"@type\":\"EntryPoint\",\"urlTemplate\":\"https:\/\/hotelbernatcalella.com\/ca\/?s={search_term_string}\"},\"query-input\":{\"@type\":\"PropertyValueSpecification\",\"valueRequired\":true,\"valueName\":\"search_term_string\"}}],\"inLanguage\":\"ca\"},{\"@type\":\"Person\",\"@id\":\"https:\/\/hotelbernatcalella.com\/ca\/#\/schema\/person\/9d2f8f220d7bb3470c6b37263c1f3a6e\",\"name\":\"admin_bernat\",\"image\":{\"@type\":\"ImageObject\",\"inLanguage\":\"ca\",\"@id\":\"https:\/\/hotelbernatcalella.com\/ca\/#\/schema\/person\/image\/\",\"url\":\"https:\/\/secure.gravatar.com\/avatar\/d85a368a0264070f0a07504f04fe3de78e2fedb7d0b7a9e875b30b569151e37e?s=96&d=mm&r=g\",\"contentUrl\":\"https:\/\/secure.gravatar.com\/avatar\/d85a368a0264070f0a07504f04fe3de78e2fedb7d0b7a9e875b30b569151e37e?s=96&d=mm&r=g\",\"caption\":\"admin_bernat\"},\"sameAs\":[\"https:\/\/hotelbernatcalella.com\"]}]}<\/script>\n<!-- \/ Yoast SEO plugin. -->","yoast_head_json":{"title":"Rutes de Senderisme | Hotel Bernat II","robots":{"index":"index","follow":"follow","max-snippet":"max-snippet:-1","max-image-preview":"max-image-preview:large","max-video-preview":"max-video-preview:-1"},"canonical":"https:\/\/hotelbernatcalella.com\/ca\/calella-ca\/rutes-de-senderisme\/","og_locale":"ca_ES","og_type":"article","og_title":"Rutes de Senderisme | Hotel Bernat II","og_description":"Rutes de senderisme La geografia de Calella \u00e9s perfecta per fer rutes d\u00b4senderisme o passejar per les costes de Barcelona. T\u00e9 platges, muntanyes i est\u00e0 f\u00e0cilment connectada amb diferents localitats properes, de manera que pots descobrir les rutes d\u00b4senderisme que ofereix amb unes vistes boniques a la ciutat i a la natura que l\u00b4envolta. Et ...","og_url":"https:\/\/hotelbernatcalella.com\/ca\/calella-ca\/rutes-de-senderisme\/","og_site_name":"Hotel Bernat II","article_published_time":"2024-11-01T12:25:45+00:00","article_modified_time":"2024-11-27T14:38:52+00:00","og_image":[{"width":1366,"height":1000,"url":"https:\/\/www.hotelbernatcalella.com\/wp-content\/uploads\/2024\/11\/rutas-senderismo-calella.webp","type":"image\/webp"}],"author":"admin_bernat","twitter_card":"summary_large_image","twitter_misc":{"Escrit per":"admin_bernat","Temps estimat de lectura":"6 minuts"},"schema":{"@context":"https:\/\/schema.org","@graph":[{"@type":"Article","@id":"https:\/\/hotelbernatcalella.com\/ca\/calella-ca\/rutes-de-senderisme\/#article","isPartOf":{"@id":"https:\/\/hotelbernatcalella.com\/ca\/calella-ca\/rutes-de-senderisme\/"},"author":{"name":"admin_bernat","@id":"https:\/\/hotelbernatcalella.com\/ca\/#\/schema\/person\/9d2f8f220d7bb3470c6b37263c1f3a6e"},"headline":"Rutes de Senderisme","datePublished":"2024-11-01T12:25:45+00:00","dateModified":"2024-11-27T14:38:52+00:00","mainEntityOfPage":{"@id":"https:\/\/hotelbernatcalella.com\/ca\/calella-ca\/rutes-de-senderisme\/"},"wordCount":1252,"image":{"@id":"https:\/\/hotelbernatcalella.com\/ca\/calella-ca\/rutes-de-senderisme\/#primaryimage"},"thumbnailUrl":"https:\/\/hotelbernatcalella.com\/wp-content\/uploads\/2024\/11\/rutas-senderismo-calella.webp","keywords":["Barcelona","Calella","Esdeveniments Esportius","Esport","Esportistes","Fam\u00edlies","Parelles","Qu\u00e8 visitar a Calella?","Rutes Senderisme"],"articleSection":["Calella"],"inLanguage":"ca"},{"@type":"WebPage","@id":"https:\/\/hotelbernatcalella.com\/ca\/calella-ca\/rutes-de-senderisme\/","url":"https:\/\/hotelbernatcalella.com\/ca\/calella-ca\/rutes-de-senderisme\/","name":"Rutes de Senderisme | Hotel Bernat II","isPartOf":{"@id":"https:\/\/hotelbernatcalella.com\/ca\/#website"},"primaryImageOfPage":{"@id":"https:\/\/hotelbernatcalella.com\/ca\/calella-ca\/rutes-de-senderisme\/#primaryimage"},"image":{"@id":"https:\/\/hotelbernatcalella.com\/ca\/calella-ca\/rutes-de-senderisme\/#primaryimage"},"thumbnailUrl":"https:\/\/hotelbernatcalella.com\/wp-content\/uploads\/2024\/11\/rutas-senderismo-calella.webp","datePublished":"2024-11-01T12:25:45+00:00","dateModified":"2024-11-27T14:38:52+00:00","author":{"@id":"https:\/\/hotelbernatcalella.com\/ca\/#\/schema\/person\/9d2f8f220d7bb3470c6b37263c1f3a6e"},"breadcrumb":{"@id":"https:\/\/hotelbernatcalella.com\/ca\/calella-ca\/rutes-de-senderisme\/#breadcrumb"},"inLanguage":"ca","potentialAction":[{"@type":"ReadAction","target":["https:\/\/hotelbernatcalella.com\/ca\/calella-ca\/rutes-de-senderisme\/"]}]},{"@type":"ImageObject","inLanguage":"ca","@id":"https:\/\/hotelbernatcalella.com\/ca\/calella-ca\/rutes-de-senderisme\/#primaryimage","url":"https:\/\/hotelbernatcalella.com\/wp-content\/uploads\/2024\/11\/rutas-senderismo-calella.webp","contentUrl":"https:\/\/hotelbernatcalella.com\/wp-content\/uploads\/2024\/11\/rutas-senderismo-calella.webp","width":1366,"height":1000,"caption":"rutas-senderismo-calella"},{"@type":"BreadcrumbList","@id":"https:\/\/hotelbernatcalella.com\/ca\/calella-ca\/rutes-de-senderisme\/#breadcrumb","itemListElement":[{"@type":"ListItem","position":1,"name":"Portada","item":"https:\/\/hotelbernatcalella.com\/ca\/"},{"@type":"ListItem","position":2,"name":"Rutes de Senderisme"}]},{"@type":"WebSite","@id":"https:\/\/hotelbernatcalella.com\/ca\/#website","url":"https:\/\/hotelbernatcalella.com\/ca\/","name":"Hotel Bernat II & Spa Calella","description":"Hotel en Calella","alternateName":"Hotel Bernat II & Spa","potentialAction":[{"@type":"SearchAction","target":{"@type":"EntryPoint","urlTemplate":"https:\/\/hotelbernatcalella.com\/ca\/?s={search_term_string}"},"query-input":{"@type":"PropertyValueSpecification","valueRequired":true,"valueName":"search_term_string"}}],"inLanguage":"ca"},{"@type":"Person","@id":"https:\/\/hotelbernatcalella.com\/ca\/#\/schema\/person\/9d2f8f220d7bb3470c6b37263c1f3a6e","name":"admin_bernat","image":{"@type":"ImageObject","inLanguage":"ca","@id":"https:\/\/hotelbernatcalella.com\/ca\/#\/schema\/person\/image\/","url":"https:\/\/secure.gravatar.com\/avatar\/d85a368a0264070f0a07504f04fe3de78e2fedb7d0b7a9e875b30b569151e37e?s=96&d=mm&r=g","contentUrl":"https:\/\/secure.gravatar.com\/avatar\/d85a368a0264070f0a07504f04fe3de78e2fedb7d0b7a9e875b30b569151e37e?s=96&d=mm&r=g","caption":"admin_bernat"},"sameAs":["https:\/\/hotelbernatcalella.com"]}]}},"loftoceanMetas":{"authorName":"admin_bernat","categories":[{"name":"Calella","link":"https:\/\/hotelbernatcalella.com\/ca\/category\/calella-ca\/","count":12}],"date":"1 de novembre de 2024","featuredImageSRC":"https:\/\/hotelbernatcalella.com\/wp-content\/uploads\/2024\/11\/rutas-senderismo-calella-150x150.webp"},"_links":{"self":[{"href":"https:\/\/hotelbernatcalella.com\/ca\/wp-json\/wp\/v2\/posts\/10848","targetHints":{"allow":["GET"]}}],"collection":[{"href":"https:\/\/hotelbernatcalella.com\/ca\/wp-json\/wp\/v2\/posts"}],"about":[{"href":"https:\/\/hotelbernatcalella.com\/ca\/wp-json\/wp\/v2\/types\/post"}],"author":[{"embeddable":true,"href":"https:\/\/hotelbernatcalella.com\/ca\/wp-json\/wp\/v2\/users\/1"}],"replies":[{"embeddable":true,"href":"https:\/\/hotelbernatcalella.com\/ca\/wp-json\/wp\/v2\/comments?post=10848"}],"version-history":[{"count":0,"href":"https:\/\/hotelbernatcalella.com\/ca\/wp-json\/wp\/v2\/posts\/10848\/revisions"}],"wp:featuredmedia":[{"embeddable":true,"href":"https:\/\/hotelbernatcalella.com\/ca\/wp-json\/wp\/v2\/media\/15351"}],"wp:attachment":[{"href":"https:\/\/hotelbernatcalella.com\/ca\/wp-json\/wp\/v2\/media?parent=10848"}],"wp:term":[{"taxonomy":"category","embeddable":true,"href":"https:\/\/hotelbernatcalella.com\/ca\/wp-json\/wp\/v2\/categories?post=10848"},{"taxonomy":"post_tag","embeddable":true,"href":"https:\/\/hotelbernatcalella.com\/ca\/wp-json\/wp\/v2\/tags?post=10848"}],"curies":[{"name":"wp","href":"https:\/\/api.w.org\/{rel}","templated":true}]}}