{"id":10648,"date":"2024-11-05T10:52:43","date_gmt":"2024-11-05T10:52:43","guid":{"rendered":"https:\/\/hotelbernatcalella.com\/sin-categorizar\/shopping\/"},"modified":"2024-11-27T09:57:04","modified_gmt":"2024-11-27T09:57:04","slug":"shopping","status":"publish","type":"post","link":"https:\/\/hotelbernatcalella.com\/ca\/calella-ca\/shopping\/","title":{"rendered":"Shopping"},"content":{"rendered":"\t\t<div data-elementor-type=\"wp-post\" data-elementor-id=\"10648\" class=\"elementor elementor-10648 elementor-10049\" data-elementor-post-type=\"post\">\n\t\t\t\t<div class=\"elementor-element elementor-element-e147b96 e-flex e-con-boxed e-con e-parent\" data-id=\"e147b96\" data-element_type=\"container\" data-e-type=\"container\">\n\t\t\t\t\t<div class=\"e-con-inner\">\n\t\t\t\t<div class=\"elementor-element elementor-element-d9c53fd elementor-widget elementor-widget-text-editor\" data-id=\"d9c53fd\" data-element_type=\"widget\" data-e-type=\"widget\" data-widget_type=\"text-editor.default\">\n\t\t\t\t\t\t\t\t\t<h1><b>Shopping a Calella<\/b><\/h1>\n<\/p>\n<h2><b>A un pas de l&#8217;Hotel Bernat II<\/b><\/h2>\n<p><b><\/b><span style=\"font-weight: 400;\">Calella \u00e9s molt m\u00e9s que sol i platja: tamb\u00e9 \u00e9s una destinaci\u00f3 perfecta per als amants de les compres. El centre comercial a l&#8217;aire lliure de la ciutat, amb el  <\/span><b>carrer Esgl\u00e9sia com a eix principal<\/b><span style=\"font-weight: 400;\">, ofereix una \u00e0mplia varietat de botigues i restaurants, tot aix\u00f2 en un entorn ple de vida i encant mediterrani.<\/span><\/p>\n<h2><b>Qu\u00e8 trobar\u00e0s al carrer Esgl\u00e9sia?<\/b><\/h2>\n<p><span style=\"font-weight: 400;\">El <\/span> <b>carrer Esgl\u00e9sia<\/b><span style=\"font-weight: 400;\">, situat a pocs minuts de l&#8217;<strong>Hotel Bernat II<\/strong>, \u00e9s l&#8217;art\u00e8ria comercial m\u00e9s important de Calella. Al llarg del seu recorregut, descobrir\u00e0s una barreja de botigues locals i marques reconegudes que ofereixen des de moda i complements fins a productes artesanals i records \u00fanics. <\/span><\/p>\n<p><span style=\"font-weight: 400;\">Per a les parelles, \u00e9s el lloc ideal per passejar tranquil\u00b7lament, gaudir d\u2019un caf\u00e8 en alguna terrassa i trobar aquell detall especial. Les fam\u00edlies podran gaudir d\u2019una experi\u00e8ncia agradable, amb opcions per a nens com botigues de joguines i roba infantil. I els esportistes trobaran botigues especialitzades en equipament esportiu i roba t\u00e8cnica, ideals per complementar les seves activitats a Calella.  <\/span><\/p>\n<h2><b>M\u00e9s enll\u00e0 del carrer Esgl\u00e9sia<\/b><\/h2>\n<p><span style=\"font-weight: 400;\">A m\u00e9s, la ciutat acull esdeveniments especials com fires d\u2019artesania i mercats tem\u00e0tics durant tot l\u2019any, que omplen els carrers d\u2019una atmosfera festiva.<\/span><\/p>\n<h2><b>Com gaudir del Centre Comercial de Calella?<\/b><\/h2>\n<p><span style=\"font-weight: 400;\">Explorar el centre comercial de Calella \u00e9s una activitat que pots realitzar f\u00e0cilment des de l&#8217;Hotel Bernat II, gr\u00e0cies a la seva proximitat.<\/span><\/p>\n\t\t\t\t\t\t\t\t<\/div>\n\t\t\t\t\t<\/div>\n\t\t\t\t<\/div>\n\t\t\t\t<\/div>\n\t\t","protected":false},"excerpt":{"rendered":"<p>Shopping a Calella A un pas de l&#8217;Hotel Bernat II Calella \u00e9s molt m\u00e9s que sol i platja: tamb\u00e9 \u00e9s una destinaci\u00f3 perfecta per als amants de les compres. El centre comercial a l&#8217;aire lliure de la ciutat, amb el carrer Esgl\u00e9sia com a eix principal, ofereix una \u00e0mplia varietat de botigues i restaurants, tot &#8230;<\/p>\n","protected":false},"author":1,"featured_media":15323,"comment_status":"closed","ping_status":"closed","sticky":false,"template":"","format":"standard","meta":{"loftocean_post_format_gallery":"","loftocean_post_format_gallery_ids":"","loftocean_post_format_gallery_urls":"","loftocean_post_format_video_id":0,"loftocean_post_format_video_url":"","loftocean_post_format_video_type":"","loftocean_post_format_video":"","loftocean_post_format_audio_type":"","loftocean_post_format_audio_url":"","loftocean_post_format_audio_id":0,"loftocean_post_format_audio":"","loftocean-like-count":0,"cozystay_single_post_hide_site_header":"","cozystay_single_post_site_header_source":"","cozystay_single_post_custom_site_header":"0","cozystay_single_post_custom_sticky_site_header":"0","cozystay_single_post_hide_page_title":"","cozystay_single_post_site_footer_hide_main":"","cozystay_single_custom_site_footer_main_source":"","cozystay_single_custom_site_footer_main":"0","cozystay_single_post_site_footer_hide_above":"","cozystay_single_custom_site_footer_above_source":"","cozystay_single_custom_site_footer_above":"0","cozystay_single_post_site_footer_hide_instagram":"","cozystay_single_post_site_footer_hide_bottom":"","cozystay_single_custom_mobile_menu_source":"","cozystay_single_custom_mobile_menu":"0","cozystay_single_custom_mobile_menu_animation":"","cozystay_single_custom_mobile_menu_width":"","cozystay_single_custom_mobile_menu_custom_width":375,"cozystay_single_post_template":"","footnotes":""},"categories":[259],"tags":[296,260,264,263,343],"class_list":["post-10648","post","type-post","status-publish","format-standard","has-post-thumbnail","hentry","category-calella-ca","tag-barcelona-ca","tag-calella-ca","tag-families","tag-parelles","tag-shopping-ca"],"yoast_head":"<!-- This site is optimized with the Yoast SEO plugin v27.1.1 - https:\/\/yoast.com\/product\/yoast-seo-wordpress\/ -->\n<title>Shopping | Hotel Bernat II<\/title>\n<meta name=\"robots\" content=\"index, follow, max-snippet:-1, max-image-preview:large, max-video-preview:-1\" \/>\n<link rel=\"canonical\" href=\"https:\/\/hotelbernatcalella.com\/ca\/calella-ca\/shopping\/\" \/>\n<meta property=\"og:locale\" content=\"ca_ES\" \/>\n<meta property=\"og:type\" content=\"article\" \/>\n<meta property=\"og:title\" content=\"Shopping | Hotel Bernat II\" \/>\n<meta property=\"og:description\" content=\"Shopping a Calella A un pas de l&#8217;Hotel Bernat II Calella \u00e9s molt m\u00e9s que sol i platja: tamb\u00e9 \u00e9s una destinaci\u00f3 perfecta per als amants de les compres. El centre comercial a l&#8217;aire lliure de la ciutat, amb el carrer Esgl\u00e9sia com a eix principal, ofereix una \u00e0mplia varietat de botigues i restaurants, tot ...\" \/>\n<meta property=\"og:url\" content=\"https:\/\/hotelbernatcalella.com\/ca\/calella-ca\/shopping\/\" \/>\n<meta property=\"og:site_name\" content=\"Hotel Bernat II\" \/>\n<meta property=\"article:published_time\" content=\"2024-11-05T10:52:43+00:00\" \/>\n<meta property=\"article:modified_time\" content=\"2024-11-27T09:57:04+00:00\" \/>\n<meta property=\"og:image\" content=\"https:\/\/www.hotelbernatcalella.com\/wp-content\/uploads\/2024\/11\/shopping-calella.webp\" \/>\n\t<meta property=\"og:image:width\" content=\"2560\" \/>\n\t<meta property=\"og:image:height\" content=\"1707\" \/>\n\t<meta property=\"og:image:type\" content=\"image\/webp\" \/>\n<meta name=\"author\" content=\"admin_bernat\" \/>\n<meta name=\"twitter:card\" content=\"summary_large_image\" \/>\n<meta name=\"twitter:label1\" content=\"Escrit per\" \/>\n\t<meta name=\"twitter:data1\" content=\"admin_bernat\" \/>\n\t<meta name=\"twitter:label2\" content=\"Temps estimat de lectura\" \/>\n\t<meta name=\"twitter:data2\" content=\"1 minut\" \/>\n<script type=\"application\/ld+json\" class=\"yoast-schema-graph\">{\"@context\":\"https:\/\/schema.org\",\"@graph\":[{\"@type\":\"Article\",\"@id\":\"https:\/\/hotelbernatcalella.com\/ca\/calella-ca\/shopping\/#article\",\"isPartOf\":{\"@id\":\"https:\/\/hotelbernatcalella.com\/ca\/calella-ca\/shopping\/\"},\"author\":{\"name\":\"admin_bernat\",\"@id\":\"https:\/\/hotelbernatcalella.com\/ca\/#\/schema\/person\/9d2f8f220d7bb3470c6b37263c1f3a6e\"},\"headline\":\"Shopping\",\"datePublished\":\"2024-11-05T10:52:43+00:00\",\"dateModified\":\"2024-11-27T09:57:04+00:00\",\"mainEntityOfPage\":{\"@id\":\"https:\/\/hotelbernatcalella.com\/ca\/calella-ca\/shopping\/\"},\"wordCount\":264,\"image\":{\"@id\":\"https:\/\/hotelbernatcalella.com\/ca\/calella-ca\/shopping\/#primaryimage\"},\"thumbnailUrl\":\"https:\/\/hotelbernatcalella.com\/wp-content\/uploads\/2024\/11\/shopping-calella.webp\",\"keywords\":[\"Barcelona\",\"Calella\",\"Fam\u00edlies\",\"Parelles\",\"Shopping\"],\"articleSection\":[\"Calella\"],\"inLanguage\":\"ca\"},{\"@type\":\"WebPage\",\"@id\":\"https:\/\/hotelbernatcalella.com\/ca\/calella-ca\/shopping\/\",\"url\":\"https:\/\/hotelbernatcalella.com\/ca\/calella-ca\/shopping\/\",\"name\":\"Shopping | Hotel Bernat II\",\"isPartOf\":{\"@id\":\"https:\/\/hotelbernatcalella.com\/ca\/#website\"},\"primaryImageOfPage\":{\"@id\":\"https:\/\/hotelbernatcalella.com\/ca\/calella-ca\/shopping\/#primaryimage\"},\"image\":{\"@id\":\"https:\/\/hotelbernatcalella.com\/ca\/calella-ca\/shopping\/#primaryimage\"},\"thumbnailUrl\":\"https:\/\/hotelbernatcalella.com\/wp-content\/uploads\/2024\/11\/shopping-calella.webp\",\"datePublished\":\"2024-11-05T10:52:43+00:00\",\"dateModified\":\"2024-11-27T09:57:04+00:00\",\"author\":{\"@id\":\"https:\/\/hotelbernatcalella.com\/ca\/#\/schema\/person\/9d2f8f220d7bb3470c6b37263c1f3a6e\"},\"breadcrumb\":{\"@id\":\"https:\/\/hotelbernatcalella.com\/ca\/calella-ca\/shopping\/#breadcrumb\"},\"inLanguage\":\"ca\",\"potentialAction\":[{\"@type\":\"ReadAction\",\"target\":[\"https:\/\/hotelbernatcalella.com\/ca\/calella-ca\/shopping\/\"]}]},{\"@type\":\"ImageObject\",\"inLanguage\":\"ca\",\"@id\":\"https:\/\/hotelbernatcalella.com\/ca\/calella-ca\/shopping\/#primaryimage\",\"url\":\"https:\/\/hotelbernatcalella.com\/wp-content\/uploads\/2024\/11\/shopping-calella.webp\",\"contentUrl\":\"https:\/\/hotelbernatcalella.com\/wp-content\/uploads\/2024\/11\/shopping-calella.webp\",\"width\":2560,\"height\":1707,\"caption\":\"shopping-calella\"},{\"@type\":\"BreadcrumbList\",\"@id\":\"https:\/\/hotelbernatcalella.com\/ca\/calella-ca\/shopping\/#breadcrumb\",\"itemListElement\":[{\"@type\":\"ListItem\",\"position\":1,\"name\":\"Portada\",\"item\":\"https:\/\/hotelbernatcalella.com\/ca\/\"},{\"@type\":\"ListItem\",\"position\":2,\"name\":\"Shopping\"}]},{\"@type\":\"WebSite\",\"@id\":\"https:\/\/hotelbernatcalella.com\/ca\/#website\",\"url\":\"https:\/\/hotelbernatcalella.com\/ca\/\",\"name\":\"Hotel Bernat II & Spa Calella\",\"description\":\"Hotel en Calella\",\"alternateName\":\"Hotel Bernat II & Spa\",\"potentialAction\":[{\"@type\":\"SearchAction\",\"target\":{\"@type\":\"EntryPoint\",\"urlTemplate\":\"https:\/\/hotelbernatcalella.com\/ca\/?s={search_term_string}\"},\"query-input\":{\"@type\":\"PropertyValueSpecification\",\"valueRequired\":true,\"valueName\":\"search_term_string\"}}],\"inLanguage\":\"ca\"},{\"@type\":\"Person\",\"@id\":\"https:\/\/hotelbernatcalella.com\/ca\/#\/schema\/person\/9d2f8f220d7bb3470c6b37263c1f3a6e\",\"name\":\"admin_bernat\",\"image\":{\"@type\":\"ImageObject\",\"inLanguage\":\"ca\",\"@id\":\"https:\/\/hotelbernatcalella.com\/ca\/#\/schema\/person\/image\/\",\"url\":\"https:\/\/secure.gravatar.com\/avatar\/d85a368a0264070f0a07504f04fe3de78e2fedb7d0b7a9e875b30b569151e37e?s=96&d=mm&r=g\",\"contentUrl\":\"https:\/\/secure.gravatar.com\/avatar\/d85a368a0264070f0a07504f04fe3de78e2fedb7d0b7a9e875b30b569151e37e?s=96&d=mm&r=g\",\"caption\":\"admin_bernat\"},\"sameAs\":[\"https:\/\/hotelbernatcalella.com\"]}]}<\/script>\n<!-- \/ Yoast SEO plugin. -->","yoast_head_json":{"title":"Shopping | Hotel Bernat II","robots":{"index":"index","follow":"follow","max-snippet":"max-snippet:-1","max-image-preview":"max-image-preview:large","max-video-preview":"max-video-preview:-1"},"canonical":"https:\/\/hotelbernatcalella.com\/ca\/calella-ca\/shopping\/","og_locale":"ca_ES","og_type":"article","og_title":"Shopping | Hotel Bernat II","og_description":"Shopping a Calella A un pas de l&#8217;Hotel Bernat II Calella \u00e9s molt m\u00e9s que sol i platja: tamb\u00e9 \u00e9s una destinaci\u00f3 perfecta per als amants de les compres. El centre comercial a l&#8217;aire lliure de la ciutat, amb el carrer Esgl\u00e9sia com a eix principal, ofereix una \u00e0mplia varietat de botigues i restaurants, tot ...","og_url":"https:\/\/hotelbernatcalella.com\/ca\/calella-ca\/shopping\/","og_site_name":"Hotel Bernat II","article_published_time":"2024-11-05T10:52:43+00:00","article_modified_time":"2024-11-27T09:57:04+00:00","og_image":[{"width":2560,"height":1707,"url":"https:\/\/www.hotelbernatcalella.com\/wp-content\/uploads\/2024\/11\/shopping-calella.webp","type":"image\/webp"}],"author":"admin_bernat","twitter_card":"summary_large_image","twitter_misc":{"Escrit per":"admin_bernat","Temps estimat de lectura":"1 minut"},"schema":{"@context":"https:\/\/schema.org","@graph":[{"@type":"Article","@id":"https:\/\/hotelbernatcalella.com\/ca\/calella-ca\/shopping\/#article","isPartOf":{"@id":"https:\/\/hotelbernatcalella.com\/ca\/calella-ca\/shopping\/"},"author":{"name":"admin_bernat","@id":"https:\/\/hotelbernatcalella.com\/ca\/#\/schema\/person\/9d2f8f220d7bb3470c6b37263c1f3a6e"},"headline":"Shopping","datePublished":"2024-11-05T10:52:43+00:00","dateModified":"2024-11-27T09:57:04+00:00","mainEntityOfPage":{"@id":"https:\/\/hotelbernatcalella.com\/ca\/calella-ca\/shopping\/"},"wordCount":264,"image":{"@id":"https:\/\/hotelbernatcalella.com\/ca\/calella-ca\/shopping\/#primaryimage"},"thumbnailUrl":"https:\/\/hotelbernatcalella.com\/wp-content\/uploads\/2024\/11\/shopping-calella.webp","keywords":["Barcelona","Calella","Fam\u00edlies","Parelles","Shopping"],"articleSection":["Calella"],"inLanguage":"ca"},{"@type":"WebPage","@id":"https:\/\/hotelbernatcalella.com\/ca\/calella-ca\/shopping\/","url":"https:\/\/hotelbernatcalella.com\/ca\/calella-ca\/shopping\/","name":"Shopping | Hotel Bernat II","isPartOf":{"@id":"https:\/\/hotelbernatcalella.com\/ca\/#website"},"primaryImageOfPage":{"@id":"https:\/\/hotelbernatcalella.com\/ca\/calella-ca\/shopping\/#primaryimage"},"image":{"@id":"https:\/\/hotelbernatcalella.com\/ca\/calella-ca\/shopping\/#primaryimage"},"thumbnailUrl":"https:\/\/hotelbernatcalella.com\/wp-content\/uploads\/2024\/11\/shopping-calella.webp","datePublished":"2024-11-05T10:52:43+00:00","dateModified":"2024-11-27T09:57:04+00:00","author":{"@id":"https:\/\/hotelbernatcalella.com\/ca\/#\/schema\/person\/9d2f8f220d7bb3470c6b37263c1f3a6e"},"breadcrumb":{"@id":"https:\/\/hotelbernatcalella.com\/ca\/calella-ca\/shopping\/#breadcrumb"},"inLanguage":"ca","potentialAction":[{"@type":"ReadAction","target":["https:\/\/hotelbernatcalella.com\/ca\/calella-ca\/shopping\/"]}]},{"@type":"ImageObject","inLanguage":"ca","@id":"https:\/\/hotelbernatcalella.com\/ca\/calella-ca\/shopping\/#primaryimage","url":"https:\/\/hotelbernatcalella.com\/wp-content\/uploads\/2024\/11\/shopping-calella.webp","contentUrl":"https:\/\/hotelbernatcalella.com\/wp-content\/uploads\/2024\/11\/shopping-calella.webp","width":2560,"height":1707,"caption":"shopping-calella"},{"@type":"BreadcrumbList","@id":"https:\/\/hotelbernatcalella.com\/ca\/calella-ca\/shopping\/#breadcrumb","itemListElement":[{"@type":"ListItem","position":1,"name":"Portada","item":"https:\/\/hotelbernatcalella.com\/ca\/"},{"@type":"ListItem","position":2,"name":"Shopping"}]},{"@type":"WebSite","@id":"https:\/\/hotelbernatcalella.com\/ca\/#website","url":"https:\/\/hotelbernatcalella.com\/ca\/","name":"Hotel Bernat II & Spa Calella","description":"Hotel en Calella","alternateName":"Hotel Bernat II & Spa","potentialAction":[{"@type":"SearchAction","target":{"@type":"EntryPoint","urlTemplate":"https:\/\/hotelbernatcalella.com\/ca\/?s={search_term_string}"},"query-input":{"@type":"PropertyValueSpecification","valueRequired":true,"valueName":"search_term_string"}}],"inLanguage":"ca"},{"@type":"Person","@id":"https:\/\/hotelbernatcalella.com\/ca\/#\/schema\/person\/9d2f8f220d7bb3470c6b37263c1f3a6e","name":"admin_bernat","image":{"@type":"ImageObject","inLanguage":"ca","@id":"https:\/\/hotelbernatcalella.com\/ca\/#\/schema\/person\/image\/","url":"https:\/\/secure.gravatar.com\/avatar\/d85a368a0264070f0a07504f04fe3de78e2fedb7d0b7a9e875b30b569151e37e?s=96&d=mm&r=g","contentUrl":"https:\/\/secure.gravatar.com\/avatar\/d85a368a0264070f0a07504f04fe3de78e2fedb7d0b7a9e875b30b569151e37e?s=96&d=mm&r=g","caption":"admin_bernat"},"sameAs":["https:\/\/hotelbernatcalella.com"]}]}},"loftoceanMetas":{"authorName":"admin_bernat","categories":[{"name":"Calella","link":"https:\/\/hotelbernatcalella.com\/ca\/category\/calella-ca\/","count":12}],"date":"5 de novembre de 2024","featuredImageSRC":"https:\/\/hotelbernatcalella.com\/wp-content\/uploads\/2024\/11\/shopping-calella-150x150.webp"},"_links":{"self":[{"href":"https:\/\/hotelbernatcalella.com\/ca\/wp-json\/wp\/v2\/posts\/10648","targetHints":{"allow":["GET"]}}],"collection":[{"href":"https:\/\/hotelbernatcalella.com\/ca\/wp-json\/wp\/v2\/posts"}],"about":[{"href":"https:\/\/hotelbernatcalella.com\/ca\/wp-json\/wp\/v2\/types\/post"}],"author":[{"embeddable":true,"href":"https:\/\/hotelbernatcalella.com\/ca\/wp-json\/wp\/v2\/users\/1"}],"replies":[{"embeddable":true,"href":"https:\/\/hotelbernatcalella.com\/ca\/wp-json\/wp\/v2\/comments?post=10648"}],"version-history":[{"count":0,"href":"https:\/\/hotelbernatcalella.com\/ca\/wp-json\/wp\/v2\/posts\/10648\/revisions"}],"wp:featuredmedia":[{"embeddable":true,"href":"https:\/\/hotelbernatcalella.com\/ca\/wp-json\/wp\/v2\/media\/15323"}],"wp:attachment":[{"href":"https:\/\/hotelbernatcalella.com\/ca\/wp-json\/wp\/v2\/media?parent=10648"}],"wp:term":[{"taxonomy":"category","embeddable":true,"href":"https:\/\/hotelbernatcalella.com\/ca\/wp-json\/wp\/v2\/categories?post=10648"},{"taxonomy":"post_tag","embeddable":true,"href":"https:\/\/hotelbernatcalella.com\/ca\/wp-json\/wp\/v2\/tags?post=10648"}],"curies":[{"name":"wp","href":"https:\/\/api.w.org\/{rel}","templated":true}]}}